{"id":10319,"date":"2024-11-29T21:04:06","date_gmt":"2024-11-29T19:04:06","guid":{"rendered":"https:\/\/blogi.ennola.fi\/?p=10319"},"modified":"2025-02-23T21:06:09","modified_gmt":"2025-02-23T19:06:09","slug":"lumi-ja-sula-meri","status":"publish","type":"post","link":"https:\/\/blogi.ennola.fi\/?p=10319","title":{"rendered":"Lumi ja sula meri"},"content":{"rendered":"<p>Marraskuun loppu toi mukanaan ensilumen ja pakkaset Turun seudulle. Kun useimmat l\u00e4htiv\u00e4t hiiht\u00e4m\u00e4\u00e4n, niin min\u00e4 suuntasin kajakilla saaristoon.<\/p>\n<p>L\u00e4mp\u00f6tila oli pakkasella ja lumi pakkaslunta, mutta sit\u00e4 oli reilusti v\u00e4hemm\u00e4n kuin Turussa. L\u00e4mmin meri kuivatti ilmaa ja etenkin auringonpuoleisilta rannoilta oli lumi sublimoitunut pois. S\u00e4\u00e4tiedotus lupaili kohtalaista tuulta, joten l\u00e4hdin hakemaan suojaisia vesi\u00e4 Nauvon pohjoispuoleisesta saaristosta.<\/p>\n<p>P\u00e4iv\u00e4 oli k\u00e4\u00e4ntynyt jo y\u00f6ksi, kun saavuin Nauvon keskustan hiekkarannalle ja saatoin ruveta pakkaamaan kajakkiani. Melontavaatteet olivat kutistuneet kes\u00e4n aikana ja kajakkikin oli kutistunut kovin ahtaaksi, kun en oikein tahtonut mahtua melomaan hyv\u00e4ss\u00e4 asennossa. Niinp\u00e4 meloin varsin lyhyen p\u00e4tk\u00e4n pime\u00e4ss\u00e4 ennen asettumistani y\u00f6puulle er\u00e4\u00e4seen saareen.<\/p>\n<div id=\"attachment_10337\" style=\"width: 460px\" class=\"wp-caption aligncenter\"><a href=\"https:\/\/blogi.ennola.fi\/wp-content\/uploads\/2024\/11\/IMG_20241122_172533.jpg\" rel=\"lightbox[10319]\"><img loading=\"lazy\" decoding=\"async\" aria-describedby=\"caption-attachment-10337\" class=\"wp-image-10337 size-full\" title=\"L\u00e4ht\u00f6 Nauvon satamasta sysimustaan y\u00f6h\u00f6n.\" src=\"https:\/\/blogi.ennola.fi\/wp-content\/uploads\/2024\/11\/IMG_20241122_172533-1.jpg\" alt=\"\" width=\"450\" height=\"335\" srcset=\"https:\/\/blogi.ennola.fi\/wp-content\/uploads\/2024\/11\/IMG_20241122_172533-1.jpg 450w, https:\/\/blogi.ennola.fi\/wp-content\/uploads\/2024\/11\/IMG_20241122_172533-1-150x112.jpg 150w\" sizes=\"(max-width: 450px) 100vw, 450px\" \/><\/a><p id=\"caption-attachment-10337\" class=\"wp-caption-text\">L\u00e4ht\u00f6 Nauvon satamasta sysimustaan y\u00f6h\u00f6n.<\/p><\/div>\n<div id=\"attachment_10338\" style=\"width: 323px\" class=\"wp-caption aligncenter\"><a href=\"https:\/\/blogi.ennola.fi\/wp-content\/uploads\/2024\/11\/IMG_20241122_195435.jpg\" rel=\"lightbox[10319]\"><img loading=\"lazy\" decoding=\"async\" aria-describedby=\"caption-attachment-10338\" class=\"wp-image-10338 size-full\" title=\"Kaminateltta luo l\u00e4mp\u00f6\u00e4.\" src=\"https:\/\/blogi.ennola.fi\/wp-content\/uploads\/2024\/11\/IMG_20241122_195435-1.jpg\" alt=\"\" width=\"313\" height=\"420\" srcset=\"https:\/\/blogi.ennola.fi\/wp-content\/uploads\/2024\/11\/IMG_20241122_195435-1.jpg 313w, https:\/\/blogi.ennola.fi\/wp-content\/uploads\/2024\/11\/IMG_20241122_195435-1-298x400.jpg 298w, https:\/\/blogi.ennola.fi\/wp-content\/uploads\/2024\/11\/IMG_20241122_195435-1-112x150.jpg 112w\" sizes=\"(max-width: 313px) 100vw, 313px\" \/><\/a><p id=\"caption-attachment-10338\" class=\"wp-caption-text\">Kaminateltta luo l\u00e4mp\u00f6\u00e4.<\/p><\/div>\n<p>Rantauduin ruovikkoiseen rantaan, miss\u00e4 oli hieman j\u00e4\u00e4t\u00e4 ja sen seassa yll\u00e4tt\u00e4en j\u00e4\u00e4nteit\u00e4 sinilev\u00e4kukinnoista. Majoitteenani oli kaminateltta, jota varten olin tuonut pienen s\u00e4kin kuivia puita. Lis\u00e4ksi ker\u00e4sin hieman kuivia maapuun oksia t\u00e4ydent\u00e4m\u00e4\u00e4n riitt\u00e4m\u00e4t\u00f6nt\u00e4 puuvarantoani. \u00a0Y\u00f6ll\u00e4 oli pakkasta, mutta ei riitt\u00e4v\u00e4sti j\u00e4\u00e4dytt\u00e4m\u00e4\u00e4n juomavett\u00e4ni.<\/p>\n<p>Seuraavana p\u00e4iv\u00e4n\u00e4 vaihdoin leiri\u00e4 kauniimpaan saareen kauniimmassa paikassa. Napakkaan vastatuuleen pikkupakkasessa ei huvittanut tehd\u00e4 pitk\u00e4\u00e4 melontaa, joten p\u00e4iv\u00e4 j\u00e4i melko lyhyeksi. Niinp\u00e4 aikaa j\u00e4i kierrell\u00e4 saaressa tutkimassa ja kuvaamassa sen luontoa ja maisemia. Marraskuun pime\u00e4t illat ovat pitki\u00e4, joten tapoin aikaa katsomalle elokuvaa Yle-Areenasta.<\/p>\n<div id=\"attachment_10336\" style=\"width: 460px\" class=\"wp-caption aligncenter\"><a href=\"https:\/\/blogi.ennola.fi\/wp-content\/uploads\/2024\/11\/IMG_20241123_131915.jpg\" rel=\"lightbox[10319]\"><img loading=\"lazy\" decoding=\"async\" aria-describedby=\"caption-attachment-10336\" class=\"wp-image-10336 size-full\" title=\"Leirisaaren rannassa.\" src=\"https:\/\/blogi.ennola.fi\/wp-content\/uploads\/2024\/11\/IMG_20241123_131915-1.jpg\" alt=\"\" width=\"450\" height=\"338\" srcset=\"https:\/\/blogi.ennola.fi\/wp-content\/uploads\/2024\/11\/IMG_20241123_131915-1.jpg 450w, https:\/\/blogi.ennola.fi\/wp-content\/uploads\/2024\/11\/IMG_20241123_131915-1-150x113.jpg 150w\" sizes=\"(max-width: 450px) 100vw, 450px\" \/><\/a><p id=\"caption-attachment-10336\" class=\"wp-caption-text\">Leirisaaren rannassa.<\/p><\/div>\n<div id=\"attachment_10335\" style=\"width: 490px\" class=\"wp-caption aligncenter\"><a href=\"https:\/\/blogi.ennola.fi\/wp-content\/uploads\/2024\/11\/Seili_Panorama56.jpg\" rel=\"lightbox[10319]\"><img loading=\"lazy\" decoding=\"async\" aria-describedby=\"caption-attachment-10335\" class=\"wp-image-10335 size-full\" title=\"Lumisade.\" src=\"https:\/\/blogi.ennola.fi\/wp-content\/uploads\/2024\/11\/Seili_Panorama56-1.jpg\" alt=\"\" width=\"480\" height=\"176\" srcset=\"https:\/\/blogi.ennola.fi\/wp-content\/uploads\/2024\/11\/Seili_Panorama56-1.jpg 480w, https:\/\/blogi.ennola.fi\/wp-content\/uploads\/2024\/11\/Seili_Panorama56-1-150x55.jpg 150w\" sizes=\"(max-width: 480px) 100vw, 480px\" \/><\/a><p id=\"caption-attachment-10335\" class=\"wp-caption-text\">Lumisade.<\/p><\/div>\n<div id=\"attachment_10334\" style=\"width: 490px\" class=\"wp-caption aligncenter\"><a href=\"https:\/\/blogi.ennola.fi\/wp-content\/uploads\/2024\/11\/Seili_Panorama57.jpg\" rel=\"lightbox[10319]\"><img loading=\"lazy\" decoding=\"async\" aria-describedby=\"caption-attachment-10334\" class=\"wp-image-10334 size-full\" title=\"Tummat pilvet.\" src=\"https:\/\/blogi.ennola.fi\/wp-content\/uploads\/2024\/11\/Seili_Panorama57-1.jpg\" alt=\"\" width=\"480\" height=\"178\" srcset=\"https:\/\/blogi.ennola.fi\/wp-content\/uploads\/2024\/11\/Seili_Panorama57-1.jpg 480w, https:\/\/blogi.ennola.fi\/wp-content\/uploads\/2024\/11\/Seili_Panorama57-1-150x56.jpg 150w\" sizes=\"(max-width: 480px) 100vw, 480px\" \/><\/a><p id=\"caption-attachment-10334\" class=\"wp-caption-text\">Tummat pilvet.<\/p><\/div>\n<div id=\"attachment_10331\" style=\"width: 490px\" class=\"wp-caption aligncenter\"><a href=\"https:\/\/blogi.ennola.fi\/wp-content\/uploads\/2024\/11\/Seili_Panorama55.jpg\" rel=\"lightbox[10319]\"><img loading=\"lazy\" decoding=\"async\" aria-describedby=\"caption-attachment-10331\" class=\"wp-image-10331 size-full\" title=\"Marraskuun meri.\" src=\"https:\/\/blogi.ennola.fi\/wp-content\/uploads\/2024\/11\/Seili_Panorama55-1.jpg\" alt=\"\" width=\"480\" height=\"165\" srcset=\"https:\/\/blogi.ennola.fi\/wp-content\/uploads\/2024\/11\/Seili_Panorama55-1.jpg 480w, https:\/\/blogi.ennola.fi\/wp-content\/uploads\/2024\/11\/Seili_Panorama55-1-150x52.jpg 150w\" sizes=\"(max-width: 480px) 100vw, 480px\" \/><\/a><p id=\"caption-attachment-10331\" class=\"wp-caption-text\">Marraskuun meri.<\/p><\/div>\n<div id=\"attachment_10332\" style=\"width: 490px\" class=\"wp-caption aligncenter\"><a href=\"https:\/\/blogi.ennola.fi\/wp-content\/uploads\/2024\/11\/Seili_Panorama51.jpg\" rel=\"lightbox[10319]\"><img loading=\"lazy\" decoding=\"async\" aria-describedby=\"caption-attachment-10332\" class=\"wp-image-10332 size-full\" title=\"Kaapelin merkki mets\u00e4ss\u00e4.\" src=\"https:\/\/blogi.ennola.fi\/wp-content\/uploads\/2024\/11\/Seili_Panorama51-1.jpg\" alt=\"\" width=\"480\" height=\"212\" srcset=\"https:\/\/blogi.ennola.fi\/wp-content\/uploads\/2024\/11\/Seili_Panorama51-1.jpg 480w, https:\/\/blogi.ennola.fi\/wp-content\/uploads\/2024\/11\/Seili_Panorama51-1-150x66.jpg 150w\" sizes=\"(max-width: 480px) 100vw, 480px\" \/><\/a><p id=\"caption-attachment-10332\" class=\"wp-caption-text\">Kaapelin merkki mets\u00e4ss\u00e4.<\/p><\/div>\n<p>Sunnuntaina s\u00e4\u00e4 kirkastui ja tuuli hellitti, joten k\u00e4vin matkalla toisessa saaressa, jossa olen kerran aiemmin lyhyesti poikennut pit\u00e4m\u00e4ss\u00e4 sadetta. Nyt oli paremmin aikaa tutustua saareen, jossa oli hienoja metsi\u00e4, vaikka kuvasinkin vain saaren osittain lumen peitt\u00e4m\u00e4\u00e4 pohjoisrantaa.<\/p>\n<div id=\"attachment_10330\" style=\"width: 490px\" class=\"wp-caption aligncenter\"><a href=\"https:\/\/blogi.ennola.fi\/wp-content\/uploads\/2024\/11\/Seili_Panorama54.jpg\" rel=\"lightbox[10319]\"><img loading=\"lazy\" decoding=\"async\" aria-describedby=\"caption-attachment-10330\" class=\"wp-image-10330 size-full\" title=\"M\u00e4nnikk\u00f6 ja jokunen kuollut kuusi.\" src=\"https:\/\/blogi.ennola.fi\/wp-content\/uploads\/2024\/11\/Seili_Panorama54-1.jpg\" alt=\"\" width=\"480\" height=\"214\" srcset=\"https:\/\/blogi.ennola.fi\/wp-content\/uploads\/2024\/11\/Seili_Panorama54-1.jpg 480w, https:\/\/blogi.ennola.fi\/wp-content\/uploads\/2024\/11\/Seili_Panorama54-1-150x67.jpg 150w\" sizes=\"(max-width: 480px) 100vw, 480px\" \/><\/a><p id=\"caption-attachment-10330\" class=\"wp-caption-text\">M\u00e4nnikk\u00f6 ja jokunen kuollut kuusi.<\/p><\/div>\n<div id=\"attachment_10339\" style=\"width: 490px\" class=\"wp-caption aligncenter\"><a href=\"https:\/\/blogi.ennola.fi\/wp-content\/uploads\/2024\/11\/Seili_Panorama53.jpg\" rel=\"lightbox[10319]\"><img loading=\"lazy\" decoding=\"async\" aria-describedby=\"caption-attachment-10339\" class=\"wp-image-10339 size-full\" title=\"Stora S\u00e5dik.\" src=\"https:\/\/blogi.ennola.fi\/wp-content\/uploads\/2024\/11\/Seili_Panorama53-1.jpg\" alt=\"\" width=\"480\" height=\"188\" srcset=\"https:\/\/blogi.ennola.fi\/wp-content\/uploads\/2024\/11\/Seili_Panorama53-1.jpg 480w, https:\/\/blogi.ennola.fi\/wp-content\/uploads\/2024\/11\/Seili_Panorama53-1-150x59.jpg 150w\" sizes=\"(max-width: 480px) 100vw, 480px\" \/><\/a><p id=\"caption-attachment-10339\" class=\"wp-caption-text\">Stora S\u00e5dik.<\/p><\/div>\n<div id=\"attachment_10333\" style=\"width: 490px\" class=\"wp-caption aligncenter\"><a href=\"https:\/\/blogi.ennola.fi\/wp-content\/uploads\/2024\/11\/Seili_Panorama52.jpg\" rel=\"lightbox[10319]\"><img loading=\"lazy\" decoding=\"async\" aria-describedby=\"caption-attachment-10333\" class=\"wp-image-10333 size-full\" title=\"Stora S\u00e5dik.\" src=\"https:\/\/blogi.ennola.fi\/wp-content\/uploads\/2024\/11\/Seili_Panorama52-1.jpg\" alt=\"\" width=\"480\" height=\"124\" srcset=\"https:\/\/blogi.ennola.fi\/wp-content\/uploads\/2024\/11\/Seili_Panorama52-1.jpg 480w, https:\/\/blogi.ennola.fi\/wp-content\/uploads\/2024\/11\/Seili_Panorama52-1-150x39.jpg 150w\" sizes=\"(max-width: 480px) 100vw, 480px\" \/><\/a><p id=\"caption-attachment-10333\" class=\"wp-caption-text\">Stora S\u00e5dik.<\/p><\/div>\n<p>Vietin aikaani ensisijaisesti saarissa, joten lintuhavainnotkin olivat l\u00e4hinn\u00e4 talvisen mets\u00e4n lajeja: puukiipij\u00f6it\u00e4, hippi\u00e4isi\u00e4, k\u00e4pytikkoja, variksia, korppeja, sini- ja talitiaisia. Taivaalla py\u00f6riv\u00e4t merikotkat toivat tuulahduksen merest\u00e4. Hylkeet lauloivat aamulla.<\/p>\n","protected":false},"excerpt":{"rendered":"<p>Marraskuun loppu toi mukanaan ensilumen ja pakkaset Turun seudulle. Kun useimmat l\u00e4htiv\u00e4t hiiht\u00e4m\u00e4\u00e4n, niin min\u00e4 suuntasin kajakilla saaristoon. L\u00e4mp\u00f6tila oli pakkasella ja lumi pakkaslunta, mutta sit\u00e4 oli reilusti&#8230;<\/p>\n","protected":false},"author":1,"featured_media":10340,"comment_status":"open","ping_status":"open","sticky":false,"template":"","format":"standard","meta":{"footnotes":""},"categories":[4,8],"tags":[],"_links":{"self":[{"href":"https:\/\/blogi.ennola.fi\/index.php?rest_route=\/wp\/v2\/posts\/10319"}],"collection":[{"href":"https:\/\/blogi.ennola.fi\/index.php?rest_route=\/wp\/v2\/posts"}],"about":[{"href":"https:\/\/blogi.ennola.fi\/index.php?rest_route=\/wp\/v2\/types\/post"}],"author":[{"embeddable":true,"href":"https:\/\/blogi.ennola.fi\/index.php?rest_route=\/wp\/v2\/users\/1"}],"replies":[{"embeddable":true,"href":"https:\/\/blogi.ennola.fi\/index.php?rest_route=%2Fwp%2Fv2%2Fcomments&post=10319"}],"version-history":[{"count":5,"href":"https:\/\/blogi.ennola.fi\/index.php?rest_route=\/wp\/v2\/posts\/10319\/revisions"}],"predecessor-version":[{"id":10378,"href":"https:\/\/blogi.ennola.fi\/index.php?rest_route=\/wp\/v2\/posts\/10319\/revisions\/10378"}],"wp:featuredmedia":[{"embeddable":true,"href":"https:\/\/blogi.ennola.fi\/index.php?rest_route=\/wp\/v2\/media\/10340"}],"wp:attachment":[{"href":"https:\/\/blogi.ennola.fi\/index.php?rest_route=%2Fwp%2Fv2%2Fmedia&parent=10319"}],"wp:term":[{"taxonomy":"category","embeddable":true,"href":"https:\/\/blogi.ennola.fi\/index.php?rest_route=%2Fwp%2Fv2%2Fcategories&post=10319"},{"taxonomy":"post_tag","embeddable":true,"href":"https:\/\/blogi.ennola.fi\/index.php?rest_route=%2Fwp%2Fv2%2Ftags&post=10319"}],"curies":[{"name":"wp","href":"https:\/\/api.w.org\/{rel}","templated":true}]}}