{"id":10870,"date":"2025-12-22T18:19:28","date_gmt":"2025-12-22T16:19:28","guid":{"rendered":"https:\/\/blogi.ennola.fi\/?p=10870"},"modified":"2026-02-10T18:44:03","modified_gmt":"2026-02-10T16:44:03","slug":"granvik","status":"publish","type":"post","link":"https:\/\/blogi.ennola.fi\/?p=10870","title":{"rendered":"Granvik"},"content":{"rendered":"<p>Olen jo jonkun aikaa kuvannut saariston maisemia laajoina panoraamoina. Yleens\u00e4 olen liikkunut siell\u00e4 vesitse ja kuvaaminen on keskittynyt rantoihin. Maisemat ovat t\u00e4yttyneet taivaasta, vedest\u00e4 ja rantakallioista. Viime vuosina yh\u00e4 enemm\u00e4n kiinnostukseni on alkanut suuntautua saariin ja niiden sis\u00e4osiin.<\/p>\n<p>Saaristo pit\u00e4\u00e4 sis\u00e4ll\u00e4\u00e4n paljon hienoja metsi\u00e4. Mets\u00e4talous etenkin pienehk\u00f6ill\u00e4 saarilla harvoin ollut yht\u00e4 intensiivist\u00e4 kuin mantereella. Varsinaisia ikimetsi\u00e4 ei saaristossakaan pilvin pimein ole, siit\u00e4 on pit\u00e4nyt huolen saariston perinteiset elinkeinot, mets\u00e4laidunnus ja kotitarvepuun otto. Mutta keskim\u00e4\u00e4r\u00e4ist\u00e4 enemm\u00e4n siell\u00e4 on kuitenkin mahdollisuus l\u00f6yt\u00e4\u00e4 kohtuullisen luonnontilaisia pieni\u00e4 metsi\u00e4 luontoarvoineen.<\/p>\n<div id=\"attachment_10895\" style=\"width: 490px\" class=\"wp-caption aligncenter\"><a href=\"https:\/\/blogi.ennola.fi\/wp-content\/uploads\/2026\/01\/Granvik_Panorama-2.jpg\" rel=\"lightbox[10870]\"><img loading=\"lazy\" decoding=\"async\" aria-describedby=\"caption-attachment-10895\" class=\"wp-image-10895 size-full\" title=\"T\u00e4ss\u00e4 yksi kuva mets\u00e4n reunasta, jossa joskus on ollut peltoa. \" src=\"https:\/\/blogi.ennola.fi\/wp-content\/uploads\/2026\/01\/Granvik_Panorama-2-1.jpg\" alt=\"\" width=\"480\" height=\"174\" \/><\/a><p id=\"caption-attachment-10895\" class=\"wp-caption-text\">T\u00e4ss\u00e4 yksi kuva mets\u00e4n reunasta, jossa joskus on ollut peltoa.<\/p><\/div>\n<p><a href=\"https:\/\/blogi.ennola.fi\/wp-content\/uploads\/2026\/01\/Granvik_Panorama-5.jpg\" rel=\"lightbox[10870]\"><img loading=\"lazy\" decoding=\"async\" class=\"aligncenter wp-image-10892 size-full\" src=\"https:\/\/blogi.ennola.fi\/wp-content\/uploads\/2026\/01\/Granvik_Panorama-5-1.jpg\" alt=\"\" width=\"480\" height=\"152\" \/><\/a><\/p>\n<p><a href=\"https:\/\/blogi.ennola.fi\/wp-content\/uploads\/2026\/01\/Granvik_Panorama-4.jpg\" rel=\"lightbox[10870]\"><img loading=\"lazy\" decoding=\"async\" class=\"aligncenter wp-image-10893 size-full\" src=\"https:\/\/blogi.ennola.fi\/wp-content\/uploads\/2026\/01\/Granvik_Panorama-4-1.jpg\" alt=\"\" width=\"480\" height=\"174\" \/><\/a><\/p>\n<p><a href=\"https:\/\/blogi.ennola.fi\/wp-content\/uploads\/2026\/01\/Granvik_Panorama-3.jpg\" rel=\"lightbox[10870]\"><img loading=\"lazy\" decoding=\"async\" class=\"aligncenter wp-image-10894 size-full\" src=\"https:\/\/blogi.ennola.fi\/wp-content\/uploads\/2026\/01\/Granvik_Panorama-3-1.jpg\" alt=\"\" width=\"480\" height=\"156\" \/><\/a><\/p>\n<div id=\"attachment_10896\" style=\"width: 490px\" class=\"wp-caption aligncenter\"><a href=\"https:\/\/blogi.ennola.fi\/wp-content\/uploads\/2026\/01\/Granvik_Panorama-1.jpg\" rel=\"lightbox[10870]\"><img loading=\"lazy\" decoding=\"async\" aria-describedby=\"caption-attachment-10896\" class=\"wp-image-10896 size-full\" title=\"Panoraama v\u00e4\u00e4rist\u00e4\u00e4 puut rumasti.\" src=\"https:\/\/blogi.ennola.fi\/wp-content\/uploads\/2026\/01\/Granvik_Panorama-1-1.jpg\" alt=\"\" width=\"480\" height=\"144\" \/><\/a><p id=\"caption-attachment-10896\" class=\"wp-caption-text\">Panoraama v\u00e4\u00e4rist\u00e4\u00e4 puut rumasti.<\/p><\/div>\n<p>Suuri merkitys innostukseni syttymiselle toden teolla oli kuvataiteilija Perttu Saksan kanssa Pukkipaloon tekem\u00e4ni retki, jolla v\u00e4h\u00e4n pakosta aloin harjoitella mets\u00e4n kuvaamista panoraamoilla. Eritt\u00e4in laajakulmaisella panoraamakameralla mets\u00e4n kuvaaminen ei ole helppoa. Laajakulma saa tihe\u00e4nkin mets\u00e4n n\u00e4ytt\u00e4m\u00e4\u00e4n paljon harvemmalta, kuin se todellisuudessa on. Etuala painottuu taustan kustannuksella, joten my\u00f6s etualalla pit\u00e4isi olla jotain kiinnostavaa. Kaatuneet puut, jotka eiv\u00e4t suuntaudu kuvaajaa kohden v\u00e4\u00e4ristyv\u00e4t oudon n\u00e4k\u00f6isiksi kaariksi.<\/p>\n<p>Kaiken kaikkiaan panoraamojen kuvaaminen on erilaista kuin tavallisten valokuvien. Sommittelussa kameran sijainti korostuu, se m\u00e4\u00e4r\u00e4\u00e4, miten kuvan elementit j\u00e4sentyv\u00e4t toisiinsa n\u00e4hden. Kuvan rajaus ei ole niin t\u00e4rke\u00e4\u00e4, kun tavoitteena on n\u00e4hd\u00e4 kaikki.<\/p>\n<div id=\"attachment_10891\" style=\"width: 490px\" class=\"wp-caption aligncenter\"><a href=\"https:\/\/blogi.ennola.fi\/wp-content\/uploads\/2026\/01\/Granvik_Panorama12.jpg\" rel=\"lightbox[10870]\"><img loading=\"lazy\" decoding=\"async\" aria-describedby=\"caption-attachment-10891\" class=\"wp-image-10891 size-full\" title=\"Runsaat sateet saivat alueen vedet tulvimaan.\" src=\"https:\/\/blogi.ennola.fi\/wp-content\/uploads\/2026\/01\/Granvik_Panorama12-1.jpg\" alt=\"\" width=\"480\" height=\"147\" \/><\/a><p id=\"caption-attachment-10891\" class=\"wp-caption-text\">Runsaat sateet saivat alueen vedet tulvimaan.<\/p><\/div>\n<div id=\"attachment_10890\" style=\"width: 490px\" class=\"wp-caption aligncenter\"><a href=\"https:\/\/blogi.ennola.fi\/wp-content\/uploads\/2026\/01\/Granvik_Panorama11.jpg\" rel=\"lightbox[10870]\"><img loading=\"lazy\" decoding=\"async\" aria-describedby=\"caption-attachment-10890\" class=\"wp-image-10890 size-full\" title=\"Hieno korpilaikku.\" src=\"https:\/\/blogi.ennola.fi\/wp-content\/uploads\/2026\/01\/Granvik_Panorama11-1.jpg\" alt=\"\" width=\"480\" height=\"166\" \/><\/a><p id=\"caption-attachment-10890\" class=\"wp-caption-text\">Hieno korpilaikku.<\/p><\/div>\n<p>Kev\u00e4\u00e4n py\u00f6r\u00e4retkell\u00e4 k\u00e4vimme pienell\u00e4 k\u00e4velyll\u00e4 Metso-ohjelmassa olevalla suojelualueella. Se j\u00e4tti vaikutuksen ja p\u00e4\u00e4tin palata sinne nyt syksyll\u00e4. Usein m\u00e4rk\u00e4 ja tihkusateinen s\u00e4\u00e4 on huono valokuvaamiselle, mutta mets\u00e4n kuvaamisessa se toimii. Kostea ilma her\u00e4tt\u00e4\u00e4 mets\u00e4n v\u00e4rit eloon. Ja kosteita pilvisi\u00e4 p\u00e4ivi\u00e4 on t\u00e4n\u00e4 syksyn\u00e4 riitt\u00e4nyt.<\/p>\n<p>Syksy on my\u00f6s ollut pime\u00e4, joka toi omat ongelmansa kuvaamiseen. Valotusajat pyrkiv\u00e4t h\u00e4myis\u00e4ss\u00e4 mets\u00e4ss\u00e4 venym\u00e4\u00e4n ja parhaimmillaan valotusajat olivat 40 sekunnin luokkaa. Kun kamera sitten viel\u00e4 mietti tuossa tapauksessa kuvaa toiset 40 sekuntia ja panoraamassa on kuvia 6\u20138 niin monet kuvaustapahtumat venyiv\u00e4t vartin mittaisiksi. Ensimm\u00e4isen reissun kuvat meniv\u00e4t pilalle, kun kameraan oli j\u00e4\u00e4nyt kuvanvakain p\u00e4\u00e4lle. Kuvanvakain antoi kennon vaeltaa valotuksen aikana, mik\u00e4 teki kuvaan h\u00e4iritsev\u00e4\u00e4 liike-ep\u00e4ter\u00e4vyytt\u00e4.<\/p>\n<p>Tein alueella kaiken kaikkiaan 6 reissua, joista kahdella Aamu oli Olavi-koiransa kanssa mukana. Kahden reissun kuvat ep\u00e4onnistuivat teknisist\u00e4 syist\u00e4, joten kuvia on nelj\u00e4lt\u00e4 reissulta. Yhdell\u00e4 reissulla oli v\u00e4h\u00e4n lunta maassa, mink\u00e4 merelt\u00e4 tuleva l\u00e4mmin tuuli sulatti pois.<\/p>\n<div id=\"attachment_10889\" style=\"width: 490px\" class=\"wp-caption aligncenter\"><a href=\"https:\/\/blogi.ennola.fi\/wp-content\/uploads\/2026\/01\/Granvik_Panorama_21.jpg\" rel=\"lightbox[10870]\"><img loading=\"lazy\" decoding=\"async\" aria-describedby=\"caption-attachment-10889\" class=\"wp-image-10889 size-full\" title=\"Aavistus y\u00f6n lumisateesta.\" src=\"https:\/\/blogi.ennola.fi\/wp-content\/uploads\/2026\/01\/Granvik_Panorama_21-1.jpg\" alt=\"\" width=\"480\" height=\"173\" \/><\/a><p id=\"caption-attachment-10889\" class=\"wp-caption-text\">Aavistus y\u00f6n lumisateesta.<\/p><\/div>\n<div id=\"attachment_10902\" style=\"width: 490px\" class=\"wp-caption aligncenter\"><a href=\"https:\/\/blogi.ennola.fi\/wp-content\/uploads\/2026\/01\/Granvik_Panorama_25.jpg\" rel=\"lightbox[10870]\"><img loading=\"lazy\" decoding=\"async\" aria-describedby=\"caption-attachment-10902\" class=\"wp-image-10902 size-full\" title=\"Kuusimets\u00e4 tulee aivan kaislikkorantaan.\" src=\"https:\/\/blogi.ennola.fi\/wp-content\/uploads\/2026\/01\/Granvik_Panorama_25-1.jpg\" alt=\"\" width=\"480\" height=\"199\" \/><\/a><p id=\"caption-attachment-10902\" class=\"wp-caption-text\">Kuusimets\u00e4 tulee aivan kaislikkorantaan.<\/p><\/div>\n<p><a href=\"https:\/\/blogi.ennola.fi\/wp-content\/uploads\/2026\/01\/Granvik_Panorama_23.jpg\" rel=\"lightbox[10870]\"><img loading=\"lazy\" decoding=\"async\" class=\"aligncenter wp-image-10904 size-full\" src=\"https:\/\/blogi.ennola.fi\/wp-content\/uploads\/2026\/01\/Granvik_Panorama_23-1.jpg\" alt=\"\" width=\"480\" height=\"169\" \/><\/a><\/p>\n<div id=\"attachment_10888\" style=\"width: 490px\" class=\"wp-caption aligncenter\"><a href=\"https:\/\/blogi.ennola.fi\/wp-content\/uploads\/2026\/01\/Granvik_Panorama_22.jpg\" rel=\"lightbox[10870]\"><img loading=\"lazy\" decoding=\"async\" aria-describedby=\"caption-attachment-10888\" class=\"wp-image-10888 size-full\" title=\"Rantalepikkoa, oliskohan lepp\u00e4korpea.\" src=\"https:\/\/blogi.ennola.fi\/wp-content\/uploads\/2026\/01\/Granvik_Panorama_22-1.jpg\" alt=\"\" width=\"480\" height=\"188\" \/><\/a><p id=\"caption-attachment-10888\" class=\"wp-caption-text\">Rantalepikkoa, oliskohan lepp\u00e4korpea.<\/p><\/div>\n<p><a href=\"https:\/\/blogi.ennola.fi\/wp-content\/uploads\/2026\/01\/Granvik_Panorama_24.jpg\" rel=\"lightbox[10870]\"><img loading=\"lazy\" decoding=\"async\" class=\"aligncenter wp-image-10903 size-full\" src=\"https:\/\/blogi.ennola.fi\/wp-content\/uploads\/2026\/01\/Granvik_Panorama_24-1.jpg\" alt=\"\" width=\"480\" height=\"198\" \/><\/a>Kuvat olen kuvannut uudella keskikoon kameralla ja perspektiivinkorjausobjektiivilla, joka on asettanut omat haasteensa kuvien j\u00e4lkik\u00e4sittelylle. Eri ohjelmien yhteisk\u00e4yt\u00f6ll\u00e4 ja sinnikk\u00e4\u00e4ll\u00e4 yritt\u00e4misell\u00e4 olen l\u00f6yt\u00e4nyt tavan k\u00e4sitell\u00e4 kuvat ja olen todella tyytyv\u00e4inen kameran j\u00e4lkeen. Tiedostot ovat hyvin suuria ja kuvat eritt\u00e4in yksityiskohtaisia, joille nettijulkaisu ei v\u00e4ltt\u00e4m\u00e4tt\u00e4 tee oikeutta. Kuvissa on jotain samankaltaista briljanssia, kuin palkkikameralla, mit\u00e4 k\u00e4ytin filmiaikana.<\/p>\n<p>Kuvank\u00e4sittelyss\u00e4 automatiikka pyrki poistamaan kuvista vihreit\u00e4. Piti olla rohkeus luottaa tilanteeseen ja palauttaa v\u00e4ritasapaino normaaliin. Itse valo ei ollut vihre\u00e4\u00e4 toisin kuin kes\u00e4ll\u00e4 etenkin lehtimets\u00e4ss\u00e4, mutta kostea sammal oli syv\u00e4\u00e4 vihre\u00e4\u00e4.<\/p>\n<div id=\"attachment_10899\" style=\"width: 490px\" class=\"wp-caption aligncenter\"><a href=\"https:\/\/blogi.ennola.fi\/wp-content\/uploads\/2026\/01\/Granvik-Panorama33.jpg\" rel=\"lightbox[10870]\"><img loading=\"lazy\" decoding=\"async\" aria-describedby=\"caption-attachment-10899\" class=\"wp-image-10899 size-full\" title=\"Kaunis koivurivi pellon reunassa matkalla kohteeseen.\" src=\"https:\/\/blogi.ennola.fi\/wp-content\/uploads\/2026\/01\/Granvik-Panorama33-1.jpg\" alt=\"\" width=\"480\" height=\"198\" \/><\/a><p id=\"caption-attachment-10899\" class=\"wp-caption-text\">Kaunis koivurivi pellon reunassa matkalla kohteeseen.<\/p><\/div>\n<p><a href=\"https:\/\/blogi.ennola.fi\/wp-content\/uploads\/2026\/01\/Granvik-Panorama35.jpg\" rel=\"lightbox[10870]\"><img loading=\"lazy\" decoding=\"async\" class=\"aligncenter wp-image-10901 size-full\" src=\"https:\/\/blogi.ennola.fi\/wp-content\/uploads\/2026\/01\/Granvik-Panorama35-1.jpg\" alt=\"\" width=\"480\" height=\"139\" \/><\/a><\/p>\n<p><a href=\"https:\/\/blogi.ennola.fi\/wp-content\/uploads\/2026\/01\/Granvik-Panorama32.jpg\" rel=\"lightbox[10870]\"><img loading=\"lazy\" decoding=\"async\" class=\"aligncenter wp-image-10898 size-full\" src=\"https:\/\/blogi.ennola.fi\/wp-content\/uploads\/2026\/01\/Granvik-Panorama32-1.jpg\" alt=\"\" width=\"480\" height=\"107\" \/><\/a><\/p>\n<div id=\"attachment_10897\" style=\"width: 490px\" class=\"wp-caption aligncenter\"><a href=\"https:\/\/blogi.ennola.fi\/wp-content\/uploads\/2026\/01\/Granvik-Panorama31.jpg\" rel=\"lightbox[10870]\"><img loading=\"lazy\" decoding=\"async\" aria-describedby=\"caption-attachment-10897\" class=\"wp-image-10897 size-full\" title=\"Hieno tervalepp\u00e4korpi.\" src=\"https:\/\/blogi.ennola.fi\/wp-content\/uploads\/2026\/01\/Granvik-Panorama31-1.jpg\" alt=\"\" width=\"480\" height=\"149\" \/><\/a><p id=\"caption-attachment-10897\" class=\"wp-caption-text\">Hieno tervalepp\u00e4korpi.<\/p><\/div>\n<p><a href=\"https:\/\/blogi.ennola.fi\/wp-content\/uploads\/2026\/01\/Granvik-Panorama34.jpg\" rel=\"lightbox[10870]\"><img loading=\"lazy\" decoding=\"async\" class=\"aligncenter wp-image-10900 size-full\" src=\"https:\/\/blogi.ennola.fi\/wp-content\/uploads\/2026\/01\/Granvik-Panorama34-1.jpg\" alt=\"\" width=\"480\" height=\"113\" \/><\/a>Syksyisess\u00e4 mets\u00e4ss\u00e4 lajikirjo ei ole ollut suuren suuri. Merikotkia ja korppeja n\u00e4kyi l\u00e4hes joka kerta. Muuten tavallisia mets\u00e4n lajeja tiaisia mukaan lukien t\u00f6yht\u00f6tiaisia, hippi\u00e4isi\u00e4, k\u00e4pytikka ja palok\u00e4rki.<\/p>\n","protected":false},"excerpt":{"rendered":"<p>Olen jo jonkun aikaa kuvannut saariston maisemia laajoina panoraamoina. Yleens\u00e4 olen liikkunut siell\u00e4 vesitse ja kuvaaminen on keskittynyt rantoihin. Maisemat ovat t\u00e4yttyneet taivaasta, vedest\u00e4 ja rantakallioista. Viime vuosina&#8230;<\/p>\n","protected":false},"author":1,"featured_media":10922,"comment_status":"open","ping_status":"open","sticky":false,"template":"","format":"standard","meta":{"footnotes":""},"categories":[3,67,28],"tags":[],"_links":{"self":[{"href":"https:\/\/blogi.ennola.fi\/index.php?rest_route=\/wp\/v2\/posts\/10870"}],"collection":[{"href":"https:\/\/blogi.ennola.fi\/index.php?rest_route=\/wp\/v2\/posts"}],"about":[{"href":"https:\/\/blogi.ennola.fi\/index.php?rest_route=\/wp\/v2\/types\/post"}],"author":[{"embeddable":true,"href":"https:\/\/blogi.ennola.fi\/index.php?rest_route=\/wp\/v2\/users\/1"}],"replies":[{"embeddable":true,"href":"https:\/\/blogi.ennola.fi\/index.php?rest_route=%2Fwp%2Fv2%2Fcomments&post=10870"}],"version-history":[{"count":8,"href":"https:\/\/blogi.ennola.fi\/index.php?rest_route=\/wp\/v2\/posts\/10870\/revisions"}],"predecessor-version":[{"id":10931,"href":"https:\/\/blogi.ennola.fi\/index.php?rest_route=\/wp\/v2\/posts\/10870\/revisions\/10931"}],"wp:featuredmedia":[{"embeddable":true,"href":"https:\/\/blogi.ennola.fi\/index.php?rest_route=\/wp\/v2\/media\/10922"}],"wp:attachment":[{"href":"https:\/\/blogi.ennola.fi\/index.php?rest_route=%2Fwp%2Fv2%2Fmedia&parent=10870"}],"wp:term":[{"taxonomy":"category","embeddable":true,"href":"https:\/\/blogi.ennola.fi\/index.php?rest_route=%2Fwp%2Fv2%2Fcategories&post=10870"},{"taxonomy":"post_tag","embeddable":true,"href":"https:\/\/blogi.ennola.fi\/index.php?rest_route=%2Fwp%2Fv2%2Ftags&post=10870"}],"curies":[{"name":"wp","href":"https:\/\/api.w.org\/{rel}","templated":true}]}}