{"id":1125,"date":"2013-09-11T21:02:55","date_gmt":"2013-09-11T18:02:55","guid":{"rendered":"https:\/\/blogi.ennola.fi\/?p=1125"},"modified":"2020-06-08T14:28:36","modified_gmt":"2020-06-08T11:28:36","slug":"lyngenin-alppien-maisemissa","status":"publish","type":"post","link":"https:\/\/blogi.ennola.fi\/?p=1125","title":{"rendered":"Lyngenin alppien maisemissa"},"content":{"rendered":"<p>Seikkailukasvatusopinnot ovat nyt edenneet p\u00e4\u00e4t\u00f6kseens\u00e4 t\u00e4lt\u00e4 er\u00e4\u00e4. Viimeisell\u00e4 koulutusjaksollamme teimme vuoristo- ja j\u00e4\u00e4tikk\u00f6vaellusreissun Norjaan, Lyngenin alppien maisemiin. Reissun vaiheista kirjoittelen my\u00f6hemmin, mutta nyt on aika liitt\u00e4\u00e4 t\u00e4h\u00e4n muutama maisemakuva reissusta.<\/p>\n<div id=\"attachment_1158\" style=\"width: 490px\" class=\"wp-caption aligncenter\"><a href=\"https:\/\/blogi.ennola.fi\/wp-content\/uploads\/2013\/09\/Lyngen_Panorama6.jpg\" rel=\"lightbox[1125]\"><img loading=\"lazy\" decoding=\"async\" aria-describedby=\"caption-attachment-1158\" class=\"wp-image-1158 size-full\" title=\"Auringon lasku ensimm\u00e4isen\u00e4 iltana Steindalsbreenin m\u00f6kill\u00e4, kuva kohti j\u00e4\u00e4tikk\u00f6\u00e4.\" src=\"https:\/\/blogi.ennola.fi\/wp-content\/uploads\/2013\/09\/Lyngen_Panorama6-1.jpg\" alt=\"\" width=\"480\" height=\"156\" srcset=\"https:\/\/blogi.ennola.fi\/wp-content\/uploads\/2013\/09\/Lyngen_Panorama6-1.jpg 480w, https:\/\/blogi.ennola.fi\/wp-content\/uploads\/2013\/09\/Lyngen_Panorama6-1-150x49.jpg 150w\" sizes=\"(max-width: 480px) 100vw, 480px\" \/><\/a><p id=\"caption-attachment-1158\" class=\"wp-caption-text\">Auringon lasku ensimm\u00e4isen\u00e4 iltana Steindalsbreenin m\u00f6kill\u00e4, kuva kohti j\u00e4\u00e4tikk\u00f6\u00e4.<\/p><\/div>\n<div id=\"attachment_1155\" style=\"width: 490px\" class=\"wp-caption aligncenter\"><a href=\"https:\/\/blogi.ennola.fi\/wp-content\/uploads\/2013\/09\/Lyngen_Panorama9.jpg\" rel=\"lightbox[1125]\"><img loading=\"lazy\" decoding=\"async\" aria-describedby=\"caption-attachment-1155\" class=\"wp-image-1155 size-full\" title=\"Aikainen aamu m\u00f6kille johtavan polun varressa. Auringon s\u00e4teet osuvat N\u00e1llanjunnin rinteelle.\" src=\"https:\/\/blogi.ennola.fi\/wp-content\/uploads\/2013\/09\/Lyngen_Panorama9-1.jpg\" alt=\"\" width=\"480\" height=\"155\" srcset=\"https:\/\/blogi.ennola.fi\/wp-content\/uploads\/2013\/09\/Lyngen_Panorama9-1.jpg 480w, https:\/\/blogi.ennola.fi\/wp-content\/uploads\/2013\/09\/Lyngen_Panorama9-1-150x48.jpg 150w\" sizes=\"(max-width: 480px) 100vw, 480px\" \/><\/a><p id=\"caption-attachment-1155\" class=\"wp-caption-text\">Aikainen aamu m\u00f6kille johtavan polun varressa. Auringon s\u00e4teet osuvat N\u00e1llanjunnin rinteelle.<\/p><\/div>\n<div id=\"attachment_1148\" style=\"width: 490px\" class=\"wp-caption aligncenter\"><a href=\"https:\/\/blogi.ennola.fi\/wp-content\/uploads\/2013\/09\/Lyngen_Panorama11.jpg\" rel=\"lightbox[1125]\"><img loading=\"lazy\" decoding=\"async\" aria-describedby=\"caption-attachment-1148\" class=\"wp-image-1148 size-full\" title=\"Ensikosketus Steindalsbreenin j\u00e4\u00e4tikk\u00f6\u00f6n.\" src=\"https:\/\/blogi.ennola.fi\/wp-content\/uploads\/2013\/09\/Lyngen_Panorama11-1.jpg\" alt=\"\" width=\"480\" height=\"144\" srcset=\"https:\/\/blogi.ennola.fi\/wp-content\/uploads\/2013\/09\/Lyngen_Panorama11-1.jpg 480w, https:\/\/blogi.ennola.fi\/wp-content\/uploads\/2013\/09\/Lyngen_Panorama11-1-150x45.jpg 150w\" sizes=\"(max-width: 480px) 100vw, 480px\" \/><\/a><p id=\"caption-attachment-1148\" class=\"wp-caption-text\">Ensikosketus Steindalsbreenin j\u00e4\u00e4tikk\u00f6\u00f6n.<\/p><\/div>\n<div id=\"attachment_1144\" style=\"width: 490px\" class=\"wp-caption aligncenter\"><a href=\"https:\/\/blogi.ennola.fi\/wp-content\/uploads\/2013\/09\/Lyngen_Panorama4.jpg\" rel=\"lightbox[1125]\"><img loading=\"lazy\" decoding=\"async\" aria-describedby=\"caption-attachment-1144\" class=\"wp-image-1144 size-full\" title=\"Steindalsbreenin j\u00e4\u00e4tikk\u00f6\u00e4 ja N\u00e1llan\u010dohkan rinteit\u00e4.\" src=\"https:\/\/blogi.ennola.fi\/wp-content\/uploads\/2013\/09\/Lyngen_Panorama4-1.jpg\" alt=\"\" width=\"480\" height=\"111\" srcset=\"https:\/\/blogi.ennola.fi\/wp-content\/uploads\/2013\/09\/Lyngen_Panorama4-1.jpg 480w, https:\/\/blogi.ennola.fi\/wp-content\/uploads\/2013\/09\/Lyngen_Panorama4-1-150x35.jpg 150w\" sizes=\"(max-width: 480px) 100vw, 480px\" \/><\/a><p id=\"caption-attachment-1144\" class=\"wp-caption-text\">Steindalsbreenin j\u00e4\u00e4tikk\u00f6\u00e4 ja N\u00e1llan\u010dohkan rinteit\u00e4.<\/p><\/div>\n<div id=\"attachment_1147\" style=\"width: 490px\" class=\"wp-caption aligncenter\"><a href=\"https:\/\/blogi.ennola.fi\/wp-content\/uploads\/2013\/09\/Lyngen_Panorama10.jpg\" rel=\"lightbox[1125]\"><img loading=\"lazy\" decoding=\"async\" aria-describedby=\"caption-attachment-1147\" class=\"wp-image-1147 size-full\" title=\"Gaska\u010dohka.\" src=\"https:\/\/blogi.ennola.fi\/wp-content\/uploads\/2013\/09\/Lyngen_Panorama10-1.jpg\" alt=\"\" width=\"480\" height=\"171\" srcset=\"https:\/\/blogi.ennola.fi\/wp-content\/uploads\/2013\/09\/Lyngen_Panorama10-1.jpg 480w, https:\/\/blogi.ennola.fi\/wp-content\/uploads\/2013\/09\/Lyngen_Panorama10-1-150x53.jpg 150w\" sizes=\"(max-width: 480px) 100vw, 480px\" \/><\/a><p id=\"caption-attachment-1147\" class=\"wp-caption-text\">Gaska\u010dohka.<\/p><\/div>\n<div id=\"attachment_1143\" style=\"width: 490px\" class=\"wp-caption aligncenter\"><a href=\"https:\/\/blogi.ennola.fi\/wp-content\/uploads\/2013\/09\/Lyngen_Panorama5.jpg\" rel=\"lightbox[1125]\"><img loading=\"lazy\" decoding=\"async\" aria-describedby=\"caption-attachment-1143\" class=\"wp-image-1143 size-full\" title=\"Steindalstinden aamuvalossa.\" src=\"https:\/\/blogi.ennola.fi\/wp-content\/uploads\/2013\/09\/Lyngen_Panorama5-1.jpg\" alt=\"\" width=\"480\" height=\"121\" srcset=\"https:\/\/blogi.ennola.fi\/wp-content\/uploads\/2013\/09\/Lyngen_Panorama5-1.jpg 480w, https:\/\/blogi.ennola.fi\/wp-content\/uploads\/2013\/09\/Lyngen_Panorama5-1-150x38.jpg 150w\" sizes=\"(max-width: 480px) 100vw, 480px\" \/><\/a><p id=\"caption-attachment-1143\" class=\"wp-caption-text\">Steindalstinden aamuvalossa.<\/p><\/div>\n<div id=\"attachment_1153\" style=\"width: 490px\" class=\"wp-caption aligncenter\"><a href=\"https:\/\/blogi.ennola.fi\/wp-content\/uploads\/2013\/09\/Lyngen_Panorama15.jpg\" rel=\"lightbox[1125]\"><img loading=\"lazy\" decoding=\"async\" aria-describedby=\"caption-attachment-1153\" class=\"wp-image-1153 size-full\" title=\"Kjostinden ja Yyke\u00e4nvuono kuvattuna Kavringtindenin rinteelt\u00e4.\" src=\"https:\/\/blogi.ennola.fi\/wp-content\/uploads\/2013\/09\/Lyngen_Panorama15-1.jpg\" alt=\"\" width=\"480\" height=\"95\" srcset=\"https:\/\/blogi.ennola.fi\/wp-content\/uploads\/2013\/09\/Lyngen_Panorama15-1.jpg 480w, https:\/\/blogi.ennola.fi\/wp-content\/uploads\/2013\/09\/Lyngen_Panorama15-1-150x30.jpg 150w\" sizes=\"(max-width: 480px) 100vw, 480px\" \/><\/a><p id=\"caption-attachment-1153\" class=\"wp-caption-text\">Kjostinden ja Yyke\u00e4nvuono kuvattuna Kavringtindenin rinteelt\u00e4.<\/p><\/div>\n<div id=\"attachment_1156\" style=\"width: 490px\" class=\"wp-caption aligncenter\"><a href=\"https:\/\/blogi.ennola.fi\/wp-content\/uploads\/2013\/09\/Lyngen_Panorama8.jpg\" rel=\"lightbox[1125]\"><img loading=\"lazy\" decoding=\"async\" aria-describedby=\"caption-attachment-1156\" class=\"wp-image-1156 size-full\" title=\"Yyke\u00e4nvuono Rottenvikfjelletin rinteelt\u00e4.\" src=\"https:\/\/blogi.ennola.fi\/wp-content\/uploads\/2013\/09\/Lyngen_Panorama8-1.jpg\" alt=\"\" width=\"480\" height=\"73\" srcset=\"https:\/\/blogi.ennola.fi\/wp-content\/uploads\/2013\/09\/Lyngen_Panorama8-1.jpg 480w, https:\/\/blogi.ennola.fi\/wp-content\/uploads\/2013\/09\/Lyngen_Panorama8-1-150x23.jpg 150w\" sizes=\"(max-width: 480px) 100vw, 480px\" \/><\/a><p id=\"caption-attachment-1156\" class=\"wp-caption-text\">Yyke\u00e4nvuono Rottenvikfjelletin rinteelt\u00e4.<\/p><\/div>\n<div id=\"attachment_1157\" style=\"width: 490px\" class=\"wp-caption aligncenter\"><a href=\"https:\/\/blogi.ennola.fi\/wp-content\/uploads\/2013\/09\/Lyngen_Panorama7.jpg\" rel=\"lightbox[1125]\"><img loading=\"lazy\" decoding=\"async\" aria-describedby=\"caption-attachment-1157\" class=\"wp-image-1157 size-full\" title=\"Kjosbreen.\" src=\"https:\/\/blogi.ennola.fi\/wp-content\/uploads\/2013\/09\/Lyngen_Panorama7-1.jpg\" alt=\"\" width=\"480\" height=\"135\" srcset=\"https:\/\/blogi.ennola.fi\/wp-content\/uploads\/2013\/09\/Lyngen_Panorama7-1.jpg 480w, https:\/\/blogi.ennola.fi\/wp-content\/uploads\/2013\/09\/Lyngen_Panorama7-1-150x42.jpg 150w\" sizes=\"(max-width: 480px) 100vw, 480px\" \/><\/a><p id=\"caption-attachment-1157\" class=\"wp-caption-text\">Kjosbreen.<\/p><\/div>\n<div id=\"attachment_1154\" style=\"width: 490px\" class=\"wp-caption aligncenter\"><a href=\"https:\/\/blogi.ennola.fi\/wp-content\/uploads\/2013\/09\/Lyngen_Panorama17.jpg\" rel=\"lightbox[1125]\"><img loading=\"lazy\" decoding=\"async\" aria-describedby=\"caption-attachment-1154\" class=\"wp-image-1154 size-full\" title=\"Jiehkev\u00e1rrin suuntaan Kjostindanen harjanteelta.\" src=\"https:\/\/blogi.ennola.fi\/wp-content\/uploads\/2013\/09\/Lyngen_Panorama17-1.jpg\" alt=\"\" width=\"480\" height=\"151\" srcset=\"https:\/\/blogi.ennola.fi\/wp-content\/uploads\/2013\/09\/Lyngen_Panorama17-1.jpg 480w, https:\/\/blogi.ennola.fi\/wp-content\/uploads\/2013\/09\/Lyngen_Panorama17-1-150x47.jpg 150w\" sizes=\"(max-width: 480px) 100vw, 480px\" \/><\/a><p id=\"caption-attachment-1154\" class=\"wp-caption-text\">Jiehkev\u00e1rrin suuntaan Kjostindanen harjanteelta.<\/p><\/div>\n<div id=\"attachment_1152\" style=\"width: 490px\" class=\"wp-caption aligncenter\"><a href=\"https:\/\/blogi.ennola.fi\/wp-content\/uploads\/2013\/09\/Lyngen_Panorama16.jpg\" rel=\"lightbox[1125]\"><img loading=\"lazy\" decoding=\"async\" aria-describedby=\"caption-attachment-1152\" class=\"wp-image-1152 size-full\" title=\"L\u00e4hes t\u00e4ysympyr\u00e4n panoraama Rottenvikvatnetin l\u00e4helt\u00e4.\" src=\"https:\/\/blogi.ennola.fi\/wp-content\/uploads\/2013\/09\/Lyngen_Panorama16-1.jpg\" alt=\"\" width=\"480\" height=\"52\" srcset=\"https:\/\/blogi.ennola.fi\/wp-content\/uploads\/2013\/09\/Lyngen_Panorama16-1.jpg 480w, https:\/\/blogi.ennola.fi\/wp-content\/uploads\/2013\/09\/Lyngen_Panorama16-1-150x16.jpg 150w\" sizes=\"(max-width: 480px) 100vw, 480px\" \/><\/a><p id=\"caption-attachment-1152\" class=\"wp-caption-text\">L\u00e4hes t\u00e4ysympyr\u00e4n panoraama Rottenvikvatnetin l\u00e4helt\u00e4.<\/p><\/div>\n<div id=\"attachment_1146\" style=\"width: 490px\" class=\"wp-caption aligncenter\"><a href=\"https:\/\/blogi.ennola.fi\/wp-content\/uploads\/2013\/09\/Lyngen_Panorama2.jpg\" rel=\"lightbox[1125]\"><img loading=\"lazy\" decoding=\"async\" aria-describedby=\"caption-attachment-1146\" class=\"wp-image-1146 size-full\" title=\"Rottenvikvatnet ja Kjostindane my\u00f6h\u00e4isess\u00e4 iltavalossa.\" src=\"https:\/\/blogi.ennola.fi\/wp-content\/uploads\/2013\/09\/Lyngen_Panorama2-1.jpg\" alt=\"\" width=\"480\" height=\"100\" srcset=\"https:\/\/blogi.ennola.fi\/wp-content\/uploads\/2013\/09\/Lyngen_Panorama2-1.jpg 480w, https:\/\/blogi.ennola.fi\/wp-content\/uploads\/2013\/09\/Lyngen_Panorama2-1-150x31.jpg 150w\" sizes=\"(max-width: 480px) 100vw, 480px\" \/><\/a><p id=\"caption-attachment-1146\" class=\"wp-caption-text\">Rottenvikvatnet ja Kjostindane my\u00f6h\u00e4isess\u00e4 iltavalossa.<\/p><\/div>\n<div id=\"attachment_1151\" style=\"width: 490px\" class=\"wp-caption aligncenter\"><a href=\"https:\/\/blogi.ennola.fi\/wp-content\/uploads\/2013\/09\/Lyngen_Panorama14.jpg\" rel=\"lightbox[1125]\"><img loading=\"lazy\" decoding=\"async\" aria-describedby=\"caption-attachment-1151\" class=\"wp-image-1151 size-full\" title=\"L\u00e4hes sama maisema seuraavana aamuna.\" src=\"https:\/\/blogi.ennola.fi\/wp-content\/uploads\/2013\/09\/Lyngen_Panorama14-1.jpg\" alt=\"\" width=\"480\" height=\"99\" srcset=\"https:\/\/blogi.ennola.fi\/wp-content\/uploads\/2013\/09\/Lyngen_Panorama14-1.jpg 480w, https:\/\/blogi.ennola.fi\/wp-content\/uploads\/2013\/09\/Lyngen_Panorama14-1-150x31.jpg 150w\" sizes=\"(max-width: 480px) 100vw, 480px\" \/><\/a><p id=\"caption-attachment-1151\" class=\"wp-caption-text\">L\u00e4hes sama maisema seuraavana aamuna.<\/p><\/div>\n<div id=\"attachment_1145\" style=\"width: 490px\" class=\"wp-caption aligncenter\"><a href=\"https:\/\/blogi.ennola.fi\/wp-content\/uploads\/2013\/09\/Lyngen_Panorama3.jpg\" rel=\"lightbox[1125]\"><img loading=\"lazy\" decoding=\"async\" aria-describedby=\"caption-attachment-1145\" class=\"wp-image-1145 size-full\" title=\"Rottenvikbreen ja sen pohjoispuolelle j\u00e4\u00e4tik\u00f6n sulamisen my\u00f6t\u00e4 muodostunut j\u00e4\u00e4tikk\u00f6j\u00e4rvi.\" src=\"https:\/\/blogi.ennola.fi\/wp-content\/uploads\/2013\/09\/Lyngen_Panorama3-1.jpg\" alt=\"\" width=\"480\" height=\"86\" srcset=\"https:\/\/blogi.ennola.fi\/wp-content\/uploads\/2013\/09\/Lyngen_Panorama3-1.jpg 480w, https:\/\/blogi.ennola.fi\/wp-content\/uploads\/2013\/09\/Lyngen_Panorama3-1-150x27.jpg 150w\" sizes=\"(max-width: 480px) 100vw, 480px\" \/><\/a><p id=\"caption-attachment-1145\" class=\"wp-caption-text\">Rottenvikbreen ja sen pohjoispuolelle j\u00e4\u00e4tik\u00f6n sulamisen my\u00f6t\u00e4 muodostunut j\u00e4\u00e4tikk\u00f6j\u00e4rvi.<\/p><\/div>\n<div id=\"attachment_1149\" style=\"width: 490px\" class=\"wp-caption aligncenter\"><a href=\"https:\/\/blogi.ennola.fi\/wp-content\/uploads\/2013\/09\/Lyngen_Panorama12.jpg\" rel=\"lightbox[1125]\"><img loading=\"lazy\" decoding=\"async\" aria-describedby=\"caption-attachment-1149\" class=\"wp-image-1149 size-full\" title=\"N\u00e4kym\u00e4 Rottenvikbreenilt\u00e4 Yyke\u00e4nvuonolle.\" src=\"https:\/\/blogi.ennola.fi\/wp-content\/uploads\/2013\/09\/Lyngen_Panorama12-1.jpg\" alt=\"\" width=\"480\" height=\"111\" srcset=\"https:\/\/blogi.ennola.fi\/wp-content\/uploads\/2013\/09\/Lyngen_Panorama12-1.jpg 480w, https:\/\/blogi.ennola.fi\/wp-content\/uploads\/2013\/09\/Lyngen_Panorama12-1-150x35.jpg 150w\" sizes=\"(max-width: 480px) 100vw, 480px\" \/><\/a><p id=\"caption-attachment-1149\" class=\"wp-caption-text\">N\u00e4kym\u00e4 Rottenvikbreenilt\u00e4 Yyke\u00e4nvuonolle.<\/p><\/div>\n<div id=\"attachment_1150\" style=\"width: 490px\" class=\"wp-caption aligncenter\"><a href=\"https:\/\/blogi.ennola.fi\/wp-content\/uploads\/2013\/09\/Lyngen_Panorama13.jpg\" rel=\"lightbox[1125]\"><img loading=\"lazy\" decoding=\"async\" aria-describedby=\"caption-attachment-1150\" class=\"wp-image-1150 size-full\" title=\"Store Kjostinden Rottenvikbreenilt\u00e4.\" src=\"https:\/\/blogi.ennola.fi\/wp-content\/uploads\/2013\/09\/Lyngen_Panorama13-1.jpg\" alt=\"\" width=\"480\" height=\"171\" srcset=\"https:\/\/blogi.ennola.fi\/wp-content\/uploads\/2013\/09\/Lyngen_Panorama13-1.jpg 480w, https:\/\/blogi.ennola.fi\/wp-content\/uploads\/2013\/09\/Lyngen_Panorama13-1-150x53.jpg 150w\" sizes=\"(max-width: 480px) 100vw, 480px\" \/><\/a><p id=\"caption-attachment-1150\" class=\"wp-caption-text\">Store Kjostinden Rottenvikbreenilt\u00e4.<\/p><\/div>\n","protected":false},"excerpt":{"rendered":"<p>Seikkailukasvatusopinnot ovat nyt edenneet p\u00e4\u00e4t\u00f6kseens\u00e4 t\u00e4lt\u00e4 er\u00e4\u00e4. Viimeisell\u00e4 koulutusjaksollamme teimme vuoristo- ja j\u00e4\u00e4tikk\u00f6vaellusreissun Norjaan, Lyngenin alppien maisemiin. Reissun vaiheista kirjoittelen my\u00f6hemmin, mutta nyt on aika liitt\u00e4\u00e4 t\u00e4h\u00e4n muutama&#8230;<\/p>\n","protected":false},"author":1,"featured_media":1136,"comment_status":"open","ping_status":"open","sticky":false,"template":"","format":"standard","meta":{"footnotes":""},"categories":[4,5],"tags":[],"_links":{"self":[{"href":"https:\/\/blogi.ennola.fi\/index.php?rest_route=\/wp\/v2\/posts\/1125"}],"collection":[{"href":"https:\/\/blogi.ennola.fi\/index.php?rest_route=\/wp\/v2\/posts"}],"about":[{"href":"https:\/\/blogi.ennola.fi\/index.php?rest_route=\/wp\/v2\/types\/post"}],"author":[{"embeddable":true,"href":"https:\/\/blogi.ennola.fi\/index.php?rest_route=\/wp\/v2\/users\/1"}],"replies":[{"embeddable":true,"href":"https:\/\/blogi.ennola.fi\/index.php?rest_route=%2Fwp%2Fv2%2Fcomments&post=1125"}],"version-history":[{"count":4,"href":"https:\/\/blogi.ennola.fi\/index.php?rest_route=\/wp\/v2\/posts\/1125\/revisions"}],"predecessor-version":[{"id":5067,"href":"https:\/\/blogi.ennola.fi\/index.php?rest_route=\/wp\/v2\/posts\/1125\/revisions\/5067"}],"wp:featuredmedia":[{"embeddable":true,"href":"https:\/\/blogi.ennola.fi\/index.php?rest_route=\/wp\/v2\/media\/1136"}],"wp:attachment":[{"href":"https:\/\/blogi.ennola.fi\/index.php?rest_route=%2Fwp%2Fv2%2Fmedia&parent=1125"}],"wp:term":[{"taxonomy":"category","embeddable":true,"href":"https:\/\/blogi.ennola.fi\/index.php?rest_route=%2Fwp%2Fv2%2Fcategories&post=1125"},{"taxonomy":"post_tag","embeddable":true,"href":"https:\/\/blogi.ennola.fi\/index.php?rest_route=%2Fwp%2Fv2%2Ftags&post=1125"}],"curies":[{"name":"wp","href":"https:\/\/api.w.org\/{rel}","templated":true}]}}