{"id":1161,"date":"2013-03-04T21:31:11","date_gmt":"2013-03-04T19:31:11","guid":{"rendered":"https:\/\/blogi.ennola.fi\/?p=1161"},"modified":"2020-06-08T14:38:46","modified_gmt":"2020-06-08T11:38:46","slug":"talviretkeilya-harjoittelemassa-lumiaavalla","status":"publish","type":"post","link":"https:\/\/blogi.ennola.fi\/?p=1161","title":{"rendered":"Talviretkeily\u00e4 harjoittelemassa Lumiaavalla"},"content":{"rendered":"<p>P\u00e4\u00e4tin jatkaa seikkailukasvatusopintojani heti kakkostasolle. Ensimm\u00e4isen\u00e4 k\u00e4yt\u00e4nn\u00f6n harjoituksenamme oli toteuttaa yhden y\u00f6n testireissu Martimoaavan \u2013 Lumiaavan \u2013 Penikoiden soidensuojelualueelle. Alueella liikuimme 2-3 hengen ryhmiss\u00e4 ja y\u00f6pym\u00e4\u00e4n tulimme Saunasaaren autiotuvan l\u00e4heisyyteen. Ty\u00f6parinani t\u00e4ll\u00e4 retkell\u00e4 oli melontareissun tapaan Samuli, vaikka varustuksemme ja etenemisemme ei t\u00e4ll\u00e4 kertaa niin<em> fast and light<\/em> ollutkaan.<\/p>\n<p><a href=\"https:\/\/blogi.ennola.fi\/wp-content\/uploads\/2013\/03\/IMG_8744.jpg\" rel=\"lightbox[1161]\"><img loading=\"lazy\" decoding=\"async\" class=\"aligncenter wp-image-1208 size-full\" src=\"https:\/\/blogi.ennola.fi\/wp-content\/uploads\/2013\/03\/IMG_8744-1.jpg\" alt=\"\" width=\"450\" height=\"327\" srcset=\"https:\/\/blogi.ennola.fi\/wp-content\/uploads\/2013\/03\/IMG_8744-1.jpg 450w, https:\/\/blogi.ennola.fi\/wp-content\/uploads\/2013\/03\/IMG_8744-1-150x109.jpg 150w\" sizes=\"(max-width: 450px) 100vw, 450px\" \/><\/a><\/p>\n<p>Retken tarkoituksena oli y\u00f6py\u00e4 teltassa ja samalla testata varusteita tulevaa pidemp\u00e4\u00e4 reissua varten. Vaikka talviretkeily\u00e4 olenkin harjoittanut jo jonkun verran, niin yleens\u00e4 olen y\u00f6pynyt tulilla, joten t\u00e4ll\u00e4 retkell\u00e4 testailin vaatteita ja niiden toimivuutta retkell\u00e4, jolla niiden kuivattelu saattaa olla hieman haastava.<\/p>\n<p><a href=\"https:\/\/blogi.ennola.fi\/wp-content\/uploads\/2013\/03\/IMG_8752.jpg\" rel=\"lightbox[1161]\"><img loading=\"lazy\" decoding=\"async\" class=\"aligncenter wp-image-1200 size-full\" src=\"https:\/\/blogi.ennola.fi\/wp-content\/uploads\/2013\/03\/IMG_8752-1.jpg\" alt=\"\" width=\"450\" height=\"338\" srcset=\"https:\/\/blogi.ennola.fi\/wp-content\/uploads\/2013\/03\/IMG_8752-1.jpg 450w, https:\/\/blogi.ennola.fi\/wp-content\/uploads\/2013\/03\/IMG_8752-1-150x113.jpg 150w\" sizes=\"(max-width: 450px) 100vw, 450px\" \/><\/a><\/p>\n<p>Perjantaiaamuna p\u00e4\u00e4simme l\u00e4htem\u00e4\u00e4n maastoon hieman kymmenen j\u00e4lkeen ja perill\u00e4 Saunasaaressa piti olla puoli nelj\u00e4\u00e4n menness\u00e4. Vaellusaikaa j\u00e4i siis noin viisi tuntia. Ohjaajat olivat antaneet tavoitteeksemme edet\u00e4 tuossa ajassa 15-20 kilometri\u00e4, jota jo etuk\u00e4teen pidin hieman ep\u00e4realistisena tavoitteena. Samulin kanssa olimme asettaneet tavoitteeksemme hiiht\u00e4\u00e4 Martimoj\u00e4rven rantaan ja sielt\u00e4 takaisin. Menomatkalla p\u00e4\u00e4timme poiketa virtuaalisella geok\u00e4tk\u00f6ll\u00e4.<\/p>\n<div id=\"attachment_1206\" style=\"width: 490px\" class=\"wp-caption aligncenter\"><a href=\"https:\/\/blogi.ennola.fi\/wp-content\/uploads\/2013\/03\/Kivalo_Panorama2.jpg\" rel=\"lightbox[1161]\"><img loading=\"lazy\" decoding=\"async\" aria-describedby=\"caption-attachment-1206\" class=\"wp-image-1206 size-full\" title=\"Samuli saavuttaa virtuaalisen geok\u00e4tk\u00f6n\" src=\"https:\/\/blogi.ennola.fi\/wp-content\/uploads\/2013\/03\/Kivalo_Panorama2-1.jpg\" alt=\"\" width=\"480\" height=\"100\" srcset=\"https:\/\/blogi.ennola.fi\/wp-content\/uploads\/2013\/03\/Kivalo_Panorama2-1.jpg 480w, https:\/\/blogi.ennola.fi\/wp-content\/uploads\/2013\/03\/Kivalo_Panorama2-1-150x31.jpg 150w\" sizes=\"(max-width: 480px) 100vw, 480px\" \/><\/a><p id=\"caption-attachment-1206\" class=\"wp-caption-text\">Samuli saavuttaa virtuaalisen geok\u00e4tk\u00f6n<\/p><\/div>\n<p>Vajaa kilometri ennen tavoitettamme pidimme ruokatauon, jolla totesimme kellon olevan sen verta paljon, ett\u00e4 mik\u00e4li haluamme ehti\u00e4 aikatavoitteeseemme tulee meid\u00e4n k\u00e4\u00e4nty\u00e4 takaisin. P\u00e4\u00e4timme aikatavoitteen olevan kilometritavoitetta t\u00e4rke\u00e4mpi ja k\u00e4\u00e4nnyimme t\u00e4st\u00e4 takaisin. Yhden mets\u00e4saarekkeen kiersimme toiselta puolelta, jotta emme aivan omaa latuamme olisi tulleet takaisin. Ehdimme perille ajoissa noin 13,4 kilometri\u00e4 hiihtoa ahkio per\u00e4ss\u00e4 takanamme. Emme hirve\u00e4sti j\u00e4\u00e4neet tuosta 15 kilometrist\u00e4, mutta 20 kilometri\u00e4 olisi ollut kyll\u00e4 ihan mahdotonta.<\/p>\n<div id=\"attachment_1201\" style=\"width: 460px\" class=\"wp-caption aligncenter\"><a href=\"https:\/\/blogi.ennola.fi\/wp-content\/uploads\/2013\/03\/IMG_8753.jpg\" rel=\"lightbox[1161]\"><img loading=\"lazy\" decoding=\"async\" aria-describedby=\"caption-attachment-1201\" class=\"wp-image-1201 size-full\" title=\"Ruokatauko k\u00e4\u00e4nt\u00f6paikallamme, taustalla Keski-Penikan vaara.\" src=\"https:\/\/blogi.ennola.fi\/wp-content\/uploads\/2013\/03\/IMG_8753-1.jpg\" alt=\"\" width=\"450\" height=\"333\" srcset=\"https:\/\/blogi.ennola.fi\/wp-content\/uploads\/2013\/03\/IMG_8753-1.jpg 450w, https:\/\/blogi.ennola.fi\/wp-content\/uploads\/2013\/03\/IMG_8753-1-150x111.jpg 150w\" sizes=\"(max-width: 450px) 100vw, 450px\" \/><\/a><p id=\"caption-attachment-1201\" class=\"wp-caption-text\">Ruokatauko k\u00e4\u00e4nt\u00f6paikallamme, taustalla Keski-Penikan vaara.<\/p><\/div>\n<p>Illan reflektiossa ja sen j\u00e4lkeenkin polemiikkia aiheutti se, oliko tuo 15-20 kilometri\u00e4 realistinen ja millaisiin urheilusuorituksiin meid\u00e4n pit\u00e4isi olla kykenevi\u00e4 seuraavalla vaelluksella. Itse n\u00e4in tuon meid\u00e4n suorituksen l\u00e4hes maksimina, mihin ainakaan itse olisin noissa olosuhteissa pystynyt. Suolla olosuhteet olivat hyv\u00e4t: kovan hangen p\u00e4\u00e4ll\u00e4 oli kymmenkunta sentti\u00e4 pehme\u00e4\u00e4 lunta. Sen sijaan poikkeuksellisen runsas tykkylumi oli tehnyt mets\u00e4t ja varsinkin polut hyvin hankaliksi ryteik\u00f6iksi liikkua. Juuri tuohon 15 kilometriin olisi saattanut p\u00e4\u00e4st\u00e4, jos olisi pyrkinyt suolle mahdollisimman aikaisin ja k\u00e4ytt\u00e4nyt yli j\u00e4\u00e4neen vartin viel\u00e4 etenemiseen, mutta 20 kilometri\u00e4 oli kyll\u00e4 utopiaa.<\/p>\n<div id=\"attachment_1202\" style=\"width: 310px\" class=\"wp-caption aligncenter\"><a href=\"https:\/\/blogi.ennola.fi\/wp-content\/uploads\/2013\/03\/IMG_8756.jpg\" rel=\"lightbox[1161]\"><img loading=\"lazy\" decoding=\"async\" aria-describedby=\"caption-attachment-1202\" class=\"wp-image-1202 size-full\" title=\"Maija kaivaa keitti\u00f6lle paikkaa.\" src=\"https:\/\/blogi.ennola.fi\/wp-content\/uploads\/2013\/03\/IMG_8756-1.jpg\" alt=\"\" width=\"300\" height=\"400\" srcset=\"https:\/\/blogi.ennola.fi\/wp-content\/uploads\/2013\/03\/IMG_8756-1.jpg 300w, https:\/\/blogi.ennola.fi\/wp-content\/uploads\/2013\/03\/IMG_8756-1-113x150.jpg 113w\" sizes=\"(max-width: 300px) 100vw, 300px\" \/><\/a><p id=\"caption-attachment-1202\" class=\"wp-caption-text\">Maija kaivaa keitti\u00f6lle paikkaa.<\/p><\/div>\n<p>Illalla pystytimme teltat lumelle tampattuihin tasanteisiin ja kaivoimme teltan viereen keittokomeron, josta oli syv\u00e4 lumikanjoni teltan eteiseen, jossa oli mahdollista seist\u00e4 suorana. Illalla teimme Samulin kanssa ruuaksi poronk\u00e4ristyst\u00e4 ja keittelimme vedet seuraavaksi p\u00e4iv\u00e4ksi valmiiksi. Illan reflektiotuokion j\u00e4lkeen olimme valmiit nukkumaan.<\/p>\n<div id=\"attachment_1204\" style=\"width: 460px\" class=\"wp-caption aligncenter\"><a href=\"https:\/\/blogi.ennola.fi\/wp-content\/uploads\/2013\/03\/IMG_8769.jpg\" rel=\"lightbox[1161]\"><img loading=\"lazy\" decoding=\"async\" aria-describedby=\"caption-attachment-1204\" class=\"wp-image-1204 size-full\" title=\"Leiripaikkamme kuun valossa.\" src=\"https:\/\/blogi.ennola.fi\/wp-content\/uploads\/2013\/03\/IMG_8769-1.jpg\" alt=\"\" width=\"450\" height=\"335\" srcset=\"https:\/\/blogi.ennola.fi\/wp-content\/uploads\/2013\/03\/IMG_8769-1.jpg 450w, https:\/\/blogi.ennola.fi\/wp-content\/uploads\/2013\/03\/IMG_8769-1-150x112.jpg 150w\" sizes=\"(max-width: 450px) 100vw, 450px\" \/><\/a><p id=\"caption-attachment-1204\" class=\"wp-caption-text\">Leiripaikkamme kuun valossa.<\/p><\/div>\n<p>Jokainen ryhm\u00e4 oli saanut valita omia oppimisteht\u00e4vi\u00e4\u00e4n ja yksi meid\u00e4n oppimisteht\u00e4vist\u00e4mme oli harjoitella alppistarttia, jonka mukaisesti laitoimme kelon soittamaan jo viidelt\u00e4. Arvelimme aamutoimissa vier\u00e4ht\u00e4v\u00e4n puolisentoista tuntia, mutta aivan siihen emme pystyneet vaan jo hieman yli kuuden ilmoittauduimme Jussille valmiina l\u00e4htem\u00e4\u00e4n p\u00e4iv\u00e4n koitoksiin. Ensimm\u00e4iset puolitoista tuntia vaelsimme pime\u00e4ss\u00e4, mutta sitten melko \u00e4kisti alkoi n\u00e4hd\u00e4 jo ilman lamppuakin.<\/p>\n<p><a href=\"https:\/\/blogi.ennola.fi\/wp-content\/uploads\/2013\/03\/Kivalo_Panorama1.jpg\" rel=\"lightbox[1161]\"><img loading=\"lazy\" decoding=\"async\" class=\"aligncenter wp-image-1207 size-full\" src=\"https:\/\/blogi.ennola.fi\/wp-content\/uploads\/2013\/03\/Kivalo_Panorama1-1.jpg\" alt=\"\" width=\"480\" height=\"141\" srcset=\"https:\/\/blogi.ennola.fi\/wp-content\/uploads\/2013\/03\/Kivalo_Panorama1-1.jpg 480w, https:\/\/blogi.ennola.fi\/wp-content\/uploads\/2013\/03\/Kivalo_Panorama1-1-150x44.jpg 150w\" sizes=\"(max-width: 480px) 100vw, 480px\" \/><\/a><\/p>\n<p>Teimme ensimm\u00e4isen suon ylityksen pelk\u00e4st\u00e4\u00e4n kompassin ja kellon varassa, jolloin arvioin ajan v\u00e4\u00e4rin ja noin 400 metri\u00e4 liian aikaisin kaivoin gepsin esiin tarkistaakseni sijaintini. Annettujen ohjeiden mukaan olimme t\u00e4lle p\u00e4iv\u00e4lle tehneet edellist\u00e4 lyhyemm\u00e4n suunnitelman. Vasta nyt aamulla huomasimme aikaisesta aamusta johtuen meill\u00e4 olevan eilist\u00e4 enemm\u00e4n aikaa, joten saatoimme lopulta melkoisen rauhallisella hiihdolla tehd\u00e4 tavoittelemamme 12 kilometri\u00e4 ja olla perill\u00e4 jo tunti ennen m\u00e4\u00e4r\u00e4aikaa.<\/p>\n<p><a href=\"https:\/\/blogi.ennola.fi\/wp-content\/uploads\/2013\/03\/IMG_8767.jpg\" rel=\"lightbox[1161]\"><img loading=\"lazy\" decoding=\"async\" class=\"aligncenter wp-image-1203 size-full\" src=\"https:\/\/blogi.ennola.fi\/wp-content\/uploads\/2013\/03\/IMG_8767-1.jpg\" alt=\"\" width=\"450\" height=\"328\" srcset=\"https:\/\/blogi.ennola.fi\/wp-content\/uploads\/2013\/03\/IMG_8767-1.jpg 450w, https:\/\/blogi.ennola.fi\/wp-content\/uploads\/2013\/03\/IMG_8767-1-150x109.jpg 150w\" sizes=\"(max-width: 450px) 100vw, 450px\" \/><\/a><\/p>\n<p>Muita oppimisteht\u00e4vi\u00e4mme oli suunnistus k\u00e4yr\u00e4kartan ja ilmakuvan perusteella. Ehk\u00e4 hieman yll\u00e4tt\u00e4en k\u00e4yr\u00e4karttaa oli vaikea seurata mets\u00e4ss\u00e4, mutta tasaisella suolla sit\u00e4 oli melko helppo seurata, koska l\u00e4hes kaikki mets\u00e4saarekkeet n\u00e4kyiv\u00e4t rinkuloina kartassa. Ilmakuva taas kertoi v\u00e4lill\u00e4 mets\u00e4st\u00e4 paljon enemm\u00e4n kuin pelkk\u00e4 kartta, joten sen kanssa ei olisi ollut vaikeaa liikkua maastossa.<\/p>\n<p><a href=\"https:\/\/blogi.ennola.fi\/wp-content\/uploads\/2013\/03\/IMG_8781.jpg\" rel=\"lightbox[1161]\"><img loading=\"lazy\" decoding=\"async\" class=\"aligncenter wp-image-1205 size-full\" src=\"https:\/\/blogi.ennola.fi\/wp-content\/uploads\/2013\/03\/IMG_8781-1.jpg\" alt=\"\" width=\"450\" height=\"330\" srcset=\"https:\/\/blogi.ennola.fi\/wp-content\/uploads\/2013\/03\/IMG_8781-1.jpg 450w, https:\/\/blogi.ennola.fi\/wp-content\/uploads\/2013\/03\/IMG_8781-1-150x110.jpg 150w\" sizes=\"(max-width: 450px) 100vw, 450px\" \/><\/a><\/p>\n<p>Varusteista erityistarkkailussani oli bensakeittimen polttoaineen kulutus. Meill\u00e4 kului bensaa 180 grammaa eli noin 2 \u00bd desilitraa ja saimme tuotetuksi sill\u00e4 noin 8 litraa l\u00e4mmint\u00e4 vett\u00e4. Veden m\u00e4\u00e4r\u00e4 saattaa olla hieman yliarvio, koska noilla arvoilla se olisi tiennyt keittimellemme l\u00e4hes 80 % hy\u00f6tysuhdetta, mik\u00e4 ehk\u00e4 on ep\u00e4realistisen korkea. Kuitenkin tuolla perusteella arvioida bensan kulutusta 1,5 desilitraksi per henki ja p\u00e4iv\u00e4.<\/p>\n<p>Erityishuomion saivat my\u00f6s jalkineeni ja hansikkaani. Seuraavaa retke\u00e4 varten hankin itselleni erilliset vedenpit\u00e4v\u00e4t kuorikintaat ja niihin muutamat irtovuoret fleecest\u00e4. Huopasaappaat olivat paikallaan ollessa hieman viile\u00e4t, joten hankin niihin hieman paksummat irtohuovat ja paremman pohjallisen. Muilta osin vaatetukseni toimi musta ihan mukavasti. Kylmemm\u00e4ss\u00e4 jotkin taukohousut olisivat saattaneet olla kivat, mutta niit\u00e4 tuskin saan seuraavallekaan retkelle hommatuksi. Samoin tulee viel\u00e4 mietti\u00e4 hiihtovaatetusta, ettei se kastu ihan niin paljon hiest\u00e4 kuin nyt.<\/p>\n","protected":false},"excerpt":{"rendered":"<p>P\u00e4\u00e4tin jatkaa seikkailukasvatusopintojani heti kakkostasolle. Ensimm\u00e4isen\u00e4 k\u00e4yt\u00e4nn\u00f6n harjoituksenamme oli toteuttaa yhden y\u00f6n testireissu Martimoaavan \u2013 Lumiaavan \u2013 Penikoiden soidensuojelualueelle. Alueella liikuimme 2-3 hengen ryhmiss\u00e4 ja y\u00f6pym\u00e4\u00e4n tulimme Saunasaaren&#8230;<\/p>\n","protected":false},"author":1,"featured_media":1197,"comment_status":"open","ping_status":"open","sticky":false,"template":"","format":"standard","meta":{"footnotes":""},"categories":[23,3,5],"tags":[],"_links":{"self":[{"href":"https:\/\/blogi.ennola.fi\/index.php?rest_route=\/wp\/v2\/posts\/1161"}],"collection":[{"href":"https:\/\/blogi.ennola.fi\/index.php?rest_route=\/wp\/v2\/posts"}],"about":[{"href":"https:\/\/blogi.ennola.fi\/index.php?rest_route=\/wp\/v2\/types\/post"}],"author":[{"embeddable":true,"href":"https:\/\/blogi.ennola.fi\/index.php?rest_route=\/wp\/v2\/users\/1"}],"replies":[{"embeddable":true,"href":"https:\/\/blogi.ennola.fi\/index.php?rest_route=%2Fwp%2Fv2%2Fcomments&post=1161"}],"version-history":[{"count":4,"href":"https:\/\/blogi.ennola.fi\/index.php?rest_route=\/wp\/v2\/posts\/1161\/revisions"}],"predecessor-version":[{"id":5073,"href":"https:\/\/blogi.ennola.fi\/index.php?rest_route=\/wp\/v2\/posts\/1161\/revisions\/5073"}],"wp:featuredmedia":[{"embeddable":true,"href":"https:\/\/blogi.ennola.fi\/index.php?rest_route=\/wp\/v2\/media\/1197"}],"wp:attachment":[{"href":"https:\/\/blogi.ennola.fi\/index.php?rest_route=%2Fwp%2Fv2%2Fmedia&parent=1161"}],"wp:term":[{"taxonomy":"category","embeddable":true,"href":"https:\/\/blogi.ennola.fi\/index.php?rest_route=%2Fwp%2Fv2%2Fcategories&post=1161"},{"taxonomy":"post_tag","embeddable":true,"href":"https:\/\/blogi.ennola.fi\/index.php?rest_route=%2Fwp%2Fv2%2Ftags&post=1161"}],"curies":[{"name":"wp","href":"https:\/\/api.w.org\/{rel}","templated":true}]}}