{"id":1167,"date":"2013-04-04T21:35:25","date_gmt":"2013-04-04T18:35:25","guid":{"rendered":"https:\/\/blogi.ennola.fi\/?p=1167"},"modified":"2020-07-01T23:23:35","modified_gmt":"2020-07-01T20:23:35","slug":"luontokuvia-kilpisjarvelta","status":"publish","type":"post","link":"https:\/\/blogi.ennola.fi\/?p=1167","title":{"rendered":"Luontokuvia Kilpisj\u00e4rvelt\u00e4"},"content":{"rendered":"<p>Seikkailukasvatuksen erikoistumisopinnot olivat edenneet jo kakkosvaiheen talvivaellukseen saakka, jonka toteutimme Kilpisj\u00e4rvelle ja sielt\u00e4 Norjan ja Ruotsin suurtunturien suuntaan. Matkalla p\u00e4\u00e4huomio oli uusien asioiden opiskelussa, joten valokuvaaminen j\u00e4i hieman sivurooliin. Muutaman ihan kelpo kuvan silti sain mielest\u00e4ni. Hieman liikaa pyrin kuvaamaan Ruotsin ja Norjan puolen tunturien jylhi\u00e4 muotoja, vaikka tiedostinkin niiden olevan liian kaukana hyviin kuviin. Parhaat kuvat syntyiv\u00e4t kuitenkin l\u00e4hemp\u00e4n\u00e4 olleista pienemmist\u00e4 tuntureista kauniiden pilvien kera.<\/p>\n<div id=\"attachment_1234\" style=\"width: 490px\" class=\"wp-caption aligncenter\"><a href=\"https:\/\/blogi.ennola.fi\/wp-content\/uploads\/2013\/04\/Kilpisjarvi_Panorama10.jpg\" rel=\"lightbox[1167]\"><img loading=\"lazy\" decoding=\"async\" aria-describedby=\"caption-attachment-1234\" class=\"wp-image-1234 size-full\" title=\"Ensimm\u00e4isen y\u00f6n j\u00e4lkeinen aamu leiripaikan l\u00e4heisyydest\u00e4.\" src=\"https:\/\/blogi.ennola.fi\/wp-content\/uploads\/2013\/04\/Kilpisjarvi_Panorama10-1.jpg\" alt=\"\" width=\"480\" height=\"98\" srcset=\"https:\/\/blogi.ennola.fi\/wp-content\/uploads\/2013\/04\/Kilpisjarvi_Panorama10-1.jpg 480w, https:\/\/blogi.ennola.fi\/wp-content\/uploads\/2013\/04\/Kilpisjarvi_Panorama10-1-150x31.jpg 150w\" sizes=\"(max-width: 480px) 100vw, 480px\" \/><\/a><p id=\"caption-attachment-1234\" class=\"wp-caption-text\">Ensimm\u00e4isen y\u00f6n j\u00e4lkeinen aamu leiripaikan l\u00e4heisyydest\u00e4.<\/p><\/div>\n<div id=\"attachment_1233\" style=\"width: 490px\" class=\"wp-caption aligncenter\"><a href=\"https:\/\/blogi.ennola.fi\/wp-content\/uploads\/2013\/04\/Kilpisjarvi_Panorama11.jpg\" rel=\"lightbox[1167]\"><img loading=\"lazy\" decoding=\"async\" aria-describedby=\"caption-attachment-1233\" class=\"wp-image-1233 size-full\" title=\"Norjan puoleisia suurtuntureita kuvattuna lumiluolaleirin l\u00e4heisyydest\u00e4.\" src=\"https:\/\/blogi.ennola.fi\/wp-content\/uploads\/2013\/04\/Kilpisjarvi_Panorama11-1.jpg\" alt=\"\" width=\"480\" height=\"68\" srcset=\"https:\/\/blogi.ennola.fi\/wp-content\/uploads\/2013\/04\/Kilpisjarvi_Panorama11-1.jpg 480w, https:\/\/blogi.ennola.fi\/wp-content\/uploads\/2013\/04\/Kilpisjarvi_Panorama11-1-150x21.jpg 150w\" sizes=\"(max-width: 480px) 100vw, 480px\" \/><\/a><p id=\"caption-attachment-1233\" class=\"wp-caption-text\">Norjan puoleisia suurtuntureita kuvattuna lumiluolaleirin l\u00e4heisyydest\u00e4.<\/p><\/div>\n<div id=\"attachment_1224\" style=\"width: 490px\" class=\"wp-caption aligncenter\"><a href=\"https:\/\/blogi.ennola.fi\/wp-content\/uploads\/2013\/04\/Kilpisjarvi_Panorama3.jpg\" rel=\"lightbox[1167]\"><img loading=\"lazy\" decoding=\"async\" aria-describedby=\"caption-attachment-1224\" class=\"wp-image-1224 size-full\" title=\"Valjihat ja j\u00e4\u00e4merelt\u00e4 l\u00e4hestyv\u00e4 pilvirintama.\" src=\"https:\/\/blogi.ennola.fi\/wp-content\/uploads\/2013\/04\/Kilpisjarvi_Panorama3-1.jpg\" alt=\"\" width=\"480\" height=\"185\" srcset=\"https:\/\/blogi.ennola.fi\/wp-content\/uploads\/2013\/04\/Kilpisjarvi_Panorama3-1.jpg 480w, https:\/\/blogi.ennola.fi\/wp-content\/uploads\/2013\/04\/Kilpisjarvi_Panorama3-1-150x58.jpg 150w\" sizes=\"(max-width: 480px) 100vw, 480px\" \/><\/a><p id=\"caption-attachment-1224\" class=\"wp-caption-text\">Valjihat ja j\u00e4\u00e4merelt\u00e4 l\u00e4hestyv\u00e4 pilvirintama.<\/p><\/div>\n<div id=\"attachment_1225\" style=\"width: 490px\" class=\"wp-caption aligncenter\"><a href=\"https:\/\/blogi.ennola.fi\/wp-content\/uploads\/2013\/04\/Kilpisjarvi_Panorama7.jpg\" rel=\"lightbox[1167]\"><img loading=\"lazy\" decoding=\"async\" aria-describedby=\"caption-attachment-1225\" class=\"wp-image-1225 size-full\" title=\"Valjihat kuvattuna id\u00e4st\u00e4 puurajan tuntumasta, kauniit pilvet.\" src=\"https:\/\/blogi.ennola.fi\/wp-content\/uploads\/2013\/04\/Kilpisjarvi_Panorama7-1.jpg\" alt=\"\" width=\"480\" height=\"137\" srcset=\"https:\/\/blogi.ennola.fi\/wp-content\/uploads\/2013\/04\/Kilpisjarvi_Panorama7-1.jpg 480w, https:\/\/blogi.ennola.fi\/wp-content\/uploads\/2013\/04\/Kilpisjarvi_Panorama7-1-150x43.jpg 150w\" sizes=\"(max-width: 480px) 100vw, 480px\" \/><\/a><p id=\"caption-attachment-1225\" class=\"wp-caption-text\">Valjihat kuvattuna id\u00e4st\u00e4 puurajan tuntumasta, kauniit pilvet.<\/p><\/div>\n<div id=\"attachment_1226\" style=\"width: 490px\" class=\"wp-caption aligncenter\"><a href=\"https:\/\/blogi.ennola.fi\/wp-content\/uploads\/2013\/04\/Kilpisjarvi_Panorama6.jpg\" rel=\"lightbox[1167]\"><img loading=\"lazy\" decoding=\"async\" aria-describedby=\"caption-attachment-1226\" class=\"wp-image-1226 size-full\" title=\" Yl\u00e4nk\u00f6\u00e4 Valjitin ja Valljihatin ymp\u00e4rist\u00f6ss\u00e4.\" src=\"https:\/\/blogi.ennola.fi\/wp-content\/uploads\/2013\/04\/Kilpisjarvi_Panorama6-1.jpg\" alt=\"\" width=\"480\" height=\"69\" srcset=\"https:\/\/blogi.ennola.fi\/wp-content\/uploads\/2013\/04\/Kilpisjarvi_Panorama6-1.jpg 480w, https:\/\/blogi.ennola.fi\/wp-content\/uploads\/2013\/04\/Kilpisjarvi_Panorama6-1-150x22.jpg 150w\" sizes=\"(max-width: 480px) 100vw, 480px\" \/><\/a><p id=\"caption-attachment-1226\" class=\"wp-caption-text\">Yl\u00e4nk\u00f6\u00e4 Valjitin ja Valljihatin ymp\u00e4rist\u00f6ss\u00e4.<\/p><\/div>\n<div id=\"attachment_1231\" style=\"width: 460px\" class=\"wp-caption aligncenter\"><a href=\"https:\/\/blogi.ennola.fi\/wp-content\/uploads\/2013\/04\/IMG_9250.jpg\" rel=\"lightbox[1167]\"><img loading=\"lazy\" decoding=\"async\" aria-describedby=\"caption-attachment-1231\" class=\"wp-image-1231 size-full\" title=\"Barraksen ter\u00e4v\u00e4 huippu hallitsi maisemaa leiripaikan ymp\u00e4rist\u00f6ss\u00e4.\" src=\"https:\/\/blogi.ennola.fi\/wp-content\/uploads\/2013\/04\/IMG_9250-1.jpg\" alt=\"\" width=\"450\" height=\"338\" srcset=\"https:\/\/blogi.ennola.fi\/wp-content\/uploads\/2013\/04\/IMG_9250-1.jpg 450w, https:\/\/blogi.ennola.fi\/wp-content\/uploads\/2013\/04\/IMG_9250-1-150x113.jpg 150w\" sizes=\"(max-width: 450px) 100vw, 450px\" \/><\/a><p id=\"caption-attachment-1231\" class=\"wp-caption-text\">Barraksen ter\u00e4v\u00e4 huippu hallitsi maisemaa leiripaikan ymp\u00e4rist\u00f6ss\u00e4.<\/p><\/div>\n<div id=\"attachment_1229\" style=\"width: 490px\" class=\"wp-caption aligncenter\"><a href=\"https:\/\/blogi.ennola.fi\/wp-content\/uploads\/2013\/04\/Kilpisjarvi_Panorama13.jpg\" rel=\"lightbox[1167]\"><img loading=\"lazy\" decoding=\"async\" aria-describedby=\"caption-attachment-1229\" class=\"wp-image-1229 size-full\" title=\"Valljihat.\" src=\"https:\/\/blogi.ennola.fi\/wp-content\/uploads\/2013\/04\/Kilpisjarvi_Panorama13-1.jpg\" alt=\"\" width=\"480\" height=\"232\" srcset=\"https:\/\/blogi.ennola.fi\/wp-content\/uploads\/2013\/04\/Kilpisjarvi_Panorama13-1.jpg 480w, https:\/\/blogi.ennola.fi\/wp-content\/uploads\/2013\/04\/Kilpisjarvi_Panorama13-1-150x73.jpg 150w\" sizes=\"(max-width: 480px) 100vw, 480px\" \/><\/a><p id=\"caption-attachment-1229\" class=\"wp-caption-text\">Valljihat.<\/p><\/div>\n<div id=\"attachment_1236\" style=\"width: 490px\" class=\"wp-caption aligncenter\"><a href=\"https:\/\/blogi.ennola.fi\/wp-content\/uploads\/2013\/04\/Kilpisjarvi_Panorama8.jpg\" rel=\"lightbox[1167]\"><img loading=\"lazy\" decoding=\"async\" aria-describedby=\"caption-attachment-1236\" class=\"wp-image-1236 size-full\" title=\"Ruotsin ja Norjan suurtunturien ketju lumiluolalerin l\u00e4helt\u00e4.\" src=\"https:\/\/blogi.ennola.fi\/wp-content\/uploads\/2013\/04\/Kilpisjarvi_Panorama8-1.jpg\" alt=\"\" width=\"480\" height=\"65\" srcset=\"https:\/\/blogi.ennola.fi\/wp-content\/uploads\/2013\/04\/Kilpisjarvi_Panorama8-1.jpg 480w, https:\/\/blogi.ennola.fi\/wp-content\/uploads\/2013\/04\/Kilpisjarvi_Panorama8-1-150x20.jpg 150w\" sizes=\"(max-width: 480px) 100vw, 480px\" \/><\/a><p id=\"caption-attachment-1236\" class=\"wp-caption-text\">Ruotsin ja Norjan suurtunturien ketju lumiluolalerin l\u00e4helt\u00e4.<\/p><\/div>\n<div id=\"attachment_1230\" style=\"width: 310px\" class=\"wp-caption aligncenter\"><a href=\"https:\/\/blogi.ennola.fi\/wp-content\/uploads\/2013\/04\/IMG_9267.jpg\" rel=\"lightbox[1167]\"><img loading=\"lazy\" decoding=\"async\" aria-describedby=\"caption-attachment-1230\" class=\"wp-image-1230 size-full\" title=\"Valljihat ja kuu.\" src=\"https:\/\/blogi.ennola.fi\/wp-content\/uploads\/2013\/04\/IMG_9267-1.jpg\" alt=\"\" width=\"300\" height=\"400\" srcset=\"https:\/\/blogi.ennola.fi\/wp-content\/uploads\/2013\/04\/IMG_9267-1.jpg 300w, https:\/\/blogi.ennola.fi\/wp-content\/uploads\/2013\/04\/IMG_9267-1-113x150.jpg 113w\" sizes=\"(max-width: 300px) 100vw, 300px\" \/><\/a><p id=\"caption-attachment-1230\" class=\"wp-caption-text\">Valljihat ja kuu.<\/p><\/div>\n<div id=\"attachment_1235\" style=\"width: 490px\" class=\"wp-caption aligncenter\"><a href=\"https:\/\/blogi.ennola.fi\/wp-content\/uploads\/2013\/04\/Kilpisjarvi_Panorama9.jpg\" rel=\"lightbox[1167]\"><img loading=\"lazy\" decoding=\"async\" aria-describedby=\"caption-attachment-1235\" class=\"wp-image-1235 size-full\" title=\"M\u00e1rkos-Malla kuvattuna matkalta Sallor\u00e1\u0161\u0161an rinteille.\" src=\"https:\/\/blogi.ennola.fi\/wp-content\/uploads\/2013\/04\/Kilpisjarvi_Panorama9-1.jpg\" alt=\"\" width=\"480\" height=\"100\" srcset=\"https:\/\/blogi.ennola.fi\/wp-content\/uploads\/2013\/04\/Kilpisjarvi_Panorama9-1.jpg 480w, https:\/\/blogi.ennola.fi\/wp-content\/uploads\/2013\/04\/Kilpisjarvi_Panorama9-1-150x31.jpg 150w\" sizes=\"(max-width: 480px) 100vw, 480px\" \/><\/a><p id=\"caption-attachment-1235\" class=\"wp-caption-text\">M\u00e1rkos-Malla kuvattuna matkalta Sallor\u00e1\u0161\u0161an rinteille.<\/p><\/div>\n<div id=\"attachment_1227\" style=\"width: 490px\" class=\"wp-caption aligncenter\"><a href=\"https:\/\/blogi.ennola.fi\/wp-content\/uploads\/2013\/04\/Kilpisjarvi_Panorama5.jpg\" rel=\"lightbox[1167]\"><img loading=\"lazy\" decoding=\"async\" aria-describedby=\"caption-attachment-1227\" class=\"wp-image-1227 size-full\" title=\"Auringonlasku leiripaikkamme l\u00e4helt\u00e4 Sallor\u00e1\u0161\u0161an rinteell\u00e4.\" src=\"https:\/\/blogi.ennola.fi\/wp-content\/uploads\/2013\/04\/Kilpisjarvi_Panorama5-1.jpg\" alt=\"\" width=\"480\" height=\"138\" srcset=\"https:\/\/blogi.ennola.fi\/wp-content\/uploads\/2013\/04\/Kilpisjarvi_Panorama5-1.jpg 480w, https:\/\/blogi.ennola.fi\/wp-content\/uploads\/2013\/04\/Kilpisjarvi_Panorama5-1-150x43.jpg 150w\" sizes=\"(max-width: 480px) 100vw, 480px\" \/><\/a><p id=\"caption-attachment-1227\" class=\"wp-caption-text\">Auringonlasku leiripaikkamme l\u00e4helt\u00e4 Sallor\u00e1\u0161\u0161an rinteell\u00e4.<\/p><\/div>\n<div id=\"attachment_1228\" style=\"width: 490px\" class=\"wp-caption aligncenter\"><a href=\"https:\/\/blogi.ennola.fi\/wp-content\/uploads\/2013\/04\/Kilpisjarvi_Panorama4.jpg\" rel=\"lightbox[1167]\"><img loading=\"lazy\" decoding=\"async\" aria-describedby=\"caption-attachment-1228\" class=\"wp-image-1228 size-full\" title=\"Sama paikka my\u00f6hemmin illalla.\" src=\"https:\/\/blogi.ennola.fi\/wp-content\/uploads\/2013\/04\/Kilpisjarvi_Panorama4-1.jpg\" alt=\"\" width=\"480\" height=\"149\" srcset=\"https:\/\/blogi.ennola.fi\/wp-content\/uploads\/2013\/04\/Kilpisjarvi_Panorama4-1.jpg 480w, https:\/\/blogi.ennola.fi\/wp-content\/uploads\/2013\/04\/Kilpisjarvi_Panorama4-1-150x47.jpg 150w\" sizes=\"(max-width: 480px) 100vw, 480px\" \/><\/a><p id=\"caption-attachment-1228\" class=\"wp-caption-text\">Sama paikka my\u00f6hemmin illalla.<\/p><\/div>\n<div id=\"attachment_1232\" style=\"width: 490px\" class=\"wp-caption aligncenter\"><a href=\"https:\/\/blogi.ennola.fi\/wp-content\/uploads\/2013\/04\/Kilpisjarvi_Panorama12.jpg\" rel=\"lightbox[1167]\"><img loading=\"lazy\" decoding=\"async\" aria-describedby=\"caption-attachment-1232\" class=\"wp-image-1232 size-full\" title=\"Auringonnousu ja Saana Kilpisj\u00e4rvelt\u00e4 k\u00e4sin.\" src=\"https:\/\/blogi.ennola.fi\/wp-content\/uploads\/2013\/04\/Kilpisjarvi_Panorama12-1.jpg\" alt=\"\" width=\"480\" height=\"105\" srcset=\"https:\/\/blogi.ennola.fi\/wp-content\/uploads\/2013\/04\/Kilpisjarvi_Panorama12-1.jpg 480w, https:\/\/blogi.ennola.fi\/wp-content\/uploads\/2013\/04\/Kilpisjarvi_Panorama12-1-150x33.jpg 150w\" sizes=\"(max-width: 480px) 100vw, 480px\" \/><\/a><p id=\"caption-attachment-1232\" class=\"wp-caption-text\">Auringonnousu ja Saana Kilpisj\u00e4rvelt\u00e4 k\u00e4sin.<\/p><\/div>\n","protected":false},"excerpt":{"rendered":"<p>Seikkailukasvatuksen erikoistumisopinnot olivat edenneet jo kakkosvaiheen talvivaellukseen saakka, jonka toteutimme Kilpisj\u00e4rvelle ja sielt\u00e4 Norjan ja Ruotsin suurtunturien suuntaan. Matkalla p\u00e4\u00e4huomio oli uusien asioiden opiskelussa, joten valokuvaaminen j\u00e4i hieman&#8230;<\/p>\n","protected":false},"author":1,"featured_media":1215,"comment_status":"open","ping_status":"open","sticky":false,"template":"","format":"standard","meta":{"footnotes":""},"categories":[23,4,5],"tags":[],"_links":{"self":[{"href":"https:\/\/blogi.ennola.fi\/index.php?rest_route=\/wp\/v2\/posts\/1167"}],"collection":[{"href":"https:\/\/blogi.ennola.fi\/index.php?rest_route=\/wp\/v2\/posts"}],"about":[{"href":"https:\/\/blogi.ennola.fi\/index.php?rest_route=\/wp\/v2\/types\/post"}],"author":[{"embeddable":true,"href":"https:\/\/blogi.ennola.fi\/index.php?rest_route=\/wp\/v2\/users\/1"}],"replies":[{"embeddable":true,"href":"https:\/\/blogi.ennola.fi\/index.php?rest_route=%2Fwp%2Fv2%2Fcomments&post=1167"}],"version-history":[{"count":6,"href":"https:\/\/blogi.ennola.fi\/index.php?rest_route=\/wp\/v2\/posts\/1167\/revisions"}],"predecessor-version":[{"id":5255,"href":"https:\/\/blogi.ennola.fi\/index.php?rest_route=\/wp\/v2\/posts\/1167\/revisions\/5255"}],"wp:featuredmedia":[{"embeddable":true,"href":"https:\/\/blogi.ennola.fi\/index.php?rest_route=\/wp\/v2\/media\/1215"}],"wp:attachment":[{"href":"https:\/\/blogi.ennola.fi\/index.php?rest_route=%2Fwp%2Fv2%2Fmedia&parent=1167"}],"wp:term":[{"taxonomy":"category","embeddable":true,"href":"https:\/\/blogi.ennola.fi\/index.php?rest_route=%2Fwp%2Fv2%2Fcategories&post=1167"},{"taxonomy":"post_tag","embeddable":true,"href":"https:\/\/blogi.ennola.fi\/index.php?rest_route=%2Fwp%2Fv2%2Ftags&post=1167"}],"curies":[{"name":"wp","href":"https:\/\/api.w.org\/{rel}","templated":true}]}}