{"id":1170,"date":"2013-05-23T21:36:34","date_gmt":"2013-05-23T18:36:34","guid":{"rendered":"https:\/\/blogi.ennola.fi\/?p=1170"},"modified":"2020-06-08T14:34:37","modified_gmt":"2020-06-08T11:34:37","slug":"talviseikkailu-kilpisjarvella","status":"publish","type":"post","link":"https:\/\/blogi.ennola.fi\/?p=1170","title":{"rendered":"Talviseikkailu Kilpisj\u00e4rvell\u00e4"},"content":{"rendered":"<p>Teimme osana seikkailukasvatuksen erikoistumisopintoja 17.-23.3.2013 talvivaelluksen Kilpisj\u00e4rvelle kolmen valtakunnan alueelle. Vaelluksen tarkoituksena oli harjoitella talvivaellustaitoja sek\u00e4 ohjaustaitoja. Vaelluksella y\u00f6vyimme teltassa, lumiluolassa ja autiotuvissa. Maastossa liikuimme hiiht\u00e4en vet\u00e4en per\u00e4ss\u00e4mme ahkiota.<\/p>\n<p>Itselleni Kilpisj\u00e4rven retki toimi er\u00e4\u00e4nlaisena testireissuna viel\u00e4 pidempien talvireissujen toteuttamiseksi. Niinp\u00e4 pyrin testaamaan varusteita ja l\u00f6yt\u00e4m\u00e4\u00e4n hyvi\u00e4 k\u00e4yt\u00e4nt\u00f6j\u00e4, joilla varustuksen pystyy pit\u00e4m\u00e4\u00e4n k\u00e4ytt\u00f6kelpoisena koko reissun ajan.<\/p>\n<p>Ensimm\u00e4isen\u00e4 teht\u00e4v\u00e4n\u00e4mme oli ollut suunnitella matka seuraavaksi illaksi lumiluolaleiriin, jonne matkaa Kilpisj\u00e4rven retkeilykeskuksesta oli n. 14 kilometri\u00e4. Maasto oli suhteellisen tasaista ja helppokulkuista. Reitti kulki sen verta syv\u00e4ss\u00e4 laaksossa, ett\u00e4 matkan pident\u00e4minen keinotekoisesti ei olisi ollut mielek\u00e4st\u00e4, koska se olisi vaatinut fyysisesti melko raskaan ahkioiden vet\u00e4misen yl\u00e4nk\u00f6alueelle. \u00a0Aikaa t\u00e4h\u00e4n oli varattu alkuper\u00e4isen raamituksen mukaan puolitoista p\u00e4iv\u00e4\u00e4. Matkaa oli siis turhan paljon hiihdett\u00e4v\u00e4ksi yhdess\u00e4 iltap\u00e4iv\u00e4ss\u00e4, mutta taas turhan v\u00e4h\u00e4n t\u00e4ydeksi puoleksitoista p\u00e4iv\u00e4ksi. Varsinkin, kun j\u00e4rkevint\u00e4 reitti\u00e4 hiiht\u00e4m\u00e4ll\u00e4, varsinaiset telttailuun sopivat paikat olivat vasta reitin puolessa v\u00e4liss\u00e4.<\/p>\n<p><a href=\"https:\/\/blogi.ennola.fi\/wp-content\/uploads\/2013\/05\/IMG_8981.jpg\" rel=\"lightbox[1170]\"><img loading=\"lazy\" decoding=\"async\" class=\"aligncenter wp-image-1301 size-full\" src=\"https:\/\/blogi.ennola.fi\/wp-content\/uploads\/2013\/05\/IMG_8981-1.jpg\" alt=\"\" width=\"450\" height=\"333\" srcset=\"https:\/\/blogi.ennola.fi\/wp-content\/uploads\/2013\/05\/IMG_8981-1.jpg 450w, https:\/\/blogi.ennola.fi\/wp-content\/uploads\/2013\/05\/IMG_8981-1-150x111.jpg 150w\" sizes=\"(max-width: 450px) 100vw, 450px\" \/><\/a><\/p>\n<p>Saavuttuamme bussilla Kilpisj\u00e4rven retkeilykeskuksen pihalle oli melko kova tuuli. Taivaalta satavan lumen lis\u00e4ksi se nosti lunta maastakin, joten ensimm\u00e4isen p\u00e4iv\u00e4matkan saimme taivaltaa melkoisessa lumituiskussa. Lumituiskussa hiihdimme Kilpisj\u00e4rven yli Ruotsin ja Suomen rajan tuntumaan, miss\u00e4 j\u00e4imme leiriin Ruotsin puolelle pienen kumpareen ja sen vieress\u00e4 kasvaneiden tunturikoivujen tarjoamaan tuulen suojaan.<\/p>\n<p>Saapuessamme leiripaikalle oli jo melko pime\u00e4\u00e4, joten pystimme teltat, kaivoimme v\u00e4ltt\u00e4m\u00e4tt\u00f6m\u00e4t leirirakennelmat tuulensuojineen melko vauhdikkaasti. Iltatoimien aikana s\u00e4\u00e4 hieman selkeni ja saatoin kuvata leiri\u00e4 ja hieman kauempaa revontulien valossa.<\/p>\n<div id=\"attachment_1311\" style=\"width: 460px\" class=\"wp-caption aligncenter\"><a href=\"https:\/\/blogi.ennola.fi\/wp-content\/uploads\/2013\/05\/IMG_8991.jpg\" rel=\"lightbox[1170]\"><img loading=\"lazy\" decoding=\"async\" aria-describedby=\"caption-attachment-1311\" class=\"wp-image-1311 size-full\" title=\"Ensimm\u00e4inen leiripaikka y\u00f6n valaistuksessa.\" src=\"https:\/\/blogi.ennola.fi\/wp-content\/uploads\/2013\/05\/IMG_8991-1.jpg\" alt=\"\" width=\"450\" height=\"338\" srcset=\"https:\/\/blogi.ennola.fi\/wp-content\/uploads\/2013\/05\/IMG_8991-1.jpg 450w, https:\/\/blogi.ennola.fi\/wp-content\/uploads\/2013\/05\/IMG_8991-1-150x113.jpg 150w\" sizes=\"(max-width: 450px) 100vw, 450px\" \/><\/a><p id=\"caption-attachment-1311\" class=\"wp-caption-text\">Ensimm\u00e4inen leiripaikka y\u00f6n valaistuksessa.<\/p><\/div>\n<p>Leirimme oli jo puolessa matkassa ja seuraavaksi p\u00e4iv\u00e4ksi j\u00e4ikin varsin helppo hiihto-osuus. Matkalla lumiluolaleiriin pys\u00e4hdyimme pakolliselle valokuvaustauolle kolmen valtakunnan rajapyykille. Saavuimme lumiluolaleiriin sen verta aikaisin, ett\u00e4 p\u00e4\u00e4timme rakentaa lumiluolat alkuper\u00e4isest\u00e4 suunnitelmasta poiketen jo nyt. Aikaa oli hieman niukanlaisesti ja vaikutti silt\u00e4, ett\u00e4 rakentaminen saattaa veny\u00e4 melko pitk\u00e4\u00e4n.<\/p>\n<p><a href=\"https:\/\/blogi.ennola.fi\/wp-content\/uploads\/2013\/05\/IMG_9051.jpg\" rel=\"lightbox[1170]\"><img loading=\"lazy\" decoding=\"async\" class=\"aligncenter wp-image-1288 size-full\" src=\"https:\/\/blogi.ennola.fi\/wp-content\/uploads\/2013\/05\/IMG_9051-1.jpg\" alt=\"\" width=\"450\" height=\"309\" srcset=\"https:\/\/blogi.ennola.fi\/wp-content\/uploads\/2013\/05\/IMG_9051-1.jpg 450w, https:\/\/blogi.ennola.fi\/wp-content\/uploads\/2013\/05\/IMG_9051-1-150x103.jpg 150w\" sizes=\"(max-width: 450px) 100vw, 450px\" \/><\/a><\/p>\n<div id=\"attachment_1300\" style=\"width: 460px\" class=\"wp-caption aligncenter\"><a href=\"https:\/\/blogi.ennola.fi\/wp-content\/uploads\/2013\/05\/IMG_9057.jpg\" rel=\"lightbox[1170]\"><img loading=\"lazy\" decoding=\"async\" aria-describedby=\"caption-attachment-1300\" class=\"wp-image-1300 size-full\" title=\"Ryhm\u00e4kuva Kolmen valtakunnan rajapyykill\u00e4.\" src=\"https:\/\/blogi.ennola.fi\/wp-content\/uploads\/2013\/05\/IMG_9057-1.jpg\" alt=\"\" width=\"450\" height=\"319\" srcset=\"https:\/\/blogi.ennola.fi\/wp-content\/uploads\/2013\/05\/IMG_9057-1.jpg 450w, https:\/\/blogi.ennola.fi\/wp-content\/uploads\/2013\/05\/IMG_9057-1-150x106.jpg 150w\" sizes=\"(max-width: 450px) 100vw, 450px\" \/><\/a><p id=\"caption-attachment-1300\" class=\"wp-caption-text\">Ryhm\u00e4kuva Kolmen valtakunnan rajapyykill\u00e4.<\/p><\/div>\n<div id=\"attachment_1287\" style=\"width: 308px\" class=\"wp-caption aligncenter\"><a href=\"https:\/\/blogi.ennola.fi\/wp-content\/uploads\/2013\/05\/IMG_9060.jpg\" rel=\"lightbox[1170]\"><img loading=\"lazy\" decoding=\"async\" aria-describedby=\"caption-attachment-1287\" class=\"wp-image-1287 size-full\" title=\"Eero ohjaa Eevaa.\" src=\"https:\/\/blogi.ennola.fi\/wp-content\/uploads\/2013\/05\/IMG_9060-1.jpg\" alt=\"\" width=\"298\" height=\"400\" srcset=\"https:\/\/blogi.ennola.fi\/wp-content\/uploads\/2013\/05\/IMG_9060-1.jpg 298w, https:\/\/blogi.ennola.fi\/wp-content\/uploads\/2013\/05\/IMG_9060-1-112x150.jpg 112w\" sizes=\"(max-width: 298px) 100vw, 298px\" \/><\/a><p id=\"caption-attachment-1287\" class=\"wp-caption-text\">Eero ohjaa Eevaa.<\/p><\/div>\n<p>Rakentaminen aloitettiin etsim\u00e4ll\u00e4 sopivann\u00e4k\u00f6inen rinne. Kaitsulla ja Eevalla oli selv\u00e4 k\u00e4sitys paikasta, johon riitt\u00e4v\u00e4n paksu ja pitk\u00e4 lumipenkka saattaisi muodostua kahdeksan lumiluolan kaivamiseksi. Lumiluolan rakentaminen vaati n. kolme metri\u00e4 syv\u00e4n ja leve\u00e4n lumipenkan ja pituutta luola keitti\u00f6ineen vaatinee noin 6 metri\u00e4. Lumipenkkaa tunnustelimme sondeilla varmistaaksemme sen syvyyden ja leveyden.<\/p>\n<div id=\"attachment_1286\" style=\"width: 370px\" class=\"wp-caption aligncenter\"><a href=\"https:\/\/blogi.ennola.fi\/wp-content\/uploads\/2013\/05\/IMG_9066.jpg\" rel=\"lightbox[1170]\"><img loading=\"lazy\" decoding=\"async\" aria-describedby=\"caption-attachment-1286\" class=\"wp-image-1286 size-full\" title=\"Eeva tunnustelee lumen syvyytt\u00e4.\" src=\"https:\/\/blogi.ennola.fi\/wp-content\/uploads\/2013\/05\/IMG_9066-1.jpg\" alt=\"\" width=\"360\" height=\"400\" srcset=\"https:\/\/blogi.ennola.fi\/wp-content\/uploads\/2013\/05\/IMG_9066-1.jpg 360w, https:\/\/blogi.ennola.fi\/wp-content\/uploads\/2013\/05\/IMG_9066-1-135x150.jpg 135w\" sizes=\"(max-width: 360px) 100vw, 360px\" \/><\/a><p id=\"caption-attachment-1286\" class=\"wp-caption-text\">Eeva tunnustelee lumen syvyytt\u00e4.<\/p><\/div>\n<p>Lumiluolan kaivaminen tehtiin kahdesta rei\u00e4st\u00e4. Aki alkoi kaivaa nukkumatilaa suoraan lumipenkan kyljest\u00e4, Ville alkoi kaivaa kulkuaukkoa maanrajasta, minun teht\u00e4v\u00e4ksi j\u00e4i huolehtia lumen siirt\u00e4misest\u00e4 kulkuaukosta kauemmaksi. Kulkuaukon yl\u00e4reunan j\u00e4timme melko alas, niin ett\u00e4 sen alta joutui konttaamaan ja oviaukon j\u00e4lkeen Ville alkoi kaivaa kulkuaukkoa ylemm\u00e4s, samaan tasoon nukkumatilan kanssa. Jonkun aikaa kaivettuamme molemmat rei\u00e4t saatiin yhdistetty\u00e4 ja voitiin aloittaa varsinaisen makuutilan muotoilu.<\/p>\n<p><a href=\"https:\/\/blogi.ennola.fi\/wp-content\/uploads\/2013\/05\/IMG_9070.jpg\" rel=\"lightbox[1170]\"><img loading=\"lazy\" decoding=\"async\" class=\"aligncenter wp-image-1294 size-full\" src=\"https:\/\/blogi.ennola.fi\/wp-content\/uploads\/2013\/05\/IMG_9070-1.jpg\" alt=\"\" width=\"450\" height=\"287\" srcset=\"https:\/\/blogi.ennola.fi\/wp-content\/uploads\/2013\/05\/IMG_9070-1.jpg 450w, https:\/\/blogi.ennola.fi\/wp-content\/uploads\/2013\/05\/IMG_9070-1-150x96.jpg 150w\" sizes=\"(max-width: 450px) 100vw, 450px\" \/><\/a><\/p>\n<p>Makuutilan holvasimme melko korkeaksi ja penkan muotoa mukaillen toispuoleiseksi niin, ett\u00e4 sein\u00e4n puolella tila oli melko korkea. Se ei ainakaan Kaitsun mielest\u00e4 ollut hyv\u00e4, vaan symmetrinen holvi olisi ollut parempi. Ulkopuolen sein\u00e4 painuikin kolmen p\u00e4iv\u00e4n aikana jonkunkin verran. Saatuamme holvin valmiiksi suljimme rei\u00e4n, josta Aki oli aloittanut kaivamisen. Nukkumatilaan oli Ville tehnyt kullekin pienen hyllyn pikkutavaroita varten. Nukkumatilaan emme erillist\u00e4 ilmastointireik\u00e4\u00e4 tehneet.<\/p>\n<p>Kun oma luolamme alkoi olla nukuttavassa kunnossa, l\u00e4htiv\u00e4t Aki ja Ville auttamaan muita ryhmi\u00e4 kaivamisessa, kun min\u00e4 j\u00e4in viimeistelem\u00e4\u00e4n luolaa ja kaivamaan keitti\u00f6t\u00e4. Lumiluolan kulkuaukon toiselle puolelle muotoilin pienen syvennyksen, jonka kattoon tein suksisauvalla rei\u00e4n vesih\u00f6yryn poistumista varten. Keittokomeron katon pyrin muotoilemaan liesituulettimen muotoiseksi, jotta se olisi vet\u00e4nyt vesih\u00f6yryt tehokkaasti pois. Keittokomeron viereen tein pienen tasanteen istumista varten.<\/p>\n<p><a href=\"https:\/\/blogi.ennola.fi\/wp-content\/uploads\/2013\/05\/IMG_9077.jpg\" rel=\"lightbox[1170]\"><img loading=\"lazy\" decoding=\"async\" class=\"aligncenter wp-image-1285 size-full\" src=\"https:\/\/blogi.ennola.fi\/wp-content\/uploads\/2013\/05\/IMG_9077-1.jpg\" alt=\"\" width=\"450\" height=\"338\" srcset=\"https:\/\/blogi.ennola.fi\/wp-content\/uploads\/2013\/05\/IMG_9077-1.jpg 450w, https:\/\/blogi.ennola.fi\/wp-content\/uploads\/2013\/05\/IMG_9077-1-150x113.jpg 150w\" sizes=\"(max-width: 450px) 100vw, 450px\" \/><\/a><\/p>\n<p>Kaivaminen oli suhteellisen raskasta sek\u00e4 m\u00e4rk\u00e4\u00e4 hommaa ja varsinkin luolan sis\u00e4ll\u00e4 oli melko l\u00e4mmint\u00e4, joten sopivan vaatetuksen varaaminen oli hieman hankalaa. Samoin hanskat kostuivat tehokkaasti. Lumiluolien kaivamiseen kului melko tarkkaan Eevan etuk\u00e4teen esitt\u00e4m\u00e4 arvio nelj\u00e4 tuntia. Siin\u00e4 ajassa kaikki ryhm\u00e4t tosin eiv\u00e4t saaneet luolaansa viimeistelty\u00e4, mutta kaikkien luolat olivat valmiita nukkumiseen.<\/p>\n<p>Painumistaan lukuun ottamatta lumiluolamme toimi erinomaisesti. Hieman yll\u00e4tt\u00e4en tuo painuminenkin tapahtui kuitenkin p\u00e4ivisin, eik\u00e4 \u00f6isin, jolloin nukkujista tulleen kosteuden ja l\u00e4mm\u00f6n olisi kuvitellut aiheuttavan painumista. Lumiluola oli l\u00e4mmin, kylm\u00e4n\u00e4kin y\u00f6n\u00e4 l\u00e4mp\u00f6tila luolassa oli nollan tiet\u00e4miss\u00e4 ja esimerkiksi lehtorien luola ei toiminut yht\u00e4 hyvin. L\u00e4mpimyyden takeena oli se, ett\u00e4 olimme j\u00e4tt\u00e4neet kulkuaukon yl\u00e4reunan tarpeeksi alas. Nukkumatila oli parikymment\u00e4 sentti\u00e4 ylemp\u00e4n\u00e4 kuin kulkuaukon yl\u00e4reuna, joka sai aikaan ilmalukon, joka tehokkaasti esti l\u00e4mmint\u00e4 ilmaa poistumasta luolasta. Lumi toimi my\u00f6s hyv\u00e4n\u00e4 \u00e4\u00e4nieristeen\u00e4, ulkoa ei juuri mit\u00e4\u00e4n \u00e4\u00e4ni\u00e4 sis\u00e4\u00e4n kuulunut.<\/p>\n<div id=\"attachment_1307\" style=\"width: 460px\" class=\"wp-caption aligncenter\"><a href=\"https:\/\/blogi.ennola.fi\/wp-content\/uploads\/2013\/05\/IMG_9272.jpg\" rel=\"lightbox[1170]\"><img loading=\"lazy\" decoding=\"async\" aria-describedby=\"caption-attachment-1307\" class=\"wp-image-1307 size-full\" title=\"Valmis lumiluolamme sis\u00e4lt\u00e4.\" src=\"https:\/\/blogi.ennola.fi\/wp-content\/uploads\/2013\/05\/IMG_9272-1.jpg\" alt=\"\" width=\"450\" height=\"331\" srcset=\"https:\/\/blogi.ennola.fi\/wp-content\/uploads\/2013\/05\/IMG_9272-1.jpg 450w, https:\/\/blogi.ennola.fi\/wp-content\/uploads\/2013\/05\/IMG_9272-1-150x110.jpg 150w\" sizes=\"(max-width: 450px) 100vw, 450px\" \/><\/a><p id=\"caption-attachment-1307\" class=\"wp-caption-text\">Valmis lumiluolamme sis\u00e4lt\u00e4.<\/p><\/div>\n<p>Seuraavana p\u00e4iv\u00e4n\u00e4 toimimmekin leirin l\u00e4heisyydess\u00e4. Aamup\u00e4iv\u00e4ll\u00e4 oli vuorossa Eevan lumiturvallisuusluento. Itselleni t\u00e4rkeimm\u00e4ksi asiaksi t\u00e4st\u00e4 luennosta j\u00e4i lumiturvallisuusasioiden huomioiminen ja ajattelu. Ehk\u00e4 t\u00e4rkeimp\u00e4n\u00e4 ennakoivana tekij\u00e4n\u00e4 itsell\u00e4ni olisi maiseman lukeminen ja potentiaalisten vy\u00f6ryvien rinteiden v\u00e4ltt\u00e4minen sek\u00e4 lumilippojen kiert\u00e4minen kunnioittavalta et\u00e4isyydelt\u00e4. Yli 25 % rinteiden v\u00e4ltt\u00e4minen on luontevaa jo senkin puolesta, ett\u00e4 laskettelutaidot eiv\u00e4t ole kovin kummoiset.<\/p>\n<div id=\"attachment_1279\" style=\"width: 490px\" class=\"wp-caption aligncenter\"><a href=\"https:\/\/blogi.ennola.fi\/wp-content\/uploads\/2013\/05\/Kilpisj_Panorama2.jpg\" rel=\"lightbox[1170]\"><img loading=\"lazy\" decoding=\"async\" aria-describedby=\"caption-attachment-1279\" class=\"wp-image-1279 size-full\" title=\"Lumiluolien rivist\u00f6.\" src=\"https:\/\/blogi.ennola.fi\/wp-content\/uploads\/2013\/05\/Kilpisj_Panorama2-1.jpg\" alt=\"\" width=\"480\" height=\"159\" srcset=\"https:\/\/blogi.ennola.fi\/wp-content\/uploads\/2013\/05\/Kilpisj_Panorama2-1.jpg 480w, https:\/\/blogi.ennola.fi\/wp-content\/uploads\/2013\/05\/Kilpisj_Panorama2-1-150x50.jpg 150w\" sizes=\"(max-width: 480px) 100vw, 480px\" \/><\/a><p id=\"caption-attachment-1279\" class=\"wp-caption-text\">Lumiluolien rivist\u00f6.<\/p><\/div>\n<p>Iltap\u00e4iv\u00e4ll\u00e4 oli ohjelmassa yhteiskeitti\u00f6n rakentaminen Maijan johdolla. Keitti\u00f6n rakentamiseen saivat halukkaat osallistua, kuitenkin mielell\u00e4\u00e4n v\u00e4hint\u00e4\u00e4n yksi joka telttaryhm\u00e4st\u00e4. Muut saattoivat l\u00e4hte\u00e4 hiihtelem\u00e4\u00e4n l\u00e4hiymp\u00e4rist\u00f6ss\u00e4 pieniss\u00e4 tyhmiss\u00e4. Hiihtelykin olisi saattanut olla kivaa, mutta lumirakentaminen vastasi paremmin oppimistavoitteitani, joten j\u00e4in leiriin rakentamaan keitti\u00f6t\u00e4.<\/p>\n<div id=\"attachment_1283\" style=\"width: 310px\" class=\"wp-caption aligncenter\"><a href=\"https:\/\/blogi.ennola.fi\/wp-content\/uploads\/2013\/05\/IMG_9146.jpg\" rel=\"lightbox[1170]\"><img loading=\"lazy\" decoding=\"async\" aria-describedby=\"caption-attachment-1283\" class=\"wp-image-1283 size-full\" title=\"Lumen kaivuuta.\" src=\"https:\/\/blogi.ennola.fi\/wp-content\/uploads\/2013\/05\/IMG_9146-1.jpg\" alt=\"\" width=\"300\" height=\"400\" srcset=\"https:\/\/blogi.ennola.fi\/wp-content\/uploads\/2013\/05\/IMG_9146-1.jpg 300w, https:\/\/blogi.ennola.fi\/wp-content\/uploads\/2013\/05\/IMG_9146-1-113x150.jpg 113w\" sizes=\"(max-width: 300px) 100vw, 300px\" \/><\/a><p id=\"caption-attachment-1283\" class=\"wp-caption-text\">Lumen kaivuuta.<\/p><\/div>\n<p>Ensimm\u00e4isess\u00e4 vaiheessa kaivoimme keitti\u00f6t\u00e4 varten noin kymmenen metri\u00e4 halkaisijalta olevan ympyr\u00e4n (tai syd\u00e4men) muotoisen vallihaudan, jonka leveys oli suurin piirtein sen kokoinen, ett\u00e4 siin\u00e4 kaksi ihmist\u00e4 p\u00e4\u00e4see kulkemaan sivuttain. Vallihaudan keskelle j\u00e4\u00e4v\u00e4 alue tampattiin kovaksi, kuten my\u00f6s noin metrin levyinen alue haudan ulkopuolella. T\u00e4m\u00e4n j\u00e4lkeen alue j\u00e4tettiin kovettumaan pariksi tunniksi, min\u00e4 aikana k\u00e4vin Maijan opastuksella harjoittelemassa mets\u00e4suksilla telemark-hiihtoa.<\/p>\n<div id=\"attachment_1284\" style=\"width: 460px\" class=\"wp-caption aligncenter\"><a href=\"https:\/\/blogi.ennola.fi\/wp-content\/uploads\/2013\/05\/IMG_9149.jpg\" rel=\"lightbox[1170]\"><img loading=\"lazy\" decoding=\"async\" aria-describedby=\"caption-attachment-1284\" class=\"wp-image-1284 size-full\" title=\"Keitti\u00f6n keskelle tampataan tasannetta.\" src=\"https:\/\/blogi.ennola.fi\/wp-content\/uploads\/2013\/05\/IMG_9149-1.jpg\" alt=\"\" width=\"450\" height=\"318\" srcset=\"https:\/\/blogi.ennola.fi\/wp-content\/uploads\/2013\/05\/IMG_9149-1.jpg 450w, https:\/\/blogi.ennola.fi\/wp-content\/uploads\/2013\/05\/IMG_9149-1-150x106.jpg 150w\" sizes=\"(max-width: 450px) 100vw, 450px\" \/><\/a><p id=\"caption-attachment-1284\" class=\"wp-caption-text\">Keitti\u00f6n keskelle tampataan tasannetta.<\/p><\/div>\n<p>Lumen kovetuttua nostimme ulkokeh\u00e4n ymp\u00e4rille lumiblokkeja tuulen suojaksi. Kaivoimme sis\u00e4keh\u00e4lle kolot keittimi\u00e4 varten ja ulkokeh\u00e4lle kaivoimme kolot istumista varten. Keitti\u00f6n valmistuttua aloimme p\u00e4iv\u00e4llisen valmistamisen siin\u00e4. Samalla oli mahdollisuus kierrell\u00e4 katsomassa muiden menyyt\u00e4 ja keittimi\u00e4. Yhteiskeitti\u00f6 tarjosi kivan sosiaalisen ruokahetken ja v\u00e4ki viihtyi siin\u00e4 useamman tunnin huolimatta melko kovasta pakkasesta.<\/p>\n<p><a href=\"https:\/\/blogi.ennola.fi\/wp-content\/uploads\/2013\/05\/IMG_9189.jpg\" rel=\"lightbox[1170]\"><img loading=\"lazy\" decoding=\"async\" class=\"aligncenter wp-image-1282 size-full\" src=\"https:\/\/blogi.ennola.fi\/wp-content\/uploads\/2013\/05\/IMG_9189-1.jpg\" alt=\"\" width=\"300\" height=\"400\" srcset=\"https:\/\/blogi.ennola.fi\/wp-content\/uploads\/2013\/05\/IMG_9189-1.jpg 300w, https:\/\/blogi.ennola.fi\/wp-content\/uploads\/2013\/05\/IMG_9189-1-113x150.jpg 113w\" sizes=\"(max-width: 300px) 100vw, 300px\" \/><\/a><\/p>\n<div id=\"attachment_1289\" style=\"width: 460px\" class=\"wp-caption aligncenter\"><a href=\"https:\/\/blogi.ennola.fi\/wp-content\/uploads\/2013\/05\/IMG_9193.jpg\" rel=\"lightbox[1170]\"><img loading=\"lazy\" decoding=\"async\" aria-describedby=\"caption-attachment-1289\" class=\"wp-image-1289 size-full\" title=\"Henryn luksuskeitti\u00f6, mallia raskas.\" src=\"https:\/\/blogi.ennola.fi\/wp-content\/uploads\/2013\/05\/IMG_9193-1.jpg\" alt=\"\" width=\"450\" height=\"322\" srcset=\"https:\/\/blogi.ennola.fi\/wp-content\/uploads\/2013\/05\/IMG_9193-1.jpg 450w, https:\/\/blogi.ennola.fi\/wp-content\/uploads\/2013\/05\/IMG_9193-1-150x107.jpg 150w\" sizes=\"(max-width: 450px) 100vw, 450px\" \/><\/a><p id=\"caption-attachment-1289\" class=\"wp-caption-text\">Henryn luksuskeitti\u00f6, mallia raskas.<\/p><\/div>\n<p>Seuraavana p\u00e4iv\u00e4n\u00e4 jakaannuimme nelj\u00e4\u00e4n ryhm\u00e4\u00e4n. Yksi ryhm\u00e4 l\u00e4hti laskettelemaan Sallor\u00e1\u0161\u0161an rinteille. Toinen ryhm\u00e4 l\u00e4hti kiipe\u00e4m\u00e4\u00e4n Gahpoaivin huipulle. Kolmas ryhm\u00e4 l\u00e4hti harjoittelemaan mets\u00e4suksitelemarkkia ja lumiturvallisuutta Valjitin rinteille. Min\u00e4 l\u00e4hdin vet\u00e4m\u00e4\u00e4n nelj\u00e4nnelle ryhm\u00e4lle luonnontuntemuspainotteista helppoa vaellusta Valjihatin ymp\u00e4ri.<\/p>\n<div id=\"attachment_1280\" style=\"width: 315px\" class=\"wp-caption aligncenter\"><a href=\"https:\/\/blogi.ennola.fi\/wp-content\/uploads\/2013\/05\/IMG_9198.jpg\" rel=\"lightbox[1170]\"><img loading=\"lazy\" decoding=\"async\" aria-describedby=\"caption-attachment-1280\" class=\"wp-image-1280 size-full\" title=\"Riekon kieppi.\" src=\"https:\/\/blogi.ennola.fi\/wp-content\/uploads\/2013\/05\/IMG_9198-1.jpg\" alt=\"\" width=\"305\" height=\"400\" srcset=\"https:\/\/blogi.ennola.fi\/wp-content\/uploads\/2013\/05\/IMG_9198-1.jpg 305w, https:\/\/blogi.ennola.fi\/wp-content\/uploads\/2013\/05\/IMG_9198-1-114x150.jpg 114w\" sizes=\"(max-width: 305px) 100vw, 305px\" \/><\/a><p id=\"caption-attachment-1280\" class=\"wp-caption-text\">Riekon kieppi.<\/p><\/div>\n<p><a href=\"https:\/\/blogi.ennola.fi\/wp-content\/uploads\/2013\/05\/IMG_9225.jpg\" rel=\"lightbox[1170]\"><img loading=\"lazy\" decoding=\"async\" class=\"aligncenter wp-image-1281 size-full\" src=\"https:\/\/blogi.ennola.fi\/wp-content\/uploads\/2013\/05\/IMG_9225-1.jpg\" alt=\"\" width=\"450\" height=\"337\" srcset=\"https:\/\/blogi.ennola.fi\/wp-content\/uploads\/2013\/05\/IMG_9225-1.jpg 450w, https:\/\/blogi.ennola.fi\/wp-content\/uploads\/2013\/05\/IMG_9225-1-150x112.jpg 150w\" sizes=\"(max-width: 450px) 100vw, 450px\" \/><\/a><\/p>\n<p>Illaksi tuli juuri sopiva t\u00e4htikirkas ja kylm\u00e4 s\u00e4\u00e4, joten siirryimme koko porukalla Lumiluolaleirin takana olevalle tasanteelle tiiraamaan t\u00e4hti\u00e4. Kukin esitteli vuorollaan yhden t\u00e4htikuvion ja sanoi muutaman sanan siit\u00e4. T\u00e4htien katselun j\u00e4lkeen pidimme lyhyen l\u00e4mmittelyleikin.<\/p>\n<p>L\u00e4mmittelyleikin j\u00e4lkeen l\u00e4hdimme halukkaiden kanssa kuutamohiihdolle. Varmaan kylm\u00e4 s\u00e4\u00e4 ja p\u00e4iv\u00e4n rasitukset verottivat osallistujia jonkun verran, mutta lopulta ryhm\u00e4ksi muodostui varsin sopiva vajaat kymmenen henke\u00e4.<\/p>\n<p>Monilla oli melko paljon vaatetta p\u00e4\u00e4ll\u00e4, joten vauhti oli melko rauhallinen. Kierroksen aikana tarkoitus oli kulkea hiljaa nauttien \u00f6isen, pime\u00e4n luonnon kauneudesta ilman normaalia pulinaa. Kierroksen lopuksi luonto tarjoilikin upean revontulin\u00e4ytelm\u00e4n katsottavaksemme, miss\u00e4 yhten\u00e4inen revontulien vy\u00f6 kulki Mallan luonnonpuistosta Barrakselle. Uskoisin hiihtoretken olleen onnistunut el\u00e4mys kaikille siihen osallistuneille.<\/p>\n<p>Kaksi viimeist\u00e4 vaellusp\u00e4iv\u00e4\u00e4 olivat varatut itsen\u00e4isille vaelluksille lumiluolaleirist\u00e4 Kuohkimaj\u00e4rven k\u00e4mp\u00e4lle. Kaksi porukkaa suuntasi lumiluolaleirist\u00e4 Goldahyttanille. Oppimistavoitteitteni mukaisesti en halunnut y\u00f6py\u00e4 k\u00e4mp\u00e4ss\u00e4 yht\u00e4\u00e4n ylim\u00e4\u00e4r\u00e4ist\u00e4 y\u00f6t\u00e4, joten torstain ja perjantain ajaksi liityin Maijan ja Miran telttaryhm\u00e4\u00e4n, joka suuntasi toisen telttaryhm\u00e4n kanssa matkansa Sallor\u00e1\u0161\u0161an rinteess\u00e4 olevalle tasanteelle y\u00f6pym\u00e4\u00e4n. Itse\u00e4ni kiinnosti my\u00f6s y\u00f6pyminen korkeammalla, miten se vaikuttaa y\u00f6n l\u00e4mp\u00f6tiloihin ja tuulisuuteen.<\/p>\n<div id=\"attachment_1310\" style=\"width: 460px\" class=\"wp-caption aligncenter\"><a href=\"https:\/\/blogi.ennola.fi\/wp-content\/uploads\/2013\/05\/IMG_9300.jpg\" rel=\"lightbox[1170]\"><img loading=\"lazy\" decoding=\"async\" aria-describedby=\"caption-attachment-1310\" class=\"wp-image-1310 size-full\" title=\"Henni ja Tuija nousevat tunturiin, taustalla Markos-Malla.\" src=\"https:\/\/blogi.ennola.fi\/wp-content\/uploads\/2013\/05\/IMG_9300-1.jpg\" alt=\"\" width=\"450\" height=\"338\" srcset=\"https:\/\/blogi.ennola.fi\/wp-content\/uploads\/2013\/05\/IMG_9300-1.jpg 450w, https:\/\/blogi.ennola.fi\/wp-content\/uploads\/2013\/05\/IMG_9300-1-150x113.jpg 150w\" sizes=\"(max-width: 450px) 100vw, 450px\" \/><\/a><p id=\"caption-attachment-1310\" class=\"wp-caption-text\">Henni ja Tuija nousevat tunturiin, taustalla Markos-Malla.<\/p><\/div>\n<div id=\"attachment_1298\" style=\"width: 460px\" class=\"wp-caption aligncenter\"><a href=\"https:\/\/blogi.ennola.fi\/wp-content\/uploads\/2013\/05\/IMG_9303.jpg\" rel=\"lightbox[1170]\"><img loading=\"lazy\" decoding=\"async\" aria-describedby=\"caption-attachment-1298\" class=\"wp-image-1298 size-full\" title=\"Mira samassa paikassa.\" src=\"https:\/\/blogi.ennola.fi\/wp-content\/uploads\/2013\/05\/IMG_9303-1.jpg\" alt=\"\" width=\"450\" height=\"338\" srcset=\"https:\/\/blogi.ennola.fi\/wp-content\/uploads\/2013\/05\/IMG_9303-1.jpg 450w, https:\/\/blogi.ennola.fi\/wp-content\/uploads\/2013\/05\/IMG_9303-1-150x113.jpg 150w\" sizes=\"(max-width: 450px) 100vw, 450px\" \/><\/a><p id=\"caption-attachment-1298\" class=\"wp-caption-text\">Mira samassa paikassa.<\/p><\/div>\n<div id=\"attachment_1299\" style=\"width: 460px\" class=\"wp-caption aligncenter\"><a href=\"https:\/\/blogi.ennola.fi\/wp-content\/uploads\/2013\/05\/IMG_9306.jpg\" rel=\"lightbox[1170]\"><img loading=\"lazy\" decoding=\"async\" aria-describedby=\"caption-attachment-1299\" class=\"wp-image-1299 size-full\" title=\"Salla raskas reppu sel\u00e4ss\u00e4\u00e4n.\" src=\"https:\/\/blogi.ennola.fi\/wp-content\/uploads\/2013\/05\/IMG_9306-1.jpg\" alt=\"\" width=\"450\" height=\"335\" srcset=\"https:\/\/blogi.ennola.fi\/wp-content\/uploads\/2013\/05\/IMG_9306-1.jpg 450w, https:\/\/blogi.ennola.fi\/wp-content\/uploads\/2013\/05\/IMG_9306-1-150x112.jpg 150w\" sizes=\"(max-width: 450px) 100vw, 450px\" \/><\/a><p id=\"caption-attachment-1299\" class=\"wp-caption-text\">Salla raskas reppu sel\u00e4ss\u00e4\u00e4n.<\/p><\/div>\n<p>Matka yl\u00f6s oli melko suoraviivainen. Tiheimm\u00e4n tunturikoivikon ja pienipiirteisesti kumpuilevan maaston pyrimme kiert\u00e4m\u00e4\u00e4n hieman l\u00e4nnest\u00e4 ohi, miss\u00e4 oli melko laaja puuton ja tasaisesti viett\u00e4v\u00e4 rinne. Jyrkimm\u00e4n rinteen jouduimme nousemaan siksakkia rinnett\u00e4 yl\u00f6s, miss\u00e4 etenkin Sallalla oli vaikeuksia suksien pidon kanssa. P\u00e4\u00e4sty\u00e4mme yl\u00e4tasanteelle aloimme etsi\u00e4 sopivaa leiripaikkaa, jonka l\u00f6ysimme pienest\u00e4 painanteesta. Ihan suunnitelman mukaiselle j\u00e4rven rannalle emme menneet, koska tasanne vaikutti melko tasaisen sopivalta leiriytymiseen.<\/p>\n<p><a href=\"https:\/\/blogi.ennola.fi\/wp-content\/uploads\/2013\/05\/IMG_9320.jpg\" rel=\"lightbox[1170]\"><img loading=\"lazy\" decoding=\"async\" class=\"aligncenter wp-image-1296 size-full\" src=\"https:\/\/blogi.ennola.fi\/wp-content\/uploads\/2013\/05\/IMG_9320-1.jpg\" alt=\"\" width=\"450\" height=\"296\" srcset=\"https:\/\/blogi.ennola.fi\/wp-content\/uploads\/2013\/05\/IMG_9320-1.jpg 450w, https:\/\/blogi.ennola.fi\/wp-content\/uploads\/2013\/05\/IMG_9320-1-150x99.jpg 150w\" sizes=\"(max-width: 450px) 100vw, 450px\" \/><\/a><\/p>\n<p><a href=\"https:\/\/blogi.ennola.fi\/wp-content\/uploads\/2013\/05\/IMG_9324.jpg\" rel=\"lightbox[1170]\"><img loading=\"lazy\" decoding=\"async\" class=\"aligncenter wp-image-1297 size-full\" src=\"https:\/\/blogi.ennola.fi\/wp-content\/uploads\/2013\/05\/IMG_9324-1.jpg\" alt=\"\" width=\"450\" height=\"327\" srcset=\"https:\/\/blogi.ennola.fi\/wp-content\/uploads\/2013\/05\/IMG_9324-1.jpg 450w, https:\/\/blogi.ennola.fi\/wp-content\/uploads\/2013\/05\/IMG_9324-1-150x109.jpg 150w\" sizes=\"(max-width: 450px) 100vw, 450px\" \/><\/a><\/p>\n<p>Kello ei ollut viel\u00e4 valtavan paljon, joten meille j\u00e4i hyv\u00e4 aika valmistella erinomainen leiripaikka muureineen ja ulkokeitti\u00f6ineen. Min\u00e4 ehdin jopa kaivaa kulkuv\u00e4yl\u00e4n teltan ja keitti\u00f6n v\u00e4liin. Oppimisen kannalta oli hyv\u00e4 p\u00e4\u00e4st\u00e4 viel\u00e4 kerran tekem\u00e4\u00e4n talvinen telttaleiri niin hyvin kuin osasi, koska ensimm\u00e4isen\u00e4 iltana pime\u00e4ss\u00e4 lierin valmistelu oli j\u00e4\u00e4nyt ehk\u00e4 hieman pikaiseksi. Illalla tuulen noustessa my\u00f6s muurin merkitys k\u00e4vi selv\u00e4ksi: sen suojassa oli hyv\u00e4 keitell\u00e4 ruokaa, mutta kun illalla k\u00e4vin hieman kauempana kuvailemassa, k\u00e4det j\u00e4\u00e4tyiv\u00e4t aivan v\u00e4litt\u00f6m\u00e4sti.<\/p>\n<div id=\"attachment_1290\" style=\"width: 460px\" class=\"wp-caption aligncenter\"><a href=\"https:\/\/blogi.ennola.fi\/wp-content\/uploads\/2013\/05\/IMG_9339.jpg\" rel=\"lightbox[1170]\"><img loading=\"lazy\" decoding=\"async\" aria-describedby=\"caption-attachment-1290\" class=\"wp-image-1290 size-full\" title=\"Keitti\u00f6n kaivuuta tunturiin.\" src=\"https:\/\/blogi.ennola.fi\/wp-content\/uploads\/2013\/05\/IMG_9339-1.jpg\" alt=\"\" width=\"450\" height=\"338\" srcset=\"https:\/\/blogi.ennola.fi\/wp-content\/uploads\/2013\/05\/IMG_9339-1.jpg 450w, https:\/\/blogi.ennola.fi\/wp-content\/uploads\/2013\/05\/IMG_9339-1-150x113.jpg 150w\" sizes=\"(max-width: 450px) 100vw, 450px\" \/><\/a><p id=\"caption-attachment-1290\" class=\"wp-caption-text\">Keitti\u00f6n kaivuuta tunturiin.<\/p><\/div>\n<div id=\"attachment_1295\" style=\"width: 460px\" class=\"wp-caption aligncenter\"><a href=\"https:\/\/blogi.ennola.fi\/wp-content\/uploads\/2013\/05\/IMG_9338.jpg\" rel=\"lightbox[1170]\"><img loading=\"lazy\" decoding=\"async\" aria-describedby=\"caption-attachment-1295\" class=\"wp-image-1295 size-full\" title=\"Muurin rakennusta tuulensuojaksi.\" src=\"https:\/\/blogi.ennola.fi\/wp-content\/uploads\/2013\/05\/IMG_9338-1.jpg\" alt=\"\" width=\"450\" height=\"330\" srcset=\"https:\/\/blogi.ennola.fi\/wp-content\/uploads\/2013\/05\/IMG_9338-1.jpg 450w, https:\/\/blogi.ennola.fi\/wp-content\/uploads\/2013\/05\/IMG_9338-1-150x110.jpg 150w\" sizes=\"(max-width: 450px) 100vw, 450px\" \/><\/a><p id=\"caption-attachment-1295\" class=\"wp-caption-text\">Muurin rakennusta tuulensuojaksi.<\/p><\/div>\n<div id=\"attachment_1292\" style=\"width: 310px\" class=\"wp-caption aligncenter\"><a href=\"https:\/\/blogi.ennola.fi\/wp-content\/uploads\/2013\/05\/IMG_9336.jpg\" rel=\"lightbox[1170]\"><img loading=\"lazy\" decoding=\"async\" aria-describedby=\"caption-attachment-1292\" class=\"wp-image-1292 size-full\" title=\"Eteinen kaivettiin seisomakorkeuteen.\" src=\"https:\/\/blogi.ennola.fi\/wp-content\/uploads\/2013\/05\/IMG_9336-1.jpg\" alt=\"\" width=\"300\" height=\"400\" srcset=\"https:\/\/blogi.ennola.fi\/wp-content\/uploads\/2013\/05\/IMG_9336-1.jpg 300w, https:\/\/blogi.ennola.fi\/wp-content\/uploads\/2013\/05\/IMG_9336-1-113x150.jpg 113w\" sizes=\"(max-width: 300px) 100vw, 300px\" \/><\/a><p id=\"caption-attachment-1292\" class=\"wp-caption-text\">Eteinen kaivettiin seisomakorkeuteen.<\/p><\/div>\n<p><a href=\"https:\/\/blogi.ennola.fi\/wp-content\/uploads\/2013\/05\/IMG_9342.jpg\" rel=\"lightbox[1170]\"><img loading=\"lazy\" decoding=\"async\" class=\"aligncenter wp-image-1291 size-full\" src=\"https:\/\/blogi.ennola.fi\/wp-content\/uploads\/2013\/05\/IMG_9342-1.jpg\" alt=\"\" width=\"450\" height=\"338\" srcset=\"https:\/\/blogi.ennola.fi\/wp-content\/uploads\/2013\/05\/IMG_9342-1.jpg 450w, https:\/\/blogi.ennola.fi\/wp-content\/uploads\/2013\/05\/IMG_9342-1-150x113.jpg 150w\" sizes=\"(max-width: 450px) 100vw, 450px\" \/><\/a><\/p>\n<div id=\"attachment_1306\" style=\"width: 490px\" class=\"wp-caption aligncenter\"><a href=\"https:\/\/blogi.ennola.fi\/wp-content\/uploads\/2013\/05\/Kilpisj_Panorama1.jpg\" rel=\"lightbox[1170]\"><img loading=\"lazy\" decoding=\"async\" aria-describedby=\"caption-attachment-1306\" class=\"wp-image-1306 size-full\" title=\"Leiripaikkamme keskell\u00e4 ei mit\u00e4\u00e4n.\" src=\"https:\/\/blogi.ennola.fi\/wp-content\/uploads\/2013\/05\/Kilpisj_Panorama1-1.jpg\" alt=\"\" width=\"480\" height=\"144\" srcset=\"https:\/\/blogi.ennola.fi\/wp-content\/uploads\/2013\/05\/Kilpisj_Panorama1-1.jpg 480w, https:\/\/blogi.ennola.fi\/wp-content\/uploads\/2013\/05\/Kilpisj_Panorama1-1-150x45.jpg 150w\" sizes=\"(max-width: 480px) 100vw, 480px\" \/><\/a><p id=\"caption-attachment-1306\" class=\"wp-caption-text\">Leiripaikkamme keskell\u00e4 ei mit\u00e4\u00e4n.<\/p><\/div>\n<p><a href=\"https:\/\/blogi.ennola.fi\/wp-content\/uploads\/2013\/05\/IMG_9356.jpg\" rel=\"lightbox[1170]\"><img loading=\"lazy\" decoding=\"async\" class=\"aligncenter wp-image-1305 size-full\" src=\"https:\/\/blogi.ennola.fi\/wp-content\/uploads\/2013\/05\/IMG_9356-1.jpg\" alt=\"\" width=\"450\" height=\"338\" srcset=\"https:\/\/blogi.ennola.fi\/wp-content\/uploads\/2013\/05\/IMG_9356-1.jpg 450w, https:\/\/blogi.ennola.fi\/wp-content\/uploads\/2013\/05\/IMG_9356-1-150x113.jpg 150w\" sizes=\"(max-width: 450px) 100vw, 450px\" \/><\/a><\/p>\n<div id=\"attachment_1308\" style=\"width: 460px\" class=\"wp-caption aligncenter\"><a href=\"https:\/\/blogi.ennola.fi\/wp-content\/uploads\/2013\/05\/IMG_9347.jpg\" rel=\"lightbox[1170]\"><img loading=\"lazy\" decoding=\"async\" aria-describedby=\"caption-attachment-1308\" class=\"wp-image-1308 size-full\" title=\"Aamu valkeni pilvess\u00e4.\" src=\"https:\/\/blogi.ennola.fi\/wp-content\/uploads\/2013\/05\/IMG_9347-1.jpg\" alt=\"\" width=\"450\" height=\"306\" srcset=\"https:\/\/blogi.ennola.fi\/wp-content\/uploads\/2013\/05\/IMG_9347-1.jpg 450w, https:\/\/blogi.ennola.fi\/wp-content\/uploads\/2013\/05\/IMG_9347-1-150x102.jpg 150w\" sizes=\"(max-width: 450px) 100vw, 450px\" \/><\/a><p id=\"caption-attachment-1308\" class=\"wp-caption-text\">Aamu valkeni pilvess\u00e4.<\/p><\/div>\n<div id=\"attachment_1309\" style=\"width: 460px\" class=\"wp-caption aligncenter\"><a href=\"https:\/\/blogi.ennola.fi\/wp-content\/uploads\/2013\/05\/IMG_9349.jpg\" rel=\"lightbox[1170]\"><img loading=\"lazy\" decoding=\"async\" aria-describedby=\"caption-attachment-1309\" class=\"wp-image-1309 size-full\" title=\"Ilman kosteus oli tiivistynyt kaikkien esineiden pinnalle.\" src=\"https:\/\/blogi.ennola.fi\/wp-content\/uploads\/2013\/05\/IMG_9349-1.jpg\" alt=\"\" width=\"450\" height=\"338\" srcset=\"https:\/\/blogi.ennola.fi\/wp-content\/uploads\/2013\/05\/IMG_9349-1.jpg 450w, https:\/\/blogi.ennola.fi\/wp-content\/uploads\/2013\/05\/IMG_9349-1-150x113.jpg 150w\" sizes=\"(max-width: 450px) 100vw, 450px\" \/><\/a><p id=\"caption-attachment-1309\" class=\"wp-caption-text\">Ilman kosteus oli tiivistynyt kaikkien esineiden pinnalle.<\/p><\/div>\n<p><a href=\"https:\/\/blogi.ennola.fi\/wp-content\/uploads\/2013\/05\/IMG_9358.jpg\" rel=\"lightbox[1170]\"><img loading=\"lazy\" decoding=\"async\" class=\"aligncenter wp-image-1304 size-full\" src=\"https:\/\/blogi.ennola.fi\/wp-content\/uploads\/2013\/05\/IMG_9358-1.jpg\" alt=\"\" width=\"450\" height=\"320\" srcset=\"https:\/\/blogi.ennola.fi\/wp-content\/uploads\/2013\/05\/IMG_9358-1.jpg 450w, https:\/\/blogi.ennola.fi\/wp-content\/uploads\/2013\/05\/IMG_9358-1-150x107.jpg 150w\" sizes=\"(max-width: 450px) 100vw, 450px\" \/><\/a><\/p>\n<p>Perjantain laskeutuminen alas pyrittiin tekem\u00e4\u00e4n mahdollisimman turvallisesti loivinta rinnett\u00e4 alas. Nyt p\u00e4\u00e4sin harjoittamaan Maijan neuvomia telemark-taitoja. Rinteen alla osuimme melko vaikeakulkuiseen ja pienipiirteiseen tunturikoivikkoon, josta suuntasimme samanaikaisesti loivasti alas ja kohti m\u00e4\u00e4r\u00e4np\u00e4\u00e4t\u00e4. Melko pian osuimme pienelle soiden ketjulle, joka veikin meid\u00e4t helposti Goldahyttanin ohi Kolmen valtakunnan rajapyykille ja siit\u00e4 perille. Laskeutuminen rinnett\u00e4 alas sujui huomattavasti ennakoitua nopeammin, joten olimme ensimm\u00e4inen ryhm\u00e4 Kuohkimaj\u00e4rven k\u00e4mp\u00e4ll\u00e4.<\/p>\n<p><a href=\"https:\/\/blogi.ennola.fi\/wp-content\/uploads\/2013\/05\/IMG_9371.jpg\" rel=\"lightbox[1170]\"><img loading=\"lazy\" decoding=\"async\" class=\"aligncenter wp-image-1303 size-full\" src=\"https:\/\/blogi.ennola.fi\/wp-content\/uploads\/2013\/05\/IMG_9371-1.jpg\" alt=\"\" width=\"450\" height=\"338\" srcset=\"https:\/\/blogi.ennola.fi\/wp-content\/uploads\/2013\/05\/IMG_9371-1.jpg 450w, https:\/\/blogi.ennola.fi\/wp-content\/uploads\/2013\/05\/IMG_9371-1-150x113.jpg 150w\" sizes=\"(max-width: 450px) 100vw, 450px\" \/><\/a><\/p>\n<p><a href=\"https:\/\/blogi.ennola.fi\/wp-content\/uploads\/2013\/05\/IMG_9373.jpg\" rel=\"lightbox[1170]\"><img loading=\"lazy\" decoding=\"async\" class=\"aligncenter wp-image-1293 size-full\" src=\"https:\/\/blogi.ennola.fi\/wp-content\/uploads\/2013\/05\/IMG_9373-1.jpg\" alt=\"\" width=\"450\" height=\"296\" srcset=\"https:\/\/blogi.ennola.fi\/wp-content\/uploads\/2013\/05\/IMG_9373-1.jpg 450w, https:\/\/blogi.ennola.fi\/wp-content\/uploads\/2013\/05\/IMG_9373-1-150x99.jpg 150w\" sizes=\"(max-width: 450px) 100vw, 450px\" \/><\/a><\/p>\n<p>Viimeisen\u00e4 p\u00e4iv\u00e4n\u00e4 Kuohkimaj\u00e4rven k\u00e4mp\u00e4n pihalla j\u00e4rjestettiin leiriolympialaiset. Kaikki olympialaislajit liittyiv\u00e4t kehystarinan v\u00e4lityksell\u00e4 talviretkeilytaitoihin. Ensimm\u00e4isess\u00e4 vaiheessa oli seitsem\u00e4n lajin alkukilpailut, jonka j\u00e4lkeen oli kaikilla yht\u00e4aikainen finaali. Suurin osa teht\u00e4vist\u00e4 oli itsen\u00e4isesti suoritettavia, mutta muutama edellytti ajan mittaamista, jota Mira ja Teemu valvoivat. Muista lajeista osallistujat vain ilmoittivat tuloksensa pisteenlaskijoille.<\/p>\n<p>Viimeisen aamun vaellus toteutettiin Kuohkimaj\u00e4rven k\u00e4mp\u00e4lt\u00e4 Kilpisj\u00e4rven retkeilykeskukselle samaa reitti\u00e4 kuin olimme alueelle tulleetkin. Hiihto toteutettiin Solo-vaelluksena. Tarkoitus on hiljenty\u00e4 ja keskitty\u00e4 vain omaan itseens\u00e4 ja omiin tuntemuksiin. Soolo hiihdon aikana tarkoitus oli pohtia p\u00e4\u00e4ttyv\u00e4\u00e4 talvivaellusta ja omaa suhdettaan luontoon sek\u00e4 talvella liikkumiseen. Aikaa hiihtoon oli enemm\u00e4n kuin tarpeeksi. Silti matkasta tuli kuin tulikin kilpahiihto.<\/p>\n<p><a href=\"https:\/\/blogi.ennola.fi\/wp-content\/uploads\/2013\/05\/IMG_9401.jpg\" rel=\"lightbox[1170]\"><img loading=\"lazy\" decoding=\"async\" class=\"aligncenter wp-image-1302 size-full\" src=\"https:\/\/blogi.ennola.fi\/wp-content\/uploads\/2013\/05\/IMG_9401-1.jpg\" alt=\"\" width=\"450\" height=\"337\" srcset=\"https:\/\/blogi.ennola.fi\/wp-content\/uploads\/2013\/05\/IMG_9401-1.jpg 450w, https:\/\/blogi.ennola.fi\/wp-content\/uploads\/2013\/05\/IMG_9401-1-150x112.jpg 150w\" sizes=\"(max-width: 450px) 100vw, 450px\" \/><\/a><\/p>\n<p>Omalta osaltani retki t\u00e4ytti tavoitteeni. Talvivaelluksella varusteet tuli testattua. Seuraavaa reissua varten tulee kiinnitt\u00e4\u00e4 huomiota jalkineisiin. Nyt huopakumisaappaat kostuivat p\u00e4iv\u00e4n aikana sen verta, ett\u00e4 iltaisin ne olivat kylm\u00e4t, vaikka vaihdoin niihin uudet huovat sis\u00e4\u00e4n. My\u00f6s pohjalliset olisivat saaneet olla paksummat. My\u00f6s teltan toimintaan en ollut ihan tyytyv\u00e4inen. Sis\u00e4teltan sis\u00e4lle pakkasi kertym\u00e4\u00e4n turhan paljon kosteutta, mist\u00e4 syyst\u00e4 viimeisen\u00e4 telttay\u00f6n\u00e4 meill\u00e4 oli ovi loppuy\u00f6st\u00e4 auki. Mit\u00e4 j\u00e4rke\u00e4 on sis\u00e4teltassa, jos joutuu nukkumaan ovi auki?<\/p>\n<p>Paljon opin my\u00f6s uusia talvitaitoja, joita voin hy\u00f6dynt\u00e4\u00e4 tulevilla retkill\u00e4.<\/p>\n","protected":false},"excerpt":{"rendered":"<p>Teimme osana seikkailukasvatuksen erikoistumisopintoja 17.-23.3.2013 talvivaelluksen Kilpisj\u00e4rvelle kolmen valtakunnan alueelle. Vaelluksen tarkoituksena oli harjoitella talvivaellustaitoja sek\u00e4 ohjaustaitoja. Vaelluksella y\u00f6vyimme teltassa, lumiluolassa ja autiotuvissa. Maastossa liikuimme hiiht\u00e4en vet\u00e4en per\u00e4ss\u00e4mme&#8230;<\/p>\n","protected":false},"author":1,"featured_media":1315,"comment_status":"open","ping_status":"open","sticky":false,"template":"","format":"standard","meta":{"footnotes":""},"categories":[23,3,5],"tags":[],"_links":{"self":[{"href":"https:\/\/blogi.ennola.fi\/index.php?rest_route=\/wp\/v2\/posts\/1170"}],"collection":[{"href":"https:\/\/blogi.ennola.fi\/index.php?rest_route=\/wp\/v2\/posts"}],"about":[{"href":"https:\/\/blogi.ennola.fi\/index.php?rest_route=\/wp\/v2\/types\/post"}],"author":[{"embeddable":true,"href":"https:\/\/blogi.ennola.fi\/index.php?rest_route=\/wp\/v2\/users\/1"}],"replies":[{"embeddable":true,"href":"https:\/\/blogi.ennola.fi\/index.php?rest_route=%2Fwp%2Fv2%2Fcomments&post=1170"}],"version-history":[{"count":6,"href":"https:\/\/blogi.ennola.fi\/index.php?rest_route=\/wp\/v2\/posts\/1170\/revisions"}],"predecessor-version":[{"id":5070,"href":"https:\/\/blogi.ennola.fi\/index.php?rest_route=\/wp\/v2\/posts\/1170\/revisions\/5070"}],"wp:featuredmedia":[{"embeddable":true,"href":"https:\/\/blogi.ennola.fi\/index.php?rest_route=\/wp\/v2\/media\/1315"}],"wp:attachment":[{"href":"https:\/\/blogi.ennola.fi\/index.php?rest_route=%2Fwp%2Fv2%2Fmedia&parent=1170"}],"wp:term":[{"taxonomy":"category","embeddable":true,"href":"https:\/\/blogi.ennola.fi\/index.php?rest_route=%2Fwp%2Fv2%2Fcategories&post=1170"},{"taxonomy":"post_tag","embeddable":true,"href":"https:\/\/blogi.ennola.fi\/index.php?rest_route=%2Fwp%2Fv2%2Ftags&post=1170"}],"curies":[{"name":"wp","href":"https:\/\/api.w.org\/{rel}","templated":true}]}}