{"id":1319,"date":"2012-11-05T08:06:29","date_gmt":"2012-11-05T06:06:29","guid":{"rendered":"https:\/\/blogi.ennola.fi\/?p=1319"},"modified":"2020-06-07T21:47:21","modified_gmt":"2020-06-07T18:47:21","slug":"eramaavaellus-seikkailukasvatukselliseen-tapaan","status":"publish","type":"post","link":"https:\/\/blogi.ennola.fi\/?p=1319","title":{"rendered":"Er\u00e4maavaellus seikkailukasvatukselliseen tapaan"},"content":{"rendered":"<p>Seikkailukasvatuksen erikoistumisopintojen syyskauden kohokohtana oli nelip\u00e4iv\u00e4inen er\u00e4maavaellus Hammastunturin er\u00e4maa-alueella.\u00a0 T\u00e4ll\u00e4 vaelluksella meill\u00e4 oli mukanamme my\u00f6s uusi ohjaaja: Jarkko, kokenut retkeilij\u00e4 ja suunnistaja.<\/p>\n<p><a href=\"https:\/\/blogi.ennola.fi\/wp-content\/uploads\/2012\/11\/IMG_8426.jpg\" rel=\"lightbox[1319]\"><img loading=\"lazy\" decoding=\"async\" class=\"aligncenter wp-image-1608 size-full\" src=\"https:\/\/blogi.ennola.fi\/wp-content\/uploads\/2012\/11\/IMG_8426-1.jpg\" alt=\"\" width=\"450\" height=\"338\" srcset=\"https:\/\/blogi.ennola.fi\/wp-content\/uploads\/2012\/11\/IMG_8426-1.jpg 450w, https:\/\/blogi.ennola.fi\/wp-content\/uploads\/2012\/11\/IMG_8426-1-150x113.jpg 150w\" sizes=\"(max-width: 450px) 100vw, 450px\" \/><\/a><\/p>\n<p>Vaellukselle l\u00e4hdimme Mets\u00e4hallituksen palvelupisteen pihasta. Jakaannuimme kahteen ryhm\u00e4\u00e4n, joista toista l\u00e4hti vet\u00e4m\u00e4\u00e4n Kaitsu ja toista Jarkko, mihin min\u00e4kin l\u00e4hdin mukaan. Alkuun matka taittui tienvartta, mutta Laanilan kohdalla siirryimme Iso-Hangassel\u00e4n yli Tolosjoen rantaan. Matkalla Jarkko hieman testaili meid\u00e4n suunnistus- ja kartanlukutaitoja, mutta pystyin silti h\u00e4nen h\u00e4m\u00e4ysyrityksist\u00e4\u00e4n huolimatta pit\u00e4m\u00e4\u00e4n itseni kartalla.<\/p>\n<p><a href=\"https:\/\/blogi.ennola.fi\/wp-content\/uploads\/2012\/11\/IMG_8432.jpg\" rel=\"lightbox[1319]\"><img loading=\"lazy\" decoding=\"async\" class=\"aligncenter wp-image-1606 size-full\" src=\"https:\/\/blogi.ennola.fi\/wp-content\/uploads\/2012\/11\/IMG_8432-1.jpg\" alt=\"\" width=\"450\" height=\"322\" srcset=\"https:\/\/blogi.ennola.fi\/wp-content\/uploads\/2012\/11\/IMG_8432-1.jpg 450w, https:\/\/blogi.ennola.fi\/wp-content\/uploads\/2012\/11\/IMG_8432-1-150x107.jpg 150w\" sizes=\"(max-width: 450px) 100vw, 450px\" \/><\/a><\/p>\n<p>Tolosjoen rannassa yhytimme Kaitsun ryhm\u00e4n, joka selv\u00e4stikin meit\u00e4 h\u00e4m\u00e4t\u00e4kseen piileskeli joenvarren metsik\u00f6ss\u00e4. Rannassa Kaitsu esitteli eri tyylej\u00e4 turvalliseen joenylitykseen. Sen j\u00e4lkeen l\u00e4hdimme ylitt\u00e4m\u00e4\u00e4n jokea pieniss\u00e4 muutaman hengen ryhmiss\u00e4. Joki ei t\u00e4st\u00e4 kohdasta ollut kovin syv\u00e4, ja sen olisi kumisaappailla helposti ylitt\u00e4nyt niit\u00e4 riisumatta. Nyt vaelsin vaelluskengill\u00e4, joten jouduin ne riisumaan. Kaitsun vaatimuksesta jokea ei saanut ylitt\u00e4\u00e4 paljain jaloin, vaan jouduin uhraamaan yhdet kuivat sukat, jotka ylityksen j\u00e4lkeen j\u00e4tin repun ulkopuolelle kuivumaan.<\/p>\n<p><a href=\"https:\/\/blogi.ennola.fi\/wp-content\/uploads\/2012\/11\/IMG_8441-1.jpg\" rel=\"lightbox[1319]\"><img loading=\"lazy\" decoding=\"async\" class=\"aligncenter wp-image-1605 size-full\" title=\"Turvallista joen ylityst\u00e4 Tolosjoella\" src=\"https:\/\/blogi.ennola.fi\/wp-content\/uploads\/2012\/11\/IMG_8441-2.jpg\" alt=\"\" width=\"450\" height=\"338\" srcset=\"https:\/\/blogi.ennola.fi\/wp-content\/uploads\/2012\/11\/IMG_8441-2.jpg 450w, https:\/\/blogi.ennola.fi\/wp-content\/uploads\/2012\/11\/IMG_8441-2-150x113.jpg 150w\" sizes=\"(max-width: 450px) 100vw, 450px\" \/><\/a><\/p>\n<div id=\"attachment_1604\" style=\"width: 460px\" class=\"wp-caption aligncenter\"><a href=\"https:\/\/blogi.ennola.fi\/wp-content\/uploads\/2012\/11\/IMG_8445.jpg\" rel=\"lightbox[1319]\"><img loading=\"lazy\" decoding=\"async\" aria-describedby=\"caption-attachment-1604\" class=\"wp-image-1604 size-full\" title=\"Turvallista joen ylityst\u00e4 Tolosjoella\" src=\"https:\/\/blogi.ennola.fi\/wp-content\/uploads\/2012\/11\/IMG_8445-1.jpg\" alt=\"\" width=\"450\" height=\"338\" srcset=\"https:\/\/blogi.ennola.fi\/wp-content\/uploads\/2012\/11\/IMG_8445-1.jpg 450w, https:\/\/blogi.ennola.fi\/wp-content\/uploads\/2012\/11\/IMG_8445-1-150x113.jpg 150w\" sizes=\"(max-width: 450px) 100vw, 450px\" \/><\/a><p id=\"caption-attachment-1604\" class=\"wp-caption-text\">Turvallista joen ylityst\u00e4 Tolosjoella<\/p><\/div>\n<p>Y\u00f6t\u00e4 menimme Kaitsun vakiopaikkaan, Saunaojan sivuhaaran p\u00e4\u00e4ss\u00e4 olevalle pienelle lammelle y\u00f6t\u00e4. Useimmat ryhm\u00e4st\u00e4 y\u00f6pyiv\u00e4t pareittain teltassa, itselleni olin ottanut mukaan riippumattoni. Olihan ajatuksenani ollut l\u00e4hte\u00e4 liikkeelle kevyell\u00e4 repulla (alle 11 kg, mukaan lukien kamera ja jalusta).<\/p>\n<p><a href=\"https:\/\/blogi.ennola.fi\/wp-content\/uploads\/2012\/11\/IMG_8430.jpg\" rel=\"lightbox[1319]\"><img loading=\"lazy\" decoding=\"async\" class=\"aligncenter wp-image-1607 size-full\" src=\"https:\/\/blogi.ennola.fi\/wp-content\/uploads\/2012\/11\/IMG_8430-1.jpg\" alt=\"\" width=\"315\" height=\"420\" srcset=\"https:\/\/blogi.ennola.fi\/wp-content\/uploads\/2012\/11\/IMG_8430-1.jpg 315w, https:\/\/blogi.ennola.fi\/wp-content\/uploads\/2012\/11\/IMG_8430-1-113x150.jpg 113w, https:\/\/blogi.ennola.fi\/wp-content\/uploads\/2012\/11\/IMG_8430-1-300x400.jpg 300w\" sizes=\"(max-width: 315px) 100vw, 315px\" \/><\/a><\/p>\n<p>Illalla Henri piti aivan loistavan opetustuokion puukon teroituksesta. H\u00e4n oli valmistanut jokaiselle oman pienen puukonteroitussetin, joka koostui eri vahvuisista hiekkapapereista ja nimikoidusta aluslevyst\u00e4. Ne oli kevytretkeilyn ideologiaan sopivasti pakattu tulitikkurasiaan, johon oli viel\u00e4 j\u00e4\u00e4nyt tilaa riitt\u00e4v\u00e4sti varatikkuja varten. Puukot teroitettuina menimme nukkumaan.<\/p>\n<p><a href=\"https:\/\/blogi.ennola.fi\/wp-content\/uploads\/2012\/11\/IMG_8478.jpg\" rel=\"lightbox[1319]\"><img loading=\"lazy\" decoding=\"async\" class=\"aligncenter wp-image-1603 size-full\" src=\"https:\/\/blogi.ennola.fi\/wp-content\/uploads\/2012\/11\/IMG_8478-1.jpg\" alt=\"\" width=\"450\" height=\"338\" srcset=\"https:\/\/blogi.ennola.fi\/wp-content\/uploads\/2012\/11\/IMG_8478-1.jpg 450w, https:\/\/blogi.ennola.fi\/wp-content\/uploads\/2012\/11\/IMG_8478-1-150x113.jpg 150w\" sizes=\"(max-width: 450px) 100vw, 450px\" \/><\/a><\/p>\n<p>Aamulla her\u00e4sin pari tuntia ennen muita ja k\u00e4vin hieman k\u00e4velem\u00e4ss\u00e4 l\u00e4hiymp\u00e4rist\u00f6ss\u00e4. Saunaojassa oli aivan upean kirkasvetinen lampi jota k\u00e4vin ihastelemassa. Lammen rannassa oli my\u00f6s j\u00e4\u00e4nteit\u00e4 kullankaivajista. Aamulenkilt\u00e4ni palasin muiden her\u00e4illess\u00e4.<\/p>\n<p>Aamupalan j\u00e4lkeen oli vuorossa oma tietoiskuni kevytretkeilyst\u00e4. Esittelin lyhyesti kevytretkeilyn periaatteita sek\u00e4 oman reppuni sis\u00e4ll\u00f6n. K\u00e4yt\u00e4nn\u00f6n taitona opetin riippumaton ripustamisessa k\u00e4ytetyn solmun, jonka t\u00e4rkein ominaisuus on sen helppo avattavuus k\u00e4yt\u00f6n j\u00e4lkeen. Loppukaneettina voi todeta olleen, ett\u00e4 p\u00e4\u00e4sy minun n. 6 kilon perusvarustukseen (repun paino ilman ruokaa ja harrastusv\u00e4lineit\u00e4) ei viel\u00e4 edellyt\u00e4 ylet\u00f6nt\u00e4 asketismia tai kalliita varusteita.<\/p>\n<div id=\"attachment_1609\" style=\"width: 325px\" class=\"wp-caption aligncenter\"><a href=\"https:\/\/blogi.ennola.fi\/wp-content\/uploads\/2012\/11\/IMG_8480.jpg\" rel=\"lightbox[1319]\"><img loading=\"lazy\" decoding=\"async\" aria-describedby=\"caption-attachment-1609\" class=\"wp-image-1609 size-full\" title=\"Kaitsu ylitt\u00e4\u00e4 joen keng\u00e4t jalassa.\" src=\"https:\/\/blogi.ennola.fi\/wp-content\/uploads\/2012\/11\/IMG_8480-1.jpg\" alt=\"\" width=\"315\" height=\"420\" srcset=\"https:\/\/blogi.ennola.fi\/wp-content\/uploads\/2012\/11\/IMG_8480-1.jpg 315w, https:\/\/blogi.ennola.fi\/wp-content\/uploads\/2012\/11\/IMG_8480-1-113x150.jpg 113w, https:\/\/blogi.ennola.fi\/wp-content\/uploads\/2012\/11\/IMG_8480-1-300x400.jpg 300w\" sizes=\"(max-width: 315px) 100vw, 315px\" \/><\/a><p id=\"caption-attachment-1609\" class=\"wp-caption-text\">Kaitsu ylitt\u00e4\u00e4 joen keng\u00e4t jalassa.<\/p><\/div>\n<p>P\u00e4iv\u00e4n vaellukselle l\u00e4hdin Hennan vet\u00e4m\u00e4\u00e4n ryhm\u00e4\u00e4n Kaitsun varmistaessa suunnistusta. Niinp\u00e4 sain kulkea rauhassa maisemia seuraillen, toki seurasin hieman my\u00f6s kartalta miss\u00e4 mentiin. Tavoitteenamme oli menn\u00e4 Kulmakurun k\u00e4rkeen Kalalammen kautta. Kalalampeen osuminen pelk\u00e4ll\u00e4 kompassisuunnalla oli hieman haastavaa, joten menimme hieman pohjoisesta ohi, mutta lammen pohjoispuoleisen suon kohdalla saattoi puiden v\u00e4list\u00e4 hieman n\u00e4hd\u00e4 vett\u00e4.<\/p>\n<p><a href=\"https:\/\/blogi.ennola.fi\/wp-content\/uploads\/2012\/11\/IMG_8495.jpg\" rel=\"lightbox[1319]\"><img loading=\"lazy\" decoding=\"async\" class=\"aligncenter wp-image-1610 size-full\" src=\"https:\/\/blogi.ennola.fi\/wp-content\/uploads\/2012\/11\/IMG_8495-1.jpg\" alt=\"\" width=\"450\" height=\"338\" srcset=\"https:\/\/blogi.ennola.fi\/wp-content\/uploads\/2012\/11\/IMG_8495-1.jpg 450w, https:\/\/blogi.ennola.fi\/wp-content\/uploads\/2012\/11\/IMG_8495-1-150x113.jpg 150w\" sizes=\"(max-width: 450px) 100vw, 450px\" \/><\/a><\/p>\n<p>Kulmakurussa oli aikaa lounastauolle aikaa tunnin verran, jonka k\u00e4ytin risukeittimeni sytyttelyyn. Risukeitin ei mill\u00e4\u00e4n meinannut m\u00e4rill\u00e4 koivun risuilla ja tuohella sytty\u00e4. Onneksi Henri sai sen lopulta syttym\u00e4\u00e4n, jotta sain hieman l\u00e4mmint\u00e4 teet\u00e4 juodakseni \u2013 termari kun ei ollut kevyeen retkivarustukseeni mahtunut.<\/p>\n<p><a href=\"https:\/\/blogi.ennola.fi\/wp-content\/uploads\/2012\/11\/IMG_8504.jpg\" rel=\"lightbox[1319]\"><img loading=\"lazy\" decoding=\"async\" class=\"aligncenter wp-image-1611 size-full\" src=\"https:\/\/blogi.ennola.fi\/wp-content\/uploads\/2012\/11\/IMG_8504-1.jpg\" alt=\"\" width=\"450\" height=\"338\" srcset=\"https:\/\/blogi.ennola.fi\/wp-content\/uploads\/2012\/11\/IMG_8504-1.jpg 450w, https:\/\/blogi.ennola.fi\/wp-content\/uploads\/2012\/11\/IMG_8504-1-150x113.jpg 150w\" sizes=\"(max-width: 450px) 100vw, 450px\" \/><\/a><\/p>\n<p>Kulmakurusta matka jatkui Satun suunnistaessa, kumpikaan ohjaajista ei l\u00e4htenyt mukaan, joten min\u00e4 otin hoitaakseni tuon suunnistuksen varmistelun. Reitti sin\u00e4ns\u00e4 oli suunnistuksellisesti helppo. Satun kanssa k\u00e4ytimme aikaa sen miettimiseen, ett\u00e4 menemmek\u00f6 reitill\u00e4 olevan Vaaran yli vai s\u00e4\u00e4stelemmek\u00f6 voimia kiert\u00e4m\u00e4ll\u00e4 sen pohjoisesta, mik\u00e4 ehk\u00e4 olisi ollut paremmin Kaitsun opetuksen mukaista. Tuin t\u00e4ss\u00e4 Sadun p\u00e4\u00e4t\u00f6st\u00e4 menn\u00e4 yli, koska se ei kuitenkaan ollut merkitt\u00e4v\u00e4sti raskaampi ja samalla saatoimme ihastella kauniita maisemia, jotka ylh\u00e4\u00e4lt\u00e4 aukenivat. Yksi retken parhaista maisemakuvistani syntyi juuri t\u00e4ll\u00e4 v\u00e4lill\u00e4.<\/p>\n<p><a href=\"https:\/\/blogi.ennola.fi\/wp-content\/uploads\/2012\/11\/IMG_8527.jpg\" rel=\"lightbox[1319]\"><img loading=\"lazy\" decoding=\"async\" class=\"aligncenter wp-image-1612 size-full\" src=\"https:\/\/blogi.ennola.fi\/wp-content\/uploads\/2012\/11\/IMG_8527-1.jpg\" alt=\"\" width=\"450\" height=\"338\" srcset=\"https:\/\/blogi.ennola.fi\/wp-content\/uploads\/2012\/11\/IMG_8527-1.jpg 450w, https:\/\/blogi.ennola.fi\/wp-content\/uploads\/2012\/11\/IMG_8527-1-150x113.jpg 150w\" sizes=\"(max-width: 450px) 100vw, 450px\" \/><\/a><\/p>\n<p>Illaksi saavuimme Hirvas-Niilan Aitavaaran pohjoispuolelle y\u00f6t\u00e4. Leirin pystytimme tiiviisti pienelle alalle ja ruuan teimme yhteisen sadekatoksen alla. T\u00e4ss\u00e4 vaiheessa my\u00f6s Maija liittyi seuraamme. Illan ohjelmaan kuului Jennin vet\u00e4m\u00e4 maataidesessio, jossa teimme ryhmiss\u00e4 omat lintuhahmomme leiripaikan viereen ja keksimme niille tarinan, miten ne kuvastavat juuri meid\u00e4n ryhm\u00e4\u00e4mme.\u00a0 My\u00f6h\u00e4\u00e4n illasta jo kertaalleen lakannut sade alkoi uudestaan ja painuimme telttoihin melko varhain.<\/p>\n<div id=\"attachment_1618\" style=\"width: 490px\" class=\"wp-caption aligncenter\"><a href=\"https:\/\/blogi.ennola.fi\/wp-content\/uploads\/2012\/11\/Hammast_Panorama12.jpg\" rel=\"lightbox[1319]\"><img loading=\"lazy\" decoding=\"async\" aria-describedby=\"caption-attachment-1618\" class=\"wp-image-1618 size-full\" title=\"Jenni opastaa maataiteen saloihin\" src=\"https:\/\/blogi.ennola.fi\/wp-content\/uploads\/2012\/11\/Hammast_Panorama12-1.jpg\" alt=\"\" width=\"480\" height=\"236\" srcset=\"https:\/\/blogi.ennola.fi\/wp-content\/uploads\/2012\/11\/Hammast_Panorama12-1.jpg 480w, https:\/\/blogi.ennola.fi\/wp-content\/uploads\/2012\/11\/Hammast_Panorama12-1-150x74.jpg 150w\" sizes=\"(max-width: 480px) 100vw, 480px\" \/><\/a><p id=\"caption-attachment-1618\" class=\"wp-caption-text\">Jenni opastaa maataiteen saloihin<\/p><\/div>\n<p>Seuraavana aamuna her\u00e4sin taas varhain. Aamupissalenkki p\u00e4\u00e4si ven\u00e4ht\u00e4m\u00e4\u00e4n, kun ensin k\u00e4velin ohi leiripaikan ja jouduin leiripaikan vieress\u00e4 olevan valtavan kurun p\u00e4\u00e4h\u00e4n. Kuru suorastaan huusi minua tutustumaan itseens\u00e4 ja l\u00e4hdin k\u00e4velem\u00e4\u00e4n kuruun. Kurun maisemat lumosivat minut ja vaivoin sain palattua ajoissa valmistamaan aamiaista.<\/p>\n<p>Aamiaisen erikoisuudeksi muodostuivat tuoreet s\u00e4mpyl\u00e4t, jotka Maija oli paistanut meille kaikille aamulla. Jo melontareissulla Maija oli luvannut esitell\u00e4 minulle miten retkikeittimell\u00e4 tehd\u00e4\u00e4n s\u00e4mpyl\u00f6it\u00e4 ja nyt niit\u00e4 oli sitten tarjolla. Edellisen\u00e4 iltana h\u00e4n oli tehnyt taikinan, antanut sen kohota makuupussissa yli y\u00f6n ja paistoi ne nyt aamulla. Ja t\u00e4ytyy sanoa, ett\u00e4 hyvi\u00e4 olivat.<\/p>\n<div id=\"attachment_1613\" style=\"width: 325px\" class=\"wp-caption aligncenter\"><a href=\"https:\/\/blogi.ennola.fi\/wp-content\/uploads\/2012\/11\/IMG_8548.jpg\" rel=\"lightbox[1319]\"><img loading=\"lazy\" decoding=\"async\" aria-describedby=\"caption-attachment-1613\" class=\"wp-image-1613 size-full\" title=\"Maija paistaa s\u00e4mpyl\u00f6it\u00e4 retkikeittimell\u00e4\" src=\"https:\/\/blogi.ennola.fi\/wp-content\/uploads\/2012\/11\/IMG_8548-1.jpg\" alt=\"\" width=\"315\" height=\"420\" srcset=\"https:\/\/blogi.ennola.fi\/wp-content\/uploads\/2012\/11\/IMG_8548-1.jpg 315w, https:\/\/blogi.ennola.fi\/wp-content\/uploads\/2012\/11\/IMG_8548-1-113x150.jpg 113w, https:\/\/blogi.ennola.fi\/wp-content\/uploads\/2012\/11\/IMG_8548-1-300x400.jpg 300w\" sizes=\"(max-width: 315px) 100vw, 315px\" \/><\/a><p id=\"caption-attachment-1613\" class=\"wp-caption-text\">Maija paistaa s\u00e4mpyl\u00f6it\u00e4 retkikeittimell\u00e4<\/p><\/div>\n<p>T\u00e4m\u00e4n p\u00e4iv\u00e4n vaellukset toteutimme siten, ett\u00e4 Kaitsu ja Jarkko vaelsivat omana ryhm\u00e4n\u00e4 ja me opiskelijat omina pienryhmin\u00e4mme. Itse osallistuin retriittiryhm\u00e4\u00e4n, jossa tarkoitus oli vaeltaa puhumatta. Etuk\u00e4teen sovimme kuitenkin tilanteet, joissa voi avata suunsa. Itse olisin ehk\u00e4 kaivannut, ett\u00e4 n\u00e4it\u00e4 tilanteita olisi ollut harvemmin, mutta kun olin lupautunut varmistamaan suunnistusta, oli vaikeaa olla aina hiljaakaan.<\/p>\n<p><a href=\"https:\/\/blogi.ennola.fi\/wp-content\/uploads\/2012\/11\/IMG_8573.jpg\" rel=\"lightbox[1319]\"><img loading=\"lazy\" decoding=\"async\" class=\"aligncenter wp-image-1614 size-full\" src=\"https:\/\/blogi.ennola.fi\/wp-content\/uploads\/2012\/11\/IMG_8573-1.jpg\" alt=\"\" width=\"450\" height=\"338\" srcset=\"https:\/\/blogi.ennola.fi\/wp-content\/uploads\/2012\/11\/IMG_8573-1.jpg 450w, https:\/\/blogi.ennola.fi\/wp-content\/uploads\/2012\/11\/IMG_8573-1-150x113.jpg 150w\" sizes=\"(max-width: 450px) 100vw, 450px\" \/><\/a><\/p>\n<p><a href=\"https:\/\/blogi.ennola.fi\/wp-content\/uploads\/2012\/11\/IMG_8576.jpg\" rel=\"lightbox[1319]\"><img loading=\"lazy\" decoding=\"async\" class=\"aligncenter wp-image-1615 size-full\" src=\"https:\/\/blogi.ennola.fi\/wp-content\/uploads\/2012\/11\/IMG_8576-1.jpg\" alt=\"\" width=\"450\" height=\"353\" srcset=\"https:\/\/blogi.ennola.fi\/wp-content\/uploads\/2012\/11\/IMG_8576-1.jpg 450w, https:\/\/blogi.ennola.fi\/wp-content\/uploads\/2012\/11\/IMG_8576-1-150x118.jpg 150w\" sizes=\"(max-width: 450px) 100vw, 450px\" \/><\/a><\/p>\n<p>Lounastauon pidimme Tolosp\u00e4\u00e4n huipulla. Edellisest\u00e4 p\u00e4iv\u00e4st\u00e4 viisastuneena minulla oli nyt mukanani pari tervasoksaa keitint\u00e4ni varten, koska kuivaa polttopuuta tuskin olisi puuttomalta huiputa muuten l\u00f6ytynyt. Aamup\u00e4iv\u00e4n ryhm\u00e4t olivat edenneet varsin eri vauhtia, ensimm\u00e4iset olivat tulleet jo noin tunnin ennen meit\u00e4 ja viimeiset puolisen tuntia meid\u00e4n j\u00e4lkeen. Tolosp\u00e4\u00e4n huipulla otimme retken virallisen ryhm\u00e4kuvan.<\/p>\n<div id=\"attachment_1616\" style=\"width: 460px\" class=\"wp-caption aligncenter\"><a href=\"https:\/\/blogi.ennola.fi\/wp-content\/uploads\/2012\/11\/IMG_8577.jpg\" rel=\"lightbox[1319]\"><img loading=\"lazy\" decoding=\"async\" aria-describedby=\"caption-attachment-1616\" class=\"wp-image-1616 size-full\" title=\"Ryhm\u00e4mme Tolosp\u00e4\u00e4n huipulla takariviss\u00e4: Jarkko, Aki, Kari, Satu, Henry, Kari, keskell\u00e4: Kaitsu, Kirsi, Mira, Henna, Maija, edess\u00e4: Jenni, Ville, Inari, Anna ja Tanja \" src=\"https:\/\/blogi.ennola.fi\/wp-content\/uploads\/2012\/11\/IMG_8577-1.jpg\" alt=\"\" width=\"450\" height=\"338\" srcset=\"https:\/\/blogi.ennola.fi\/wp-content\/uploads\/2012\/11\/IMG_8577-1.jpg 450w, https:\/\/blogi.ennola.fi\/wp-content\/uploads\/2012\/11\/IMG_8577-1-150x113.jpg 150w\" sizes=\"(max-width: 450px) 100vw, 450px\" \/><\/a><p id=\"caption-attachment-1616\" class=\"wp-caption-text\">Ryhm\u00e4mme Tolosp\u00e4\u00e4n huipulla takariviss\u00e4: Jarkko, Aki, Kari, Satu, Henry, Kari, keskell\u00e4: Kaitsu, Kirsi, Mira, Henna, Maija, edess\u00e4: Jenni, Ville, Inari, Anna ja Tanja<\/p><\/div>\n<p>Iltap\u00e4iv\u00e4n vaellukselle l\u00e4hdin Maijan vet\u00e4m\u00e4\u00e4n ryhm\u00e4\u00e4n, jossa tarkoitus oli soveltaa Maijan kes\u00e4ll\u00e4 Norjassa hy\u00f6dynt\u00e4mi\u00e4 NOLS-k\u00e4yt\u00e4nteit\u00e4. NOLS on amerikkalainen seikkailupedagogista johtajakoulutusta tarjoava j\u00e4rjest\u00f6 ja halusin n\u00e4hd\u00e4 v\u00e4h\u00e4n niit\u00e4kin k\u00e4yt\u00e4nteit\u00e4. Matkalla puhuimme NOLS:in johtajak\u00e4yt\u00e4nteist\u00e4 ja siit\u00e4 miten suunnistus ja matkanteko j\u00e4rjestettiin sek\u00e4 ajan k\u00e4ytt\u00e4misest\u00e4 kuljetun matkan arvioinnissa. Henna toimi meill\u00e4 p\u00e4\u00e4vastuullisena suunnistajana ja me muut seurasimme matkaa kartalta. T\u00e4lt\u00e4 matkalta l\u00f6ytyi my\u00f6s selv\u00e4 virhe kartasta: er\u00e4s kuoppa, jossa nyt oli vett\u00e4, oli kartasta tulkittavissa kumpareeksi.<\/p>\n<p><a href=\"https:\/\/blogi.ennola.fi\/wp-content\/uploads\/2012\/11\/IMG_8587.jpg\" rel=\"lightbox[1319]\"><img loading=\"lazy\" decoding=\"async\" class=\"aligncenter wp-image-1602 size-full\" src=\"https:\/\/blogi.ennola.fi\/wp-content\/uploads\/2012\/11\/IMG_8587-1.jpg\" alt=\"\" width=\"450\" height=\"338\" srcset=\"https:\/\/blogi.ennola.fi\/wp-content\/uploads\/2012\/11\/IMG_8587-1.jpg 450w, https:\/\/blogi.ennola.fi\/wp-content\/uploads\/2012\/11\/IMG_8587-1-150x113.jpg 150w\" sizes=\"(max-width: 450px) 100vw, 450px\" \/><\/a><\/p>\n<p>Tolosjoen ylitys t\u00e4lt\u00e4 matkalta nousi koko retken eniten j\u00e4lkipuheita aiheuttamaksi tapahtumaksi. Maija oli saanut ohjeeksi vet\u00e4\u00e4 p\u00e4iv\u00e4 NOLS:in tapaan ja h\u00e4n totesi , ett\u00e4 NOLS:ssa he olivat ylitt\u00e4neet jokia keng\u00e4t jalassa, koska he olivat pit\u00e4neet liukastumista suurempana riskin\u00e4 kuin kenkien kastumista. T\u00e4m\u00e4n seurauksena useampi ryhm\u00e4st\u00e4ni ylitti nyt Tolosjoen nyt keng\u00e4t jalassa v\u00e4litt\u00e4m\u00e4tt\u00e4 niiden kastumisesta. Itse en viitsinyt kenki\u00e4ni enemp\u00e4\u00e4 kastella, vaikka ne olivatkin jo melko m\u00e4r\u00e4t johtuen sateen kastelemasta varvikosta, vaan ylitin joen taas sukkasillani.<\/p>\n<p><a href=\"https:\/\/blogi.ennola.fi\/wp-content\/uploads\/2012\/11\/IMG_8591.jpg\" rel=\"lightbox[1319]\"><img loading=\"lazy\" decoding=\"async\" class=\"aligncenter wp-image-1617 size-full\" src=\"https:\/\/blogi.ennola.fi\/wp-content\/uploads\/2012\/11\/IMG_8591-1.jpg\" alt=\"\" width=\"450\" height=\"338\" srcset=\"https:\/\/blogi.ennola.fi\/wp-content\/uploads\/2012\/11\/IMG_8591-1.jpg 450w, https:\/\/blogi.ennola.fi\/wp-content\/uploads\/2012\/11\/IMG_8591-1-150x113.jpg 150w\" sizes=\"(max-width: 450px) 100vw, 450px\" \/><\/a><\/p>\n<p>Viimeisen illan vietimme Riekkovaaran laavulla Tolosjoen rannassa. Saavuimme perille aika my\u00f6h\u00e4\u00e4n, joten ilta oli jo melko my\u00f6h\u00e4 saapuessamme sinne. Leirin pystytyksen ja ruokailujen j\u00e4lkeen ohjelmassa oli Miran vet\u00e4m\u00e4 reflektio, jonka j\u00e4lkeen vapaata keskustelua nuotion \u00e4\u00e4ress\u00e4.<\/p>\n<p>Viimeisen p\u00e4iv\u00e4n her\u00e4tys oli aikaisin, jotta olisimme ajoissa koululla tekem\u00e4ss\u00e4 t\u00e4rkeit\u00e4 huoltoja. Nyt vaelsimme koko ryhm\u00e4 yhdess\u00e4. Tolosjoen rantaa seuraili polku, jota seurasimme. Nyt Kaitsu toteutti matkalla toisenlaisen hiljaisuudessa vaeltamisen, mit\u00e4 meill\u00e4 oli ollut edellisen\u00e4 p\u00e4iv\u00e4n\u00e4. Vaelsimme noin puolen tunnin matkan polkua siten, ett\u00e4 v\u00e4lill\u00e4mme oli muutaman kymmenen metrin matka edelliseen vaeltajaan. Idea tuntui hyv\u00e4lt\u00e4 ja luulen ett\u00e4 sovellan sit\u00e4 itsekin jatkossa.<\/p>\n<div id=\"attachment_1619\" style=\"width: 460px\" class=\"wp-caption aligncenter\"><a href=\"https:\/\/blogi.ennola.fi\/wp-content\/uploads\/2012\/11\/IMG_8585.jpg\" rel=\"lightbox[1319]\"><img loading=\"lazy\" decoding=\"async\" aria-describedby=\"caption-attachment-1619\" class=\"wp-image-1619 size-full\" title=\"Kirjoittaja pikkureppuineen\" src=\"https:\/\/blogi.ennola.fi\/wp-content\/uploads\/2012\/11\/IMG_8585-1.jpg\" alt=\"\" width=\"450\" height=\"338\" srcset=\"https:\/\/blogi.ennola.fi\/wp-content\/uploads\/2012\/11\/IMG_8585-1.jpg 450w, https:\/\/blogi.ennola.fi\/wp-content\/uploads\/2012\/11\/IMG_8585-1-150x113.jpg 150w\" sizes=\"(max-width: 450px) 100vw, 450px\" \/><\/a><p id=\"caption-attachment-1619\" class=\"wp-caption-text\">Kirjoittaja pikkureppuineen<\/p><\/div>\n<p>Vaelluksen t\u00e4rkeimm\u00e4ksi anniksi itselleni muodostuivat melontavaelluksen tapaan n\u00e4m\u00e4 p\u00e4ivien pikku agendat. Muuten vaelluksella suunnistus nousi varsin keskeiseksi teemaksi, minun kannaltani ehk\u00e4 turhankin keskeiseksi. On melkoinen etu vaelluksen vet\u00e4misess\u00e4, ett\u00e4 suunnistukseen ei tarvitse hirve\u00e4n paljon energiaa panna. Toinen ajatuksia her\u00e4tt\u00e4nyt aihe oli ruokahuolto. Maijan kokkausta sivusta seuranneena tuli taas mietitty\u00e4, ett\u00e4 retkiruoan valmistukseen olisi syyt\u00e4 hieman uhrata lis\u00e4panostusta.<\/p>\n","protected":false},"excerpt":{"rendered":"<p>Seikkailukasvatuksen erikoistumisopintojen syyskauden kohokohtana oli nelip\u00e4iv\u00e4inen er\u00e4maavaellus Hammastunturin er\u00e4maa-alueella.\u00a0 T\u00e4ll\u00e4 vaelluksella meill\u00e4 oli mukanamme my\u00f6s uusi ohjaaja: Jarkko, kokenut retkeilij\u00e4 ja suunnistaja. Vaellukselle l\u00e4hdimme Mets\u00e4hallituksen palvelupisteen pihasta. Jakaannuimme&#8230;<\/p>\n","protected":false},"author":1,"featured_media":1583,"comment_status":"open","ping_status":"open","sticky":false,"template":"","format":"standard","meta":{"footnotes":""},"categories":[3,5],"tags":[],"_links":{"self":[{"href":"https:\/\/blogi.ennola.fi\/index.php?rest_route=\/wp\/v2\/posts\/1319"}],"collection":[{"href":"https:\/\/blogi.ennola.fi\/index.php?rest_route=\/wp\/v2\/posts"}],"about":[{"href":"https:\/\/blogi.ennola.fi\/index.php?rest_route=\/wp\/v2\/types\/post"}],"author":[{"embeddable":true,"href":"https:\/\/blogi.ennola.fi\/index.php?rest_route=\/wp\/v2\/users\/1"}],"replies":[{"embeddable":true,"href":"https:\/\/blogi.ennola.fi\/index.php?rest_route=%2Fwp%2Fv2%2Fcomments&post=1319"}],"version-history":[{"count":5,"href":"https:\/\/blogi.ennola.fi\/index.php?rest_route=\/wp\/v2\/posts\/1319\/revisions"}],"predecessor-version":[{"id":5013,"href":"https:\/\/blogi.ennola.fi\/index.php?rest_route=\/wp\/v2\/posts\/1319\/revisions\/5013"}],"wp:featuredmedia":[{"embeddable":true,"href":"https:\/\/blogi.ennola.fi\/index.php?rest_route=\/wp\/v2\/media\/1583"}],"wp:attachment":[{"href":"https:\/\/blogi.ennola.fi\/index.php?rest_route=%2Fwp%2Fv2%2Fmedia&parent=1319"}],"wp:term":[{"taxonomy":"category","embeddable":true,"href":"https:\/\/blogi.ennola.fi\/index.php?rest_route=%2Fwp%2Fv2%2Fcategories&post=1319"},{"taxonomy":"post_tag","embeddable":true,"href":"https:\/\/blogi.ennola.fi\/index.php?rest_route=%2Fwp%2Fv2%2Ftags&post=1319"}],"curies":[{"name":"wp","href":"https:\/\/api.w.org\/{rel}","templated":true}]}}