{"id":1323,"date":"2012-09-23T08:10:08","date_gmt":"2012-09-23T05:10:08","guid":{"rendered":"https:\/\/blogi.ennola.fi\/?p=1323"},"modified":"2020-07-06T22:39:41","modified_gmt":"2020-07-06T19:39:41","slug":"panoraamoja-kuusamosta-osa-v","status":"publish","type":"post","link":"https:\/\/blogi.ennola.fi\/?p=1323","title":{"rendered":"Panoraamoja Kuusamosta (osa V)"},"content":{"rendered":"<p>Elokuun lopulla teimme taas opiskelijoiden kanssa vaelluksen Olangan kansallispuistoon. Edellisvuosien tapaan seurailimme Karhunkierroksen reitti\u00e4. Nyt tosin aikaa oli k\u00e4ytett\u00e4viss\u00e4 yksi p\u00e4iv\u00e4 enemm\u00e4n, joten aloitimme vaelluksen Ristikallion l\u00e4ht\u00f6paikalta. Vaelluksen ensimm\u00e4iset ja viimeinen p\u00e4iv\u00e4 olivat kuvauksellisesti parhaimpia, kun vaelluksen keskivaiheilla sateli muutaman p\u00e4iv\u00e4n ajan. Sateessa ei juurikaan tullut kuvatuksi, joten suurin osa kuvista on tuolta uudelta osuudelta l\u00e4ht\u00f6paikalta Oulangan luontokeskukselle.<\/p>\n<p><a href=\"https:\/\/blogi.ennola.fi\/wp-content\/uploads\/2012\/09\/Kuusamo_Panorama46.jpg\" rel=\"lightbox[1323]\"><img loading=\"lazy\" decoding=\"async\" class=\"aligncenter wp-image-1403 size-full\" title=\"Aventojoen leiripaikalta varhain aamulla. Y\u00f6ll\u00e4 oli ollut pakkasta ja l\u00e4mpim\u00e4n joen p\u00e4\u00e4lle kertyi sumua.\" src=\"https:\/\/blogi.ennola.fi\/wp-content\/uploads\/2012\/09\/Kuusamo_Panorama42-1.jpg\" alt=\"\" width=\"480\" height=\"196\" srcset=\"https:\/\/blogi.ennola.fi\/wp-content\/uploads\/2012\/09\/Kuusamo_Panorama42-1.jpg 480w, https:\/\/blogi.ennola.fi\/wp-content\/uploads\/2012\/09\/Kuusamo_Panorama42-1-150x61.jpg 150w\" sizes=\"(max-width: 480px) 100vw, 480px\" \/><\/a><\/p>\n<p><a href=\"https:\/\/blogi.ennola.fi\/wp-content\/uploads\/2012\/09\/Kuusamo_Panorama42.jpg\" rel=\"lightbox[1323]\"><img loading=\"lazy\" decoding=\"async\" class=\"aligncenter wp-image-1400 size-full\" title=\"Aventojoen leiripaikalta varhain aamulla. Y\u00f6ll\u00e4 oli ollut pakkasta ja l\u00e4mpim\u00e4n joen p\u00e4\u00e4lle kertyi sumua.\" src=\"https:\/\/blogi.ennola.fi\/wp-content\/uploads\/2012\/09\/Kuusamo_Panorama46-1.jpg\" alt=\"\" width=\"480\" height=\"150\" srcset=\"https:\/\/blogi.ennola.fi\/wp-content\/uploads\/2012\/09\/Kuusamo_Panorama46-1.jpg 480w, https:\/\/blogi.ennola.fi\/wp-content\/uploads\/2012\/09\/Kuusamo_Panorama46-1-150x47.jpg 150w\" sizes=\"(max-width: 480px) 100vw, 480px\" \/><\/a><\/p>\n<p><a href=\"https:\/\/blogi.ennola.fi\/wp-content\/uploads\/2012\/09\/Kuusamo_Panorama36.jpg\" rel=\"lightbox[1323]\"><img loading=\"lazy\" decoding=\"async\" class=\"aligncenter wp-image-1412 size-full\" title=\"Aventojoen leiripaikalta varhain aamulla. Y\u00f6ll\u00e4 oli ollut pakkasta ja l\u00e4mpim\u00e4n joen p\u00e4\u00e4lle kertyi sumua.\" src=\"https:\/\/blogi.ennola.fi\/wp-content\/uploads\/2012\/09\/Kuusamo_Panorama51-1.jpg\" alt=\"\" width=\"480\" height=\"163\" srcset=\"https:\/\/blogi.ennola.fi\/wp-content\/uploads\/2012\/09\/Kuusamo_Panorama51-1.jpg 480w, https:\/\/blogi.ennola.fi\/wp-content\/uploads\/2012\/09\/Kuusamo_Panorama51-1-150x51.jpg 150w\" sizes=\"(max-width: 480px) 100vw, 480px\" \/><\/a><\/p>\n<div id=\"attachment_1415\" style=\"width: 490px\" class=\"wp-caption aligncenter\"><a href=\"https:\/\/blogi.ennola.fi\/wp-content\/uploads\/2012\/09\/Kuusamo_Panorama39.jpg\" rel=\"lightbox[1323]\"><img loading=\"lazy\" decoding=\"async\" aria-describedby=\"caption-attachment-1415\" class=\"wp-image-1415 size-full\" title=\"Aventojoen leiripaikalta varhain aamulla. Y\u00f6ll\u00e4 oli ollut pakkasta ja l\u00e4mpim\u00e4n joen p\u00e4\u00e4lle kertyi sumua.\" src=\"https:\/\/blogi.ennola.fi\/wp-content\/uploads\/2012\/09\/Kuusamo_Panorama37-1.jpg\" alt=\"\" width=\"480\" height=\"110\" srcset=\"https:\/\/blogi.ennola.fi\/wp-content\/uploads\/2012\/09\/Kuusamo_Panorama37-1.jpg 480w, https:\/\/blogi.ennola.fi\/wp-content\/uploads\/2012\/09\/Kuusamo_Panorama37-1-150x34.jpg 150w\" sizes=\"(max-width: 480px) 100vw, 480px\" \/><\/a><p id=\"caption-attachment-1415\" class=\"wp-caption-text\">Nelj\u00e4 kuvaa Aventojoen leiripaikalta varhain aamulla. Y\u00f6ll\u00e4 oli ollut pakkasta ja l\u00e4mpim\u00e4n joen p\u00e4\u00e4lle kertyi sumua.<\/p><\/div>\n<div id=\"attachment_1409\" style=\"width: 490px\" class=\"wp-caption aligncenter\"><a href=\"https:\/\/blogi.ennola.fi\/wp-content\/uploads\/2012\/09\/Kuusamo_Panorama35.jpg\" rel=\"lightbox[1323]\"><img loading=\"lazy\" decoding=\"async\" aria-describedby=\"caption-attachment-1409\" class=\"wp-image-1409 size-full\" title=\"K\u00e4velimme hieman ohi Ristikallion n\u00e4ytt\u00e4vimm\u00e4st\u00e4 kohdasta, mutta t\u00e4llainen kuva irtosi siit\u00e4 l\u00e4helt\u00e4.\" src=\"https:\/\/blogi.ennola.fi\/wp-content\/uploads\/2012\/09\/Kuusamo_Panorama35-1.jpg\" alt=\"\" width=\"480\" height=\"265\" srcset=\"https:\/\/blogi.ennola.fi\/wp-content\/uploads\/2012\/09\/Kuusamo_Panorama35-1.jpg 480w, https:\/\/blogi.ennola.fi\/wp-content\/uploads\/2012\/09\/Kuusamo_Panorama35-1-150x83.jpg 150w\" sizes=\"(max-width: 480px) 100vw, 480px\" \/><\/a><p id=\"caption-attachment-1409\" class=\"wp-caption-text\">K\u00e4velimme hieman ohi Ristikallion n\u00e4ytt\u00e4vimm\u00e4st\u00e4 kohdasta, mutta t\u00e4llainen kuva irtosi siit\u00e4 l\u00e4helt\u00e4.<\/p><\/div>\n<div id=\"attachment_1402\" style=\"width: 490px\" class=\"wp-caption aligncenter\"><a href=\"https:\/\/blogi.ennola.fi\/wp-content\/uploads\/2012\/09\/Kuusamo_Panorama45.jpg\" rel=\"lightbox[1323]\"><img loading=\"lazy\" decoding=\"async\" aria-describedby=\"caption-attachment-1402\" class=\"wp-image-1402 size-full\" title=\"Ristikallion tuvan ranta.\" src=\"https:\/\/blogi.ennola.fi\/wp-content\/uploads\/2012\/09\/Kuusamo_Panorama43-1.jpg\" alt=\"\" width=\"480\" height=\"145\" srcset=\"https:\/\/blogi.ennola.fi\/wp-content\/uploads\/2012\/09\/Kuusamo_Panorama43-1.jpg 480w, https:\/\/blogi.ennola.fi\/wp-content\/uploads\/2012\/09\/Kuusamo_Panorama43-1-150x45.jpg 150w\" sizes=\"(max-width: 480px) 100vw, 480px\" \/><\/a><p id=\"caption-attachment-1402\" class=\"wp-caption-text\">Ristikallion tuvan ranta.<\/p><\/div>\n<div id=\"attachment_1404\" style=\"width: 490px\" class=\"wp-caption aligncenter\"><a href=\"https:\/\/blogi.ennola.fi\/wp-content\/uploads\/2012\/09\/Kuusamo_Panorama47.jpg\" rel=\"lightbox[1323]\"><img loading=\"lazy\" decoding=\"async\" aria-describedby=\"caption-attachment-1404\" class=\"wp-image-1404 size-full\" title=\"Yksi kautta aikain komeimmista riippumattomaisemista Taivalk\u00f6nk\u00e4\u00e4n leiripaikalla.\" src=\"https:\/\/blogi.ennola.fi\/wp-content\/uploads\/2012\/09\/Kuusamo_Panorama41-1.jpg\" alt=\"\" width=\"480\" height=\"142\" srcset=\"https:\/\/blogi.ennola.fi\/wp-content\/uploads\/2012\/09\/Kuusamo_Panorama41-1.jpg 480w, https:\/\/blogi.ennola.fi\/wp-content\/uploads\/2012\/09\/Kuusamo_Panorama41-1-150x44.jpg 150w\" sizes=\"(max-width: 480px) 100vw, 480px\" \/><\/a><p id=\"caption-attachment-1404\" class=\"wp-caption-text\">Yksi kautta aikain komeimmista riippumattomaisemista Taivalk\u00f6nk\u00e4\u00e4n leiripaikalla.<\/p><\/div>\n<p><a href=\"https:\/\/blogi.ennola.fi\/wp-content\/uploads\/2012\/09\/Kuusamo_Panorama48.jpg\" rel=\"lightbox[1323]\"><img loading=\"lazy\" decoding=\"async\" class=\"aligncenter wp-image-1405 size-full\" src=\"https:\/\/blogi.ennola.fi\/wp-content\/uploads\/2012\/09\/Kuusamo_Panorama40-1.jpg\" alt=\"\" width=\"480\" height=\"125\" srcset=\"https:\/\/blogi.ennola.fi\/wp-content\/uploads\/2012\/09\/Kuusamo_Panorama40-1.jpg 480w, https:\/\/blogi.ennola.fi\/wp-content\/uploads\/2012\/09\/Kuusamo_Panorama40-1-150x39.jpg 150w\" sizes=\"(max-width: 480px) 100vw, 480px\" \/><\/a><\/p>\n<div id=\"attachment_1414\" style=\"width: 490px\" class=\"wp-caption aligncenter\"><a href=\"https:\/\/blogi.ennola.fi\/wp-content\/uploads\/2012\/09\/Kuusamo_Panorama38.jpg\" rel=\"lightbox[1323]\"><img loading=\"lazy\" decoding=\"async\" aria-describedby=\"caption-attachment-1414\" class=\"wp-image-1414 size-full\" title=\"Kaksi kuvaa Taivalk\u00f6nk\u00e4\u00e4st\u00e4.\" src=\"https:\/\/blogi.ennola.fi\/wp-content\/uploads\/2012\/09\/Kuusamo_Panorama49-1.jpg\" alt=\"\" width=\"480\" height=\"95\" srcset=\"https:\/\/blogi.ennola.fi\/wp-content\/uploads\/2012\/09\/Kuusamo_Panorama49-1.jpg 480w, https:\/\/blogi.ennola.fi\/wp-content\/uploads\/2012\/09\/Kuusamo_Panorama49-1-150x30.jpg 150w\" sizes=\"(max-width: 480px) 100vw, 480px\" \/><\/a><p id=\"caption-attachment-1414\" class=\"wp-caption-text\">Kaksi kuvaa Taivalk\u00f6nk\u00e4\u00e4st\u00e4.<\/p><\/div>\n<div id=\"attachment_1411\" style=\"width: 490px\" class=\"wp-caption aligncenter\"><a href=\"https:\/\/blogi.ennola.fi\/wp-content\/uploads\/2012\/09\/Kuusamo_Panorama52.jpg\" rel=\"lightbox[1323]\"><img loading=\"lazy\" decoding=\"async\" aria-describedby=\"caption-attachment-1411\" class=\"wp-image-1411 size-full\" title=\"Taivalk\u00f6nk\u00e4\u00e4n toinen haara.\" src=\"https:\/\/blogi.ennola.fi\/wp-content\/uploads\/2012\/09\/Kuusamo_Panorama52-1.jpg\" alt=\"\" width=\"480\" height=\"162\" srcset=\"https:\/\/blogi.ennola.fi\/wp-content\/uploads\/2012\/09\/Kuusamo_Panorama52-1.jpg 480w, https:\/\/blogi.ennola.fi\/wp-content\/uploads\/2012\/09\/Kuusamo_Panorama52-1-150x51.jpg 150w\" sizes=\"(max-width: 480px) 100vw, 480px\" \/><\/a><p id=\"caption-attachment-1411\" class=\"wp-caption-text\">Taivalk\u00f6nk\u00e4\u00e4n toinen haara.<\/p><\/div>\n<div id=\"attachment_1408\" style=\"width: 490px\" class=\"wp-caption aligncenter\"><a href=\"https:\/\/blogi.ennola.fi\/wp-content\/uploads\/2012\/09\/Kuusamo_Panorama43.jpg\" rel=\"lightbox[1323]\"><img loading=\"lazy\" decoding=\"async\" aria-describedby=\"caption-attachment-1408\" class=\"wp-image-1408 size-full\" title=\"Maisema taivalk\u00f6nk\u00e4\u00e4n riippusillalta.\" src=\"https:\/\/blogi.ennola.fi\/wp-content\/uploads\/2012\/09\/Kuusamo_Panorama36-1.jpg\" alt=\"\" width=\"480\" height=\"231\" srcset=\"https:\/\/blogi.ennola.fi\/wp-content\/uploads\/2012\/09\/Kuusamo_Panorama36-1.jpg 480w, https:\/\/blogi.ennola.fi\/wp-content\/uploads\/2012\/09\/Kuusamo_Panorama36-1-150x72.jpg 150w\" sizes=\"(max-width: 480px) 100vw, 480px\" \/><\/a><p id=\"caption-attachment-1408\" class=\"wp-caption-text\">Maisema taivalk\u00f6nk\u00e4\u00e4n riippusillalta.<\/p><\/div>\n<div id=\"attachment_1413\" style=\"width: 490px\" class=\"wp-caption aligncenter\"><a href=\"https:\/\/blogi.ennola.fi\/wp-content\/uploads\/2012\/09\/Kuusamo_Panorama37.jpg\" rel=\"lightbox[1323]\"><img loading=\"lazy\" decoding=\"async\" aria-describedby=\"caption-attachment-1413\" class=\"wp-image-1413 size-full\" title=\"Lempiniemennokkani puut olivat luhistuneet jokeen Ansak\u00e4mp\u00e4n l\u00e4hell\u00e4.\" src=\"https:\/\/blogi.ennola.fi\/wp-content\/uploads\/2012\/09\/Kuusamo_Panorama50-1.jpg\" alt=\"\" width=\"480\" height=\"66\" srcset=\"https:\/\/blogi.ennola.fi\/wp-content\/uploads\/2012\/09\/Kuusamo_Panorama50-1.jpg 480w, https:\/\/blogi.ennola.fi\/wp-content\/uploads\/2012\/09\/Kuusamo_Panorama50-1-150x21.jpg 150w\" sizes=\"(max-width: 480px) 100vw, 480px\" \/><\/a><p id=\"caption-attachment-1413\" class=\"wp-caption-text\">Lempiniemennokkani puut olivat luhistuneet jokeen Ansak\u00e4mp\u00e4n l\u00e4hell\u00e4.<\/p><\/div>\n<div id=\"attachment_1410\" style=\"width: 490px\" class=\"wp-caption aligncenter\"><a href=\"https:\/\/blogi.ennola.fi\/wp-content\/uploads\/2012\/09\/Kuusamo_Panorama51.jpg\" rel=\"lightbox[1323]\"><img loading=\"lazy\" decoding=\"async\" aria-describedby=\"caption-attachment-1410\" class=\"wp-image-1410 size-full\" title=\"Oulankajoen sivuhaara Ansak\u00e4mp\u00e4n l\u00e4hell\u00e4.\" src=\"https:\/\/blogi.ennola.fi\/wp-content\/uploads\/2012\/09\/Kuusamo_Panorama47-1.jpg\" alt=\"\" width=\"480\" height=\"181\" srcset=\"https:\/\/blogi.ennola.fi\/wp-content\/uploads\/2012\/09\/Kuusamo_Panorama47-1.jpg 480w, https:\/\/blogi.ennola.fi\/wp-content\/uploads\/2012\/09\/Kuusamo_Panorama47-1-150x57.jpg 150w\" sizes=\"(max-width: 480px) 100vw, 480px\" \/><\/a><p id=\"caption-attachment-1410\" class=\"wp-caption-text\">Oulankajoen sivuhaara Ansak\u00e4mp\u00e4n l\u00e4hell\u00e4.<\/p><\/div>\n<div id=\"attachment_1399\" style=\"width: 490px\" class=\"wp-caption aligncenter\"><a href=\"https:\/\/blogi.ennola.fi\/wp-content\/uploads\/2012\/09\/Kuusamo_Panorama41.jpg\" rel=\"lightbox[1323]\"><img loading=\"lazy\" decoding=\"async\" aria-describedby=\"caption-attachment-1399\" class=\"wp-image-1399 size-full\" title=\"Pieni mets\u00e4puro.\" src=\"https:\/\/blogi.ennola.fi\/wp-content\/uploads\/2012\/09\/Kuusamo_Panorama45-1.jpg\" alt=\"\" width=\"480\" height=\"140\" srcset=\"https:\/\/blogi.ennola.fi\/wp-content\/uploads\/2012\/09\/Kuusamo_Panorama45-1.jpg 480w, https:\/\/blogi.ennola.fi\/wp-content\/uploads\/2012\/09\/Kuusamo_Panorama45-1-150x44.jpg 150w\" sizes=\"(max-width: 480px) 100vw, 480px\" \/><\/a><p id=\"caption-attachment-1399\" class=\"wp-caption-text\">Pieni mets\u00e4puro.<\/p><\/div>\n<div id=\"attachment_1407\" style=\"width: 490px\" class=\"wp-caption aligncenter\"><a href=\"https:\/\/blogi.ennola.fi\/wp-content\/uploads\/2012\/09\/Kuusamo_Panorama50.jpg\" rel=\"lightbox[1323]\"><img loading=\"lazy\" decoding=\"async\" aria-describedby=\"caption-attachment-1407\" class=\"wp-image-1407 size-full\" title=\"Oulankajoen mutka aamuisessa tihkusateessa.\" src=\"https:\/\/blogi.ennola.fi\/wp-content\/uploads\/2012\/09\/Kuusamo_Panorama38-1.jpg\" alt=\"\" width=\"480\" height=\"166\" srcset=\"https:\/\/blogi.ennola.fi\/wp-content\/uploads\/2012\/09\/Kuusamo_Panorama38-1.jpg 480w, https:\/\/blogi.ennola.fi\/wp-content\/uploads\/2012\/09\/Kuusamo_Panorama38-1-150x52.jpg 150w\" sizes=\"(max-width: 480px) 100vw, 480px\" \/><\/a><p id=\"caption-attachment-1407\" class=\"wp-caption-text\">Oulankajoen mutka aamuisessa tihkusateessa.<\/p><\/div>\n<div id=\"attachment_1398\" style=\"width: 490px\" class=\"wp-caption aligncenter\"><a href=\"https:\/\/blogi.ennola.fi\/wp-content\/uploads\/2012\/09\/Kuusamo_Panorama40.jpg\" rel=\"lightbox[1323]\"><img loading=\"lazy\" decoding=\"async\" aria-describedby=\"caption-attachment-1398\" class=\"wp-image-1398 size-full\" title=\"Venn\u00e4\u00e4nmutka ja P\u00e4\u00e4hk\u00e4n\u00e4nkallio Kitkajoessa.\" src=\"https:\/\/blogi.ennola.fi\/wp-content\/uploads\/2012\/09\/Kuusamo_Panorama48-1.jpg\" alt=\"\" width=\"480\" height=\"136\" srcset=\"https:\/\/blogi.ennola.fi\/wp-content\/uploads\/2012\/09\/Kuusamo_Panorama48-1.jpg 480w, https:\/\/blogi.ennola.fi\/wp-content\/uploads\/2012\/09\/Kuusamo_Panorama48-1-150x43.jpg 150w\" sizes=\"(max-width: 480px) 100vw, 480px\" \/><\/a><p id=\"caption-attachment-1398\" class=\"wp-caption-text\">Venn\u00e4\u00e4nmutka ja P\u00e4\u00e4hk\u00e4n\u00e4nkallio Kitkajoessa.<\/p><\/div>\n<div id=\"attachment_1406\" style=\"width: 490px\" class=\"wp-caption aligncenter\"><a href=\"https:\/\/blogi.ennola.fi\/wp-content\/uploads\/2012\/09\/Kuusamo_Panorama49.jpg\" rel=\"lightbox[1323]\"><img loading=\"lazy\" decoding=\"async\" aria-describedby=\"caption-attachment-1406\" class=\"wp-image-1406 size-full\" title=\"Kitkajoen kanjoni Jyr\u00e4v\u00e4n alapuolella.\" src=\"https:\/\/blogi.ennola.fi\/wp-content\/uploads\/2012\/09\/Kuusamo_Panorama39-1.jpg\" alt=\"\" width=\"480\" height=\"178\" srcset=\"https:\/\/blogi.ennola.fi\/wp-content\/uploads\/2012\/09\/Kuusamo_Panorama39-1.jpg 480w, https:\/\/blogi.ennola.fi\/wp-content\/uploads\/2012\/09\/Kuusamo_Panorama39-1-150x56.jpg 150w\" sizes=\"(max-width: 480px) 100vw, 480px\" \/><\/a><p id=\"caption-attachment-1406\" class=\"wp-caption-text\">Kitkajoen kanjoni Jyr\u00e4v\u00e4n alapuolella.<\/p><\/div>\n","protected":false},"excerpt":{"rendered":"<p>Elokuun lopulla teimme taas opiskelijoiden kanssa vaelluksen Olangan kansallispuistoon. Edellisvuosien tapaan seurailimme Karhunkierroksen reitti\u00e4. Nyt tosin aikaa oli k\u00e4ytett\u00e4viss\u00e4 yksi p\u00e4iv\u00e4 enemm\u00e4n, joten aloitimme vaelluksen Ristikallion l\u00e4ht\u00f6paikalta. Vaelluksen&#8230;<\/p>\n","protected":false},"author":1,"featured_media":1381,"comment_status":"open","ping_status":"open","sticky":false,"template":"","format":"standard","meta":{"footnotes":""},"categories":[10,4,27],"tags":[],"_links":{"self":[{"href":"https:\/\/blogi.ennola.fi\/index.php?rest_route=\/wp\/v2\/posts\/1323"}],"collection":[{"href":"https:\/\/blogi.ennola.fi\/index.php?rest_route=\/wp\/v2\/posts"}],"about":[{"href":"https:\/\/blogi.ennola.fi\/index.php?rest_route=\/wp\/v2\/types\/post"}],"author":[{"embeddable":true,"href":"https:\/\/blogi.ennola.fi\/index.php?rest_route=\/wp\/v2\/users\/1"}],"replies":[{"embeddable":true,"href":"https:\/\/blogi.ennola.fi\/index.php?rest_route=%2Fwp%2Fv2%2Fcomments&post=1323"}],"version-history":[{"count":7,"href":"https:\/\/blogi.ennola.fi\/index.php?rest_route=\/wp\/v2\/posts\/1323\/revisions"}],"predecessor-version":[{"id":5259,"href":"https:\/\/blogi.ennola.fi\/index.php?rest_route=\/wp\/v2\/posts\/1323\/revisions\/5259"}],"wp:featuredmedia":[{"embeddable":true,"href":"https:\/\/blogi.ennola.fi\/index.php?rest_route=\/wp\/v2\/media\/1381"}],"wp:attachment":[{"href":"https:\/\/blogi.ennola.fi\/index.php?rest_route=%2Fwp%2Fv2%2Fmedia&parent=1323"}],"wp:term":[{"taxonomy":"category","embeddable":true,"href":"https:\/\/blogi.ennola.fi\/index.php?rest_route=%2Fwp%2Fv2%2Fcategories&post=1323"},{"taxonomy":"post_tag","embeddable":true,"href":"https:\/\/blogi.ennola.fi\/index.php?rest_route=%2Fwp%2Fv2%2Ftags&post=1323"}],"curies":[{"name":"wp","href":"https:\/\/api.w.org\/{rel}","templated":true}]}}