{"id":1327,"date":"2012-08-12T08:12:24","date_gmt":"2012-08-12T05:12:24","guid":{"rendered":"https:\/\/blogi.ennola.fi\/?p=1327"},"modified":"2020-06-07T21:50:18","modified_gmt":"2020-06-07T18:50:18","slug":"seikkailukasvatuksellinen-melontaretki","status":"publish","type":"post","link":"https:\/\/blogi.ennola.fi\/?p=1327","title":{"rendered":"Seikkailukasvatuksellinen melontaretki"},"content":{"rendered":"<p>Kes\u00e4kuun alussa osallistuin Seikkailukasvatuksen erikoisopintojen yhteydess\u00e4 nelj\u00e4n p\u00e4iv\u00e4n melontaretkelle Per\u00e4meren saaristoon.\u00a0 Retki oli my\u00f6s osa melonnanohjaaja koulutusta.<\/p>\n<p><a href=\"https:\/\/blogi.ennola.fi\/wp-content\/uploads\/2012\/08\/IMG_7380.jpg\" rel=\"lightbox[1327]\"><img loading=\"lazy\" decoding=\"async\" class=\"aligncenter wp-image-1557 size-full\" src=\"https:\/\/blogi.ennola.fi\/wp-content\/uploads\/2012\/08\/IMG_7380-1.jpg\" alt=\"\" width=\"450\" height=\"326\" srcset=\"https:\/\/blogi.ennola.fi\/wp-content\/uploads\/2012\/08\/IMG_7380-1.jpg 450w, https:\/\/blogi.ennola.fi\/wp-content\/uploads\/2012\/08\/IMG_7380-1-150x109.jpg 150w\" sizes=\"(max-width: 450px) 100vw, 450px\" \/><\/a><\/p>\n<p>L\u00e4hdimme matkaan Per\u00e4pohjolan opiston rannasta ja laskimme kajakeillamme Torniojokea alas. Virta oli melko voimakas ja maantiesillan kohdalla virta muodosti jo pienen kosken. Torniojoessa oli viel\u00e4 hieman j\u00e4ljell\u00e4 kev\u00e4ttulvaa ja itselleni el\u00e4mykseksi muodostui voimakkaassa isossa virrassa melominen. Tornionjoen virta jatkui voimakkaana yll\u00e4tt\u00e4v\u00e4n pitk\u00e4lle suistoalueella ja olosuhteet muistuttivat tavallaan Vienanmerell\u00e4 kokemaani vuorovesi-ilmi\u00f6t\u00e4.<\/p>\n<div id=\"attachment_1576\" style=\"width: 354px\" class=\"wp-caption aligncenter\"><a href=\"https:\/\/blogi.ennola.fi\/wp-content\/uploads\/2012\/08\/IMG_7220-1.jpg\" rel=\"lightbox[1327]\"><img loading=\"lazy\" decoding=\"async\" aria-describedby=\"caption-attachment-1576\" class=\"wp-image-1576 size-full\" title=\"Ruuan laittoa sadekatoksessa.\" src=\"https:\/\/blogi.ennola.fi\/wp-content\/uploads\/2012\/08\/IMG_7220.jpg\" alt=\"\" width=\"344\" height=\"400\" srcset=\"https:\/\/blogi.ennola.fi\/wp-content\/uploads\/2012\/08\/IMG_7220.jpg 344w, https:\/\/blogi.ennola.fi\/wp-content\/uploads\/2012\/08\/IMG_7220-129x150.jpg 129w\" sizes=\"(max-width: 344px) 100vw, 344px\" \/><\/a><p id=\"caption-attachment-1576\" class=\"wp-caption-text\">Ruuan laittoa sadekatoksessa.<\/p><\/div>\n<p>Y\u00f6ksi asetuimme Pr\u00e4nn\u00e4rinniemen laavulle. Illalla alkoi sataa ja asetuimme ryhmiemme omiin sadekatoksiin pit\u00e4m\u00e4\u00e4n sadetta ja laittamaan ruokaa. Ennen nukkumaan menoa pidimme lyhyen yhteisen palaverin laavulla, jonka j\u00e4lkeen Kaitsu piti demostraation aiheesta How To Shit In Woods. Hieman liioitellulta tuntui omien j\u00e4t\u00f6sten kaivaminen maahan, mutta t\u00e4n\u00e4 kes\u00e4n\u00e4 kyll\u00e4 vakuutuin sen tarpeellisuudesta vierailtuani Repovedell\u00e4 parilla leiripaikalla, joissa ei ollut huussia.<\/p>\n<p><a href=\"https:\/\/blogi.ennola.fi\/wp-content\/uploads\/2012\/08\/IMG_7209-1.jpg\" rel=\"lightbox[1327]\"><img loading=\"lazy\" decoding=\"async\" class=\"aligncenter wp-image-1575 size-full\" src=\"https:\/\/blogi.ennola.fi\/wp-content\/uploads\/2012\/08\/IMG_7209.jpg\" alt=\"\" width=\"300\" height=\"400\" srcset=\"https:\/\/blogi.ennola.fi\/wp-content\/uploads\/2012\/08\/IMG_7209.jpg 300w, https:\/\/blogi.ennola.fi\/wp-content\/uploads\/2012\/08\/IMG_7209-113x150.jpg 113w\" sizes=\"(max-width: 300px) 100vw, 300px\" \/><\/a><\/p>\n<p>Aamulla leiripaikassa tuuli ei viel\u00e4 tuntunut erityisen kovalta. L\u00e4hdetty\u00e4mme liikkeelle R\u00f6yt\u00e4n sataman tarjoamasta suojasta kaakkoistuuli sai nostettua melkoisen aallokon. Ennen p\u00e4\u00e4semist\u00e4mme Hanhen k\u00e4rjen tarjoamaan suojaan saimme tosissamme harjoitella kunnon aallokkomelontaa. Vahingoilta onneksi v\u00e4ltyttiin ja illalla useimmat pitiv\u00e4t p\u00e4iv\u00e4n parhaana el\u00e4myksen\u00e4 juuri tuota aallokkoa.<\/p>\n<div id=\"attachment_1564\" style=\"width: 460px\" class=\"wp-caption aligncenter\"><a href=\"https:\/\/blogi.ennola.fi\/wp-content\/uploads\/2012\/08\/IMG_7242.jpg\" rel=\"lightbox[1327]\"><img loading=\"lazy\" decoding=\"async\" aria-describedby=\"caption-attachment-1564\" class=\"wp-image-1564 size-full\" title=\"Kaitsu opastaa oikeissa melaotteissa.\" src=\"https:\/\/blogi.ennola.fi\/wp-content\/uploads\/2012\/08\/IMG_7242-1.jpg\" alt=\"\" width=\"450\" height=\"332\" srcset=\"https:\/\/blogi.ennola.fi\/wp-content\/uploads\/2012\/08\/IMG_7242-1.jpg 450w, https:\/\/blogi.ennola.fi\/wp-content\/uploads\/2012\/08\/IMG_7242-1-150x111.jpg 150w\" sizes=\"(max-width: 450px) 100vw, 450px\" \/><\/a><p id=\"caption-attachment-1564\" class=\"wp-caption-text\">Kaitsu opastaa oikeissa melaotteissa.<\/p><\/div>\n<p>P\u00e4iv\u00e4ll\u00e4 saavuimme Torne Fur\u00f6lle, jossa pidimme ruokatauon ja k\u00e4vimme harjoittelemassa suuntiman ottamista ja kartan lukua saaren toisella laidalla. Kello oli sen j\u00e4lkeen jo niin paljon, ettemme en\u00e4\u00e4 l\u00e4hteneet jatkamaan alkuper\u00e4isen suunnitelman mukaisesti Stora Hamnsk\u00e4rille, vaan j\u00e4imme t\u00e4nne y\u00f6pym\u00e4\u00e4n. Illalla teimme viel\u00e4 iltalenkin l\u00e4himpien saarien ymp\u00e4ri, jolloin tuulikin oli jo melkoisesti tyyntynyt.<\/p>\n<div id=\"attachment_1566\" style=\"width: 460px\" class=\"wp-caption aligncenter\"><a href=\"https:\/\/blogi.ennola.fi\/wp-content\/uploads\/2012\/08\/IMG_7230.jpg\" rel=\"lightbox[1327]\"><img loading=\"lazy\" decoding=\"async\" aria-describedby=\"caption-attachment-1566\" class=\"wp-image-1566 size-full\" title=\"Kartanlukuharjoituksia.\" src=\"https:\/\/blogi.ennola.fi\/wp-content\/uploads\/2012\/08\/IMG_7230-1.jpg\" alt=\"\" width=\"450\" height=\"338\" srcset=\"https:\/\/blogi.ennola.fi\/wp-content\/uploads\/2012\/08\/IMG_7230-1.jpg 450w, https:\/\/blogi.ennola.fi\/wp-content\/uploads\/2012\/08\/IMG_7230-1-150x113.jpg 150w\" sizes=\"(max-width: 450px) 100vw, 450px\" \/><\/a><p id=\"caption-attachment-1566\" class=\"wp-caption-text\">Kartanlukuharjoituksia.<\/p><\/div>\n<div id=\"attachment_1569\" style=\"width: 460px\" class=\"wp-caption aligncenter\"><a href=\"https:\/\/blogi.ennola.fi\/wp-content\/uploads\/2012\/08\/IMG_7273.jpg\" rel=\"lightbox[1327]\"><img loading=\"lazy\" decoding=\"async\" aria-describedby=\"caption-attachment-1569\" class=\"wp-image-1569 size-full\" title=\"Kaitsu mittailee tuulta.\" src=\"https:\/\/blogi.ennola.fi\/wp-content\/uploads\/2012\/08\/IMG_7273-1.jpg\" alt=\"\" width=\"450\" height=\"326\" srcset=\"https:\/\/blogi.ennola.fi\/wp-content\/uploads\/2012\/08\/IMG_7273-1.jpg 450w, https:\/\/blogi.ennola.fi\/wp-content\/uploads\/2012\/08\/IMG_7273-1-150x109.jpg 150w\" sizes=\"(max-width: 450px) 100vw, 450px\" \/><\/a><p id=\"caption-attachment-1569\" class=\"wp-caption-text\">Kaitsu mittailee tuulta.<\/p><\/div>\n<p>Seuraavana p\u00e4iv\u00e4n\u00e4 oli minun ja Jennin ohjausvuorot, joten k\u00e4vimme Kaitsun ja Eevan kanssa pitk\u00e4t keskustelut seuraavan p\u00e4iv\u00e4n melontasuunnitelmista. P\u00e4\u00e4dyimme palaamaan y\u00f6pym\u00e4\u00e4n samaan saareen takaisin. Pohdimme melko pitk\u00e4\u00e4n sit\u00e4, purkaisimmeko leirin kokonaan vai ottaisimmeko mukaan vain minimivarustuksen, jolla kuitenkin h\u00e4t\u00e4tilanteessa olisi ollut mahdollista y\u00f6py\u00e4 toisellakin saarella. Itse kannatin koko leirin purkua, Kaitsu olisi l\u00e4htenyt minimivarustuksella. Kuitenkin, kun rupesimme listaamaan tuota minimivarustusta, alkoi tuntua ett\u00e4 helpommalla p\u00e4\u00e4see, kun otetaan kaikki varusteet mukaan. Samalla voisimme pystytt\u00e4\u00e4 leirin hieman eri paikkaan kuin nyt, mik\u00e4 voisi olla perusteltua luonnon kulumisen v\u00e4ltt\u00e4miseksi.<\/p>\n<div id=\"attachment_1560\" style=\"width: 460px\" class=\"wp-caption aligncenter\"><a href=\"https:\/\/blogi.ennola.fi\/wp-content\/uploads\/2012\/08\/IMG_7282.jpg\" rel=\"lightbox[1327]\"><img loading=\"lazy\" decoding=\"async\" aria-describedby=\"caption-attachment-1560\" class=\"wp-image-1560 size-full\" title=\"Nuotiolla reflektoimassa.\" src=\"https:\/\/blogi.ennola.fi\/wp-content\/uploads\/2012\/08\/IMG_7282-1.jpg\" alt=\"\" width=\"450\" height=\"338\" srcset=\"https:\/\/blogi.ennola.fi\/wp-content\/uploads\/2012\/08\/IMG_7282-1.jpg 450w, https:\/\/blogi.ennola.fi\/wp-content\/uploads\/2012\/08\/IMG_7282-1-150x113.jpg 150w\" sizes=\"(max-width: 450px) 100vw, 450px\" \/><\/a><p id=\"caption-attachment-1560\" class=\"wp-caption-text\">Nuotiolla reflektoimassa.<\/p><\/div>\n<p>Maanantai alkoi Jennin ohjausvuorolla ja min\u00e4 k\u00e4ytin aikaani tarkkailemalla ryhm\u00e4\u00e4. Hiukan katselin sit\u00e4 kenen jaksamista kannattaisi omalla ohjausvuorollaan tarkkailla eniten. S\u00e4\u00e4 oli tyyntynyt l\u00e4hes t\u00e4ysin ja melontas\u00e4\u00e4 oli kutakuinkin t\u00e4ydellinen. Jo nyt aamup\u00e4iv\u00e4ll\u00e4 n\u00e4imme ensimm\u00e4iset hylkeet Klauksen ja Sipin v\u00e4lisill\u00e4 luodoilla. Yrityksest\u00e4 huolimatta, en varmuudella saanut niit\u00e4 m\u00e4\u00e4ritetty\u00e4. Ruokatauolle rantauduimme Lilla Hamnsk\u00e4rin rantaan.<\/p>\n<p><a href=\"https:\/\/blogi.ennola.fi\/wp-content\/uploads\/2012\/08\/IMG_7247.jpg\" rel=\"lightbox[1327]\"><img loading=\"lazy\" decoding=\"async\" class=\"aligncenter wp-image-1567 size-full\" src=\"https:\/\/blogi.ennola.fi\/wp-content\/uploads\/2012\/08\/IMG_7247-1.jpg\" alt=\"\" width=\"450\" height=\"334\" srcset=\"https:\/\/blogi.ennola.fi\/wp-content\/uploads\/2012\/08\/IMG_7247-1.jpg 450w, https:\/\/blogi.ennola.fi\/wp-content\/uploads\/2012\/08\/IMG_7247-1-150x111.jpg 150w\" sizes=\"(max-width: 450px) 100vw, 450px\" \/><\/a><\/p>\n<p><a href=\"https:\/\/blogi.ennola.fi\/wp-content\/uploads\/2012\/08\/IMG_7252.jpg\" rel=\"lightbox[1327]\"><img loading=\"lazy\" decoding=\"async\" class=\"aligncenter wp-image-1568 size-full\" src=\"https:\/\/blogi.ennola.fi\/wp-content\/uploads\/2012\/08\/IMG_7252-1.jpg\" alt=\"\" width=\"300\" height=\"400\" srcset=\"https:\/\/blogi.ennola.fi\/wp-content\/uploads\/2012\/08\/IMG_7252-1.jpg 300w, https:\/\/blogi.ennola.fi\/wp-content\/uploads\/2012\/08\/IMG_7252-1-113x150.jpg 113w\" sizes=\"(max-width: 300px) 100vw, 300px\" \/><\/a><\/p>\n<p>Minun ohjausvuoroni alkoi puolilta p\u00e4ivin. Jaoin ryhm\u00e4lle paikat ja l\u00e4hdimme kiert\u00e4m\u00e4\u00e4n Lilla Hamnsk\u00e4ri\u00e4 ymp\u00e4ri. Kaitsu tuli melomaan rinnalleni ja keskustelimme kaiken n\u00e4k\u00f6isist\u00e4 asioista aiheeseen liittyen ja v\u00e4h\u00e4n sen vierest\u00e4kin.<\/p>\n<div id=\"attachment_1570\" style=\"width: 307px\" class=\"wp-caption aligncenter\"><a href=\"https:\/\/blogi.ennola.fi\/wp-content\/uploads\/2012\/08\/IMG_7354.jpg\" rel=\"lightbox[1327]\"><img loading=\"lazy\" decoding=\"async\" aria-describedby=\"caption-attachment-1570\" class=\"wp-image-1570 size-full\" title=\"Merimerkkien opiskelua.\" src=\"https:\/\/blogi.ennola.fi\/wp-content\/uploads\/2012\/08\/IMG_7354-1.jpg\" alt=\"\" width=\"297\" height=\"400\" srcset=\"https:\/\/blogi.ennola.fi\/wp-content\/uploads\/2012\/08\/IMG_7354-1.jpg 297w, https:\/\/blogi.ennola.fi\/wp-content\/uploads\/2012\/08\/IMG_7354-1-111x150.jpg 111w\" sizes=\"(max-width: 297px) 100vw, 297px\" \/><\/a><p id=\"caption-attachment-1570\" class=\"wp-caption-text\">Merimerkkien opiskelua.<\/p><\/div>\n<p>Melko pian h\u00e4n pudotti pommin kysyess\u00e4\u00e4n mik\u00e4 mulla on p\u00e4iv\u00e4n agendana. Mieless\u00e4ni en ollut ajatellutkaan moista, joten v\u00e4h\u00e4n aikaan mietin, mit\u00e4 sellaista osaisin, josta pystyisin noin yll\u00e4tt\u00e4en vet\u00e4m\u00e4\u00e4n, jotain ohjauksellista. Suunnistus ja navigointi nyt ainakin oli sellaisia asioita. Niinp\u00e4 pys\u00e4ytin ryhm\u00e4mme Stora Hamnsk\u00e4rin etel\u00e4puolelle ja annoin teht\u00e4v\u00e4ksi m\u00e4\u00e4ritt\u00e4\u00e4 sijaintimme ja pyrki\u00e4 tunnistamaan l\u00e4hist\u00f6n saaria.<\/p>\n<p><a href=\"https:\/\/blogi.ennola.fi\/wp-content\/uploads\/2012\/08\/IMG_7379.jpg\" rel=\"lightbox[1327]\"><img loading=\"lazy\" decoding=\"async\" class=\"aligncenter wp-image-1559 size-full\" src=\"https:\/\/blogi.ennola.fi\/wp-content\/uploads\/2012\/08\/IMG_7379-1.jpg\" alt=\"\" width=\"450\" height=\"338\" srcset=\"https:\/\/blogi.ennola.fi\/wp-content\/uploads\/2012\/08\/IMG_7379-1.jpg 450w, https:\/\/blogi.ennola.fi\/wp-content\/uploads\/2012\/08\/IMG_7379-1-150x113.jpg 150w\" sizes=\"(max-width: 450px) 100vw, 450px\" \/><\/a><\/p>\n<p>Et\u00e4isyyksien arviointi osoittautui varsin hankalaksi matalasta kajakista k\u00e4sin.\u00a0 Etenkin puuttomien luotojen arviointi, joissa ei ollut mit\u00e4\u00e4n antamassa mittakaavaa. Tyynell\u00e4 edes aallot ei auta mittakaavan muodostamisessa. My\u00f6s muutamat luodot n\u00e4yttiv\u00e4t sulautuvan t\u00e4ysin takanaan oleviin saariin ja joistain rakennuksista oli l\u00e4hes mahdotonta n\u00e4hd\u00e4 oivatko ne kyseisell\u00e4 luodolla vai sen takana.<\/p>\n<p><a href=\"https:\/\/blogi.ennola.fi\/wp-content\/uploads\/2012\/08\/IMG_7376.jpg\" rel=\"lightbox[1327]\"><img loading=\"lazy\" decoding=\"async\" class=\"aligncenter wp-image-1573 size-full\" src=\"https:\/\/blogi.ennola.fi\/wp-content\/uploads\/2012\/08\/IMG_7376-1.jpg\" alt=\"\" width=\"450\" height=\"338\" srcset=\"https:\/\/blogi.ennola.fi\/wp-content\/uploads\/2012\/08\/IMG_7376-1.jpg 450w, https:\/\/blogi.ennola.fi\/wp-content\/uploads\/2012\/08\/IMG_7376-1-150x113.jpg 150w\" sizes=\"(max-width: 450px) 100vw, 450px\" \/><\/a><\/p>\n<p>Matkalla Torne Fur\u00f6lle pys\u00e4hdyimme muutaman kerran viel\u00e4 tutkimaan karttaa lyhyesti yhdess\u00e4. Torne Fur\u00f6n ja Stora Hamnsk\u00e4rin v\u00e4lisill\u00e4 luodoilla p\u00e4\u00e4simme ihastelemaan useasti hylkeit\u00e4. Ne yksil\u00f6t, joiden p\u00e4\u00e4n p\u00e4\u00e4sin kunnolla n\u00e4kem\u00e4\u00e4n, olivat mielest\u00e4ni ainakin norppia. Ne lekottelivat saarten v\u00e4lisill\u00e4 pienill\u00e4 vesikivill\u00e4 siell\u00e4 t\u00e4\u00e4ll\u00e4. En koskaan ennen ollut p\u00e4\u00e4ssyt n\u00e4kem\u00e4\u00e4n norppia yht\u00e4 hienosti.<\/p>\n<div id=\"attachment_1572\" style=\"width: 460px\" class=\"wp-caption aligncenter\"><a href=\"https:\/\/blogi.ennola.fi\/wp-content\/uploads\/2012\/08\/IMG_7372.jpg\" rel=\"lightbox[1327]\"><img loading=\"lazy\" decoding=\"async\" aria-describedby=\"caption-attachment-1572\" class=\"wp-image-1572 size-full\" title=\"Kaitsu melomassa.\" src=\"https:\/\/blogi.ennola.fi\/wp-content\/uploads\/2012\/08\/IMG_7372-1.jpg\" alt=\"\" width=\"450\" height=\"330\" srcset=\"https:\/\/blogi.ennola.fi\/wp-content\/uploads\/2012\/08\/IMG_7372-1.jpg 450w, https:\/\/blogi.ennola.fi\/wp-content\/uploads\/2012\/08\/IMG_7372-1-150x110.jpg 150w\" sizes=\"(max-width: 450px) 100vw, 450px\" \/><\/a><p id=\"caption-attachment-1572\" class=\"wp-caption-text\">Kaitsu melomassa.<\/p><\/div>\n<p>Akin ehdotuksesta kiersimme Torne Fur\u00f6n viel\u00e4 toiselta puolelta kuin aamulla. Kaitsun mielest\u00e4 my\u00f6nnyin liian helposti ryhm\u00e4st\u00e4 tulleeseen ehdotukseen. Kuitenkin, koska mielest\u00e4ni meill\u00e4 oli aikaa tehd\u00e4 tuo varsin pieni lis\u00e4lenkki ja minulle ei muutakaan perusteltua syyt\u00e4 ollut sit\u00e4 kielt\u00e4\u00e4, niin siihen oli helppo my\u00f6nty\u00e4. Olinhan itsekin tuota miettinyt, mutta ajattelin ryhm\u00e4n jo kaipaavaan leiriin mahdollisimman pian.<\/p>\n<p><a href=\"https:\/\/blogi.ennola.fi\/wp-content\/uploads\/2012\/08\/IMG_7221.jpg\" rel=\"lightbox[1327]\"><img loading=\"lazy\" decoding=\"async\" class=\"aligncenter wp-image-1565 size-full\" src=\"https:\/\/blogi.ennola.fi\/wp-content\/uploads\/2012\/08\/IMG_7221-1.jpg\" alt=\"\" width=\"450\" height=\"338\" srcset=\"https:\/\/blogi.ennola.fi\/wp-content\/uploads\/2012\/08\/IMG_7221-1.jpg 450w, https:\/\/blogi.ennola.fi\/wp-content\/uploads\/2012\/08\/IMG_7221-1-150x113.jpg 150w\" sizes=\"(max-width: 450px) 100vw, 450px\" \/><\/a><\/p>\n<p>Saaren toisella rannalla oli kalastajien tukikohta, jonka ymp\u00e4rist\u00f6ss\u00e4 saimme v\u00e4istell\u00e4 rysien naruja. Tukikohdan kohdalla tein pienen koukkauksen sen ohi, jotta olisimme n\u00e4hneet rannalla olleita rysi\u00e4. Koukkauksen tarkoitus j\u00e4i muille v\u00e4h\u00e4n ep\u00e4selv\u00e4ksi ja lis\u00e4ksi, kun lopussa hieman hidastin vauhtia varoessani pyydyksi\u00e4, olivat muut hieman h\u00e4mmennyksiss\u00e4, mit\u00e4 tapahtuu ja mihin olimme menossa y\u00f6t\u00e4. \u2013 Hyv\u00e4n tiedottamisen merkityst\u00e4 ei koskaan voi yliarvioida.<\/p>\n<p><a href=\"https:\/\/blogi.ennola.fi\/wp-content\/uploads\/2012\/08\/IMG_7407.jpg\" rel=\"lightbox[1327]\"><img loading=\"lazy\" decoding=\"async\" class=\"aligncenter wp-image-1558 size-full\" src=\"https:\/\/blogi.ennola.fi\/wp-content\/uploads\/2012\/08\/IMG_7407-1.jpg\" alt=\"\" width=\"450\" height=\"323\" srcset=\"https:\/\/blogi.ennola.fi\/wp-content\/uploads\/2012\/08\/IMG_7407-1.jpg 450w, https:\/\/blogi.ennola.fi\/wp-content\/uploads\/2012\/08\/IMG_7407-1-150x108.jpg 150w\" sizes=\"(max-width: 450px) 100vw, 450px\" \/><\/a><\/p>\n<div id=\"attachment_1574\" style=\"width: 317px\" class=\"wp-caption aligncenter\"><a href=\"https:\/\/blogi.ennola.fi\/wp-content\/uploads\/2012\/08\/IMG_7405.jpg\" rel=\"lightbox[1327]\"><img loading=\"lazy\" decoding=\"async\" aria-describedby=\"caption-attachment-1574\" class=\"wp-image-1574 size-full\" title=\"Kajakin pakkausta.\" src=\"https:\/\/blogi.ennola.fi\/wp-content\/uploads\/2012\/08\/IMG_7405-1.jpg\" alt=\"\" width=\"307\" height=\"400\" srcset=\"https:\/\/blogi.ennola.fi\/wp-content\/uploads\/2012\/08\/IMG_7405-1.jpg 307w, https:\/\/blogi.ennola.fi\/wp-content\/uploads\/2012\/08\/IMG_7405-1-115x150.jpg 115w\" sizes=\"(max-width: 307px) 100vw, 307px\" \/><\/a><p id=\"caption-attachment-1574\" class=\"wp-caption-text\">Kajakin pakkausta.<\/p><\/div>\n<p>Illalla leiriss\u00e4 opettelimme hypopussukoiden tekoa tilanteessa, jossa jotakuta uhkaa alil\u00e4mp\u00f6isyys. Emme k\u00e4ytt\u00e4neet siihen valmiita ratkaisuja vaan hy\u00f6dynsimme niit\u00e4 tarvikkeita mit\u00e4 meill\u00e4 oli: makuupusseja, juomapulloja ja pressuja.<\/p>\n<div id=\"attachment_1561\" style=\"width: 310px\" class=\"wp-caption aligncenter\"><a href=\"https:\/\/blogi.ennola.fi\/wp-content\/uploads\/2012\/08\/IMG_7393.jpg\" rel=\"lightbox[1327]\"><img loading=\"lazy\" decoding=\"async\" aria-describedby=\"caption-attachment-1561\" class=\"wp-image-1561 size-full\" title=\"Ville hypotermiapussukassa.\" src=\"https:\/\/blogi.ennola.fi\/wp-content\/uploads\/2012\/08\/IMG_7393-1.jpg\" alt=\"\" width=\"300\" height=\"400\" srcset=\"https:\/\/blogi.ennola.fi\/wp-content\/uploads\/2012\/08\/IMG_7393-1.jpg 300w, https:\/\/blogi.ennola.fi\/wp-content\/uploads\/2012\/08\/IMG_7393-1-113x150.jpg 113w\" sizes=\"(max-width: 300px) 100vw, 300px\" \/><\/a><p id=\"caption-attachment-1561\" class=\"wp-caption-text\">Ville hypotermiapussukassa.<\/p><\/div>\n<p>Illalla kiikaroimme my\u00f6s hylkeit\u00e4, joita oli kertynyt useita yksil\u00f6it\u00e4 edustallamme olleille kivikoille lep\u00e4ilem\u00e4\u00e4n. Nyt joukosta l\u00f6ytyi my\u00f6s selvi\u00e4 harmaahylkeit\u00e4kin. Olisivatkohan ne kertyneet odottelemaan Tornionjokeen nousevia lohia?<\/p>\n<div id=\"attachment_1563\" style=\"width: 490px\" class=\"wp-caption aligncenter\"><a href=\"https:\/\/blogi.ennola.fi\/wp-content\/uploads\/2012\/08\/IMG_7382.jpg\" rel=\"lightbox[1327]\"><img loading=\"lazy\" decoding=\"async\" aria-describedby=\"caption-attachment-1563\" class=\"wp-image-1563 size-full\" title=\"Norppa kivien joukossa.\" src=\"https:\/\/blogi.ennola.fi\/wp-content\/uploads\/2012\/08\/IMG_7382-1.jpg\" alt=\"\" width=\"480\" height=\"258\" srcset=\"https:\/\/blogi.ennola.fi\/wp-content\/uploads\/2012\/08\/IMG_7382-1.jpg 480w, https:\/\/blogi.ennola.fi\/wp-content\/uploads\/2012\/08\/IMG_7382-1-150x81.jpg 150w\" sizes=\"(max-width: 480px) 100vw, 480px\" \/><\/a><p id=\"caption-attachment-1563\" class=\"wp-caption-text\">Norppa kivien joukossa.<\/p><\/div>\n<p>Viimeisen\u00e4 aamuna minulle ja Samulille lankesi teht\u00e4v\u00e4ksi aamujumpan j\u00e4rjest\u00e4minen. Meid\u00e4n telttaryhm\u00e4 oli saanut lempinimekseen Fast and light, jonka mukaisesti Samuli keskittyi liikunnallisempiin teht\u00e4viin ja min\u00e4 kevyempiin jooga-tyyppisiin venytyksiin. Jostain ihmeen syyst\u00e4 varsinkin kissa-venytykset saavuttivat ansaittua suosiota.<\/p>\n<div id=\"attachment_1571\" style=\"width: 460px\" class=\"wp-caption aligncenter\"><a href=\"https:\/\/blogi.ennola.fi\/wp-content\/uploads\/2012\/08\/IMG_7357.jpg\" rel=\"lightbox[1327]\"><img loading=\"lazy\" decoding=\"async\" aria-describedby=\"caption-attachment-1571\" class=\"wp-image-1571 size-full\" title=\"Aamujumppaa Torne Fur\u00f6n rannassa.\" src=\"https:\/\/blogi.ennola.fi\/wp-content\/uploads\/2012\/08\/IMG_7357-1.jpg\" alt=\"\" width=\"450\" height=\"332\" srcset=\"https:\/\/blogi.ennola.fi\/wp-content\/uploads\/2012\/08\/IMG_7357-1.jpg 450w, https:\/\/blogi.ennola.fi\/wp-content\/uploads\/2012\/08\/IMG_7357-1-150x111.jpg 150w\" sizes=\"(max-width: 450px) 100vw, 450px\" \/><\/a><p id=\"caption-attachment-1571\" class=\"wp-caption-text\">Aamujumppaa Torne Fur\u00f6n rannassa.<\/p><\/div>\n<p>Viimeisen\u00e4 p\u00e4iv\u00e4n\u00e4 keskityimme melomaan loppupisteeseemme. Tuuli oli taas noussut ja jouduimme puskemaan vastatuuleen. Launinkarin etel\u00e4k\u00e4rjess\u00e4 pidimme ruokapaussin. Melko kova vastatuuli yhdistettyn\u00e4 kylm\u00e4\u00e4n veteen oli vienyt ryhm\u00e4lt\u00e4 voimia ja vet\u00e4j\u00e4n\u00e4 toiminut Aki p\u00e4\u00e4tti j\u00e4tt\u00e4\u00e4 loppuun suunnittelemansa suistoalueen melonnan v\u00e4liin.<\/p>\n<p><a href=\"https:\/\/blogi.ennola.fi\/wp-content\/uploads\/2012\/08\/IMG_7409.jpg\" rel=\"lightbox[1327]\"><img loading=\"lazy\" decoding=\"async\" class=\"aligncenter wp-image-1562 size-full\" src=\"https:\/\/blogi.ennola.fi\/wp-content\/uploads\/2012\/08\/IMG_7409-1.jpg\" alt=\"\" width=\"303\" height=\"400\" srcset=\"https:\/\/blogi.ennola.fi\/wp-content\/uploads\/2012\/08\/IMG_7409-1.jpg 303w, https:\/\/blogi.ennola.fi\/wp-content\/uploads\/2012\/08\/IMG_7409-1-114x150.jpg 114w\" sizes=\"(max-width: 303px) 100vw, 303px\" \/><\/a><\/p>\n<p>Viikinlahden satamassa nostimme kajakit yl\u00f6s ja alkoi retken vaarallisin osuus: kajakkien pakkaaminen korkeaan traileriin. Onneksi vahingoilta v\u00e4ltyttiin, vaikka l\u00e4helt\u00e4 piti -tapahtuma n\u00e4htiinkin. Siit\u00e4 ajoimme opistolle suorittamaan tarpeelliset varustehuollot.<\/p>\n","protected":false},"excerpt":{"rendered":"<p>Kes\u00e4kuun alussa osallistuin Seikkailukasvatuksen erikoisopintojen yhteydess\u00e4 nelj\u00e4n p\u00e4iv\u00e4n melontaretkelle Per\u00e4meren saaristoon.\u00a0 Retki oli my\u00f6s osa melonnanohjaaja koulutusta. L\u00e4hdimme matkaan Per\u00e4pohjolan opiston rannasta ja laskimme kajakeillamme Torniojokea alas. Virta&#8230;<\/p>\n","protected":false},"author":1,"featured_media":1580,"comment_status":"open","ping_status":"open","sticky":false,"template":"","format":"standard","meta":{"footnotes":""},"categories":[8,3,5],"tags":[],"_links":{"self":[{"href":"https:\/\/blogi.ennola.fi\/index.php?rest_route=\/wp\/v2\/posts\/1327"}],"collection":[{"href":"https:\/\/blogi.ennola.fi\/index.php?rest_route=\/wp\/v2\/posts"}],"about":[{"href":"https:\/\/blogi.ennola.fi\/index.php?rest_route=\/wp\/v2\/types\/post"}],"author":[{"embeddable":true,"href":"https:\/\/blogi.ennola.fi\/index.php?rest_route=\/wp\/v2\/users\/1"}],"replies":[{"embeddable":true,"href":"https:\/\/blogi.ennola.fi\/index.php?rest_route=%2Fwp%2Fv2%2Fcomments&post=1327"}],"version-history":[{"count":5,"href":"https:\/\/blogi.ennola.fi\/index.php?rest_route=\/wp\/v2\/posts\/1327\/revisions"}],"predecessor-version":[{"id":5014,"href":"https:\/\/blogi.ennola.fi\/index.php?rest_route=\/wp\/v2\/posts\/1327\/revisions\/5014"}],"wp:featuredmedia":[{"embeddable":true,"href":"https:\/\/blogi.ennola.fi\/index.php?rest_route=\/wp\/v2\/media\/1580"}],"wp:attachment":[{"href":"https:\/\/blogi.ennola.fi\/index.php?rest_route=%2Fwp%2Fv2%2Fmedia&parent=1327"}],"wp:term":[{"taxonomy":"category","embeddable":true,"href":"https:\/\/blogi.ennola.fi\/index.php?rest_route=%2Fwp%2Fv2%2Fcategories&post=1327"},{"taxonomy":"post_tag","embeddable":true,"href":"https:\/\/blogi.ennola.fi\/index.php?rest_route=%2Fwp%2Fv2%2Ftags&post=1327"}],"curies":[{"name":"wp","href":"https:\/\/api.w.org\/{rel}","templated":true}]}}