{"id":1337,"date":"2012-06-07T08:21:16","date_gmt":"2012-06-07T05:21:16","guid":{"rendered":"https:\/\/blogi.ennola.fi\/?p=1337"},"modified":"2020-07-02T14:21:15","modified_gmt":"2020-07-02T11:21:15","slug":"panomaarakuvia-peramerelta","status":"publish","type":"post","link":"https:\/\/blogi.ennola.fi\/?p=1337","title":{"rendered":"Panoraamakuvia Per\u00e4merelt\u00e4"},"content":{"rendered":"<p>Kes\u00e4kuun alun vietin melomassa muiden seikkailukasvatusopiskelijoiden kanssa Per\u00e4merell\u00e4 Haaparannan edustalla. Muutama ihan kelvollinen panoraamakuvakin tarttui kameraan. Huolimatta sateisista ja pilvisist\u00e4 p\u00e4ivist\u00e4 sunnuntai-illalle osui varsin n\u00e4ytt\u00e4v\u00e4 auringon lasku, jota saatoimme ihailla Torne Fur\u00f6n hiekkarannalta.<\/p>\n<div id=\"attachment_1429\" style=\"width: 490px\" class=\"wp-caption aligncenter\"><a href=\"https:\/\/blogi.ennola.fi\/wp-content\/uploads\/2012\/06\/Perameri_Panorama7.jpg\" rel=\"lightbox[1337]\"><img loading=\"lazy\" decoding=\"async\" aria-describedby=\"caption-attachment-1429\" class=\"wp-image-1429 size-full\" title=\"Torne Fur\u00f6n pohjoisk\u00e4rjen hiekkarantaa.\" src=\"https:\/\/blogi.ennola.fi\/wp-content\/uploads\/2012\/06\/Perameri_Panorama7-1.jpg\" alt=\"\" width=\"480\" height=\"139\" srcset=\"https:\/\/blogi.ennola.fi\/wp-content\/uploads\/2012\/06\/Perameri_Panorama7-1.jpg 480w, https:\/\/blogi.ennola.fi\/wp-content\/uploads\/2012\/06\/Perameri_Panorama7-1-150x43.jpg 150w\" sizes=\"(max-width: 480px) 100vw, 480px\" \/><\/a><p id=\"caption-attachment-1429\" class=\"wp-caption-text\">Torne Fur\u00f6n pohjoisk\u00e4rjen hiekkarantaa.<\/p><\/div>\n<div id=\"attachment_1428\" style=\"width: 490px\" class=\"wp-caption aligncenter\"><a href=\"https:\/\/blogi.ennola.fi\/wp-content\/uploads\/2012\/06\/Perameri_Panorama5.jpg\" rel=\"lightbox[1337]\"><img loading=\"lazy\" decoding=\"async\" aria-describedby=\"caption-attachment-1428\" class=\"wp-image-1428 size-full\" title=\"Hiekkaranta, jonk\u00e4 \u00e4\u00e4rell\u00e4 y\u00f6vyimme.\" src=\"https:\/\/blogi.ennola.fi\/wp-content\/uploads\/2012\/06\/Perameri_Panorama5-1.jpg\" alt=\"\" width=\"480\" height=\"131\" srcset=\"https:\/\/blogi.ennola.fi\/wp-content\/uploads\/2012\/06\/Perameri_Panorama5-1.jpg 480w, https:\/\/blogi.ennola.fi\/wp-content\/uploads\/2012\/06\/Perameri_Panorama5-1-150x41.jpg 150w\" sizes=\"(max-width: 480px) 100vw, 480px\" \/><\/a><p id=\"caption-attachment-1428\" class=\"wp-caption-text\">Hiekkaranta, jonk\u00e4 \u00e4\u00e4rell\u00e4 y\u00f6vyimme.<\/p><\/div>\n<p><a href=\"https:\/\/blogi.ennola.fi\/wp-content\/uploads\/2012\/06\/Perameri_Panorama1.jpg\" rel=\"lightbox[1337]\"><img loading=\"lazy\" decoding=\"async\" class=\"aligncenter wp-image-1431 size-full\" src=\"https:\/\/blogi.ennola.fi\/wp-content\/uploads\/2012\/06\/Perameri_Panorama1-1.jpg\" alt=\"\" width=\"480\" height=\"133\" srcset=\"https:\/\/blogi.ennola.fi\/wp-content\/uploads\/2012\/06\/Perameri_Panorama1-1.jpg 480w, https:\/\/blogi.ennola.fi\/wp-content\/uploads\/2012\/06\/Perameri_Panorama1-1-150x42.jpg 150w\" sizes=\"(max-width: 480px) 100vw, 480px\" \/><\/a><\/p>\n<div id=\"attachment_1432\" style=\"width: 490px\" class=\"wp-caption aligncenter\"><a href=\"https:\/\/blogi.ennola.fi\/wp-content\/uploads\/2012\/06\/Perameri_Panorama9.jpg\" rel=\"lightbox[1337]\"><img loading=\"lazy\" decoding=\"async\" aria-describedby=\"caption-attachment-1432\" class=\"wp-image-1432 size-full\" title=\"Kaksi kuvaa auringonlaskusta saaren pohjoisk\u00e4rjest\u00e4.\" src=\"https:\/\/blogi.ennola.fi\/wp-content\/uploads\/2012\/06\/Perameri_Panorama9-1.jpg\" alt=\"\" width=\"480\" height=\"151\" srcset=\"https:\/\/blogi.ennola.fi\/wp-content\/uploads\/2012\/06\/Perameri_Panorama9-1.jpg 480w, https:\/\/blogi.ennola.fi\/wp-content\/uploads\/2012\/06\/Perameri_Panorama9-1-150x47.jpg 150w\" sizes=\"(max-width: 480px) 100vw, 480px\" \/><\/a><p id=\"caption-attachment-1432\" class=\"wp-caption-text\">Kaksi kuvaa auringonlaskusta saaren pohjoisk\u00e4rjest\u00e4.<\/p><\/div>\n<p><a href=\"https:\/\/blogi.ennola.fi\/wp-content\/uploads\/2012\/06\/Perameri_Panorama4.jpg\" rel=\"lightbox[1337]\"><img loading=\"lazy\" decoding=\"async\" class=\"aligncenter wp-image-1434 size-full\" title=\"Auringon viimeiset s\u00e4teen punaavat hiekkarannan.\" src=\"https:\/\/blogi.ennola.fi\/wp-content\/uploads\/2012\/06\/Perameri_Panorama4-1.jpg\" alt=\"\" width=\"480\" height=\"121\" srcset=\"https:\/\/blogi.ennola.fi\/wp-content\/uploads\/2012\/06\/Perameri_Panorama4-1.jpg 480w, https:\/\/blogi.ennola.fi\/wp-content\/uploads\/2012\/06\/Perameri_Panorama4-1-150x38.jpg 150w\" sizes=\"(max-width: 480px) 100vw, 480px\" \/><\/a><\/p>\n<div id=\"attachment_1435\" style=\"width: 490px\" class=\"wp-caption aligncenter\"><a href=\"https:\/\/blogi.ennola.fi\/wp-content\/uploads\/2012\/06\/Perameri_Panorama6.jpg\" rel=\"lightbox[1337]\"><img loading=\"lazy\" decoding=\"async\" aria-describedby=\"caption-attachment-1435\" class=\"wp-image-1435 size-full\" title=\"Auringon viimeiset s\u00e4teen punaavat hiekkarannan.\" src=\"https:\/\/blogi.ennola.fi\/wp-content\/uploads\/2012\/06\/Perameri_Panorama6-1.jpg\" alt=\"\" width=\"480\" height=\"135\" srcset=\"https:\/\/blogi.ennola.fi\/wp-content\/uploads\/2012\/06\/Perameri_Panorama6-1.jpg 480w, https:\/\/blogi.ennola.fi\/wp-content\/uploads\/2012\/06\/Perameri_Panorama6-1-150x42.jpg 150w\" sizes=\"(max-width: 480px) 100vw, 480px\" \/><\/a><p id=\"caption-attachment-1435\" class=\"wp-caption-text\">Auringon viimeiset s\u00e4teen punaavat hiekkarannan.<\/p><\/div>\n<div id=\"attachment_1433\" style=\"width: 490px\" class=\"wp-caption aligncenter\"><a href=\"https:\/\/blogi.ennola.fi\/wp-content\/uploads\/2012\/06\/Perameri_Panorama10.jpg\" rel=\"lightbox[1337]\"><img loading=\"lazy\" decoding=\"async\" aria-describedby=\"caption-attachment-1433\" class=\"wp-image-1433 size-full\" title=\"Lilla Hamnsk\u00e4rin ranta maanantaina.\" src=\"https:\/\/blogi.ennola.fi\/wp-content\/uploads\/2012\/06\/Perameri_Panorama10-1.jpg\" alt=\"\" width=\"480\" height=\"137\" srcset=\"https:\/\/blogi.ennola.fi\/wp-content\/uploads\/2012\/06\/Perameri_Panorama10-1.jpg 480w, https:\/\/blogi.ennola.fi\/wp-content\/uploads\/2012\/06\/Perameri_Panorama10-1-150x43.jpg 150w\" sizes=\"(max-width: 480px) 100vw, 480px\" \/><\/a><p id=\"caption-attachment-1433\" class=\"wp-caption-text\">Lilla Hamnsk\u00e4rin ranta maanantaina.<\/p><\/div>\n<div id=\"attachment_1430\" style=\"width: 490px\" class=\"wp-caption aligncenter\"><a href=\"https:\/\/blogi.ennola.fi\/wp-content\/uploads\/2012\/06\/Perameri_Panorama8.jpg\" rel=\"lightbox[1337]\"><img loading=\"lazy\" decoding=\"async\" aria-describedby=\"caption-attachment-1430\" class=\"wp-image-1430 size-full\" title=\"Rantakoivikkoa ja ajopuita Launinkarin etel\u00e4k\u00e4rjest\u00e4.\" src=\"https:\/\/blogi.ennola.fi\/wp-content\/uploads\/2012\/06\/Perameri_Panorama8-1.jpg\" alt=\"\" width=\"480\" height=\"145\" srcset=\"https:\/\/blogi.ennola.fi\/wp-content\/uploads\/2012\/06\/Perameri_Panorama8-1.jpg 480w, https:\/\/blogi.ennola.fi\/wp-content\/uploads\/2012\/06\/Perameri_Panorama8-1-150x45.jpg 150w\" sizes=\"(max-width: 480px) 100vw, 480px\" \/><\/a><p id=\"caption-attachment-1430\" class=\"wp-caption-text\">Rantakoivikkoa ja ajopuita Launinkarin etel\u00e4k\u00e4rjest\u00e4.<\/p><\/div>\n","protected":false},"excerpt":{"rendered":"<p>Kes\u00e4kuun alun vietin melomassa muiden seikkailukasvatusopiskelijoiden kanssa Per\u00e4merell\u00e4 Haaparannan edustalla. Muutama ihan kelvollinen panoraamakuvakin tarttui kameraan. Huolimatta sateisista ja pilvisist\u00e4 p\u00e4ivist\u00e4 sunnuntai-illalle osui varsin n\u00e4ytt\u00e4v\u00e4 auringon lasku, jota&#8230;<\/p>\n","protected":false},"author":1,"featured_media":1426,"comment_status":"open","ping_status":"open","sticky":false,"template":"","format":"standard","meta":{"footnotes":""},"categories":[4,8,5],"tags":[],"_links":{"self":[{"href":"https:\/\/blogi.ennola.fi\/index.php?rest_route=\/wp\/v2\/posts\/1337"}],"collection":[{"href":"https:\/\/blogi.ennola.fi\/index.php?rest_route=\/wp\/v2\/posts"}],"about":[{"href":"https:\/\/blogi.ennola.fi\/index.php?rest_route=\/wp\/v2\/types\/post"}],"author":[{"embeddable":true,"href":"https:\/\/blogi.ennola.fi\/index.php?rest_route=\/wp\/v2\/users\/1"}],"replies":[{"embeddable":true,"href":"https:\/\/blogi.ennola.fi\/index.php?rest_route=%2Fwp%2Fv2%2Fcomments&post=1337"}],"version-history":[{"count":5,"href":"https:\/\/blogi.ennola.fi\/index.php?rest_route=\/wp\/v2\/posts\/1337\/revisions"}],"predecessor-version":[{"id":5262,"href":"https:\/\/blogi.ennola.fi\/index.php?rest_route=\/wp\/v2\/posts\/1337\/revisions\/5262"}],"wp:featuredmedia":[{"embeddable":true,"href":"https:\/\/blogi.ennola.fi\/index.php?rest_route=\/wp\/v2\/media\/1426"}],"wp:attachment":[{"href":"https:\/\/blogi.ennola.fi\/index.php?rest_route=%2Fwp%2Fv2%2Fmedia&parent=1337"}],"wp:term":[{"taxonomy":"category","embeddable":true,"href":"https:\/\/blogi.ennola.fi\/index.php?rest_route=%2Fwp%2Fv2%2Fcategories&post=1337"},{"taxonomy":"post_tag","embeddable":true,"href":"https:\/\/blogi.ennola.fi\/index.php?rest_route=%2Fwp%2Fv2%2Ftags&post=1337"}],"curies":[{"name":"wp","href":"https:\/\/api.w.org\/{rel}","templated":true}]}}