{"id":1341,"date":"2012-01-30T08:24:02","date_gmt":"2012-01-30T06:24:02","guid":{"rendered":"https:\/\/blogi.ennola.fi\/?p=1341"},"modified":"2023-01-04T23:14:13","modified_gmt":"2023-01-04T21:14:13","slug":"kolme-koulun-kuvausretkea","status":"publish","type":"post","link":"https:\/\/blogi.ennola.fi\/?p=1341","title":{"rendered":"Kolme koulun kuvausretke\u00e4"},"content":{"rendered":"<p>Kuluneella viikolla teimme koulun valokuvauskurssin puitteissa yhden koko p\u00e4iv\u00e4n ja kaksi puolen p\u00e4iv\u00e4n retke\u00e4. Siin\u00e4 sivussa p\u00e4\u00e4sin itsekin ulkoiluttamaan kameraa. T\u00e4ss\u00e4 viikon parasta antia.<\/p>\n<p>Tiistaina ensimm\u00e4inen kohteemme oli Latokartanonkoski Perni\u00f6ss\u00e4, joka oli valokuvauksellisesti my\u00f6s n\u00e4ytt\u00e4vin kohde. Sielt\u00e4 palatessamme poikkesimme viel\u00e4 Teijossa kuvaamassa ja k\u00e4velimme polun Sahaj\u00e4rven rantaan. Tapaninp\u00e4iv\u00e4n myrsky oli kaatanut puita polun p\u00e4\u00e4lle ja paikka paikoin kulku oli varsin hankalaa. Keskiviikkona iltap\u00e4iv\u00e4ll\u00e4 k\u00e4vimme Kuusiston linnanraunioilla ja Kappelinm\u00e4ell\u00e4 kuvaamassa ja torstaina aamup\u00e4iv\u00e4ll\u00e4 k\u00e4vimme Nautelankoskella Liedossa. Koska ehk\u00e4 kaikkein hienoin kohde osui ensimm\u00e4iseksi, tunnelma varsinkin Nautelankoskella p\u00e4\u00e4si jo hieman hiipumaan ja uutta kuvattavaa ei en\u00e4\u00e4 tahtonut l\u00f6yty\u00e4.<\/p>\n<div id=\"attachment_1490\" style=\"width: 490px\" class=\"wp-caption aligncenter\"><a href=\"https:\/\/blogi.ennola.fi\/wp-content\/uploads\/2012\/01\/Latokartano3.jpg\" rel=\"lightbox[1341]\"><img loading=\"lazy\" decoding=\"async\" aria-describedby=\"caption-attachment-1490\" class=\"wp-image-1490 size-full\" title=\"Latokartanon kosken j\u00e4lkeinen suvanto. Nouseva aurinko kajastaa puiden v\u00e4list\u00e4.\" src=\"https:\/\/blogi.ennola.fi\/wp-content\/uploads\/2012\/01\/Latokartano3-1.jpg\" alt=\"\" width=\"480\" height=\"144\" srcset=\"https:\/\/blogi.ennola.fi\/wp-content\/uploads\/2012\/01\/Latokartano3-1.jpg 480w, https:\/\/blogi.ennola.fi\/wp-content\/uploads\/2012\/01\/Latokartano3-1-150x45.jpg 150w\" sizes=\"(max-width: 480px) 100vw, 480px\" \/><\/a><p id=\"caption-attachment-1490\" class=\"wp-caption-text\">Latokartanon kosken j\u00e4lkeinen suvanto. Nouseva aurinko kajastaa puiden v\u00e4list\u00e4.<\/p><\/div>\n<div id=\"attachment_1492\" style=\"width: 490px\" class=\"wp-caption aligncenter\"><a href=\"https:\/\/blogi.ennola.fi\/wp-content\/uploads\/2012\/01\/Latokartano2.jpg\" rel=\"lightbox[1341]\"><img loading=\"lazy\" decoding=\"async\" aria-describedby=\"caption-attachment-1492\" class=\"wp-image-1492 size-full\" title=\"Kokeilin kosken kuvaamista pitk\u00e4ll\u00e4 ajalla ja matalalta. Valotusaika oli kuitenkin tarpeeksi lyhyt, jotta oikeassa reunassa oleva p\u00e4rske tuli kuvaan n\u00e4kyviin.\" src=\"https:\/\/blogi.ennola.fi\/wp-content\/uploads\/2012\/01\/Latokartano2-1.jpg\" alt=\"\" width=\"480\" height=\"134\" srcset=\"https:\/\/blogi.ennola.fi\/wp-content\/uploads\/2012\/01\/Latokartano2-1.jpg 480w, https:\/\/blogi.ennola.fi\/wp-content\/uploads\/2012\/01\/Latokartano2-1-150x42.jpg 150w\" sizes=\"(max-width: 480px) 100vw, 480px\" \/><\/a><p id=\"caption-attachment-1492\" class=\"wp-caption-text\">Kokeilin kosken kuvaamista pitk\u00e4ll\u00e4 ajalla ja matalalta. Valotusaika oli kuitenkin tarpeeksi lyhyt, jotta oikeassa reunassa oleva p\u00e4rske tuli kuvaan n\u00e4kyviin.<\/p><\/div>\n<div id=\"attachment_1493\" style=\"width: 490px\" class=\"wp-caption aligncenter\"><a href=\"https:\/\/blogi.ennola.fi\/wp-content\/uploads\/2012\/01\/Latokartano6.jpg\" rel=\"lightbox[1341]\"><img loading=\"lazy\" decoding=\"async\" aria-describedby=\"caption-attachment-1493\" class=\"wp-image-1493 size-full\" title=\"T\u00e4ytyi t\u00e4m\u00e4 vakion\u00e4kym\u00e4 sillaltakin kuvata kun oli niin hieno valaistusolosuhde.\" src=\"https:\/\/blogi.ennola.fi\/wp-content\/uploads\/2012\/01\/Latokartano6-1.jpg\" alt=\"\" width=\"480\" height=\"289\" srcset=\"https:\/\/blogi.ennola.fi\/wp-content\/uploads\/2012\/01\/Latokartano6-1.jpg 480w, https:\/\/blogi.ennola.fi\/wp-content\/uploads\/2012\/01\/Latokartano6-1-150x90.jpg 150w\" sizes=\"(max-width: 480px) 100vw, 480px\" \/><\/a><p id=\"caption-attachment-1493\" class=\"wp-caption-text\">T\u00e4ytyi t\u00e4m\u00e4 vakion\u00e4kym\u00e4 sillaltakin kuvata kun oli niin hieno valaistusolosuhde.<\/p><\/div>\n<div id=\"attachment_1500\" style=\"width: 490px\" class=\"wp-caption aligncenter\"><a href=\"https:\/\/blogi.ennola.fi\/wp-content\/uploads\/2012\/01\/Latokartano_Panorama4.jpg\" rel=\"lightbox[1341]\"><img loading=\"lazy\" decoding=\"async\" aria-describedby=\"caption-attachment-1500\" class=\"wp-image-1500 size-full\" title=\"Juuri ennen l\u00e4ht\u00f6\u00e4 autoille takaisin huomasin t\u00e4m\u00e4n kauniin suvannon.\" src=\"https:\/\/blogi.ennola.fi\/wp-content\/uploads\/2012\/01\/Latokartano_Panorama4-1.jpg\" alt=\"\" width=\"480\" height=\"175\" srcset=\"https:\/\/blogi.ennola.fi\/wp-content\/uploads\/2012\/01\/Latokartano_Panorama4-1.jpg 480w, https:\/\/blogi.ennola.fi\/wp-content\/uploads\/2012\/01\/Latokartano_Panorama4-1-150x55.jpg 150w\" sizes=\"(max-width: 480px) 100vw, 480px\" \/><\/a><p id=\"caption-attachment-1500\" class=\"wp-caption-text\">Juuri ennen l\u00e4ht\u00f6\u00e4 autoille takaisin huomasin t\u00e4m\u00e4n kauniin suvannon.<\/p><\/div>\n<div id=\"attachment_1491\" style=\"width: 490px\" class=\"wp-caption aligncenter\"><a href=\"https:\/\/blogi.ennola.fi\/wp-content\/uploads\/2012\/01\/Teijo3.jpg\" rel=\"lightbox[1341]\"><img loading=\"lazy\" decoding=\"async\" aria-describedby=\"caption-attachment-1491\" class=\"wp-image-1491 size-full\" title=\"Teijossa Sahaj\u00e4rven alapuolella oleva pieni suvanto oli j\u00e4\u00e4tym\u00e4ss\u00e4.\" src=\"https:\/\/blogi.ennola.fi\/wp-content\/uploads\/2012\/01\/Teijo3-1.jpg\" alt=\"\" width=\"480\" height=\"130\" srcset=\"https:\/\/blogi.ennola.fi\/wp-content\/uploads\/2012\/01\/Teijo3-1.jpg 480w, https:\/\/blogi.ennola.fi\/wp-content\/uploads\/2012\/01\/Teijo3-1-150x41.jpg 150w\" sizes=\"(max-width: 480px) 100vw, 480px\" \/><\/a><p id=\"caption-attachment-1491\" class=\"wp-caption-text\">Teijossa Sahaj\u00e4rven alapuolella oleva pieni suvanto oli j\u00e4\u00e4tym\u00e4ss\u00e4.<\/p><\/div>\n<div id=\"attachment_1494\" style=\"width: 490px\" class=\"wp-caption aligncenter\"><a href=\"https:\/\/blogi.ennola.fi\/wp-content\/uploads\/2012\/01\/Teijo5.jpg\" rel=\"lightbox[1341]\"><img loading=\"lazy\" decoding=\"async\" aria-describedby=\"caption-attachment-1494\" class=\"wp-image-1494 size-full\" title=\"Sama lampi toisesta suunnasta.\" src=\"https:\/\/blogi.ennola.fi\/wp-content\/uploads\/2012\/01\/Teijo5-1.jpg\" alt=\"\" width=\"480\" height=\"166\" srcset=\"https:\/\/blogi.ennola.fi\/wp-content\/uploads\/2012\/01\/Teijo5-1.jpg 480w, https:\/\/blogi.ennola.fi\/wp-content\/uploads\/2012\/01\/Teijo5-1-150x52.jpg 150w\" sizes=\"(max-width: 480px) 100vw, 480px\" \/><\/a><p id=\"caption-attachment-1494\" class=\"wp-caption-text\">Sama lampi toisesta suunnasta.<\/p><\/div>\n<div id=\"attachment_1495\" style=\"width: 490px\" class=\"wp-caption aligncenter\"><a href=\"https:\/\/blogi.ennola.fi\/wp-content\/uploads\/2012\/01\/Teijo4.jpg\" rel=\"lightbox[1341]\"><img loading=\"lazy\" decoding=\"async\" aria-describedby=\"caption-attachment-1495\" class=\"wp-image-1495 size-full\" title=\"Edellisen kuvan lammen rannalla oleva j\u00e4\u00e4putous.\" src=\"https:\/\/blogi.ennola.fi\/wp-content\/uploads\/2012\/01\/Teijo4-1.jpg\" alt=\"\" width=\"480\" height=\"154\" srcset=\"https:\/\/blogi.ennola.fi\/wp-content\/uploads\/2012\/01\/Teijo4-1.jpg 480w, https:\/\/blogi.ennola.fi\/wp-content\/uploads\/2012\/01\/Teijo4-1-150x48.jpg 150w\" sizes=\"(max-width: 480px) 100vw, 480px\" \/><\/a><p id=\"caption-attachment-1495\" class=\"wp-caption-text\">Edellisen kuvan lammen rannalla oleva j\u00e4\u00e4putous.<\/p><\/div>\n<div id=\"attachment_1499\" style=\"width: 490px\" class=\"wp-caption aligncenter\"><a href=\"https:\/\/blogi.ennola.fi\/wp-content\/uploads\/2012\/01\/Kuusisto_Panorama1.jpg\" rel=\"lightbox[1341]\"><img loading=\"lazy\" decoding=\"async\" aria-describedby=\"caption-attachment-1499\" class=\"wp-image-1499 size-full\" title=\"Kuusiston linnanrauniot.\" src=\"https:\/\/blogi.ennola.fi\/wp-content\/uploads\/2012\/01\/Kuusisto_Panorama1-1.jpg\" alt=\"\" width=\"480\" height=\"178\" srcset=\"https:\/\/blogi.ennola.fi\/wp-content\/uploads\/2012\/01\/Kuusisto_Panorama1-1.jpg 480w, https:\/\/blogi.ennola.fi\/wp-content\/uploads\/2012\/01\/Kuusisto_Panorama1-1-150x56.jpg 150w\" sizes=\"(max-width: 480px) 100vw, 480px\" \/><\/a><p id=\"caption-attachment-1499\" class=\"wp-caption-text\">Kuusiston linnanrauniot.<\/p><\/div>\n<div id=\"attachment_1497\" style=\"width: 490px\" class=\"wp-caption aligncenter\"><a href=\"https:\/\/blogi.ennola.fi\/wp-content\/uploads\/2012\/01\/Kuusisto_Panorama3.jpg\" rel=\"lightbox[1341]\"><img loading=\"lazy\" decoding=\"async\" aria-describedby=\"caption-attachment-1497\" class=\"wp-image-1497 size-full\" title=\"Kuva ruovikon sis\u00e4lt\u00e4 Kuusistossa.\" src=\"https:\/\/blogi.ennola.fi\/wp-content\/uploads\/2012\/01\/Kuusisto_Panorama3-1.jpg\" alt=\"\" width=\"480\" height=\"205\" srcset=\"https:\/\/blogi.ennola.fi\/wp-content\/uploads\/2012\/01\/Kuusisto_Panorama3-1.jpg 480w, https:\/\/blogi.ennola.fi\/wp-content\/uploads\/2012\/01\/Kuusisto_Panorama3-1-150x64.jpg 150w\" sizes=\"(max-width: 480px) 100vw, 480px\" \/><\/a><p id=\"caption-attachment-1497\" class=\"wp-caption-text\">Kuva ruovikon sis\u00e4lt\u00e4 Kuusistossa.<\/p><\/div>\n<div id=\"attachment_1498\" style=\"width: 490px\" class=\"wp-caption aligncenter\"><a href=\"https:\/\/blogi.ennola.fi\/wp-content\/uploads\/2012\/01\/Kuusisto_Panorama2.jpg\" rel=\"lightbox[1341]\"><img loading=\"lazy\" decoding=\"async\" aria-describedby=\"caption-attachment-1498\" class=\"wp-image-1498 size-full\" title=\"Vasta-aurinko Kappelinm\u00e4elt\u00e4.\" src=\"https:\/\/blogi.ennola.fi\/wp-content\/uploads\/2012\/01\/Kuusisto_Panorama2-1.jpg\" alt=\"\" width=\"480\" height=\"122\" srcset=\"https:\/\/blogi.ennola.fi\/wp-content\/uploads\/2012\/01\/Kuusisto_Panorama2-1.jpg 480w, https:\/\/blogi.ennola.fi\/wp-content\/uploads\/2012\/01\/Kuusisto_Panorama2-1-150x38.jpg 150w\" sizes=\"(max-width: 480px) 100vw, 480px\" \/><\/a><p id=\"caption-attachment-1498\" class=\"wp-caption-text\">Vasta-aurinko Kappelinm\u00e4elt\u00e4.<\/p><\/div>\n<div id=\"attachment_1496\" style=\"width: 460px\" class=\"wp-caption aligncenter\"><a href=\"https:\/\/blogi.ennola.fi\/wp-content\/uploads\/2012\/01\/IMG_7093.jpg\" rel=\"lightbox[1341]\"><img loading=\"lazy\" decoding=\"async\" aria-describedby=\"caption-attachment-1496\" class=\"wp-image-1496 size-full\" title=\"J\u00e4\u00e4n, veden ja lumen muotoja Nautelan koskella.\" src=\"https:\/\/blogi.ennola.fi\/wp-content\/uploads\/2012\/01\/IMG_7093-1.jpg\" alt=\"\" width=\"450\" height=\"338\" srcset=\"https:\/\/blogi.ennola.fi\/wp-content\/uploads\/2012\/01\/IMG_7093-1.jpg 450w, https:\/\/blogi.ennola.fi\/wp-content\/uploads\/2012\/01\/IMG_7093-1-150x113.jpg 150w\" sizes=\"(max-width: 450px) 100vw, 450px\" \/><\/a><p id=\"caption-attachment-1496\" class=\"wp-caption-text\">J\u00e4\u00e4n, veden ja lumen muotoja Nautelan koskella.<\/p><\/div>\n<div id=\"attachment_1489\" style=\"width: 490px\" class=\"wp-caption aligncenter\"><a href=\"https:\/\/blogi.ennola.fi\/wp-content\/uploads\/2012\/01\/Nautela_Panorama1.jpg\" rel=\"lightbox[1341]\"><img loading=\"lazy\" decoding=\"async\" aria-describedby=\"caption-attachment-1489\" class=\"wp-image-1489 size-full\" title=\"Nautelan koski.\" src=\"https:\/\/blogi.ennola.fi\/wp-content\/uploads\/2012\/01\/Nautela_Panorama1-1.jpg\" alt=\"\" width=\"480\" height=\"136\" srcset=\"https:\/\/blogi.ennola.fi\/wp-content\/uploads\/2012\/01\/Nautela_Panorama1-1.jpg 480w, https:\/\/blogi.ennola.fi\/wp-content\/uploads\/2012\/01\/Nautela_Panorama1-1-150x43.jpg 150w\" sizes=\"(max-width: 480px) 100vw, 480px\" \/><\/a><p id=\"caption-attachment-1489\" class=\"wp-caption-text\">Nautelan koski.<\/p><\/div>\n","protected":false},"excerpt":{"rendered":"<p>Kuluneella viikolla teimme koulun valokuvauskurssin puitteissa yhden koko p\u00e4iv\u00e4n ja kaksi puolen p\u00e4iv\u00e4n retke\u00e4. Siin\u00e4 sivussa p\u00e4\u00e4sin itsekin ulkoiluttamaan kameraa. T\u00e4ss\u00e4 viikon parasta antia. Tiistaina ensimm\u00e4inen kohteemme oli&#8230;<\/p>\n","protected":false},"author":1,"featured_media":1477,"comment_status":"open","ping_status":"open","sticky":false,"template":"","format":"standard","meta":{"footnotes":""},"categories":[4,27,28],"tags":[],"_links":{"self":[{"href":"https:\/\/blogi.ennola.fi\/index.php?rest_route=\/wp\/v2\/posts\/1341"}],"collection":[{"href":"https:\/\/blogi.ennola.fi\/index.php?rest_route=\/wp\/v2\/posts"}],"about":[{"href":"https:\/\/blogi.ennola.fi\/index.php?rest_route=\/wp\/v2\/types\/post"}],"author":[{"embeddable":true,"href":"https:\/\/blogi.ennola.fi\/index.php?rest_route=\/wp\/v2\/users\/1"}],"replies":[{"embeddable":true,"href":"https:\/\/blogi.ennola.fi\/index.php?rest_route=%2Fwp%2Fv2%2Fcomments&post=1341"}],"version-history":[{"count":6,"href":"https:\/\/blogi.ennola.fi\/index.php?rest_route=\/wp\/v2\/posts\/1341\/revisions"}],"predecessor-version":[{"id":5264,"href":"https:\/\/blogi.ennola.fi\/index.php?rest_route=\/wp\/v2\/posts\/1341\/revisions\/5264"}],"wp:featuredmedia":[{"embeddable":true,"href":"https:\/\/blogi.ennola.fi\/index.php?rest_route=\/wp\/v2\/media\/1477"}],"wp:attachment":[{"href":"https:\/\/blogi.ennola.fi\/index.php?rest_route=%2Fwp%2Fv2%2Fmedia&parent=1341"}],"wp:term":[{"taxonomy":"category","embeddable":true,"href":"https:\/\/blogi.ennola.fi\/index.php?rest_route=%2Fwp%2Fv2%2Fcategories&post=1341"},{"taxonomy":"post_tag","embeddable":true,"href":"https:\/\/blogi.ennola.fi\/index.php?rest_route=%2Fwp%2Fv2%2Ftags&post=1341"}],"curies":[{"name":"wp","href":"https:\/\/api.w.org\/{rel}","templated":true}]}}