{"id":1623,"date":"2011-12-16T21:07:40","date_gmt":"2011-12-16T19:07:40","guid":{"rendered":"https:\/\/blogi.ennola.fi\/?p=1623"},"modified":"2020-07-06T22:35:26","modified_gmt":"2020-07-06T19:35:26","slug":"joulunalusta-vaskijarvella","status":"publish","type":"post","link":"https:\/\/blogi.ennola.fi\/?p=1623","title":{"rendered":"Joulunalusta Vaskij\u00e4rvell\u00e4"},"content":{"rendered":"<p>Teimme opiskelijoiden kanssa joulun alla yhden y\u00f6n retken Vaskij\u00e4rven luonnonpuistoon, jossa kiersimme retkeilypolun ymp\u00e4ri. Viikonloppuna oli satanut muutaman sentin lunta. Lumisadetta edelt\u00e4neet vesisateet olivat saaneet joka paikan puistossa ja suolla tulvimaan. Viel\u00e4 ajaessamme kohti puistoa taivaalta ripotteli vett\u00e4, mutta onneksemme p\u00e4\u00e4stess\u00e4mme mets\u00e4\u00e4n sade jo taukosi.<\/p>\n<div id=\"attachment_1633\" style=\"width: 490px\" class=\"wp-caption aligncenter\"><a href=\"https:\/\/blogi.ennola.fi\/wp-content\/uploads\/2011\/12\/Vaskij_Panorama2.jpg\" rel=\"lightbox[1623]\"><img loading=\"lazy\" decoding=\"async\" aria-describedby=\"caption-attachment-1633\" class=\"wp-image-1633 size-full\" title=\"Maisema Kuljunm\u00e4elt\u00e4 kohti Iso-Valasta.\" src=\"https:\/\/blogi.ennola.fi\/wp-content\/uploads\/2011\/12\/Vaskij_Panorama2-1.jpg\" alt=\"\" width=\"480\" height=\"144\" srcset=\"https:\/\/blogi.ennola.fi\/wp-content\/uploads\/2011\/12\/Vaskij_Panorama2-1.jpg 480w, https:\/\/blogi.ennola.fi\/wp-content\/uploads\/2011\/12\/Vaskij_Panorama2-1-150x45.jpg 150w\" sizes=\"(max-width: 480px) 100vw, 480px\" \/><\/a><p id=\"caption-attachment-1633\" class=\"wp-caption-text\">Maisema Kuljunm\u00e4elt\u00e4 kohti Iso-Valasta.<\/p><\/div>\n<div id=\"attachment_1636\" style=\"width: 490px\" class=\"wp-caption aligncenter\"><a href=\"https:\/\/blogi.ennola.fi\/wp-content\/uploads\/2011\/12\/Vaskij_Panorama1.jpg\" rel=\"lightbox[1623]\"><img loading=\"lazy\" decoding=\"async\" aria-describedby=\"caption-attachment-1636\" class=\"wp-image-1636 size-full\" title=\"Kajavaj\u00e4rven ranta tulvii, normaalisti olisi p\u00e4\u00e4ssyt k\u00e4velem\u00e4\u00e4n viisi metri\u00e4 edemm\u00e4s.\" src=\"https:\/\/blogi.ennola.fi\/wp-content\/uploads\/2011\/12\/Vaskij_Panorama1-1.jpg\" alt=\"\" width=\"480\" height=\"138\" srcset=\"https:\/\/blogi.ennola.fi\/wp-content\/uploads\/2011\/12\/Vaskij_Panorama1-1.jpg 480w, https:\/\/blogi.ennola.fi\/wp-content\/uploads\/2011\/12\/Vaskij_Panorama1-1-150x43.jpg 150w\" sizes=\"(max-width: 480px) 100vw, 480px\" \/><\/a><p id=\"caption-attachment-1636\" class=\"wp-caption-text\">Kajavaj\u00e4rven ranta tulvii, normaalisti olisi p\u00e4\u00e4ssyt k\u00e4velem\u00e4\u00e4n viisi metri\u00e4 edemm\u00e4s.<\/p><\/div>\n<p>Y\u00f6vyimme Vesiraumanm\u00e4en leiripaikalla kahdessa kangaslaavussa. Paikalla ollut puulaavu olisi ollut turhan ahdas yhdeks\u00e4lle hengelle. Ilmeisestikin nuotion sytytys m\u00e4rist\u00e4 puista oli ollut hieman hankalaa. Itse olin samaan aikaan ollut ker\u00e4\u00e4m\u00e4ss\u00e4 tervaksia, joita lopulta l\u00f6ytyikin sen verta hyvin, ett\u00e4 riitti j\u00e4tett\u00e4v\u00e4ksi puuvajaankin. illalla ja y\u00f6ll\u00e4 oli kovaa tuulta ja sadetta. Susia emme y\u00f6ll\u00e4 kuulleet vaikka kovin koitimmekin kuunnella. Aamulla tosin kotkien ja korppien huutoja kuului leiriin.<\/p>\n<div id=\"attachment_1635\" style=\"width: 460px\" class=\"wp-caption aligncenter\"><a href=\"https:\/\/blogi.ennola.fi\/wp-content\/uploads\/2011\/12\/IMG_6777.jpg\" rel=\"lightbox[1623]\"><img loading=\"lazy\" decoding=\"async\" aria-describedby=\"caption-attachment-1635\" class=\"wp-image-1635 size-full\" title=\"Aamulla her\u00e4tess\u00e4 kuutamo valaisi maiseman ja nuotio leirin.\" src=\"https:\/\/blogi.ennola.fi\/wp-content\/uploads\/2011\/12\/IMG_6777-1.jpg\" alt=\"\" width=\"450\" height=\"338\" srcset=\"https:\/\/blogi.ennola.fi\/wp-content\/uploads\/2011\/12\/IMG_6777-1.jpg 450w, https:\/\/blogi.ennola.fi\/wp-content\/uploads\/2011\/12\/IMG_6777-1-150x113.jpg 150w\" sizes=\"(max-width: 450px) 100vw, 450px\" \/><\/a><p id=\"caption-attachment-1635\" class=\"wp-caption-text\">Aamulla her\u00e4tess\u00e4 kuutamo valaisi maiseman ja nuotio leirin.<\/p><\/div>\n<div id=\"attachment_1631\" style=\"width: 460px\" class=\"wp-caption aligncenter\"><a href=\"https:\/\/blogi.ennola.fi\/wp-content\/uploads\/2011\/12\/IMG_6786.jpg\" rel=\"lightbox[1623]\"><img loading=\"lazy\" decoding=\"async\" aria-describedby=\"caption-attachment-1631\" class=\"wp-image-1631 size-full\" title=\"Hetki ennen lavujen purkamista.\" src=\"https:\/\/blogi.ennola.fi\/wp-content\/uploads\/2011\/12\/IMG_6786-1.jpg\" alt=\"\" width=\"450\" height=\"328\" srcset=\"https:\/\/blogi.ennola.fi\/wp-content\/uploads\/2011\/12\/IMG_6786-1.jpg 450w, https:\/\/blogi.ennola.fi\/wp-content\/uploads\/2011\/12\/IMG_6786-1-150x109.jpg 150w\" sizes=\"(max-width: 450px) 100vw, 450px\" \/><\/a><p id=\"caption-attachment-1631\" class=\"wp-caption-text\">Hetki ennen laavujen purkamista.<\/p><\/div>\n<p>Yl\u00e4neen susilauma oli paria p\u00e4iv\u00e4\u00e4 ennen kiert\u00e4nyt kutakuinkin saman kierroksen. Suurimman osan matkaa luontopolkua seuraili susien tassun j\u00e4lki\u00e4. Useimmissa paikoissa sudet olivat astelleet toistensa j\u00e4lkiin, joten susien m\u00e4\u00e4r\u00e4\u00e4 oli vaikea kartoittaa, mutta paikka paikoin j\u00e4ljet erkaantuivat, jolloin oli helppo hahmottaa yksil\u00f6iden suuri m\u00e4\u00e4r\u00e4. Laumassa oli muutama yksil\u00f6, joiden j\u00e4lki oli kunnioitettavan suuri, l\u00e4hes miehen k\u00e4mmenen kokoinen, mutta useimpien yksil\u00f6iden j\u00e4lki oli vain tavallisen suurikokoisen koiran luokkaa.<\/p>\n<div id=\"attachment_1634\" style=\"width: 410px\" class=\"wp-caption aligncenter\"><a href=\"https:\/\/blogi.ennola.fi\/wp-content\/uploads\/2011\/12\/IMG_6791.jpg\" rel=\"lightbox[1623]\"><img loading=\"lazy\" decoding=\"async\" aria-describedby=\"caption-attachment-1634\" class=\"wp-image-1634 size-full\" title=\"T\u00e4ss\u00e4 lauman suurikokoisten yksil\u00f6iden j\u00e4tt\u00e4m\u00e4 j\u00e4lki.\" src=\"https:\/\/blogi.ennola.fi\/wp-content\/uploads\/2011\/12\/IMG_6791-1.jpg\" alt=\"\" width=\"400\" height=\"279\" srcset=\"https:\/\/blogi.ennola.fi\/wp-content\/uploads\/2011\/12\/IMG_6791-1.jpg 400w, https:\/\/blogi.ennola.fi\/wp-content\/uploads\/2011\/12\/IMG_6791-1-150x105.jpg 150w\" sizes=\"(max-width: 400px) 100vw, 400px\" \/><\/a><p id=\"caption-attachment-1634\" class=\"wp-caption-text\">T\u00e4ss\u00e4 lauman suurikokoisten yksil\u00f6iden j\u00e4tt\u00e4m\u00e4 j\u00e4lki.<\/p><\/div>\n<p>Vaellus sujui mukavasti. Ryhm\u00e4 kulki maastossa varsin reippaasti, paikka paikoin minun kuntooni n\u00e4hden ehk\u00e4 turhankin reippaasti. Luonnonpuisto on komeaa maisemaa: hienoja vanhoja metsi\u00e4 ja soita. Kuitenkin tuo retkeilypolku seurasi aivan liikaa teit\u00e4 pitkin. Varsinkin j\u00e4lkimm\u00e4isen p\u00e4iv\u00e4n pitk\u00e4t p\u00e4tk\u00e4t j\u00e4ist\u00e4 ja liukasta tiet\u00e4 Vaskij\u00e4rven etel\u00e4puolella olivat tylsi\u00e4 kuljettavia. Olisi toivottavaa, ett\u00e4 polkua jatkossa pyritt\u00e4isiin viel\u00e4 linjaamaan pois noilta mets\u00e4autoteilt\u00e4.<\/p>\n<div id=\"attachment_1632\" style=\"width: 460px\" class=\"wp-caption aligncenter\"><a href=\"https:\/\/blogi.ennola.fi\/wp-content\/uploads\/2011\/12\/IMG_6794.jpg\" rel=\"lightbox[1623]\"><img loading=\"lazy\" decoding=\"async\" aria-describedby=\"caption-attachment-1632\" class=\"wp-image-1632 size-full\" title=\"T\u00e4ss\u00e4 tallustamme Vaskij\u00e4rven etel\u00e4puolen tiet\u00e4.\" src=\"https:\/\/blogi.ennola.fi\/wp-content\/uploads\/2011\/12\/IMG_6794-1.jpg\" alt=\"\" width=\"450\" height=\"338\" srcset=\"https:\/\/blogi.ennola.fi\/wp-content\/uploads\/2011\/12\/IMG_6794-1.jpg 450w, https:\/\/blogi.ennola.fi\/wp-content\/uploads\/2011\/12\/IMG_6794-1-150x113.jpg 150w\" sizes=\"(max-width: 450px) 100vw, 450px\" \/><\/a><p id=\"caption-attachment-1632\" class=\"wp-caption-text\">T\u00e4ss\u00e4 tallustamme Vaskij\u00e4rven etel\u00e4puolen tiet\u00e4.<\/p><\/div>\n","protected":false},"excerpt":{"rendered":"<p>Teimme opiskelijoiden kanssa joulun alla yhden y\u00f6n retken Vaskij\u00e4rven luonnonpuistoon, jossa kiersimme retkeilypolun ymp\u00e4ri. Viikonloppuna oli satanut muutaman sentin lunta. Lumisadetta edelt\u00e4neet vesisateet olivat saaneet joka paikan puistossa&#8230;<\/p>\n","protected":false},"author":1,"featured_media":1630,"comment_status":"open","ping_status":"open","sticky":false,"template":"","format":"standard","meta":{"footnotes":""},"categories":[3,27],"tags":[],"_links":{"self":[{"href":"https:\/\/blogi.ennola.fi\/index.php?rest_route=\/wp\/v2\/posts\/1623"}],"collection":[{"href":"https:\/\/blogi.ennola.fi\/index.php?rest_route=\/wp\/v2\/posts"}],"about":[{"href":"https:\/\/blogi.ennola.fi\/index.php?rest_route=\/wp\/v2\/types\/post"}],"author":[{"embeddable":true,"href":"https:\/\/blogi.ennola.fi\/index.php?rest_route=\/wp\/v2\/users\/1"}],"replies":[{"embeddable":true,"href":"https:\/\/blogi.ennola.fi\/index.php?rest_route=%2Fwp%2Fv2%2Fcomments&post=1623"}],"version-history":[{"count":5,"href":"https:\/\/blogi.ennola.fi\/index.php?rest_route=\/wp\/v2\/posts\/1623\/revisions"}],"predecessor-version":[{"id":5266,"href":"https:\/\/blogi.ennola.fi\/index.php?rest_route=\/wp\/v2\/posts\/1623\/revisions\/5266"}],"wp:featuredmedia":[{"embeddable":true,"href":"https:\/\/blogi.ennola.fi\/index.php?rest_route=\/wp\/v2\/media\/1630"}],"wp:attachment":[{"href":"https:\/\/blogi.ennola.fi\/index.php?rest_route=%2Fwp%2Fv2%2Fmedia&parent=1623"}],"wp:term":[{"taxonomy":"category","embeddable":true,"href":"https:\/\/blogi.ennola.fi\/index.php?rest_route=%2Fwp%2Fv2%2Fcategories&post=1623"},{"taxonomy":"post_tag","embeddable":true,"href":"https:\/\/blogi.ennola.fi\/index.php?rest_route=%2Fwp%2Fv2%2Ftags&post=1623"}],"curies":[{"name":"wp","href":"https:\/\/api.w.org\/{rel}","templated":true}]}}