{"id":1657,"date":"2011-08-30T06:54:57","date_gmt":"2011-08-30T03:54:57","guid":{"rendered":"https:\/\/blogi.ennola.fi\/?p=1657"},"modified":"2020-07-06T22:40:40","modified_gmt":"2020-07-06T19:40:40","slug":"panoraamoja-kuusamosta-osa-iii","status":"publish","type":"post","link":"https:\/\/blogi.ennola.fi\/?p=1657","title":{"rendered":"Panoraamoja Kuusamosta (osa III)"},"content":{"rendered":"<p>Opiskelijoiden kanssa tekem\u00e4ni vaellus oli nyt siirtynyt syksylle ja kohteena oli edellisen tapaan p\u00e4tk\u00e4 Karhunkierrosta Oulangan luontotuvalta Juumaan. Syksyn l\u00e4heisyys n\u00e4kyi s\u00e4\u00e4ss\u00e4 pimein\u00e4 \u00f6in\u00e4 ja sumuisina aamuina, mitk\u00e4 tarjosivat valokuvaajalle uusia n\u00e4kymi\u00e4. Varsinkin Kitkajoen rannan viimeisen leiripaikan aamu tarjosi varsin upeita sumunn\u00e4kymi\u00e4. Edellisiin reissuihin verrattuna uutta oli my\u00f6s varaparistot, joiden ansiosta saatoin kuvata viel\u00e4 Jyr\u00e4v\u00e4ll\u00e4kin. Muuten kuvauspaikat seurailivat liiankin orjallisesti aiemmin jo hyv\u00e4ksi todettuja kuvauspaikkoja. Ensi kerralla, jos sellainen viel\u00e4 tulee, t\u00e4ytynee keskitty\u00e4 uusien kuvakulmien hakemiseen.<\/p>\n<div id=\"attachment_1705\" style=\"width: 490px\" class=\"wp-caption aligncenter\"><a href=\"https:\/\/blogi.ennola.fi\/wp-content\/uploads\/2011\/08\/Kuusamo_Panorama27.jpg\" rel=\"lightbox[1657]\"><img loading=\"lazy\" decoding=\"async\" aria-describedby=\"caption-attachment-1705\" class=\"wp-image-1705 size-full\" title=\"Kiutak\u00f6ng\u00e4s ensimm\u00e4isen\u00e4 aamuna.\" src=\"https:\/\/blogi.ennola.fi\/wp-content\/uploads\/2011\/08\/Kuusamo_Panorama27-1.jpg\" alt=\"\" width=\"480\" height=\"106\" srcset=\"https:\/\/blogi.ennola.fi\/wp-content\/uploads\/2011\/08\/Kuusamo_Panorama27-1.jpg 480w, https:\/\/blogi.ennola.fi\/wp-content\/uploads\/2011\/08\/Kuusamo_Panorama27-1-150x33.jpg 150w\" sizes=\"(max-width: 480px) 100vw, 480px\" \/><\/a><p id=\"caption-attachment-1705\" class=\"wp-caption-text\">Kiutak\u00f6ng\u00e4s ensimm\u00e4isen\u00e4 aamuna.<\/p><\/div>\n<div id=\"attachment_1700\" style=\"width: 490px\" class=\"wp-caption aligncenter\"><a href=\"https:\/\/blogi.ennola.fi\/wp-content\/uploads\/2011\/08\/Kuusamo_Panorama21.jpg\" rel=\"lightbox[1657]\"><img loading=\"lazy\" decoding=\"async\" aria-describedby=\"caption-attachment-1700\" class=\"wp-image-1700 size-full\" title=\"Oulankajokea Merenojan leiripaikan rannasta.\" src=\"https:\/\/blogi.ennola.fi\/wp-content\/uploads\/2011\/08\/Kuusamo_Panorama21-1.jpg\" alt=\"\" width=\"480\" height=\"130\" srcset=\"https:\/\/blogi.ennola.fi\/wp-content\/uploads\/2011\/08\/Kuusamo_Panorama21-1.jpg 480w, https:\/\/blogi.ennola.fi\/wp-content\/uploads\/2011\/08\/Kuusamo_Panorama21-1-150x41.jpg 150w\" sizes=\"(max-width: 480px) 100vw, 480px\" \/><\/a><p id=\"caption-attachment-1700\" class=\"wp-caption-text\">Oulankajokea Merenojan leiripaikan rannasta.<\/p><\/div>\n<div id=\"attachment_1701\" style=\"width: 490px\" class=\"wp-caption aligncenter\"><a href=\"https:\/\/blogi.ennola.fi\/wp-content\/uploads\/2011\/08\/Kuusamo_Panorama20.jpg\" rel=\"lightbox[1657]\"><img loading=\"lazy\" decoding=\"async\" aria-describedby=\"caption-attachment-1701\" class=\"wp-image-1701 size-full\" title=\"Tutuksi tullut niemennokka Ansak\u00e4mp\u00e4n l\u00e4helt\u00e4 iltavalaistuksessa.\" src=\"https:\/\/blogi.ennola.fi\/wp-content\/uploads\/2011\/08\/Kuusamo_Panorama20-1.jpg\" alt=\"\" width=\"480\" height=\"90\" srcset=\"https:\/\/blogi.ennola.fi\/wp-content\/uploads\/2011\/08\/Kuusamo_Panorama20-1.jpg 480w, https:\/\/blogi.ennola.fi\/wp-content\/uploads\/2011\/08\/Kuusamo_Panorama20-1-150x28.jpg 150w\" sizes=\"(max-width: 480px) 100vw, 480px\" \/><\/a><p id=\"caption-attachment-1701\" class=\"wp-caption-text\">Tutuksi tullut niemennokka Ansak\u00e4mp\u00e4n l\u00e4helt\u00e4 iltavalaistuksessa.<\/p><\/div>\n<div id=\"attachment_1707\" style=\"width: 490px\" class=\"wp-caption aligncenter\"><a href=\"https:\/\/blogi.ennola.fi\/wp-content\/uploads\/2011\/08\/Kuusamo_Panorama23.jpg\" rel=\"lightbox[1657]\"><img loading=\"lazy\" decoding=\"async\" aria-describedby=\"caption-attachment-1707\" class=\"wp-image-1707 size-full\" title=\"Sama niemennokka aamulla. Rannan kallelleen olleet puut olivat sortuneet jokeen.\" src=\"https:\/\/blogi.ennola.fi\/wp-content\/uploads\/2011\/08\/Kuusamo_Panorama23-1.jpg\" alt=\"\" width=\"480\" height=\"51\" srcset=\"https:\/\/blogi.ennola.fi\/wp-content\/uploads\/2011\/08\/Kuusamo_Panorama23-1.jpg 480w, https:\/\/blogi.ennola.fi\/wp-content\/uploads\/2011\/08\/Kuusamo_Panorama23-1-150x16.jpg 150w\" sizes=\"(max-width: 480px) 100vw, 480px\" \/><\/a><p id=\"caption-attachment-1707\" class=\"wp-caption-text\">Sama niemennokka aamulla. Rannan kallelleen olleet puut olivat sortuneet jokeen.<\/p><\/div>\n<div id=\"attachment_1702\" style=\"width: 490px\" class=\"wp-caption aligncenter\"><a href=\"https:\/\/blogi.ennola.fi\/wp-content\/uploads\/2011\/08\/Kuusamo_Panorama19.jpg\" rel=\"lightbox[1657]\"><img loading=\"lazy\" decoding=\"async\" aria-describedby=\"caption-attachment-1702\" class=\"wp-image-1702 size-full\" title=\"Kulmakkaj\u00e4rvi my\u00f6h\u00e4\u00e4n iltay\u00f6st\u00e4.\" src=\"https:\/\/blogi.ennola.fi\/wp-content\/uploads\/2011\/08\/Kuusamo_Panorama19-1.jpg\" alt=\"\" width=\"480\" height=\"143\" srcset=\"https:\/\/blogi.ennola.fi\/wp-content\/uploads\/2011\/08\/Kuusamo_Panorama19-1.jpg 480w, https:\/\/blogi.ennola.fi\/wp-content\/uploads\/2011\/08\/Kuusamo_Panorama19-1-150x45.jpg 150w\" sizes=\"(max-width: 480px) 100vw, 480px\" \/><\/a><p id=\"caption-attachment-1702\" class=\"wp-caption-text\">Kulmakkaj\u00e4rvi my\u00f6h\u00e4\u00e4n iltay\u00f6st\u00e4.<\/p><\/div>\n<div id=\"attachment_1706\" style=\"width: 490px\" class=\"wp-caption aligncenter\"><a href=\"https:\/\/blogi.ennola.fi\/wp-content\/uploads\/2011\/08\/Kuusamo_Panorama26.jpg\" rel=\"lightbox[1657]\"><img loading=\"lazy\" decoding=\"async\" aria-describedby=\"caption-attachment-1706\" class=\"wp-image-1706 size-full\" title=\"Kitkajoki P\u00e4\u00e4hk\u00e4n\u00e4kallion p\u00e4\u00e4lt\u00e4.\" src=\"https:\/\/blogi.ennola.fi\/wp-content\/uploads\/2011\/08\/Kuusamo_Panorama26-1.jpg\" alt=\"\" width=\"480\" height=\"122\" srcset=\"https:\/\/blogi.ennola.fi\/wp-content\/uploads\/2011\/08\/Kuusamo_Panorama26-1.jpg 480w, https:\/\/blogi.ennola.fi\/wp-content\/uploads\/2011\/08\/Kuusamo_Panorama26-1-150x38.jpg 150w\" sizes=\"(max-width: 480px) 100vw, 480px\" \/><\/a><p id=\"caption-attachment-1706\" class=\"wp-caption-text\">Kitkajoki P\u00e4\u00e4hk\u00e4n\u00e4kallion p\u00e4\u00e4lt\u00e4.<\/p><\/div>\n<div id=\"attachment_1704\" style=\"width: 490px\" class=\"wp-caption aligncenter\"><a href=\"https:\/\/blogi.ennola.fi\/wp-content\/uploads\/2011\/08\/Kuusamo_Panorama17.jpg\" rel=\"lightbox[1657]\"><img loading=\"lazy\" decoding=\"async\" aria-describedby=\"caption-attachment-1704\" class=\"wp-image-1704 size-full\" title=\"Kitkajoki leiripaikan rannasta my\u00f6h\u00e4\u00e4n illalla. \" src=\"https:\/\/blogi.ennola.fi\/wp-content\/uploads\/2011\/08\/Kuusamo_Panorama17-1.jpg\" alt=\"\" width=\"480\" height=\"232\" srcset=\"https:\/\/blogi.ennola.fi\/wp-content\/uploads\/2011\/08\/Kuusamo_Panorama17-1.jpg 480w, https:\/\/blogi.ennola.fi\/wp-content\/uploads\/2011\/08\/Kuusamo_Panorama17-1-150x73.jpg 150w\" sizes=\"(max-width: 480px) 100vw, 480px\" \/><\/a><p id=\"caption-attachment-1704\" class=\"wp-caption-text\">Kitkajoki leiripaikan rannasta my\u00f6h\u00e4\u00e4n illalla.<\/p><\/div>\n<p><a href=\"https:\/\/blogi.ennola.fi\/wp-content\/uploads\/2011\/08\/Kuusamo_Panorama25.jpg\" rel=\"lightbox[1657]\"><img loading=\"lazy\" decoding=\"async\" class=\"aligncenter wp-image-1709 size-full\" title=\"Kolme aamu-usvaista n\u00e4kym\u00e4\u00e4 Kitkajoelle.\" src=\"https:\/\/blogi.ennola.fi\/wp-content\/uploads\/2011\/08\/Kuusamo_Panorama25-1.jpg\" alt=\"\" width=\"480\" height=\"110\" srcset=\"https:\/\/blogi.ennola.fi\/wp-content\/uploads\/2011\/08\/Kuusamo_Panorama25-1.jpg 480w, https:\/\/blogi.ennola.fi\/wp-content\/uploads\/2011\/08\/Kuusamo_Panorama25-1-150x34.jpg 150w\" sizes=\"(max-width: 480px) 100vw, 480px\" \/><\/a><\/p>\n<p><a href=\"https:\/\/blogi.ennola.fi\/wp-content\/uploads\/2011\/08\/Kuusamo_Panorama24.jpg\" rel=\"lightbox[1657]\"><img loading=\"lazy\" decoding=\"async\" class=\"aligncenter wp-image-1708 size-full\" title=\"Kolme aamu-usvaista n\u00e4kym\u00e4\u00e4 Kitkajoelle.\" src=\"https:\/\/blogi.ennola.fi\/wp-content\/uploads\/2011\/08\/Kuusamo_Panorama24-1.jpg\" alt=\"\" width=\"480\" height=\"118\" srcset=\"https:\/\/blogi.ennola.fi\/wp-content\/uploads\/2011\/08\/Kuusamo_Panorama24-1.jpg 480w, https:\/\/blogi.ennola.fi\/wp-content\/uploads\/2011\/08\/Kuusamo_Panorama24-1-150x37.jpg 150w\" sizes=\"(max-width: 480px) 100vw, 480px\" \/><\/a><\/p>\n<div id=\"attachment_1703\" style=\"width: 490px\" class=\"wp-caption aligncenter\"><a href=\"https:\/\/blogi.ennola.fi\/wp-content\/uploads\/2011\/08\/Kuusamo_Panorama18.jpg\" rel=\"lightbox[1657]\"><img loading=\"lazy\" decoding=\"async\" aria-describedby=\"caption-attachment-1703\" class=\"wp-image-1703 size-full\" title=\"Kolme aamu-usvaista n\u00e4kym\u00e4\u00e4 Kitkajoelle.\" src=\"https:\/\/blogi.ennola.fi\/wp-content\/uploads\/2011\/08\/Kuusamo_Panorama18-1.jpg\" alt=\"\" width=\"480\" height=\"118\" srcset=\"https:\/\/blogi.ennola.fi\/wp-content\/uploads\/2011\/08\/Kuusamo_Panorama18-1.jpg 480w, https:\/\/blogi.ennola.fi\/wp-content\/uploads\/2011\/08\/Kuusamo_Panorama18-1-150x37.jpg 150w\" sizes=\"(max-width: 480px) 100vw, 480px\" \/><\/a><p id=\"caption-attachment-1703\" class=\"wp-caption-text\">Kolme aamu-usvaista n\u00e4kym\u00e4\u00e4 Kitkajoelle.<\/p><\/div>\n<div id=\"attachment_1710\" style=\"width: 490px\" class=\"wp-caption aligncenter\"><a href=\"https:\/\/blogi.ennola.fi\/wp-content\/uploads\/2011\/08\/Kuusamo_Panorama22.jpg\" rel=\"lightbox[1657]\"><img loading=\"lazy\" decoding=\"async\" aria-describedby=\"caption-attachment-1710\" class=\"wp-image-1710 size-full\" title=\"Jyr\u00e4v\u00e4n koski.\" src=\"https:\/\/blogi.ennola.fi\/wp-content\/uploads\/2011\/08\/Kuusamo_Panorama22-1.jpg\" alt=\"\" width=\"480\" height=\"164\" srcset=\"https:\/\/blogi.ennola.fi\/wp-content\/uploads\/2011\/08\/Kuusamo_Panorama22-1.jpg 480w, https:\/\/blogi.ennola.fi\/wp-content\/uploads\/2011\/08\/Kuusamo_Panorama22-1-150x51.jpg 150w\" sizes=\"(max-width: 480px) 100vw, 480px\" \/><\/a><p id=\"caption-attachment-1710\" class=\"wp-caption-text\">Jyr\u00e4v\u00e4n koski.<\/p><\/div>\n","protected":false},"excerpt":{"rendered":"<p>Opiskelijoiden kanssa tekem\u00e4ni vaellus oli nyt siirtynyt syksylle ja kohteena oli edellisen tapaan p\u00e4tk\u00e4 Karhunkierrosta Oulangan luontotuvalta Juumaan. Syksyn l\u00e4heisyys n\u00e4kyi s\u00e4\u00e4ss\u00e4 pimein\u00e4 \u00f6in\u00e4 ja sumuisina aamuina, mitk\u00e4&#8230;<\/p>\n","protected":false},"author":1,"featured_media":1697,"comment_status":"open","ping_status":"open","sticky":false,"template":"","format":"standard","meta":{"footnotes":""},"categories":[10,4,27],"tags":[],"_links":{"self":[{"href":"https:\/\/blogi.ennola.fi\/index.php?rest_route=\/wp\/v2\/posts\/1657"}],"collection":[{"href":"https:\/\/blogi.ennola.fi\/index.php?rest_route=\/wp\/v2\/posts"}],"about":[{"href":"https:\/\/blogi.ennola.fi\/index.php?rest_route=\/wp\/v2\/types\/post"}],"author":[{"embeddable":true,"href":"https:\/\/blogi.ennola.fi\/index.php?rest_route=\/wp\/v2\/users\/1"}],"replies":[{"embeddable":true,"href":"https:\/\/blogi.ennola.fi\/index.php?rest_route=%2Fwp%2Fv2%2Fcomments&post=1657"}],"version-history":[{"count":4,"href":"https:\/\/blogi.ennola.fi\/index.php?rest_route=\/wp\/v2\/posts\/1657\/revisions"}],"predecessor-version":[{"id":5101,"href":"https:\/\/blogi.ennola.fi\/index.php?rest_route=\/wp\/v2\/posts\/1657\/revisions\/5101"}],"wp:featuredmedia":[{"embeddable":true,"href":"https:\/\/blogi.ennola.fi\/index.php?rest_route=\/wp\/v2\/media\/1697"}],"wp:attachment":[{"href":"https:\/\/blogi.ennola.fi\/index.php?rest_route=%2Fwp%2Fv2%2Fmedia&parent=1657"}],"wp:term":[{"taxonomy":"category","embeddable":true,"href":"https:\/\/blogi.ennola.fi\/index.php?rest_route=%2Fwp%2Fv2%2Fcategories&post=1657"},{"taxonomy":"post_tag","embeddable":true,"href":"https:\/\/blogi.ennola.fi\/index.php?rest_route=%2Fwp%2Fv2%2Ftags&post=1657"}],"curies":[{"name":"wp","href":"https:\/\/api.w.org\/{rel}","templated":true}]}}