{"id":1659,"date":"2011-06-16T06:57:10","date_gmt":"2011-06-16T03:57:10","guid":{"rendered":"https:\/\/blogi.ennola.fi\/?p=1659"},"modified":"2020-06-08T17:28:02","modified_gmt":"2020-06-08T14:28:02","slug":"panoraamoja-kuusamosta-osa-ii","status":"publish","type":"post","link":"https:\/\/blogi.ennola.fi\/?p=1659","title":{"rendered":"Panoraamoja Kuusamosta (osa II)"},"content":{"rendered":"<p>Kes\u00e4lomien alettua tein tytt\u00f6jen kanssa pienimuotoisen vaelluksen Kuusamoon Karhunkierrokselle. T\u00e4ss\u00e4 reissun kuvasatoa panoraamojen muodossa. S\u00e4\u00e4t eiv\u00e4t suosineet maisemakuvausta, koska taivas oli suurimman osan ajasta pilvet\u00f6n ja valo tavattoman kovaa. Muutama kelvollinen panoraama sent\u00e4\u00e4n syntyi.<\/p>\n<div id=\"attachment_1685\" style=\"width: 490px\" class=\"wp-caption aligncenter\"><a href=\"https:\/\/blogi.ennola.fi\/wp-content\/uploads\/2011\/06\/Kuusamo_Panorama10.jpg\" rel=\"lightbox[1659]\"><img loading=\"lazy\" decoding=\"async\" aria-describedby=\"caption-attachment-1685\" class=\"wp-image-1685 size-full\" title=\"Kiutak\u00f6nk\u00e4\u00e4n kuohuja.\" src=\"https:\/\/blogi.ennola.fi\/wp-content\/uploads\/2011\/06\/Kuusamo_Panorama10-1.jpg\" alt=\"\" width=\"480\" height=\"143\" srcset=\"https:\/\/blogi.ennola.fi\/wp-content\/uploads\/2011\/06\/Kuusamo_Panorama10-1.jpg 480w, https:\/\/blogi.ennola.fi\/wp-content\/uploads\/2011\/06\/Kuusamo_Panorama10-1-150x45.jpg 150w\" sizes=\"(max-width: 480px) 100vw, 480px\" \/><\/a><p id=\"caption-attachment-1685\" class=\"wp-caption-text\">Kiutak\u00f6nk\u00e4\u00e4n kuohuja.<\/p><\/div>\n<div id=\"attachment_1683\" style=\"width: 490px\" class=\"wp-caption aligncenter\"><a href=\"https:\/\/blogi.ennola.fi\/wp-content\/uploads\/2011\/06\/Kuusamo_Panorama12.jpg\" rel=\"lightbox[1659]\"><img loading=\"lazy\" decoding=\"async\" aria-describedby=\"caption-attachment-1683\" class=\"wp-image-1683 size-full\" title=\"Niemennokka l\u00e4helt\u00e4 Ansak\u00e4mpp\u00e4\u00e4. Kuva olen koonnut 14:sta pystykuvasta.\" src=\"https:\/\/blogi.ennola.fi\/wp-content\/uploads\/2011\/06\/Kuusamo_Panorama12-1.jpg\" alt=\"\" width=\"480\" height=\"78\" srcset=\"https:\/\/blogi.ennola.fi\/wp-content\/uploads\/2011\/06\/Kuusamo_Panorama12-1.jpg 480w, https:\/\/blogi.ennola.fi\/wp-content\/uploads\/2011\/06\/Kuusamo_Panorama12-1-150x24.jpg 150w\" sizes=\"(max-width: 480px) 100vw, 480px\" \/><\/a><p id=\"caption-attachment-1683\" class=\"wp-caption-text\">Niemennokka l\u00e4helt\u00e4 Ansak\u00e4mpp\u00e4\u00e4. Kuva olen koonnut 14:sta pystykuvasta.<\/p><\/div>\n<div id=\"attachment_1686\" style=\"width: 490px\" class=\"wp-caption aligncenter\"><a href=\"https:\/\/blogi.ennola.fi\/wp-content\/uploads\/2011\/06\/Kuusamo_Panorama15.jpg\" rel=\"lightbox[1659]\"><img loading=\"lazy\" decoding=\"async\" aria-describedby=\"caption-attachment-1686\" class=\"wp-image-1686 size-full\" title=\"Rauhallisesti virtaavaa Oulankajokea l\u00e4helt\u00e4 Ansak\u00e4mpp\u00e4\u00e4.\" src=\"https:\/\/blogi.ennola.fi\/wp-content\/uploads\/2011\/06\/Kuusamo_Panorama15-1.jpg\" alt=\"\" width=\"480\" height=\"94\" srcset=\"https:\/\/blogi.ennola.fi\/wp-content\/uploads\/2011\/06\/Kuusamo_Panorama15-1.jpg 480w, https:\/\/blogi.ennola.fi\/wp-content\/uploads\/2011\/06\/Kuusamo_Panorama15-1-150x29.jpg 150w\" sizes=\"(max-width: 480px) 100vw, 480px\" \/><\/a><p id=\"caption-attachment-1686\" class=\"wp-caption-text\">Rauhallisesti virtaavaa Oulankajokea l\u00e4helt\u00e4 Ansak\u00e4mpp\u00e4\u00e4.<\/p><\/div>\n<div id=\"attachment_1688\" style=\"width: 490px\" class=\"wp-caption aligncenter\"><a href=\"https:\/\/blogi.ennola.fi\/wp-content\/uploads\/2011\/06\/Kuusamo_Panorama14.jpg\" rel=\"lightbox[1659]\"><img loading=\"lazy\" decoding=\"async\" aria-describedby=\"caption-attachment-1688\" class=\"wp-image-1688 size-full\" title=\"Myllykosken kuohuja.\" src=\"https:\/\/blogi.ennola.fi\/wp-content\/uploads\/2011\/06\/Kuusamo_Panorama14-1.jpg\" alt=\"\" width=\"480\" height=\"141\" srcset=\"https:\/\/blogi.ennola.fi\/wp-content\/uploads\/2011\/06\/Kuusamo_Panorama14-1.jpg 480w, https:\/\/blogi.ennola.fi\/wp-content\/uploads\/2011\/06\/Kuusamo_Panorama14-1-150x44.jpg 150w\" sizes=\"(max-width: 480px) 100vw, 480px\" \/><\/a><p id=\"caption-attachment-1688\" class=\"wp-caption-text\">Myllykosken kuohuja.<\/p><\/div>\n<div id=\"attachment_1684\" style=\"width: 490px\" class=\"wp-caption aligncenter\"><a href=\"https:\/\/blogi.ennola.fi\/wp-content\/uploads\/2011\/06\/Kuusamo_Panorama11.jpg\" rel=\"lightbox[1659]\"><img loading=\"lazy\" decoding=\"async\" aria-describedby=\"caption-attachment-1684\" class=\"wp-image-1684 size-full\" title=\"Myllykosken vanha mylly sis\u00e4lt\u00e4.\" src=\"https:\/\/blogi.ennola.fi\/wp-content\/uploads\/2011\/06\/Kuusamo_Panorama11-1.jpg\" alt=\"\" width=\"480\" height=\"136\" srcset=\"https:\/\/blogi.ennola.fi\/wp-content\/uploads\/2011\/06\/Kuusamo_Panorama11-1.jpg 480w, https:\/\/blogi.ennola.fi\/wp-content\/uploads\/2011\/06\/Kuusamo_Panorama11-1-150x43.jpg 150w\" sizes=\"(max-width: 480px) 100vw, 480px\" \/><\/a><p id=\"caption-attachment-1684\" class=\"wp-caption-text\">Myllykosken vanha mylly sis\u00e4lt\u00e4.<\/p><\/div>\n<div id=\"attachment_1687\" style=\"width: 490px\" class=\"wp-caption aligncenter\"><a href=\"https:\/\/blogi.ennola.fi\/wp-content\/uploads\/2011\/06\/Kuusamo_Panorama13.jpg\" rel=\"lightbox[1659]\"><img loading=\"lazy\" decoding=\"async\" aria-describedby=\"caption-attachment-1687\" class=\"wp-image-1687 size-full\" title=\"Jyr\u00e4v\u00e4nj\u00e4rvi l\u00e4helt\u00e4 Myllykoskea.\" src=\"https:\/\/blogi.ennola.fi\/wp-content\/uploads\/2011\/06\/Kuusamo_Panorama13-1.jpg\" alt=\"\" width=\"480\" height=\"119\" srcset=\"https:\/\/blogi.ennola.fi\/wp-content\/uploads\/2011\/06\/Kuusamo_Panorama13-1.jpg 480w, https:\/\/blogi.ennola.fi\/wp-content\/uploads\/2011\/06\/Kuusamo_Panorama13-1-150x37.jpg 150w\" sizes=\"(max-width: 480px) 100vw, 480px\" \/><\/a><p id=\"caption-attachment-1687\" class=\"wp-caption-text\">Jyr\u00e4v\u00e4nj\u00e4rvi l\u00e4helt\u00e4 Myllykoskea.<\/p><\/div>\n","protected":false},"excerpt":{"rendered":"<p>Kes\u00e4lomien alettua tein tytt\u00f6jen kanssa pienimuotoisen vaelluksen Kuusamoon Karhunkierrokselle. T\u00e4ss\u00e4 reissun kuvasatoa panoraamojen muodossa. S\u00e4\u00e4t eiv\u00e4t suosineet maisemakuvausta, koska taivas oli suurimman osan ajasta pilvet\u00f6n ja valo tavattoman&#8230;<\/p>\n","protected":false},"author":1,"featured_media":1680,"comment_status":"open","ping_status":"open","sticky":false,"template":"","format":"standard","meta":{"footnotes":""},"categories":[10,4],"tags":[],"_links":{"self":[{"href":"https:\/\/blogi.ennola.fi\/index.php?rest_route=\/wp\/v2\/posts\/1659"}],"collection":[{"href":"https:\/\/blogi.ennola.fi\/index.php?rest_route=\/wp\/v2\/posts"}],"about":[{"href":"https:\/\/blogi.ennola.fi\/index.php?rest_route=\/wp\/v2\/types\/post"}],"author":[{"embeddable":true,"href":"https:\/\/blogi.ennola.fi\/index.php?rest_route=\/wp\/v2\/users\/1"}],"replies":[{"embeddable":true,"href":"https:\/\/blogi.ennola.fi\/index.php?rest_route=%2Fwp%2Fv2%2Fcomments&post=1659"}],"version-history":[{"count":4,"href":"https:\/\/blogi.ennola.fi\/index.php?rest_route=\/wp\/v2\/posts\/1659\/revisions"}],"predecessor-version":[{"id":5105,"href":"https:\/\/blogi.ennola.fi\/index.php?rest_route=\/wp\/v2\/posts\/1659\/revisions\/5105"}],"wp:featuredmedia":[{"embeddable":true,"href":"https:\/\/blogi.ennola.fi\/index.php?rest_route=\/wp\/v2\/media\/1680"}],"wp:attachment":[{"href":"https:\/\/blogi.ennola.fi\/index.php?rest_route=%2Fwp%2Fv2%2Fmedia&parent=1659"}],"wp:term":[{"taxonomy":"category","embeddable":true,"href":"https:\/\/blogi.ennola.fi\/index.php?rest_route=%2Fwp%2Fv2%2Fcategories&post=1659"},{"taxonomy":"post_tag","embeddable":true,"href":"https:\/\/blogi.ennola.fi\/index.php?rest_route=%2Fwp%2Fv2%2Ftags&post=1659"}],"curies":[{"name":"wp","href":"https:\/\/api.w.org\/{rel}","templated":true}]}}