{"id":1717,"date":"2011-11-06T18:32:28","date_gmt":"2011-11-06T16:32:28","guid":{"rendered":"https:\/\/blogi.ennola.fi\/?p=1717"},"modified":"2020-06-08T17:15:48","modified_gmt":"2020-06-08T14:15:48","slug":"kovaa-tuulta-rehtsuolla","status":"publish","type":"post","link":"https:\/\/blogi.ennola.fi\/?p=1717","title":{"rendered":"Kovaa tuulta Rehtsuolla"},"content":{"rendered":"<p>K\u00e4vimme taas lenkill\u00e4 Rehtsuolla Aamun, Eevan ja Pipsan kanssa. Aamu ja Eeva ker\u00e4siv\u00e4t suppilovahveroita, min\u00e4 nappasin muutaman kuvan. Hein\u00e4kuun alussa ukkosmyrsky oli pist\u00e4nyt aivan uskomattomasti puuta kassaan ja luontopolkukin oli monin paikoin l\u00e4hes ylip\u00e4\u00e4sem\u00e4tt\u00f6m\u00e4ss\u00e4 tilassa. Puiden yli sai jatkuvasti kiipeill\u00e4 milloin yli, milloin ali. Pahiten puuta oli mennyt nurin mets\u00e4n ja suon reunasta osin luonnonsuojelualueelta. My\u00f6s alkup\u00e4\u00e4n harvaksi hakatusta mets\u00e4st\u00e4 oli mennyt melkoisesti puita nurin. T\u00f6yht\u00f6- ja h\u00f6m\u00f6tiaiset ker\u00e4siv\u00e4t ahkerasti talvivarastoja ja etenkin kaatuneiden puitten ymp\u00e4rist\u00f6ss\u00e4 niit\u00e4 oli paljon.<\/p>\n<p><a href=\"https:\/\/blogi.ennola.fi\/wp-content\/uploads\/2011\/11\/Rehtsuo_Panorama2.jpg\" rel=\"lightbox[1717]\"><img loading=\"lazy\" decoding=\"async\" class=\"aligncenter wp-image-1948 size-full\" src=\"https:\/\/blogi.ennola.fi\/wp-content\/uploads\/2011\/11\/Rehtsuo_Panorama2-1.jpg\" alt=\"\" width=\"480\" height=\"66\" srcset=\"https:\/\/blogi.ennola.fi\/wp-content\/uploads\/2011\/11\/Rehtsuo_Panorama2-1.jpg 480w, https:\/\/blogi.ennola.fi\/wp-content\/uploads\/2011\/11\/Rehtsuo_Panorama2-1-150x21.jpg 150w\" sizes=\"(max-width: 480px) 100vw, 480px\" \/><\/a><\/p>\n<div id=\"attachment_1946\" style=\"width: 490px\" class=\"wp-caption aligncenter\"><a href=\"https:\/\/blogi.ennola.fi\/wp-content\/uploads\/2011\/11\/Rehtsuo_Panorama1.jpg\" rel=\"lightbox[1717]\"><img loading=\"lazy\" decoding=\"async\" aria-describedby=\"caption-attachment-1946\" class=\"wp-image-1946 size-full\" title=\"T\u00e4st\u00e4kin kohtaa luontopolku oli kulkenut.\" src=\"https:\/\/blogi.ennola.fi\/wp-content\/uploads\/2011\/11\/Rehtsuo_Panorama1-1.jpg\" alt=\"\" width=\"480\" height=\"129\" srcset=\"https:\/\/blogi.ennola.fi\/wp-content\/uploads\/2011\/11\/Rehtsuo_Panorama1-1.jpg 480w, https:\/\/blogi.ennola.fi\/wp-content\/uploads\/2011\/11\/Rehtsuo_Panorama1-1-150x40.jpg 150w\" sizes=\"(max-width: 480px) 100vw, 480px\" \/><\/a><p id=\"caption-attachment-1946\" class=\"wp-caption-text\">T\u00e4st\u00e4kin kohtaa luontopolku oli kulkenut.<\/p><\/div>\n<div id=\"attachment_1947\" style=\"width: 490px\" class=\"wp-caption aligncenter\"><a href=\"https:\/\/blogi.ennola.fi\/wp-content\/uploads\/2011\/11\/Rehtsuo_Panorama3.jpg\" rel=\"lightbox[1717]\"><img loading=\"lazy\" decoding=\"async\" aria-describedby=\"caption-attachment-1947\" class=\"wp-image-1947 size-full\" title=\"Lempikuusikkoni oli s\u00e4\u00e4stynyt tuulen tuholta.\" src=\"https:\/\/blogi.ennola.fi\/wp-content\/uploads\/2011\/11\/Rehtsuo_Panorama3-1.jpg\" alt=\"\" width=\"480\" height=\"138\" srcset=\"https:\/\/blogi.ennola.fi\/wp-content\/uploads\/2011\/11\/Rehtsuo_Panorama3-1.jpg 480w, https:\/\/blogi.ennola.fi\/wp-content\/uploads\/2011\/11\/Rehtsuo_Panorama3-1-150x43.jpg 150w\" sizes=\"(max-width: 480px) 100vw, 480px\" \/><\/a><p id=\"caption-attachment-1947\" class=\"wp-caption-text\">Lempikuusikkoni oli s\u00e4\u00e4stynyt tuulen tuholta.<\/p><\/div>\n","protected":false},"excerpt":{"rendered":"<p>K\u00e4vimme taas lenkill\u00e4 Rehtsuolla Aamun, Eevan ja Pipsan kanssa. Aamu ja Eeva ker\u00e4siv\u00e4t suppilovahveroita, min\u00e4 nappasin muutaman kuvan. Hein\u00e4kuun alussa ukkosmyrsky oli pist\u00e4nyt aivan uskomattomasti puuta kassaan ja&#8230;<\/p>\n","protected":false},"author":1,"featured_media":1943,"comment_status":"open","ping_status":"open","sticky":false,"template":"","format":"standard","meta":{"footnotes":""},"categories":[4],"tags":[],"_links":{"self":[{"href":"https:\/\/blogi.ennola.fi\/index.php?rest_route=\/wp\/v2\/posts\/1717"}],"collection":[{"href":"https:\/\/blogi.ennola.fi\/index.php?rest_route=\/wp\/v2\/posts"}],"about":[{"href":"https:\/\/blogi.ennola.fi\/index.php?rest_route=\/wp\/v2\/types\/post"}],"author":[{"embeddable":true,"href":"https:\/\/blogi.ennola.fi\/index.php?rest_route=\/wp\/v2\/users\/1"}],"replies":[{"embeddable":true,"href":"https:\/\/blogi.ennola.fi\/index.php?rest_route=%2Fwp%2Fv2%2Fcomments&post=1717"}],"version-history":[{"count":4,"href":"https:\/\/blogi.ennola.fi\/index.php?rest_route=\/wp\/v2\/posts\/1717\/revisions"}],"predecessor-version":[{"id":5096,"href":"https:\/\/blogi.ennola.fi\/index.php?rest_route=\/wp\/v2\/posts\/1717\/revisions\/5096"}],"wp:featuredmedia":[{"embeddable":true,"href":"https:\/\/blogi.ennola.fi\/index.php?rest_route=\/wp\/v2\/media\/1943"}],"wp:attachment":[{"href":"https:\/\/blogi.ennola.fi\/index.php?rest_route=%2Fwp%2Fv2%2Fmedia&parent=1717"}],"wp:term":[{"taxonomy":"category","embeddable":true,"href":"https:\/\/blogi.ennola.fi\/index.php?rest_route=%2Fwp%2Fv2%2Fcategories&post=1717"},{"taxonomy":"post_tag","embeddable":true,"href":"https:\/\/blogi.ennola.fi\/index.php?rest_route=%2Fwp%2Fv2%2Ftags&post=1717"}],"curies":[{"name":"wp","href":"https:\/\/api.w.org\/{rel}","templated":true}]}}