{"id":1719,"date":"2011-06-20T18:33:48","date_gmt":"2011-06-20T15:33:48","guid":{"rendered":"https:\/\/blogi.ennola.fi\/?p=1719"},"modified":"2020-07-14T21:42:38","modified_gmt":"2020-07-14T18:42:38","slug":"tyttojen-kanssa-kuusamossa","status":"publish","type":"post","link":"https:\/\/blogi.ennola.fi\/?p=1719","title":{"rendered":"Tytt\u00f6jen kanssa Kuusamossa"},"content":{"rendered":"<p>Heti koulujen kes\u00e4loman alettua l\u00e4hdimme tytt\u00f6jen ja Pipsan kanssa Kuusamoon. Tarkoituksenamme oli vaeltaa Oulangan opastuskeskuksen luota Juumaan Karhunkierroksen reitti\u00e4. Aikaa retkellemme olimme varanneet nelj\u00e4 y\u00f6t\u00e4. Matka oli sama, jonka edellisvuonna olin vaeltanut oppilaideni kanssa.<\/p>\n<div id=\"attachment_2286\" style=\"width: 430px\" class=\"wp-caption aligncenter\"><a href=\"https:\/\/blogi.ennola.fi\/wp-content\/uploads\/2011\/10\/IMG_5209.jpg\" rel=\"lightbox[1719]\"><img loading=\"lazy\" decoding=\"async\" aria-describedby=\"caption-attachment-2286\" class=\"wp-image-2286 size-full\" title=\"Retkel\u00e4iset kiutak\u00f6nk\u00e4\u00e4ll\u00e4.\" src=\"https:\/\/blogi.ennola.fi\/wp-content\/uploads\/2011\/10\/IMG_5209-1.jpg\" alt=\"\" width=\"420\" height=\"315\" srcset=\"https:\/\/blogi.ennola.fi\/wp-content\/uploads\/2011\/10\/IMG_5209-1.jpg 420w, https:\/\/blogi.ennola.fi\/wp-content\/uploads\/2011\/10\/IMG_5209-1-150x113.jpg 150w\" sizes=\"(max-width: 420px) 100vw, 420px\" \/><\/a><p id=\"caption-attachment-2286\" class=\"wp-caption-text\">Retkel\u00e4iset kiutak\u00f6nk\u00e4\u00e4ll\u00e4.<\/p><\/div>\n<p>Alli pakkasi rinkkaansa jo kaikki tarvitsemansa henkil\u00f6kohtaiset varusteet, Aamu sai reppuunsa vain joitain vaatteita ja suklaalevyn. Minulle tulivat kaikki yhteiset varusteet ja suurin osa ruuasta. Tarkoituksenani oli, ettei kummankaan rinkka saisi tuntua liian painavalta, mutta ajatus tavaroidensa kantamisesta silti muodostuisi.<\/p>\n<p><a href=\"https:\/\/blogi.ennola.fi\/wp-content\/uploads\/2011\/10\/IMG_5309.jpg\" rel=\"lightbox[1719]\"><img loading=\"lazy\" decoding=\"async\" class=\"aligncenter wp-image-2292 size-full\" src=\"https:\/\/blogi.ennola.fi\/wp-content\/uploads\/2011\/10\/IMG_5309-1.jpg\" alt=\"\" width=\"300\" height=\"400\" srcset=\"https:\/\/blogi.ennola.fi\/wp-content\/uploads\/2011\/10\/IMG_5309-1.jpg 300w, https:\/\/blogi.ennola.fi\/wp-content\/uploads\/2011\/10\/IMG_5309-1-113x150.jpg 113w\" sizes=\"(max-width: 300px) 100vw, 300px\" \/><\/a><\/p>\n<p>T\u00e4n\u00e4 vuonna kes\u00e4kuun alku oli hyvin l\u00e4mmin ja retkemme osui pahimpien helteiden aikaan. L\u00e4mpim\u00e4t helteet her\u00e4ttiv\u00e4t my\u00f6s itikat, joiden m\u00e4\u00e4r\u00e4 alkup\u00e4ivin\u00e4 tuntui kaksinkertaistuvan joka p\u00e4iv\u00e4. Itikat ja helteet saivatkin Jussink\u00e4mp\u00e4ll\u00e4 lapset p\u00e4\u00e4tt\u00e4m\u00e4\u00e4n, ett\u00e4 lyhent\u00e4isimme retke\u00e4 p\u00e4iv\u00e4ll\u00e4. Niinp\u00e4 Jussink\u00e4mp\u00e4lt\u00e4 vaelsimme seuraavana p\u00e4iv\u00e4n\u00e4 suoraan Myllytuvalle, emmek\u00e4 j\u00e4\u00e4neet y\u00f6t\u00e4 Kitkajoen rantaan niin kuin alun perin olimme suunnitelleet.<\/p>\n<div id=\"attachment_2291\" style=\"width: 430px\" class=\"wp-caption aligncenter\"><a href=\"https:\/\/blogi.ennola.fi\/wp-content\/uploads\/2011\/10\/IMG_5318.jpg\" rel=\"lightbox[1719]\"><img loading=\"lazy\" decoding=\"async\" aria-describedby=\"caption-attachment-2291\" class=\"wp-image-2291 size-full\" title=\"Hyttyssavulla Kitkajoen rannassa.\" src=\"https:\/\/blogi.ennola.fi\/wp-content\/uploads\/2011\/10\/IMG_5318-1.jpg\" alt=\"\" width=\"420\" height=\"315\" srcset=\"https:\/\/blogi.ennola.fi\/wp-content\/uploads\/2011\/10\/IMG_5318-1.jpg 420w, https:\/\/blogi.ennola.fi\/wp-content\/uploads\/2011\/10\/IMG_5318-1-150x113.jpg 150w\" sizes=\"(max-width: 420px) 100vw, 420px\" \/><\/a><p id=\"caption-attachment-2291\" class=\"wp-caption-text\">Hyttyssavulla Kitkajoen rannassa.<\/p><\/div>\n<p>Lapset jatkoivat vaelluksella hyvin. Alli olisi jo kantanut painavampaakin rinkkaa ja vaeltanut pidempi\u00e4 matkoja. Aamulle sen sijaan pidemm\u00e4t k\u00e4velymatkat ja varsinkin portaat muodostuivat helteess\u00e4 v\u00e4lill\u00e4 turhan raskaiksi. Onneksi hetken lepo, vesitilkka ja pala suklaata sai mielen k\u00e4\u00e4ntym\u00e4\u00e4n valoisammaksi.<\/p>\n<div id=\"attachment_2289\" style=\"width: 430px\" class=\"wp-caption aligncenter\"><a href=\"https:\/\/blogi.ennola.fi\/wp-content\/uploads\/2011\/10\/IMG_5279.jpg\" rel=\"lightbox[1719]\"><img loading=\"lazy\" decoding=\"async\" aria-describedby=\"caption-attachment-2289\" class=\"wp-image-2289 size-full\" title=\"Alkumatkan portaita, jotka vie\u00e4 tuntuivat helpoilta.\" src=\"https:\/\/blogi.ennola.fi\/wp-content\/uploads\/2011\/10\/IMG_5279-1.jpg\" alt=\"\" width=\"420\" height=\"315\" srcset=\"https:\/\/blogi.ennola.fi\/wp-content\/uploads\/2011\/10\/IMG_5279-1.jpg 420w, https:\/\/blogi.ennola.fi\/wp-content\/uploads\/2011\/10\/IMG_5279-1-150x113.jpg 150w\" sizes=\"(max-width: 420px) 100vw, 420px\" \/><\/a><p id=\"caption-attachment-2289\" class=\"wp-caption-text\">Alkumatkan portaita, jotka vie\u00e4 tuntuivat helpoilta.<\/p><\/div>\n<div id=\"attachment_2288\" style=\"width: 318px\" class=\"wp-caption aligncenter\"><a href=\"https:\/\/blogi.ennola.fi\/wp-content\/uploads\/2011\/10\/IMG_5240.jpg\" rel=\"lightbox[1719]\"><img loading=\"lazy\" decoding=\"async\" aria-describedby=\"caption-attachment-2288\" class=\"wp-image-2288 size-full\" title=\"Puukolla veistely on ollut aina lasten mieleen.\" src=\"https:\/\/blogi.ennola.fi\/wp-content\/uploads\/2011\/10\/IMG_5240-1.jpg\" alt=\"\" width=\"308\" height=\"400\" srcset=\"https:\/\/blogi.ennola.fi\/wp-content\/uploads\/2011\/10\/IMG_5240-1.jpg 308w, https:\/\/blogi.ennola.fi\/wp-content\/uploads\/2011\/10\/IMG_5240-1-116x150.jpg 116w\" sizes=\"(max-width: 308px) 100vw, 308px\" \/><\/a><p id=\"caption-attachment-2288\" class=\"wp-caption-text\">Puukolla veistely on ollut aina lasten mieleen.<\/p><\/div>\n<p>Teltassa nukkuminen ja vaeltaminen oli hieman outoa viel\u00e4 karvakuonollemme ja sen sai hieman v\u00e4kisin ottaa telttaan nukkumaan. Ensimm\u00e4isen\u00e4 y\u00f6n\u00e4 telttamme l\u00e4hell\u00e4 laulanut laulurastas sai sen levottomaksi. Loppumatkasta teltassa nukkuminen alkoi silt\u00e4kin sujua ja aamuy\u00f6st\u00e4, kun sille tuli kylm\u00e4, se osasi k\u00f6mpi\u00e4 makuupussiini l\u00e4mmittelem\u00e4\u00e4n. Sen sijaan ruoka ei sille koko reissuna maittanut. Ruo\u2019astaan se ei sy\u00f6nyt kuin murto-osan.<\/p>\n<div id=\"attachment_2293\" style=\"width: 430px\" class=\"wp-caption aligncenter\"><a href=\"https:\/\/blogi.ennola.fi\/wp-content\/uploads\/2011\/10\/IMG_5280.jpg\" rel=\"lightbox[1719]\"><img loading=\"lazy\" decoding=\"async\" aria-describedby=\"caption-attachment-2293\" class=\"wp-image-2293 size-full\" title=\"Ihailimme Olankajoen komeita maisemia.\" src=\"https:\/\/blogi.ennola.fi\/wp-content\/uploads\/2011\/10\/IMG_5280-1.jpg\" alt=\"\" width=\"420\" height=\"315\" srcset=\"https:\/\/blogi.ennola.fi\/wp-content\/uploads\/2011\/10\/IMG_5280-1.jpg 420w, https:\/\/blogi.ennola.fi\/wp-content\/uploads\/2011\/10\/IMG_5280-1-150x113.jpg 150w\" sizes=\"(max-width: 420px) 100vw, 420px\" \/><\/a><p id=\"caption-attachment-2293\" class=\"wp-caption-text\">Ihailimme Olankajoen komeita maisemia.<\/p><\/div>\n<p>Myllykoskella koetimme y\u00f6py\u00e4 myllytuvassa, joka illan helteess\u00e4 tuntui ihanan viile\u00e4lt\u00e4. Y\u00f6ll\u00e4 itikat tunkeutuivat tupaan ja se, mik\u00e4 illalla oli tuntunut viile\u00e4lt\u00e4, oli nyt kuumaa. Puolen y\u00f6n aikaan totesimme, ettei kukaan meist\u00e4 ollut nukkunut yht\u00e4\u00e4n, joten nousin ja pystytin teltan k\u00e4mp\u00e4n pihaan. Taas tuli todettua se, ett\u00e4 itikka-aikaan k\u00e4mpp\u00e4 ei ole kiva nukkumapaikka.<\/p>\n<div id=\"attachment_2287\" style=\"width: 490px\" class=\"wp-caption aligncenter\"><a href=\"https:\/\/blogi.ennola.fi\/wp-content\/uploads\/2011\/10\/Kuusamo_Panorama16.jpg\" rel=\"lightbox[1719]\"><img loading=\"lazy\" decoding=\"async\" aria-describedby=\"caption-attachment-2287\" class=\"wp-image-2287 size-full\" title=\"Myllykosken mylly.\" src=\"https:\/\/blogi.ennola.fi\/wp-content\/uploads\/2011\/10\/Kuusamo_Panorama16-1.jpg\" alt=\"\" width=\"480\" height=\"202\" srcset=\"https:\/\/blogi.ennola.fi\/wp-content\/uploads\/2011\/10\/Kuusamo_Panorama16-1.jpg 480w, https:\/\/blogi.ennola.fi\/wp-content\/uploads\/2011\/10\/Kuusamo_Panorama16-1-150x63.jpg 150w\" sizes=\"(max-width: 480px) 100vw, 480px\" \/><\/a><p id=\"caption-attachment-2287\" class=\"wp-caption-text\">Myllykosken mylly.<\/p><\/div>\n<p>Retkest\u00e4 mieleenpainuvimmiksi j\u00e4iv\u00e4t kuohuvat kosket ylitt\u00e4v\u00e4t riippusillat ja tietenkin lukuisat portaat. Taisi joillain portailla Aamulta kyynelkin vier\u00e4ht\u00e4\u00e4, kun niit\u00e4 kavuttiin. My\u00f6s Oluankajoen korkeat t\u00f6rm\u00e4t ja monet kauniit kosket j\u00e4iv\u00e4t mieleen. Vaikka hetkitt\u00e4in vaelluksella oli ollut raskasta ja itikat vaivanneet, niin silti jo kotimatkalla lapset suunnittelivat ensi vuoden Lapinmatkaa, joten kai retke\u00e4 voi tavoitteiltaan pit\u00e4\u00e4 onnistuneena.<\/p>\n<div id=\"attachment_2290\" style=\"width: 430px\" class=\"wp-caption aligncenter\"><a href=\"https:\/\/blogi.ennola.fi\/wp-content\/uploads\/2011\/10\/IMG_5388.jpg\" rel=\"lightbox[1719]\"><img loading=\"lazy\" decoding=\"async\" aria-describedby=\"caption-attachment-2290\" class=\"wp-image-2290 size-full\" title=\"Alli ylitt\u00e4\u00e4 Kitkajoen Niskakosken.\" src=\"https:\/\/blogi.ennola.fi\/wp-content\/uploads\/2011\/10\/IMG_5388-1.jpg\" alt=\"\" width=\"420\" height=\"315\" srcset=\"https:\/\/blogi.ennola.fi\/wp-content\/uploads\/2011\/10\/IMG_5388-1.jpg 420w, https:\/\/blogi.ennola.fi\/wp-content\/uploads\/2011\/10\/IMG_5388-1-150x113.jpg 150w\" sizes=\"(max-width: 420px) 100vw, 420px\" \/><\/a><p id=\"caption-attachment-2290\" class=\"wp-caption-text\">Alli ylitt\u00e4\u00e4 Kitkajoen Niskakosken.<\/p><\/div>\n","protected":false},"excerpt":{"rendered":"<p>Heti koulujen kes\u00e4loman alettua l\u00e4hdimme tytt\u00f6jen ja Pipsan kanssa Kuusamoon. Tarkoituksenamme oli vaeltaa Oulangan opastuskeskuksen luota Juumaan Karhunkierroksen reitti\u00e4. Aikaa retkellemme olimme varanneet nelj\u00e4 y\u00f6t\u00e4. Matka oli sama,&#8230;<\/p>\n","protected":false},"author":1,"featured_media":2305,"comment_status":"open","ping_status":"open","sticky":false,"template":"","format":"standard","meta":{"footnotes":""},"categories":[10,3],"tags":[],"_links":{"self":[{"href":"https:\/\/blogi.ennola.fi\/index.php?rest_route=\/wp\/v2\/posts\/1719"}],"collection":[{"href":"https:\/\/blogi.ennola.fi\/index.php?rest_route=\/wp\/v2\/posts"}],"about":[{"href":"https:\/\/blogi.ennola.fi\/index.php?rest_route=\/wp\/v2\/types\/post"}],"author":[{"embeddable":true,"href":"https:\/\/blogi.ennola.fi\/index.php?rest_route=\/wp\/v2\/users\/1"}],"replies":[{"embeddable":true,"href":"https:\/\/blogi.ennola.fi\/index.php?rest_route=%2Fwp%2Fv2%2Fcomments&post=1719"}],"version-history":[{"count":5,"href":"https:\/\/blogi.ennola.fi\/index.php?rest_route=\/wp\/v2\/posts\/1719\/revisions"}],"predecessor-version":[{"id":5098,"href":"https:\/\/blogi.ennola.fi\/index.php?rest_route=\/wp\/v2\/posts\/1719\/revisions\/5098"}],"wp:featuredmedia":[{"embeddable":true,"href":"https:\/\/blogi.ennola.fi\/index.php?rest_route=\/wp\/v2\/media\/2305"}],"wp:attachment":[{"href":"https:\/\/blogi.ennola.fi\/index.php?rest_route=%2Fwp%2Fv2%2Fmedia&parent=1719"}],"wp:term":[{"taxonomy":"category","embeddable":true,"href":"https:\/\/blogi.ennola.fi\/index.php?rest_route=%2Fwp%2Fv2%2Fcategories&post=1719"},{"taxonomy":"post_tag","embeddable":true,"href":"https:\/\/blogi.ennola.fi\/index.php?rest_route=%2Fwp%2Fv2%2Ftags&post=1719"}],"curies":[{"name":"wp","href":"https:\/\/api.w.org\/{rel}","templated":true}]}}