{"id":1721,"date":"2011-10-03T18:35:15","date_gmt":"2011-10-03T15:35:15","guid":{"rendered":"https:\/\/blogi.ennola.fi\/?p=1721"},"modified":"2020-07-02T16:27:32","modified_gmt":"2020-07-02T13:27:32","slug":"tyttojen-kanssa-kuusamossa-2","status":"publish","type":"post","link":"https:\/\/blogi.ennola.fi\/?p=1721","title":{"rendered":"Pohjan alapinta lasikuidutettu"},"content":{"rendered":"<p>Pohjan valmistus jatkui toiselta puolelta samoilla urilla kuin aiemminkin. Yhden viikonlopun hioin toista puolta py\u00f6re\u00e4ksi ja toisena viikonloppuna levitin sille pinnalle lasikuitumaton. Lasikuitumaton laitoin taas paikalleen maalarin teipill\u00e4 ennen sen kyll\u00e4st\u00e4mist\u00e4. Lopuksi kittasin viel\u00e4 pinnan kolot umpeen.<\/p>\n<p><a href=\"https:\/\/blogi.ennola.fi\/wp-content\/uploads\/2011\/10\/IMG_6194-1.jpg\" rel=\"lightbox[1721]\"><img loading=\"lazy\" decoding=\"async\" class=\"aligncenter wp-image-1998 size-full\" src=\"https:\/\/blogi.ennola.fi\/wp-content\/uploads\/2011\/10\/IMG_6194.jpg\" alt=\"\" width=\"343\" height=\"450\" srcset=\"https:\/\/blogi.ennola.fi\/wp-content\/uploads\/2011\/10\/IMG_6194.jpg 343w, https:\/\/blogi.ennola.fi\/wp-content\/uploads\/2011\/10\/IMG_6194-114x150.jpg 114w, https:\/\/blogi.ennola.fi\/wp-content\/uploads\/2011\/10\/IMG_6194-305x400.jpg 305w\" sizes=\"(max-width: 343px) 100vw, 343px\" \/><\/a><\/p>\n<p>Seuraavana p\u00e4iv\u00e4n\u00e4 irrottelin viel\u00e4 teipit, mutta muuta en t\u00e4ll\u00e4 kertaa ehtinyt tehd\u00e4. &#8211; Paitsi tietysti imuroin lattialta hiomap\u00f6lyn. Sit\u00e4 tulikin ainakin puoli p\u00f6lypussillista. Melkoista hiomista t\u00e4m\u00e4 kanootin valmistus.<\/p>\n<p><a href=\"https:\/\/blogi.ennola.fi\/wp-content\/uploads\/2011\/10\/IMG_6201-1.jpg\" rel=\"lightbox[1721]\"><img loading=\"lazy\" decoding=\"async\" class=\"aligncenter wp-image-1997 size-full\" src=\"https:\/\/blogi.ennola.fi\/wp-content\/uploads\/2011\/10\/IMG_6201.jpg\" alt=\"\" width=\"480\" height=\"360\" srcset=\"https:\/\/blogi.ennola.fi\/wp-content\/uploads\/2011\/10\/IMG_6201.jpg 480w, https:\/\/blogi.ennola.fi\/wp-content\/uploads\/2011\/10\/IMG_6201-150x113.jpg 150w\" sizes=\"(max-width: 480px) 100vw, 480px\" \/><\/a><\/p>\n<p>Seuraavaksi onkin edess\u00e4 ylim\u00e4\u00e4r\u00e4isen maton poisto ja pinnan kevyt hiominen tasaiseksi. Sitten p\u00e4\u00e4senkin siirtym\u00e4\u00e4n pohjan sis\u00e4pinnan ty\u00f6st\u00e4miseen. Saas n\u00e4hd\u00e4 p\u00e4\u00e4senk\u00f6 sen kimppuun viel\u00e4 t\u00e4n\u00e4 syksyn\u00e4 vai joudunko j\u00e4tt\u00e4m\u00e4\u00e4n sen vaiheen odottamaan kev\u00e4tt\u00e4?<\/p>\n","protected":false},"excerpt":{"rendered":"<p>Pohjan valmistus jatkui toiselta puolelta samoilla urilla kuin aiemminkin. Yhden viikonlopun hioin toista puolta py\u00f6re\u00e4ksi ja toisena viikonloppuna levitin sille pinnalle lasikuitumaton. Lasikuitumaton laitoin taas paikalleen maalarin teipill\u00e4&#8230;<\/p>\n","protected":false},"author":1,"featured_media":4880,"comment_status":"open","ping_status":"open","sticky":false,"template":"","format":"standard","meta":{"footnotes":""},"categories":[12],"tags":[],"_links":{"self":[{"href":"https:\/\/blogi.ennola.fi\/index.php?rest_route=\/wp\/v2\/posts\/1721"}],"collection":[{"href":"https:\/\/blogi.ennola.fi\/index.php?rest_route=\/wp\/v2\/posts"}],"about":[{"href":"https:\/\/blogi.ennola.fi\/index.php?rest_route=\/wp\/v2\/types\/post"}],"author":[{"embeddable":true,"href":"https:\/\/blogi.ennola.fi\/index.php?rest_route=\/wp\/v2\/users\/1"}],"replies":[{"embeddable":true,"href":"https:\/\/blogi.ennola.fi\/index.php?rest_route=%2Fwp%2Fv2%2Fcomments&post=1721"}],"version-history":[{"count":7,"href":"https:\/\/blogi.ennola.fi\/index.php?rest_route=\/wp\/v2\/posts\/1721\/revisions"}],"predecessor-version":[{"id":5268,"href":"https:\/\/blogi.ennola.fi\/index.php?rest_route=\/wp\/v2\/posts\/1721\/revisions\/5268"}],"wp:featuredmedia":[{"embeddable":true,"href":"https:\/\/blogi.ennola.fi\/index.php?rest_route=\/wp\/v2\/media\/4880"}],"wp:attachment":[{"href":"https:\/\/blogi.ennola.fi\/index.php?rest_route=%2Fwp%2Fv2%2Fmedia&parent=1721"}],"wp:term":[{"taxonomy":"category","embeddable":true,"href":"https:\/\/blogi.ennola.fi\/index.php?rest_route=%2Fwp%2Fv2%2Fcategories&post=1721"},{"taxonomy":"post_tag","embeddable":true,"href":"https:\/\/blogi.ennola.fi\/index.php?rest_route=%2Fwp%2Fv2%2Ftags&post=1721"}],"curies":[{"name":"wp","href":"https:\/\/api.w.org\/{rel}","templated":true}]}}