{"id":1726,"date":"2011-12-06T18:40:16","date_gmt":"2011-12-06T16:40:16","guid":{"rendered":"https:\/\/blogi.ennola.fi\/?p=1726"},"modified":"2020-06-08T16:58:12","modified_gmt":"2020-06-08T13:58:12","slug":"itsenaisyyspaiva-raisiossa","status":"publish","type":"post","link":"https:\/\/blogi.ennola.fi\/?p=1726","title":{"rendered":"Itsen\u00e4isyysp\u00e4iv\u00e4 Raisiossa"},"content":{"rendered":"<p>Itsen\u00e4isyysp\u00e4iv\u00e4n\u00e4 satoi ensilumi Raisiossa. Aamulla s\u00e4\u00e4 muuttui tuhruiseksi, vaikka ensin n\u00e4yttikin kirkastuvalta. Otin kamerani silti mukaan, kun l\u00e4hdin Pippurin kanssa lenkille. Kuvissa tavoittelin loppusyksyn ja alkutalven hieman tuhruista, v\u00e4rit\u00f6nt\u00e4 ja hieman ankeaa ilmett\u00e4.<\/p>\n<div id=\"attachment_1955\" style=\"width: 490px\" class=\"wp-caption aligncenter\"><a href=\"https:\/\/blogi.ennola.fi\/wp-content\/uploads\/2011\/12\/Raisio_Panorama3.jpg\" rel=\"lightbox[1726]\"><img loading=\"lazy\" decoding=\"async\" aria-describedby=\"caption-attachment-1955\" class=\"wp-image-1955 size-full\" title=\"Polunvarren koivikko vesilaitoksen l\u00e4hell\u00e4.\" src=\"https:\/\/blogi.ennola.fi\/wp-content\/uploads\/2011\/12\/Untitled_Panorama3.jpg\" alt=\"\" width=\"480\" height=\"67\" srcset=\"https:\/\/blogi.ennola.fi\/wp-content\/uploads\/2011\/12\/Untitled_Panorama3.jpg 480w, https:\/\/blogi.ennola.fi\/wp-content\/uploads\/2011\/12\/Untitled_Panorama3-150x21.jpg 150w\" sizes=\"(max-width: 480px) 100vw, 480px\" \/><\/a><p id=\"caption-attachment-1955\" class=\"wp-caption-text\">Polunvarren koivikko vesilaitoksen l\u00e4hell\u00e4.<\/p><\/div>\n<div id=\"attachment_1957\" style=\"width: 490px\" class=\"wp-caption aligncenter\"><a href=\"https:\/\/blogi.ennola.fi\/wp-content\/uploads\/2011\/12\/Raisio_Panorama1.jpg\" rel=\"lightbox[1726]\"><img loading=\"lazy\" decoding=\"async\" aria-describedby=\"caption-attachment-1957\" class=\"wp-image-1957 size-full\" title=\"Vesilaitoksen pato, jossa virtasi runsaasti ruskeaa vett\u00e4.\" src=\"https:\/\/blogi.ennola.fi\/wp-content\/uploads\/2011\/12\/Raisio_Panorama1-1.jpg\" alt=\"\" width=\"480\" height=\"172\" srcset=\"https:\/\/blogi.ennola.fi\/wp-content\/uploads\/2011\/12\/Raisio_Panorama1-1.jpg 480w, https:\/\/blogi.ennola.fi\/wp-content\/uploads\/2011\/12\/Raisio_Panorama1-1-150x54.jpg 150w\" sizes=\"(max-width: 480px) 100vw, 480px\" \/><\/a><p id=\"caption-attachment-1957\" class=\"wp-caption-text\">Vesilaitoksen pato, jossa virtasi runsaasti ruskeaa vett\u00e4.<\/p><\/div>\n<div id=\"attachment_1956\" style=\"width: 490px\" class=\"wp-caption aligncenter\"><a href=\"https:\/\/blogi.ennola.fi\/wp-content\/uploads\/2011\/12\/Raisio_Panorama2.jpg\" rel=\"lightbox[1726]\"><img loading=\"lazy\" decoding=\"async\" aria-describedby=\"caption-attachment-1956\" class=\"wp-image-1956 size-full\" title=\"Saman padon yl\u00e4puolinen allas.\" src=\"https:\/\/blogi.ennola.fi\/wp-content\/uploads\/2011\/12\/Raisio_Panorama2-1.jpg\" alt=\"\" width=\"480\" height=\"121\" srcset=\"https:\/\/blogi.ennola.fi\/wp-content\/uploads\/2011\/12\/Raisio_Panorama2-1.jpg 480w, https:\/\/blogi.ennola.fi\/wp-content\/uploads\/2011\/12\/Raisio_Panorama2-1-150x38.jpg 150w\" sizes=\"(max-width: 480px) 100vw, 480px\" \/><\/a><p id=\"caption-attachment-1956\" class=\"wp-caption-text\">Saman padon yl\u00e4puolinen allas.<\/p><\/div>\n<div id=\"attachment_1958\" style=\"width: 490px\" class=\"wp-caption aligncenter\"><a href=\"https:\/\/blogi.ennola.fi\/wp-content\/uploads\/2011\/12\/Raisio_Panorama4.jpg\" rel=\"lightbox[1726]\"><img loading=\"lazy\" decoding=\"async\" aria-describedby=\"caption-attachment-1958\" class=\"wp-image-1958 size-full\" title=\"Pellon reunalla ollut kaatunut puu.\" src=\"https:\/\/blogi.ennola.fi\/wp-content\/uploads\/2011\/12\/Untitled_Panorama4.jpg\" alt=\"\" width=\"480\" height=\"123\" srcset=\"https:\/\/blogi.ennola.fi\/wp-content\/uploads\/2011\/12\/Untitled_Panorama4.jpg 480w, https:\/\/blogi.ennola.fi\/wp-content\/uploads\/2011\/12\/Untitled_Panorama4-150x38.jpg 150w\" sizes=\"(max-width: 480px) 100vw, 480px\" \/><\/a><p id=\"caption-attachment-1958\" class=\"wp-caption-text\">Pellon reunalla ollut kaatunut puu.<\/p><\/div>\n","protected":false},"excerpt":{"rendered":"<p>Itsen\u00e4isyysp\u00e4iv\u00e4n\u00e4 satoi ensilumi Raisiossa. Aamulla s\u00e4\u00e4 muuttui tuhruiseksi, vaikka ensin n\u00e4yttikin kirkastuvalta. Otin kamerani silti mukaan, kun l\u00e4hdin Pippurin kanssa lenkille. Kuvissa tavoittelin loppusyksyn ja alkutalven hieman tuhruista,&#8230;<\/p>\n","protected":false},"author":1,"featured_media":1954,"comment_status":"open","ping_status":"open","sticky":false,"template":"","format":"standard","meta":{"footnotes":""},"categories":[4],"tags":[],"_links":{"self":[{"href":"https:\/\/blogi.ennola.fi\/index.php?rest_route=\/wp\/v2\/posts\/1726"}],"collection":[{"href":"https:\/\/blogi.ennola.fi\/index.php?rest_route=\/wp\/v2\/posts"}],"about":[{"href":"https:\/\/blogi.ennola.fi\/index.php?rest_route=\/wp\/v2\/types\/post"}],"author":[{"embeddable":true,"href":"https:\/\/blogi.ennola.fi\/index.php?rest_route=\/wp\/v2\/users\/1"}],"replies":[{"embeddable":true,"href":"https:\/\/blogi.ennola.fi\/index.php?rest_route=%2Fwp%2Fv2%2Fcomments&post=1726"}],"version-history":[{"count":4,"href":"https:\/\/blogi.ennola.fi\/index.php?rest_route=\/wp\/v2\/posts\/1726\/revisions"}],"predecessor-version":[{"id":5087,"href":"https:\/\/blogi.ennola.fi\/index.php?rest_route=\/wp\/v2\/posts\/1726\/revisions\/5087"}],"wp:featuredmedia":[{"embeddable":true,"href":"https:\/\/blogi.ennola.fi\/index.php?rest_route=\/wp\/v2\/media\/1954"}],"wp:attachment":[{"href":"https:\/\/blogi.ennola.fi\/index.php?rest_route=%2Fwp%2Fv2%2Fmedia&parent=1726"}],"wp:term":[{"taxonomy":"category","embeddable":true,"href":"https:\/\/blogi.ennola.fi\/index.php?rest_route=%2Fwp%2Fv2%2Fcategories&post=1726"},{"taxonomy":"post_tag","embeddable":true,"href":"https:\/\/blogi.ennola.fi\/index.php?rest_route=%2Fwp%2Fv2%2Ftags&post=1726"}],"curies":[{"name":"wp","href":"https:\/\/api.w.org\/{rel}","templated":true}]}}