{"id":1728,"date":"2011-09-16T18:42:36","date_gmt":"2011-09-16T15:42:36","guid":{"rendered":"https:\/\/blogi.ennola.fi\/?p=1728"},"modified":"2020-07-14T21:46:43","modified_gmt":"2020-07-14T18:46:43","slug":"oppilaiden-kanssa-kuusamossa","status":"publish","type":"post","link":"https:\/\/blogi.ennola.fi\/?p=1728","title":{"rendered":"Oppilaiden kanssa Kuusamossa"},"content":{"rendered":"<p>Koulujen alettua oli ensimm\u00e4isen\u00e4 opetuksenani edellisvuotiseen tapaan vaellus, joka t\u00e4ll\u00e4kin kertaa suuntautui Kuusamoon Karhunkierrokselle. Ajankohtana oli elokuun loppu. Tarkoituksenamme ei ollut vaeltaa nelj\u00e4ss\u00e4 p\u00e4iv\u00e4ss\u00e4 koko Karhunkierrosta, vaan tehd\u00e4 varsin rauhalliseen tahtiin vaellus Oulangan luontokeskukselta Juumaan.<\/p>\n<p>Matkaan l\u00e4hdimme sunnuntaiaamuna kahdeksan aikaan. Polkupy\u00f6r\u00e4n j\u00e4tin, kuten lastenkin kanssa, Juumaan nyt menness\u00e4. Perill\u00e4 Oulangan luontokeskuksessa olimme vasta kahdeksan aikaan, jolloin alkoi jo h\u00e4m\u00e4rt\u00e4\u00e4. Niinp\u00e4 kaivoimme otsalamput esille ja vaelsimme niiden ja kuun valossa ensimm\u00e4iselle leiripaikallemme. Matkalla pys\u00e4hdyimme hetkeksi ihastelemaan Kiutak\u00f6ng\u00e4st\u00e4, mutta tarkoituksenamme oli palata sille viel\u00e4 aamulla.<\/p>\n<div id=\"attachment_2270\" style=\"width: 310px\" class=\"wp-caption aligncenter\"><a href=\"https:\/\/blogi.ennola.fi\/wp-content\/uploads\/2011\/11\/IMG_5705-1.jpg\" rel=\"lightbox[1728]\"><img loading=\"lazy\" decoding=\"async\" aria-describedby=\"caption-attachment-2270\" class=\"wp-image-2270 size-full\" title=\"Kiutak\u00f6nk\u00e4\u00e4n alajuoksu kuutamossa\" src=\"https:\/\/blogi.ennola.fi\/wp-content\/uploads\/2011\/11\/IMG_5705.jpg\" alt=\"\" width=\"300\" height=\"400\" srcset=\"https:\/\/blogi.ennola.fi\/wp-content\/uploads\/2011\/11\/IMG_5705.jpg 300w, https:\/\/blogi.ennola.fi\/wp-content\/uploads\/2011\/11\/IMG_5705-113x150.jpg 113w\" sizes=\"(max-width: 300px) 100vw, 300px\" \/><\/a><p id=\"caption-attachment-2270\" class=\"wp-caption-text\">Kiutak\u00f6nk\u00e4\u00e4n alajuoksu kuutamossa<\/p><\/div>\n<p>Ensimm\u00e4inen telttojen pystytys ja iltapala t\u00e4ytyi tehd\u00e4 pime\u00e4ss\u00e4 ja nukkumaan p\u00e4\u00e4stiin puolen y\u00f6n aikoihin. Jo illalla k\u00e4vi selv\u00e4ksi, ett\u00e4 pikkunis\u00e4kk\u00e4it\u00e4 on paljon. Niit\u00e4 vilisteli taskulampun valossa pitkin ja poikin. Pikkunis\u00e4kk\u00e4iden varalta ripustin reppuni ruokavaroineen puuhun roikkumaan.<\/p>\n<div id=\"attachment_2264\" style=\"width: 460px\" class=\"wp-caption aligncenter\"><a href=\"https:\/\/blogi.ennola.fi\/wp-content\/uploads\/2011\/11\/IMG_5784.jpg\" rel=\"lightbox[1728]\"><img loading=\"lazy\" decoding=\"async\" aria-describedby=\"caption-attachment-2264\" class=\"wp-image-2264 size-full\" title=\"Vaeltajat Oulangan varressa.\" src=\"https:\/\/blogi.ennola.fi\/wp-content\/uploads\/2011\/11\/IMG_5784-1.jpg\" alt=\"\" width=\"450\" height=\"338\" srcset=\"https:\/\/blogi.ennola.fi\/wp-content\/uploads\/2011\/11\/IMG_5784-1.jpg 450w, https:\/\/blogi.ennola.fi\/wp-content\/uploads\/2011\/11\/IMG_5784-1-150x113.jpg 150w\" sizes=\"(max-width: 450px) 100vw, 450px\" \/><\/a><p id=\"caption-attachment-2264\" class=\"wp-caption-text\">Vaeltajat Oulangan varressa.<\/p><\/div>\n<p>Aamulla her\u00e4tess\u00e4 olikin sitten yll\u00e4tys, mink\u00e4laisesta maisemasta sit\u00e4 her\u00e4ttiin.\u00a0 Aamiaisen ja tavaroiden pakkaamisen j\u00e4lkeen l\u00e4hdettiin liikkeelle. Nousimme y\u00f6paikalta rinteen yl\u00f6s, jonka p\u00e4\u00e4lle j\u00e4timme rinkat ja l\u00e4hdimme tutustumaan Kiutak\u00f6nk\u00e4\u00e4seen, joka edellisen\u00e4 iltana pime\u00e4ss\u00e4 oli j\u00e4\u00e4nyt hieman pimentoon. Aikamme sit\u00e4 kuvattuamme ja ihasteltuamme palasimme rinkoille ja l\u00e4hdimme vaeltamaan kohti seuraavaa y\u00f6paikkaa: Ansak\u00e4mpp\u00e4\u00e4.<\/p>\n<p>Matka eteni rauhallisesti maisemia ihastellen ja jo Merenojan leiripaikalla sis\u00e4inen kello n\u00e4ytti lounasaikaa. Niinp\u00e4 pys\u00e4hdyimme jo siihen valmistamaan ruokaa.\u00a0 S\u00e4\u00e4 oli kaunis ja tintit hyppeliv\u00e4t ruokapaikkamme ymp\u00e4rist\u00f6ss\u00e4. Ruokailun j\u00e4lkeen k\u00e4vin viel\u00e4 v\u00e4h\u00e4n kuvailemassa jokirannassa, muiden j\u00e4\u00e4dess\u00e4 keittelem\u00e4\u00e4n viel\u00e4 kahvia.<\/p>\n<div id=\"attachment_2262\" style=\"width: 322px\" class=\"wp-caption aligncenter\"><a href=\"https:\/\/blogi.ennola.fi\/wp-content\/uploads\/2011\/11\/IMG_6011.jpg\" rel=\"lightbox[1728]\"><img loading=\"lazy\" decoding=\"async\" aria-describedby=\"caption-attachment-2262\" class=\"wp-image-2262 size-full\" title=\"Niina kokkaa.\" src=\"https:\/\/blogi.ennola.fi\/wp-content\/uploads\/2011\/11\/IMG_6011-1.jpg\" alt=\"\" width=\"312\" height=\"400\" srcset=\"https:\/\/blogi.ennola.fi\/wp-content\/uploads\/2011\/11\/IMG_6011-1.jpg 312w, https:\/\/blogi.ennola.fi\/wp-content\/uploads\/2011\/11\/IMG_6011-1-117x150.jpg 117w\" sizes=\"(max-width: 312px) 100vw, 312px\" \/><\/a><p id=\"caption-attachment-2262\" class=\"wp-caption-text\">Niina kokkaa.<\/p><\/div>\n<p>Ansak\u00e4mp\u00e4lle saavuimme sen verta my\u00f6h\u00e4\u00e4n, ett\u00e4 varsinaista iltakierrosta emme l\u00e4hteneet tekem\u00e4\u00e4n. Itse k\u00e4vin iltasella ottamassa muutaman kuvan tutuksi tulleesta niemennokasta. Nuotion \u00e4\u00e4rell\u00e4 tuli my\u00f6s istuskeltua ja jutusteltua muiden vaeltajien kanssa. Leiripaikalla n\u00e4in my\u00f6s puna- tai mets\u00e4myyr\u00e4n kiipeilev\u00e4n puussa ja Marita sai todistaa sellaisen vierailua rinkassaan. Onneksi siin\u00e4 rinkan taskussa ei ollut ruokaa.<\/p>\n<p>Aamulla jatkoimme matkaa jokivartta pitkin, kunnes polku alkoi nousta yl\u00f6s rinteeseen. Kulmakkapuron leiripaikalla oli viel\u00e4 turhan aikaista ruveta lounaan valmistukseen, joten jatkoimme matkaamme Jussink\u00e4mp\u00e4lle. T\u00e4m\u00e4 Kulmakkapuron ja Jussink\u00e4mp\u00e4n v\u00e4li on ehk\u00e4 t\u00e4m\u00e4n meid\u00e4n vaelluksemme tylsimpi\u00e4 v\u00e4lej\u00e4. Mets\u00e4 on sin\u00e4ns\u00e4 kaunista, mutta kovin samanlaisena se jatkuu koko v\u00e4lill\u00e4 ilman merkitt\u00e4vi\u00e4 n\u00e4k\u00f6aloja mihink\u00e4\u00e4n suuntaan. Kuitenkin juuri ennen Jussink\u00e4mpp\u00e4\u00e4 tiellemme osui muutama poro.<\/p>\n<div id=\"attachment_2271\" style=\"width: 460px\" class=\"wp-caption aligncenter\"><a href=\"https:\/\/blogi.ennola.fi\/wp-content\/uploads\/2011\/11\/IMG_5844.jpg\" rel=\"lightbox[1728]\"><img loading=\"lazy\" decoding=\"async\" aria-describedby=\"caption-attachment-2271\" class=\"wp-image-2271 size-full\" title=\"Vaeltajat matkalla Jussink\u00e4mp\u00e4lle.\" src=\"https:\/\/blogi.ennola.fi\/wp-content\/uploads\/2011\/11\/IMG_5844-1.jpg\" alt=\"\" width=\"450\" height=\"338\" srcset=\"https:\/\/blogi.ennola.fi\/wp-content\/uploads\/2011\/11\/IMG_5844-1.jpg 450w, https:\/\/blogi.ennola.fi\/wp-content\/uploads\/2011\/11\/IMG_5844-1-150x113.jpg 150w\" sizes=\"(max-width: 450px) 100vw, 450px\" \/><\/a><p id=\"caption-attachment-2271\" class=\"wp-caption-text\">Vaeltajat matkalla Jussink\u00e4mp\u00e4lle.<\/p><\/div>\n<p>Lopulta saavuimme Jussink\u00e4mp\u00e4lle miss\u00e4 olikin aika ruveta ruuan ja leirin valmisteluihin. Riippumattoni ripustin rannan tuntumaan, jotta voisin aamulla her\u00e4tess\u00e4ni tarkkailla maisemia. Keittimeni ja riippumattoni her\u00e4tti pient\u00e4 ihmetyst\u00e4 muiden vaeltajien keskuudessa. Olin kuulemma pystytt\u00e4nyt telttani yl\u00f6salaisin.<\/p>\n<div id=\"attachment_2272\" style=\"width: 460px\" class=\"wp-caption aligncenter\"><a href=\"https:\/\/blogi.ennola.fi\/wp-content\/uploads\/2011\/11\/IMG_5978.jpg\" rel=\"lightbox[1728]\"><img loading=\"lazy\" decoding=\"async\" aria-describedby=\"caption-attachment-2272\" class=\"wp-image-2272 size-full\" title=\"Ruuan valmistusta Jussink\u00e4mp\u00e4ll\u00e4.\" src=\"https:\/\/blogi.ennola.fi\/wp-content\/uploads\/2011\/11\/IMG_5978-1.jpg\" alt=\"\" width=\"450\" height=\"338\" srcset=\"https:\/\/blogi.ennola.fi\/wp-content\/uploads\/2011\/11\/IMG_5978-1.jpg 450w, https:\/\/blogi.ennola.fi\/wp-content\/uploads\/2011\/11\/IMG_5978-1-150x113.jpg 150w\" sizes=\"(max-width: 450px) 100vw, 450px\" \/><\/a><p id=\"caption-attachment-2272\" class=\"wp-caption-text\">Ruuan valmistusta Jussink\u00e4mp\u00e4ll\u00e4.<\/p><\/div>\n<p>Illalla tein pienen valokuvausretken itsekseni V\u00e4limaan suuntaan seuraillen rajoitusosan rajaa. Kovin kaukana en kuitenkaan k\u00e4ynyt, enk\u00e4 l\u00f6yt\u00e4nyt mit\u00e4\u00e4n kovin erikoista kuvattavaa. Se sijaan ilta Jussink\u00e4mp\u00e4ll\u00e4 oli kaunis ja tyyni ja kuvasin viel\u00e4 useita kuvia aivan auringon viime s\u00e4teist\u00e4.<\/p>\n<div id=\"attachment_2267\" style=\"width: 460px\" class=\"wp-caption aligncenter\"><a href=\"https:\/\/blogi.ennola.fi\/wp-content\/uploads\/2011\/11\/IMG_5986.jpg\" rel=\"lightbox[1728]\"><img loading=\"lazy\" decoding=\"async\" aria-describedby=\"caption-attachment-2267\" class=\"wp-image-2267 size-full\" title=\"Mari relaa.\" src=\"https:\/\/blogi.ennola.fi\/wp-content\/uploads\/2011\/11\/IMG_5986-1.jpg\" alt=\"\" width=\"450\" height=\"266\" srcset=\"https:\/\/blogi.ennola.fi\/wp-content\/uploads\/2011\/11\/IMG_5986-1.jpg 450w, https:\/\/blogi.ennola.fi\/wp-content\/uploads\/2011\/11\/IMG_5986-1-150x89.jpg 150w\" sizes=\"(max-width: 450px) 100vw, 450px\" \/><\/a><p id=\"caption-attachment-2267\" class=\"wp-caption-text\">Mari relaa.<\/p><\/div>\n<p>Seuraavana aamuna l\u00e4hdimme k\u00e4mp\u00e4lt\u00e4 liikkeelle viimeisten joukossa, matkahan seuraavalle y\u00f6pymispaikalle Kitkajoen varteen ei ollut pitk\u00e4. Heti l\u00e4ht\u00f6mme j\u00e4lkeen n\u00e4imme suolla pari poroa, joista sain jonkin moisen kuvankin. Matkalla Kitkajoen rantaan pys\u00e4hdyimme kierr\u00e4tyspisteell\u00e4 ja l\u00e4hteell\u00e4.\u00a0 Kitkajoen rannassa pys\u00e4hdyimme hetkeksi ensimm\u00e4isell\u00e4 leiripaikalla, josta sitten siirryimme hieman matkaa eteenp\u00e4in, kolmannelle retkipaikalle.<\/p>\n<div id=\"attachment_2269\" style=\"width: 460px\" class=\"wp-caption aligncenter\"><a href=\"https:\/\/blogi.ennola.fi\/wp-content\/uploads\/2011\/11\/IMG_5981.jpg\" rel=\"lightbox[1728]\"><img loading=\"lazy\" decoding=\"async\" aria-describedby=\"caption-attachment-2269\" class=\"wp-image-2269 size-full\" title=\"Poroja matkan varrelta. \" src=\"https:\/\/blogi.ennola.fi\/wp-content\/uploads\/2011\/11\/IMG_5981-1.jpg\" alt=\"\" width=\"450\" height=\"325\" srcset=\"https:\/\/blogi.ennola.fi\/wp-content\/uploads\/2011\/11\/IMG_5981-1.jpg 450w, https:\/\/blogi.ennola.fi\/wp-content\/uploads\/2011\/11\/IMG_5981-1-150x108.jpg 150w\" sizes=\"(max-width: 450px) 100vw, 450px\" \/><\/a><p id=\"caption-attachment-2269\" class=\"wp-caption-text\">Poroja matkan varrelta.<\/p><\/div>\n<p>T\u00e4ll\u00e4 paikalla oli jo pari kalastajaa y\u00f6pym\u00e4ss\u00e4, joten pystytimme omat telttamme hiukan sivummalle, joen mutkaan.\u00a0 Leiripaikkana t\u00e4m\u00e4 oli ehk\u00e4 viihtyisin t\u00e4h\u00e4n menness\u00e4. Aivan telttojemme ohitse virtasi Kitkajoki, jonka veden solina kuului leiripaikkaan. Joen toiselta puolelta nousivat korkeat kalliot. Pienet pensaat k\u00e4tkiv\u00e4t meid\u00e4t ohi kulkijoiden silmilt\u00e4. Oman vieh\u00e4tyksens\u00e4 paikkaan toivat koskikarat, jotka kalastelivat Kitkajoessa.<\/p>\n<div id=\"attachment_2273\" style=\"width: 460px\" class=\"wp-caption aligncenter\"><a href=\"https:\/\/blogi.ennola.fi\/wp-content\/uploads\/2011\/11\/IMG_5993.jpg\" rel=\"lightbox[1728]\"><img loading=\"lazy\" decoding=\"async\" aria-describedby=\"caption-attachment-2273\" class=\"wp-image-2273 size-full\" title=\"L\u00e4hde polun varressa matkalla Kitkajoelle.\" src=\"https:\/\/blogi.ennola.fi\/wp-content\/uploads\/2011\/11\/IMG_5993-1.jpg\" alt=\"\" width=\"450\" height=\"338\" srcset=\"https:\/\/blogi.ennola.fi\/wp-content\/uploads\/2011\/11\/IMG_5993-1.jpg 450w, https:\/\/blogi.ennola.fi\/wp-content\/uploads\/2011\/11\/IMG_5993-1-150x113.jpg 150w\" sizes=\"(max-width: 450px) 100vw, 450px\" \/><\/a><p id=\"caption-attachment-2273\" class=\"wp-caption-text\">L\u00e4hde polun varressa matkalla Kitkajoelle.<\/p><\/div>\n<p>Illalla l\u00e4hdimme kiipe\u00e4m\u00e4\u00e4n P\u00e4\u00e4hk\u00e4n\u00e4nkalliolle, josta on upeat n\u00e4k\u00f6alat aina Ven\u00e4j\u00e4n puolelle saakka. Matka yl\u00f6s ei ollut pitk\u00e4, joten j\u00e4imme melko pitk\u00e4ksi aikaa maisemia ihastelemaan. Laskeva aurinko maalaili pilvien v\u00e4list\u00e4 maisemaa kauniisti. Kolmesti yritin pyydyst\u00e4\u00e4 noita s\u00e4teit\u00e4 er\u00e4\u00e4lt\u00e4, hieman vaikeap\u00e4\u00e4syiselt\u00e4 kielekkeelt\u00e4. Mit\u00e4 menett\u00e4v\u00e4tk\u00e4\u00e4n ne vaeltajat, jotka kiireell\u00e4 kiit\u00e4v\u00e4t t\u00e4m\u00e4nkin maiseman ohi.<\/p>\n<div id=\"attachment_2265\" style=\"width: 460px\" class=\"wp-caption aligncenter\"><a href=\"https:\/\/blogi.ennola.fi\/wp-content\/uploads\/2011\/11\/IMG_6062.jpg\" rel=\"lightbox[1728]\"><img loading=\"lazy\" decoding=\"async\" aria-describedby=\"caption-attachment-2265\" class=\"wp-image-2265 size-full\" title=\"Viimeinen leiripaikkamme Kitkajoen varressa.\" src=\"https:\/\/blogi.ennola.fi\/wp-content\/uploads\/2011\/11\/IMG_6062-1.jpg\" alt=\"\" width=\"450\" height=\"338\" srcset=\"https:\/\/blogi.ennola.fi\/wp-content\/uploads\/2011\/11\/IMG_6062-1.jpg 450w, https:\/\/blogi.ennola.fi\/wp-content\/uploads\/2011\/11\/IMG_6062-1-150x113.jpg 150w\" sizes=\"(max-width: 450px) 100vw, 450px\" \/><\/a><p id=\"caption-attachment-2265\" class=\"wp-caption-text\">Viimeinen leiripaikkamme Kitkajoen varressa.<\/p><\/div>\n<p>Seuraava aamu valkeni sankassa sumussa, jota l\u00e4hdin pariksi tunniksi ennen virallista her\u00e4tyst\u00e4 kuvaamaan. Aamun hienoimpia hetki\u00e4 oli se, kun sumun h\u00e4lvetess\u00e4, ymp\u00e4r\u00f6iv\u00e4t kalliot alkoivat kuultaa sumun seasta.<\/p>\n<div id=\"attachment_2263\" style=\"width: 310px\" class=\"wp-caption aligncenter\"><a href=\"https:\/\/blogi.ennola.fi\/wp-content\/uploads\/2011\/11\/IMG_6010.jpg\" rel=\"lightbox[1728]\"><img loading=\"lazy\" decoding=\"async\" aria-describedby=\"caption-attachment-2263\" class=\"wp-image-2263 size-full\" title=\"Mari ja P\u00e4ivikki kokkaa.\" src=\"https:\/\/blogi.ennola.fi\/wp-content\/uploads\/2011\/11\/IMG_6010-1.jpg\" alt=\"\" width=\"300\" height=\"400\" srcset=\"https:\/\/blogi.ennola.fi\/wp-content\/uploads\/2011\/11\/IMG_6010-1.jpg 300w, https:\/\/blogi.ennola.fi\/wp-content\/uploads\/2011\/11\/IMG_6010-1-113x150.jpg 113w\" sizes=\"(max-width: 300px) 100vw, 300px\" \/><\/a><p id=\"caption-attachment-2263\" class=\"wp-caption-text\">Mari ja P\u00e4ivikki kokkaa.<\/p><\/div>\n<p>P\u00e4iv\u00e4n matka oli retken pisimpi\u00e4, joten l\u00e4hdimme reippaasti liikkeelle. Kitkajoen varrella aurinko alkoi paistaa ja p\u00e4iv\u00e4 l\u00e4mpeni. Kitkajoen varsi on kaunis, mutta en ole sit\u00e4 koskaan oikein osannut valokuvata. Ehk\u00e4 tuo keskip\u00e4iv\u00e4n melko kova valo, jossa matkan olen nyt kolmasti taittanut, ei oikein istu t\u00e4h\u00e4n maisemaan.<\/p>\n<div id=\"attachment_2266\" style=\"width: 460px\" class=\"wp-caption aligncenter\"><a href=\"https:\/\/blogi.ennola.fi\/wp-content\/uploads\/2011\/11\/IMG_6003.jpg\" rel=\"lightbox[1728]\"><img loading=\"lazy\" decoding=\"async\" aria-describedby=\"caption-attachment-2266\" class=\"wp-image-2266 size-full\" title=\"Kitkajoen isokoskeloita.\" src=\"https:\/\/blogi.ennola.fi\/wp-content\/uploads\/2011\/11\/IMG_6003-1.jpg\" alt=\"\" width=\"450\" height=\"399\" srcset=\"https:\/\/blogi.ennola.fi\/wp-content\/uploads\/2011\/11\/IMG_6003-1.jpg 450w, https:\/\/blogi.ennola.fi\/wp-content\/uploads\/2011\/11\/IMG_6003-1-150x133.jpg 150w\" sizes=\"(max-width: 450px) 100vw, 450px\" \/><\/a><p id=\"caption-attachment-2266\" class=\"wp-caption-text\">Kitkajoen isokoskeloita.<\/p><\/div>\n<p>Harrisuvannon k\u00e4mp\u00e4ll\u00e4 oli pari kesy\u00e4 kuukkelia, jotka k\u00e4viv\u00e4t k\u00e4dest\u00e4 sy\u00f6m\u00e4ss\u00e4. Me pidimme k\u00e4mp\u00e4ll\u00e4 vain lyhyen pys\u00e4hdyksen ja l\u00e4hdimme jatkamaan kohti Jyr\u00e4v\u00e4\u00e4 pit\u00e4\u00e4ksemme siell\u00e4 ruokataukomme. Harrisuvannossa oli vastassa my\u00f6s ensimm\u00e4inen riippusiltamme.<\/p>\n<div id=\"attachment_2268\" style=\"width: 352px\" class=\"wp-caption aligncenter\"><a href=\"https:\/\/blogi.ennola.fi\/wp-content\/uploads\/2011\/11\/IMG_6141.jpg\" rel=\"lightbox[1728]\"><img loading=\"lazy\" decoding=\"async\" aria-describedby=\"caption-attachment-2268\" class=\"wp-image-2268 size-full\" title=\"Harrisuvannon Kuukkeli.\" src=\"https:\/\/blogi.ennola.fi\/wp-content\/uploads\/2011\/11\/IMG_6141-1.jpg\" alt=\"\" width=\"342\" height=\"420\" srcset=\"https:\/\/blogi.ennola.fi\/wp-content\/uploads\/2011\/11\/IMG_6141-1.jpg 342w, https:\/\/blogi.ennola.fi\/wp-content\/uploads\/2011\/11\/IMG_6141-1-122x150.jpg 122w, https:\/\/blogi.ennola.fi\/wp-content\/uploads\/2011\/11\/IMG_6141-1-326x400.jpg 326w\" sizes=\"(max-width: 342px) 100vw, 342px\" \/><\/a><p id=\"caption-attachment-2268\" class=\"wp-caption-text\">Harrisuvannon Kuukkeli.<\/p><\/div>\n<p>Jyr\u00e4v\u00e4lle saapuessamme oli p\u00e4iv\u00e4 jo pitk\u00e4lti yli puolen p\u00e4iv\u00e4n. K\u00e4mp\u00e4n ymp\u00e4rist\u00f6ss\u00e4 oli melkoisesti v\u00e4ke\u00e4, joten siirryimme kosken alle ruokailemaan. Itse valmistin ruokani nopeasti ja muiden j\u00e4\u00e4dess\u00e4 viel\u00e4 kahvittelemaan, p\u00e4\u00e4tin l\u00e4hte\u00e4 edelt\u00e4 Juumaan, jotta ehtisin hakea k\u00e4mp\u00e4n avaimen, ennen leirint\u00e4alueen sulkeutumista. Muilla piti sitten olla helppo taival seurata polkua Juumaan. Taivalsin vaihteeksi varsin reippaalla askeleella Juumaan, jossa ehdin viel\u00e4 j\u00e4lkk\u00e4riksi nauttia teen ja munkinkin ennen paikan sulkeutumista.<\/p>\n<div id=\"attachment_2261\" style=\"width: 460px\" class=\"wp-caption aligncenter\"><a href=\"https:\/\/blogi.ennola.fi\/wp-content\/uploads\/2011\/11\/IMG_6143.jpg\" rel=\"lightbox[1728]\"><img loading=\"lazy\" decoding=\"async\" aria-describedby=\"caption-attachment-2261\" class=\"wp-image-2261 size-full\" title=\"Mari ylitt\u00e4\u00e4 Kikajokea.\" src=\"https:\/\/blogi.ennola.fi\/wp-content\/uploads\/2011\/11\/IMG_6143-1.jpg\" alt=\"\" width=\"450\" height=\"338\" srcset=\"https:\/\/blogi.ennola.fi\/wp-content\/uploads\/2011\/11\/IMG_6143-1.jpg 450w, https:\/\/blogi.ennola.fi\/wp-content\/uploads\/2011\/11\/IMG_6143-1-150x113.jpg 150w\" sizes=\"(max-width: 450px) 100vw, 450px\" \/><\/a><p id=\"caption-attachment-2261\" class=\"wp-caption-text\">Mari ylitt\u00e4\u00e4 Kikajokea.<\/p><\/div>\n<p>Sitten j\u00e4in odottelemaan muita, ehk\u00e4 noin tunnin p\u00e4\u00e4st\u00e4 p\u00e4\u00e4tin l\u00e4hte\u00e4 heit\u00e4 vastaan. K\u00e4velin ensin Myllykoskelle, ilman havaintoja. Sitten l\u00e4hdin siit\u00e4 etenem\u00e4\u00e4n kohti risteykseen, josta Karhunkierros k\u00e4\u00e4ntyi kohti Rukaa, ei havaintoja. Kyselin Jyr\u00e4v\u00e4lt\u00e4 tulevilta olivatko he n\u00e4hneet moista porukkaa, ei havaintoja. P\u00e4\u00e4tin palata Juumaan, jonne olin j\u00e4tt\u00e4nyt puhelimeni. Sinne palattuani sain soitettua ryhm\u00e4lle ja selvisi, ett\u00e4 he olivat menneet risteyksest\u00e4 ohi ja l\u00e4hteneet Rukan suuntaan. K\u00e4velty\u00e4\u00e4n lopulta kartalta ulos, olivat he huomanneet virheens\u00e4 ja olivat nyt jo paluumatkalla. Kun he vihdoin saapuivat Juumaan, alkoi ilta jo h\u00e4m\u00e4rt\u00e4\u00e4 ja minulla oli jo hieman kiire l\u00e4hte\u00e4 hakemaan autoa py\u00f6r\u00e4ll\u00e4ni, ettei tarvitsisi paljoa polkea pime\u00e4ss\u00e4. Onneksi py\u00f6r\u00e4ss\u00e4ni kuitenkin oli kuitenkin valo, jotta saatoin polkea viel\u00e4 pime\u00e4ss\u00e4kin.<\/p>\n<p>Reissu sujui p\u00e4\u00e4piirteiss\u00e4\u00e4n mukavasti. Ryhm\u00e4ss\u00e4 oli ehk\u00e4 tavallista enemm\u00e4n individualisteja, joten v\u00e4lill\u00e4 eri tarpeiden ja toiveiden sovittelussa oli hommaa tavallista enemm\u00e4n. Samoin aikataulujen pit\u00e4misess\u00e4 oli hieman ongelmia, aamuisin l\u00e4hd\u00f6t tahtoivat veny\u00e4 ja tauoista tuli helposti pitki\u00e4. Mielest\u00e4ni retkell\u00e4 ei kuitenkaan saisi olla kiire enk\u00e4 pid\u00e4 hoputtamisesta, mutta ehk\u00e4 ryhm\u00e4ss\u00e4 olisi hyv\u00e4, ett\u00e4 olisi sovitut aikataulut, joista pidet\u00e4\u00e4n kiinni \u2013 aikataulut toki voivat olla l\u00f6ys\u00e4t.<\/p>\n<div id=\"attachment_2274\" style=\"width: 460px\" class=\"wp-caption aligncenter\"><a href=\"https:\/\/blogi.ennola.fi\/wp-content\/uploads\/2011\/11\/IMG_6004.jpg\" rel=\"lightbox[1728]\"><img loading=\"lazy\" decoding=\"async\" aria-describedby=\"caption-attachment-2274\" class=\"wp-image-2274 size-full\" title=\"Ryhm\u00e4mme keittelee ruokaa Kitkan varressa.\" src=\"https:\/\/blogi.ennola.fi\/wp-content\/uploads\/2011\/11\/IMG_6004-1.jpg\" alt=\"\" width=\"450\" height=\"343\" srcset=\"https:\/\/blogi.ennola.fi\/wp-content\/uploads\/2011\/11\/IMG_6004-1.jpg 450w, https:\/\/blogi.ennola.fi\/wp-content\/uploads\/2011\/11\/IMG_6004-1-150x114.jpg 150w\" sizes=\"(max-width: 450px) 100vw, 450px\" \/><\/a><p id=\"caption-attachment-2274\" class=\"wp-caption-text\">Ryhm\u00e4mme keittelee ruokaa Kitkan varressa.<\/p><\/div>\n<p>Matkan pituudella ja vauhdilla, tuskin pystyy t\u00e4llaisella retkell\u00e4 ylpeilem\u00e4\u00e4n, mutta mik\u00e4 vaeltamisessa onkaan t\u00e4rkeint\u00e4? Itselleni ei ainakaan koskaan ole ollut t\u00e4rkeint\u00e4 ne reppu sel\u00e4ss\u00e4 vaelletut kilometrit, vaan luonnossa koetut hetket, kauniit maisemat ja uudet luontohavainnot, joiden saamiseksi t\u00e4ytyy v\u00e4lill\u00e4 osata pys\u00e4hty\u00e4kin.<\/p>\n","protected":false},"excerpt":{"rendered":"<p>Koulujen alettua oli ensimm\u00e4isen\u00e4 opetuksenani edellisvuotiseen tapaan vaellus, joka t\u00e4ll\u00e4kin kertaa suuntautui Kuusamoon Karhunkierrokselle. Ajankohtana oli elokuun loppu. Tarkoituksenamme ei ollut vaeltaa nelj\u00e4ss\u00e4 p\u00e4iv\u00e4ss\u00e4 koko Karhunkierrosta, vaan tehd\u00e4&#8230;<\/p>\n","protected":false},"author":1,"featured_media":2306,"comment_status":"open","ping_status":"open","sticky":false,"template":"","format":"standard","meta":{"footnotes":""},"categories":[10,3,27],"tags":[],"_links":{"self":[{"href":"https:\/\/blogi.ennola.fi\/index.php?rest_route=\/wp\/v2\/posts\/1728"}],"collection":[{"href":"https:\/\/blogi.ennola.fi\/index.php?rest_route=\/wp\/v2\/posts"}],"about":[{"href":"https:\/\/blogi.ennola.fi\/index.php?rest_route=\/wp\/v2\/types\/post"}],"author":[{"embeddable":true,"href":"https:\/\/blogi.ennola.fi\/index.php?rest_route=\/wp\/v2\/users\/1"}],"replies":[{"embeddable":true,"href":"https:\/\/blogi.ennola.fi\/index.php?rest_route=%2Fwp%2Fv2%2Fcomments&post=1728"}],"version-history":[{"count":4,"href":"https:\/\/blogi.ennola.fi\/index.php?rest_route=\/wp\/v2\/posts\/1728\/revisions"}],"predecessor-version":[{"id":5094,"href":"https:\/\/blogi.ennola.fi\/index.php?rest_route=\/wp\/v2\/posts\/1728\/revisions\/5094"}],"wp:featuredmedia":[{"embeddable":true,"href":"https:\/\/blogi.ennola.fi\/index.php?rest_route=\/wp\/v2\/media\/2306"}],"wp:attachment":[{"href":"https:\/\/blogi.ennola.fi\/index.php?rest_route=%2Fwp%2Fv2%2Fmedia&parent=1728"}],"wp:term":[{"taxonomy":"category","embeddable":true,"href":"https:\/\/blogi.ennola.fi\/index.php?rest_route=%2Fwp%2Fv2%2Fcategories&post=1728"},{"taxonomy":"post_tag","embeddable":true,"href":"https:\/\/blogi.ennola.fi\/index.php?rest_route=%2Fwp%2Fv2%2Ftags&post=1728"}],"curies":[{"name":"wp","href":"https:\/\/api.w.org\/{rel}","templated":true}]}}