{"id":1745,"date":"2011-05-15T18:53:43","date_gmt":"2011-05-15T15:53:43","guid":{"rendered":"https:\/\/blogi.ennola.fi\/?p=1745"},"modified":"2020-06-08T17:31:53","modified_gmt":"2020-06-08T14:31:53","slug":"i-k-inha-kuralan-kylamaessa","status":"publish","type":"post","link":"https:\/\/blogi.ennola.fi\/?p=1745","title":{"rendered":"I. K. Inha Kuralan Kyl\u00e4m\u00e4ess\u00e4"},"content":{"rendered":"<p>Vuonna 1899 I. K. Inha kuvasi suomalaista maataloutta Pariisin maailmann\u00e4yttelyyn. N\u00e4yttely\u00e4 varten h\u00e4n kuvasi maatalouskouluja, mallitiloja tai muuten edustavia maatalous kohteita. N\u00e4ill\u00e4 kuvausmatkoillaan h\u00e4n pys\u00e4htyi kuvaamaan my\u00f6s Kuralan kyl\u00e4m\u00e4en Kaarinassa. Muita kohteita olivat mm. Kurkijoen, Koivikon (Muhos), Korsholman ja Mustialan (Tammela) maatalouskoulut sek\u00e4 Halolan (Maaninka) ja Vuojoen (Eurajoki) kartanot.<\/p>\n<p><a href=\"https:\/\/blogi.ennola.fi\/wp-content\/uploads\/2011\/05\/kylamaki_iso.jpg\" rel=\"lightbox[1745]\"><img loading=\"lazy\" decoding=\"async\" class=\"aligncenter wp-image-2206 size-full\" src=\"https:\/\/blogi.ennola.fi\/wp-content\/uploads\/2011\/05\/kylamaki.jpg\" alt=\"\" width=\"480\" height=\"132\" srcset=\"https:\/\/blogi.ennola.fi\/wp-content\/uploads\/2011\/05\/kylamaki.jpg 480w, https:\/\/blogi.ennola.fi\/wp-content\/uploads\/2011\/05\/kylamaki-150x41.jpg 150w\" sizes=\"(max-width: 480px) 100vw, 480px\" \/><\/a><\/p>\n<p>Noin 13 vuotta sitten k\u00e4vin Suomen k\u00e4sity\u00f6n museossa, Jyv\u00e4skyl\u00e4ss\u00e4 kuvaamassa I. K. Inhan n\u00e4yttely\u00e4 varten kuvaamien kuvien s\u00e4ilyneet lasinegatiivit. N\u00e4iss\u00e4 negatiiveissa oli my\u00f6s kolme negatiivia, jotka yhdist\u00e4m\u00e4ll\u00e4 syntyi mielest\u00e4ni yksi kauneimmista sarjan panoraamoista. Harmi vain, ett\u00e4 lasinegatiiveissa itsess\u00e4\u00e4n ei ollut tietoja siit\u00e4, mist\u00e4 kuvat olivat per\u00e4isin.<\/p>\n<p>Vain muutamissa levyiss\u00e4 oli viitteit\u00e4 kuvauspaikasta. <em>Kyl\u00e4kirjaston kuvalehti<\/em> julkaisi aikanaan osan kuvista tietoineen. N\u00e4iden perusteella sain aikanaan yli puolet lasilevyist\u00e4 paikannettua. Joitain kuvia pystyin tunnistamaan kuvissa olevia rakennuksia tunnistamalla, varsinkin l\u00e4helt\u00e4 jo tunnistettuja kohteita. Tai sitten l\u00f6ysin rakennuksen jostain muusta teoksesta julkaistuna.<\/p>\n<p>T\u00e4m\u00e4 yksi kuva kuitenkin pysyi tunnistamattomana. Jotain tuttua siin\u00e4 kuitenkin oli. Se olisi voinut hyvin olla kotiseudultani Varsinais-Suomesta, mutta samanlaisia jokilaaksoja oli my\u00f6s Uudellamaalla ja Laatokan Karjalassa. Tosin Laatokan suunnalla mets\u00e4t olivat tuohon aikaan paljon parturoidummat kuin t\u00e4ss\u00e4 kuvassa. Usein sovitin kuvassa n\u00e4kyv\u00e4\u00e4 kohtaa, jossa joki sukeltaa mets\u00e4saarekkeiden v\u00e4liin Liedon Vanhalinnan maisemaan, mutta valon suunta ja rakennukset eiv\u00e4t istuneet siihen. Kuva j\u00e4i sivuun vaikka aina silloin t\u00e4ll\u00f6in palasikin mieleen.<\/p>\n<p>Nyt t\u00e4n\u00e4 kev\u00e4\u00e4n\u00e4 k\u00e4ydess\u00e4ni Valokuvataiteen museolla selasin V\u00e4in\u00f6 Voionmaan teosta Ahvenanmaasta ja Varsinais-Suomesta, jossa kyseinen kuva oli piirroksena julkaistu paikkamerkinn\u00e4ll\u00e4: Aurajokivarresta. Totesinkin kuvan paikannuksen sen j\u00e4lkeen olevankin l\u00e4pihuutojuttu. Yhden illan selasin aurajokivarren karttaa Turusta Auraan ja takaisin, kunnes silm\u00e4ni kiinnittyi Kyl\u00e4m\u00e4keen .<\/p>\n<p>Toki Kuralan Kyl\u00e4m\u00e4ki oli aiemminkin k\u00e4ynyt mieless\u00e4ni, mutta kun tiesin Kyl\u00e4m\u00e4en rakennuskannan olevan vanhaa ja noin p\u00e4\u00e4lisin puolin nykyinen rakennuskanta ei mitenk\u00e4\u00e4n vastannut kuvaa olin sen aina hyl\u00e4nnyt. Nyt katselinkin enemm\u00e4n ymp\u00e4rist\u00f6\u00e4 ja vastaavuuksia alkoi kummasti l\u00f6yty\u00e4. Kaikille kuvan m\u00e4ille ja sivujoille l\u00f6ytyi selityksens\u00e4. Kyl\u00e4m\u00e4en ja joen v\u00e4liss\u00e4 kulki suurehko tie siin\u00e4 miss\u00e4 nyky\u00e4\u00e4nkin kulkee H\u00e4meentie. Nyt piti vain selvitt\u00e4\u00e4, mik\u00e4 Kyl\u00e4m\u00e4en rakennuskanta oikein Inhan aikaan olikaan ollut.<\/p>\n<p>Lainasin <em>Johanna Viitaharjun<\/em> teoksen Kyl\u00e4m\u00e4en rakennuksista ja siin\u00e4 heti kirjan alussa oli taas tuo sama piirroskuva, joten tapaus oli sill\u00e4 selv\u00e4. My\u00f6hemmin sain vastauksen tiedusteluuni kuvasta my\u00f6s Kyl\u00e4m\u00e4en tutkijoilta, joka vahvisti ep\u00e4ilykseni, kuva oli otettu Virmum\u00e4elt\u00e4 kohti Kyl\u00e4m\u00e4ke\u00e4.<\/p>\n<p>Kuvauspaikan paljastuttua oli h\u00e4mm\u00e4stykseni valtava, sijaitsihan lapsuudenkotini alle puolen kilometrin p\u00e4\u00e4ss\u00e4 kuvanottopaikasta ja ensimm\u00e4isen luokan koulumatkani kulki Virmum\u00e4en juurta kiert\u00e4nytt\u00e4 polkua aivan kuvauspaikan alta. Samoin S\u00e4k\u00f6nm\u00e4en ja Jaaninojan maisemat olivat lapsuuteni tavallisia hiihto ja leikkipaikkoja. Ehk\u00e4 kuvan maisema oli liian l\u00e4heinen, jotta olisin sen voinut tunnistaa. Ja ehk\u00e4p\u00e4 juuri siksi t\u00e4m\u00e4 kuva oli tuntunut minusta kauniimmalta kuin muut, ett\u00e4 se oli lapsuuteni maisema, johon olin leimaantunut.<\/p>\n","protected":false},"excerpt":{"rendered":"<p>Vuonna 1899 I. K. Inha kuvasi suomalaista maataloutta Pariisin maailmann\u00e4yttelyyn. N\u00e4yttely\u00e4 varten h\u00e4n kuvasi maatalouskouluja, mallitiloja tai muuten edustavia maatalous kohteita. N\u00e4ill\u00e4 kuvausmatkoillaan h\u00e4n pys\u00e4htyi kuvaamaan my\u00f6s Kuralan&#8230;<\/p>\n","protected":false},"author":1,"featured_media":2207,"comment_status":"open","ping_status":"open","sticky":false,"template":"","format":"standard","meta":{"footnotes":""},"categories":[14],"tags":[],"_links":{"self":[{"href":"https:\/\/blogi.ennola.fi\/index.php?rest_route=\/wp\/v2\/posts\/1745"}],"collection":[{"href":"https:\/\/blogi.ennola.fi\/index.php?rest_route=\/wp\/v2\/posts"}],"about":[{"href":"https:\/\/blogi.ennola.fi\/index.php?rest_route=\/wp\/v2\/types\/post"}],"author":[{"embeddable":true,"href":"https:\/\/blogi.ennola.fi\/index.php?rest_route=\/wp\/v2\/users\/1"}],"replies":[{"embeddable":true,"href":"https:\/\/blogi.ennola.fi\/index.php?rest_route=%2Fwp%2Fv2%2Fcomments&post=1745"}],"version-history":[{"count":3,"href":"https:\/\/blogi.ennola.fi\/index.php?rest_route=\/wp\/v2\/posts\/1745\/revisions"}],"predecessor-version":[{"id":5108,"href":"https:\/\/blogi.ennola.fi\/index.php?rest_route=\/wp\/v2\/posts\/1745\/revisions\/5108"}],"wp:featuredmedia":[{"embeddable":true,"href":"https:\/\/blogi.ennola.fi\/index.php?rest_route=\/wp\/v2\/media\/2207"}],"wp:attachment":[{"href":"https:\/\/blogi.ennola.fi\/index.php?rest_route=%2Fwp%2Fv2%2Fmedia&parent=1745"}],"wp:term":[{"taxonomy":"category","embeddable":true,"href":"https:\/\/blogi.ennola.fi\/index.php?rest_route=%2Fwp%2Fv2%2Fcategories&post=1745"},{"taxonomy":"post_tag","embeddable":true,"href":"https:\/\/blogi.ennola.fi\/index.php?rest_route=%2Fwp%2Fv2%2Ftags&post=1745"}],"curies":[{"name":"wp","href":"https:\/\/api.w.org\/{rel}","templated":true}]}}