{"id":1773,"date":"2010-07-09T19:15:46","date_gmt":"2010-07-09T16:15:46","guid":{"rendered":"https:\/\/blogi.ennola.fi\/?p=1773"},"modified":"2020-07-06T22:36:18","modified_gmt":"2020-07-06T19:36:18","slug":"oulangan-vaellukselta","status":"publish","type":"post","link":"https:\/\/blogi.ennola.fi\/?p=1773","title":{"rendered":"Oulangan vaellukselta"},"content":{"rendered":"<p>Saavuimme sunnuntai-iltana Oulangan luontokeskukselle, josta tarkoituksemme oli l\u00e4hte\u00e4 vaeltamaan kohti Juumaa. Sit\u00e4 ennen oli kuitenkin toinen auto viet\u00e4v\u00e4 reitin loppupisteeseen. Ensimm\u00e4isen\u00e4 iltana teimme lyhyen vaelluksen Kiutak\u00f6nk\u00e4\u00e4n alapuoliselle leiripaikalle, toki pys\u00e4hdyimme matkallamme ihastelemaan Kiutak\u00f6nk\u00e4\u00e4n maisemia.<\/p>\n<div id=\"attachment_2449\" style=\"width: 410px\" class=\"wp-caption aligncenter\"><a href=\"https:\/\/blogi.ennola.fi\/wp-content\/uploads\/2010\/07\/IMG_4074.jpg\" rel=\"lightbox[1773]\"><img loading=\"lazy\" decoding=\"async\" aria-describedby=\"caption-attachment-2449\" class=\"wp-image-2449 size-full\" title=\"Jani, Jonna ja Jan ihastelevat Kiutak\u00f6nk\u00e4\u00e4n kuohuja.\" src=\"https:\/\/blogi.ennola.fi\/wp-content\/uploads\/2010\/07\/IMG_4074-1.jpg\" alt=\"\" width=\"400\" height=\"300\" srcset=\"https:\/\/blogi.ennola.fi\/wp-content\/uploads\/2010\/07\/IMG_4074-1.jpg 400w, https:\/\/blogi.ennola.fi\/wp-content\/uploads\/2010\/07\/IMG_4074-1-150x113.jpg 150w\" sizes=\"(max-width: 400px) 100vw, 400px\" \/><\/a><p id=\"caption-attachment-2449\" class=\"wp-caption-text\">Jani, Jonna ja Jan ihastelevat Kiutak\u00f6nk\u00e4\u00e4n kuohuja.<\/p><\/div>\n<p>Vaelluksen tarkoituksena ei ollut olla urheilusuoritus, vaan t\u00e4rkeimp\u00e4n\u00e4 asiana oli luonnon tarkkailu ja liikkeell\u00e4 olo. Niinp\u00e4 p\u00e4iv\u00e4matkat eiv\u00e4t olleet hirve\u00e4n pitki\u00e4. P\u00e4ivien rytmi oli sellainen, ett\u00e4 aamup\u00e4ivisin vaelsimme aina seuraavalle y\u00f6pymispaikalle ja iltap\u00e4iv\u00e4ll\u00e4 ruokailun j\u00e4lkeen teimme k\u00e4velyretken halukkaiden kanssa l\u00e4hiseudun luonnossa ilman rinkkoja.<\/p>\n<div id=\"attachment_2439\" style=\"width: 460px\" class=\"wp-caption aligncenter\"><a href=\"https:\/\/blogi.ennola.fi\/wp-content\/uploads\/2010\/07\/IMG_4088.jpg\" rel=\"lightbox[1773]\"><img loading=\"lazy\" decoding=\"async\" aria-describedby=\"caption-attachment-2439\" class=\"wp-image-2439 size-full\" title=\"Pojat suunnittelevat superiltapalaa\" src=\"https:\/\/blogi.ennola.fi\/wp-content\/uploads\/2010\/07\/IMG_4088-1.jpg\" alt=\"\" width=\"450\" height=\"304\" srcset=\"https:\/\/blogi.ennola.fi\/wp-content\/uploads\/2010\/07\/IMG_4088-1.jpg 450w, https:\/\/blogi.ennola.fi\/wp-content\/uploads\/2010\/07\/IMG_4088-1-150x101.jpg 150w\" sizes=\"(max-width: 450px) 100vw, 450px\" \/><\/a><p id=\"caption-attachment-2439\" class=\"wp-caption-text\">Pojat suunnittelevat superiltapalaa<\/p><\/div>\n<p>Maanantaina vaelsimme Oulankajokivartta Kiutak\u00f6nk\u00e4\u00e4lt\u00e4 Ansak\u00e4mp\u00e4lle. T\u00e4st\u00e4 iltap\u00e4iv\u00e4n k\u00e4velyretki suuntautui yl\u00f6s Ansalamminvaaralle. Josta laskeuduimme alas jylh\u00e4\u00e4, mutta vaikeakulkuista kurua Mustosenvaaran sivussa. Osa ryhm\u00e4st\u00e4mme palasi nyt suorinta tiet\u00e4 Ansak\u00e4mp\u00e4lle, mutta itse kiersin Oulankajoen vartta.<\/p>\n<div id=\"attachment_2437\" style=\"width: 410px\" class=\"wp-caption aligncenter\"><a href=\"https:\/\/blogi.ennola.fi\/wp-content\/uploads\/2010\/07\/IMG_4180.jpg\" rel=\"lightbox[1773]\"><img loading=\"lazy\" decoding=\"async\" aria-describedby=\"caption-attachment-2437\" class=\"wp-image-2437 size-full\" title=\"Ann-Mari ja Atte Oulangan varrella.\" src=\"https:\/\/blogi.ennola.fi\/wp-content\/uploads\/2010\/07\/IMG_4180-1.jpg\" alt=\"\" width=\"400\" height=\"300\" srcset=\"https:\/\/blogi.ennola.fi\/wp-content\/uploads\/2010\/07\/IMG_4180-1.jpg 400w, https:\/\/blogi.ennola.fi\/wp-content\/uploads\/2010\/07\/IMG_4180-1-150x113.jpg 150w\" sizes=\"(max-width: 400px) 100vw, 400px\" \/><\/a><p id=\"caption-attachment-2437\" class=\"wp-caption-text\">Ann-Mari ja Atte Oulangan varrella.<\/p><\/div>\n<div id=\"attachment_2445\" style=\"width: 490px\" class=\"wp-caption aligncenter\"><a href=\"https:\/\/blogi.ennola.fi\/wp-content\/uploads\/2010\/07\/Kuusamo_Panorama9.jpg\" rel=\"lightbox[1773]\"><img loading=\"lazy\" decoding=\"async\" aria-describedby=\"caption-attachment-2445\" class=\"wp-image-2445 size-full\" title=\"Vaellustauko\" src=\"https:\/\/blogi.ennola.fi\/wp-content\/uploads\/2010\/07\/Kuusamo_Panorama9-1.jpg\" alt=\"\" width=\"480\" height=\"249\" srcset=\"https:\/\/blogi.ennola.fi\/wp-content\/uploads\/2010\/07\/Kuusamo_Panorama9-1.jpg 480w, https:\/\/blogi.ennola.fi\/wp-content\/uploads\/2010\/07\/Kuusamo_Panorama9-1-150x78.jpg 150w\" sizes=\"(max-width: 480px) 100vw, 480px\" \/><\/a><p id=\"caption-attachment-2445\" class=\"wp-caption-text\">Vaellustauko<\/p><\/div>\n<p>Matkalla vastaan tuli yksi vaikeasti ylitett\u00e4v\u00e4 kohta, joka kartassa harmillisesti oli j\u00e4\u00e4nyt retkeilymerkkien alle. Oulankajoesta erilleen kuroutunut makkaraj\u00e4rvi yhdistyi jokeen viel\u00e4 syv\u00e4ll\u00e4 ojalla, jonka ylitt\u00e4miseksi tuli riisua keng\u00e4t ja housut pois.<\/p>\n<div id=\"attachment_2438\" style=\"width: 410px\" class=\"wp-caption aligncenter\"><a href=\"https:\/\/blogi.ennola.fi\/wp-content\/uploads\/2010\/07\/IMG_4252.jpg\" rel=\"lightbox[1773]\"><img loading=\"lazy\" decoding=\"async\" aria-describedby=\"caption-attachment-2438\" class=\"wp-image-2438 size-full\" title=\"Ruokatauko Ansak\u00e4mp\u00e4ll\u00e4.\" src=\"https:\/\/blogi.ennola.fi\/wp-content\/uploads\/2010\/07\/IMG_4252-1.jpg\" alt=\"\" width=\"400\" height=\"300\" srcset=\"https:\/\/blogi.ennola.fi\/wp-content\/uploads\/2010\/07\/IMG_4252-1.jpg 400w, https:\/\/blogi.ennola.fi\/wp-content\/uploads\/2010\/07\/IMG_4252-1-150x113.jpg 150w\" sizes=\"(max-width: 400px) 100vw, 400px\" \/><\/a><p id=\"caption-attachment-2438\" class=\"wp-caption-text\">Ruokatauko Ansak\u00e4mp\u00e4ll\u00e4.<\/p><\/div>\n<p>Tiistaina sanoimme hyv\u00e4stit Oulankajokivarrelle ja nousimme yl\u00f6s Kitkaniemelle Kulmakkaj\u00e4rven rantaa y\u00f6pym\u00e4\u00e4n. Illalla teimme muutaman opiskelijan kanssa viel\u00e4 retken Kulmakkasuon kautta Oulankajoen varteen, josta ihailimme n\u00e4kymi\u00e4 Ven\u00e4j\u00e4n puolelle. Kulmakkasuolla oli viel\u00e4 j\u00e4ljell\u00e4 vanha lato suohein\u00e4n niiton ajoilta. Palasimme Oulangan vaaran syrj\u00e4\u00e4 takaisin Jussink\u00e4mp\u00e4lle. Matkalla n\u00e4imme Karhun raapimaj\u00e4lki\u00e4.<\/p>\n<div id=\"attachment_2447\" style=\"width: 410px\" class=\"wp-caption aligncenter\"><a href=\"https:\/\/blogi.ennola.fi\/wp-content\/uploads\/2010\/07\/IMG_4274.jpg\" rel=\"lightbox[1773]\"><img loading=\"lazy\" decoding=\"async\" aria-describedby=\"caption-attachment-2447\" class=\"wp-image-2447 size-full\" title=\"Jani, Minna ja Ann-Mari nousussa Kulmakkaj\u00e4rvelle.\" src=\"https:\/\/blogi.ennola.fi\/wp-content\/uploads\/2010\/07\/IMG_4274-1.jpg\" alt=\"\" width=\"400\" height=\"300\" srcset=\"https:\/\/blogi.ennola.fi\/wp-content\/uploads\/2010\/07\/IMG_4274-1.jpg 400w, https:\/\/blogi.ennola.fi\/wp-content\/uploads\/2010\/07\/IMG_4274-1-150x113.jpg 150w\" sizes=\"(max-width: 400px) 100vw, 400px\" \/><\/a><p id=\"caption-attachment-2447\" class=\"wp-caption-text\">Jani, Minna ja Ann-Mari nousussa Kulmakkaj\u00e4rvelle.<\/p><\/div>\n<div id=\"attachment_2440\" style=\"width: 410px\" class=\"wp-caption aligncenter\"><a href=\"https:\/\/blogi.ennola.fi\/wp-content\/uploads\/2010\/07\/IMG_4273.jpg\" rel=\"lightbox[1773]\"><img loading=\"lazy\" decoding=\"async\" aria-describedby=\"caption-attachment-2440\" class=\"wp-image-2440 size-full\" title=\"Birgit, Kirsi ja paljasjalkainen Jan samassa nousussa. \" src=\"https:\/\/blogi.ennola.fi\/wp-content\/uploads\/2010\/07\/IMG_4273-1.jpg\" alt=\"\" width=\"400\" height=\"300\" srcset=\"https:\/\/blogi.ennola.fi\/wp-content\/uploads\/2010\/07\/IMG_4273-1.jpg 400w, https:\/\/blogi.ennola.fi\/wp-content\/uploads\/2010\/07\/IMG_4273-1-150x113.jpg 150w\" sizes=\"(max-width: 400px) 100vw, 400px\" \/><\/a><p id=\"caption-attachment-2440\" class=\"wp-caption-text\">Birgit, Kirsi ja paljasjalkainen Jan samassa nousussa.<\/p><\/div>\n<p>Keskiviikkona laskeuduimme Jussink\u00e4mp\u00e4lt\u00e4 alas Kitkajoen varteen P\u00e4\u00e4hk\u00e4n\u00e4nkallion juurella olevalle leiripaikalle. Matka oli melko lyhyt ja osa ryhm\u00e4st\u00e4mme olisi toivonut jatkaa matkaa viel\u00e4 seuraavalle leiripaikalle. Itse en kuitenkaan kaivannut viel\u00e4 Pikkukarhunkierroksen ruuhkaisille leiripaikoille ja j\u00e4imme t\u00e4lle leiripaikalle, miss\u00e4 olimmekin ensimm\u00e4ist\u00e4 kertaa ihan yksin. Illalla Kiipesimme P\u00e4\u00e4hk\u00e4n\u00e4nkalliolle, mist\u00e4 l\u00f6ytyikin erinomainen n\u00e4k\u00f6alakallio, jossa istuskelimme aikamme katsellen maisemia ja muuttohaukan lentoa.<\/p>\n<div id=\"attachment_2443\" style=\"width: 282px\" class=\"wp-caption aligncenter\"><a href=\"https:\/\/blogi.ennola.fi\/wp-content\/uploads\/2010\/07\/IMG_4332.jpg\" rel=\"lightbox[1773]\"><img loading=\"lazy\" decoding=\"async\" aria-describedby=\"caption-attachment-2443\" class=\"wp-image-2443 size-full\" title=\"Jan ylitt\u00e4\u00e4 puroa luonnonmukaista siltaa pitkin.\" src=\"https:\/\/blogi.ennola.fi\/wp-content\/uploads\/2010\/07\/IMG_4332-1.jpg\" alt=\"\" width=\"272\" height=\"400\" srcset=\"https:\/\/blogi.ennola.fi\/wp-content\/uploads\/2010\/07\/IMG_4332-1.jpg 272w, https:\/\/blogi.ennola.fi\/wp-content\/uploads\/2010\/07\/IMG_4332-1-102x150.jpg 102w\" sizes=\"(max-width: 272px) 100vw, 272px\" \/><\/a><p id=\"caption-attachment-2443\" class=\"wp-caption-text\">Jan ylitt\u00e4\u00e4 puroa luonnonmukaista siltaa pitkin.<\/p><\/div>\n<div id=\"attachment_2450\" style=\"width: 410px\" class=\"wp-caption aligncenter\"><a href=\"https:\/\/blogi.ennola.fi\/wp-content\/uploads\/2010\/07\/IMG_4361.jpg\" rel=\"lightbox[1773]\"><img loading=\"lazy\" decoding=\"async\" aria-describedby=\"caption-attachment-2450\" class=\"wp-image-2450 size-full\" title=\"Janina ihastelee P\u00e4\u00e4hk\u00e4n\u00e4nkallion maisemia.\" src=\"https:\/\/blogi.ennola.fi\/wp-content\/uploads\/2010\/07\/IMG_4361-1.jpg\" alt=\"\" width=\"400\" height=\"300\" srcset=\"https:\/\/blogi.ennola.fi\/wp-content\/uploads\/2010\/07\/IMG_4361-1.jpg 400w, https:\/\/blogi.ennola.fi\/wp-content\/uploads\/2010\/07\/IMG_4361-1-150x113.jpg 150w\" sizes=\"(max-width: 400px) 100vw, 400px\" \/><\/a><p id=\"caption-attachment-2450\" class=\"wp-caption-text\">Janina ihastelee P\u00e4\u00e4hk\u00e4n\u00e4nkallion maisemia.<\/p><\/div>\n<p>Torstai oli viimeinen retkip\u00e4iv\u00e4 ja samalla pisin p\u00e4iv\u00e4mme. Olimme ajatelleet pit\u00e4\u00e4 ruokatauon Jyr\u00e4v\u00e4n juurella, jonne vaelsimmekin Kitkajoen kanjonin upeiden maisemien poikki. Jyr\u00e4v\u00e4lt\u00e4 jatkoimme ruokatauon j\u00e4lkeen viel\u00e4 Juumaan, jossa varaamamme m\u00f6kit odottivat meit\u00e4.<\/p>\n<div id=\"attachment_2446\" style=\"width: 490px\" class=\"wp-caption aligncenter\"><a href=\"https:\/\/blogi.ennola.fi\/wp-content\/uploads\/2010\/07\/Kuusamo_Panorama8.jpg\" rel=\"lightbox[1773]\"><img loading=\"lazy\" decoding=\"async\" aria-describedby=\"caption-attachment-2446\" class=\"wp-image-2446 size-full\" title=\"Matkan varrella oli j\u00e4tteiden lajittelupisteit\u00e4 vaikka paras olisikin, jos kaikki veisiv\u00e4t menness\u00e4\u00e4n sen mink\u00e4 mukanaan ovat tuoneet.\" src=\"https:\/\/blogi.ennola.fi\/wp-content\/uploads\/2010\/07\/Kuusamo_Panorama8-1.jpg\" alt=\"\" width=\"480\" height=\"214\" srcset=\"https:\/\/blogi.ennola.fi\/wp-content\/uploads\/2010\/07\/Kuusamo_Panorama8-1.jpg 480w, https:\/\/blogi.ennola.fi\/wp-content\/uploads\/2010\/07\/Kuusamo_Panorama8-1-150x67.jpg 150w\" sizes=\"(max-width: 480px) 100vw, 480px\" \/><\/a><p id=\"caption-attachment-2446\" class=\"wp-caption-text\">Matkan varrella oli j\u00e4tteiden lajittelupisteit\u00e4 vaikka paras olisikin, jos kaikki veisiv\u00e4t menness\u00e4\u00e4n sen mink\u00e4 mukanaan ovat tuoneet.<\/p><\/div>\n<p>Retken puheenaiheeksi nousi kaksi ylitse muiden: Superfood ja rinkkalautta. Reissua edelt\u00e4v\u00e4ll\u00e4 viikolla olimme harjoitelleet rinkkalautalla vesist\u00f6n ylityst\u00e4 ja varsinkin Oulankajoen rauhallisesti virtaava uoma houkutti minua vesille. Olisi joskus hauska kokeilla, kuinka laskettava Oulanka olisi rinkkalautalla, jos sen tekisi viimeisen p\u00e4\u00e4lle kest\u00e4v\u00e4ksi.<\/p>\n<div id=\"attachment_2448\" style=\"width: 310px\" class=\"wp-caption aligncenter\"><a href=\"https:\/\/blogi.ennola.fi\/wp-content\/uploads\/2010\/07\/IMG_4275.jpg\" rel=\"lightbox[1773]\"><img loading=\"lazy\" decoding=\"async\" aria-describedby=\"caption-attachment-2448\" class=\"wp-image-2448 size-full\" title=\"Kirsi pitkospuilla.\" src=\"https:\/\/blogi.ennola.fi\/wp-content\/uploads\/2010\/07\/IMG_4275-1.jpg\" alt=\"\" width=\"300\" height=\"400\" srcset=\"https:\/\/blogi.ennola.fi\/wp-content\/uploads\/2010\/07\/IMG_4275-1.jpg 300w, https:\/\/blogi.ennola.fi\/wp-content\/uploads\/2010\/07\/IMG_4275-1-113x150.jpg 113w\" sizes=\"(max-width: 300px) 100vw, 300px\" \/><\/a><p id=\"caption-attachment-2448\" class=\"wp-caption-text\">Kirsi pitkospuilla.<\/p><\/div>\n<div id=\"attachment_2442\" style=\"width: 410px\" class=\"wp-caption aligncenter\"><a href=\"https:\/\/blogi.ennola.fi\/wp-content\/uploads\/2010\/07\/IMG_4354.jpg\" rel=\"lightbox[1773]\"><img loading=\"lazy\" decoding=\"async\" aria-describedby=\"caption-attachment-2442\" class=\"wp-image-2442 size-full\" title=\"Portaita oli matkalla melko runsaasti. T\u00e4ss\u00e4 noustaan P\u00e4\u00e4hk\u00e4n\u00e4nkalliolle.\" src=\"https:\/\/blogi.ennola.fi\/wp-content\/uploads\/2010\/07\/IMG_4354-1.jpg\" alt=\"\" width=\"400\" height=\"300\" srcset=\"https:\/\/blogi.ennola.fi\/wp-content\/uploads\/2010\/07\/IMG_4354-1.jpg 400w, https:\/\/blogi.ennola.fi\/wp-content\/uploads\/2010\/07\/IMG_4354-1-150x113.jpg 150w\" sizes=\"(max-width: 400px) 100vw, 400px\" \/><\/a><p id=\"caption-attachment-2442\" class=\"wp-caption-text\">Portaita oli matkalla melko runsaasti. T\u00e4ss\u00e4 noustaan P\u00e4\u00e4hk\u00e4n\u00e4nkalliolle.<\/p><\/div>\n<p>Superfood nousi taas puheenaiheeksi kahden aiheesta kiinnostuneen oppilaan ansiosta ja kun min\u00e4kin olin kotona vaimoltani saanut kuulla aiheesta ehk\u00e4 turhankin paljon, niin ei aihetta paljon tarvinnut ruokkia, niin puhe k\u00e4\u00e4ntyi taas siihen kuinka superfoodia mik\u00e4kin ruoka-aine oli. Itsell\u00e4ni hieman j\u00e4i aiheesta sellainen maku, ett\u00e4 nimityksell\u00e4 nostetaan joidenkin kaukaa tulleiden ruoka-aineiden arvoa perusteettomasti. N\u00e4iden vastapainoksi matkalta l\u00f6ytyi joitain ruoka-aineita luonnostakin, mutta kyll\u00e4 kaikilla suurin osa ev\u00e4ist\u00e4 tuli repusta.<\/p>\n<div id=\"attachment_2441\" style=\"width: 310px\" class=\"wp-caption aligncenter\"><a href=\"https:\/\/blogi.ennola.fi\/wp-content\/uploads\/2010\/07\/IMG_4278.jpg\" rel=\"lightbox[1773]\"><img loading=\"lazy\" decoding=\"async\" aria-describedby=\"caption-attachment-2441\" class=\"wp-image-2441 size-full\" title=\"Hyv\u00e4 ruoka, parempi mieli.\" src=\"https:\/\/blogi.ennola.fi\/wp-content\/uploads\/2010\/07\/IMG_4278-1.jpg\" alt=\"\" width=\"300\" height=\"400\" srcset=\"https:\/\/blogi.ennola.fi\/wp-content\/uploads\/2010\/07\/IMG_4278-1.jpg 300w, https:\/\/blogi.ennola.fi\/wp-content\/uploads\/2010\/07\/IMG_4278-1-113x150.jpg 113w\" sizes=\"(max-width: 300px) 100vw, 300px\" \/><\/a><p id=\"caption-attachment-2441\" class=\"wp-caption-text\">Hyv\u00e4 ruoka, parempi mieli.<\/p><\/div>\n<p>Luonnon puolesta n\u00e4in kev\u00e4\u00e4ll\u00e4 matkustaminen oli mielest\u00e4ni hieno asia. Linnut olivat \u00e4\u00e4ness\u00e4 ja niit\u00e4 n\u00e4ki hyvin. Itikat eiv\u00e4t olleet viel\u00e4 merkitt\u00e4v\u00e4sti her\u00e4nneet. Vain muutamina hetkin\u00e4 hyttysi\u00e4 oli vaivaksi asti. Y\u00f6t olivat viel\u00e4 melko kylmi\u00e4 ja ilmeisesti makuupussin l\u00e4mpimyyden suhteen yhdell\u00e4 jos toisellakin oli hieman ongelmia. S\u00e4iden suhteen olimme onnekkaita, vaikka v\u00e4lill\u00e4 hieman taivaalta ripottelikin, niin varsinaista kastelevaa sadetta emme saaneet p\u00e4\u00e4llemme ja valokuvauksen harrastajalle tuollainen vaihteleva s\u00e4\u00e4 on aina kirkasta auringon paistetta parempi.<\/p>\n<div id=\"attachment_2444\" style=\"width: 310px\" class=\"wp-caption aligncenter\"><a href=\"https:\/\/blogi.ennola.fi\/wp-content\/uploads\/2010\/07\/IMG_4394.jpg\" rel=\"lightbox[1773]\"><img loading=\"lazy\" decoding=\"async\" aria-describedby=\"caption-attachment-2444\" class=\"wp-image-2444 size-full\" title=\"Rinkanpakkausmallia loppumatkasta.\" src=\"https:\/\/blogi.ennola.fi\/wp-content\/uploads\/2010\/07\/IMG_4394-1.jpg\" alt=\"\" width=\"300\" height=\"400\" srcset=\"https:\/\/blogi.ennola.fi\/wp-content\/uploads\/2010\/07\/IMG_4394-1.jpg 300w, https:\/\/blogi.ennola.fi\/wp-content\/uploads\/2010\/07\/IMG_4394-1-113x150.jpg 113w\" sizes=\"(max-width: 300px) 100vw, 300px\" \/><\/a><p id=\"caption-attachment-2444\" class=\"wp-caption-text\">Rinkanpakkausmallia loppumatkasta.<\/p><\/div>\n<p>Mit\u00e4 retken tavoitteisiin kiireett\u00f6m\u00e4n vaeltamisen suhteen tuli niin mielest\u00e4ni sekin toteutui hyvin. Aikaa j\u00e4i luonnon tarkkailuun ja valokuvaukseen ym. kaikkeen muuhunkin kuin pelk\u00e4st\u00e4\u00e4n rinkka sel\u00e4ss\u00e4 k\u00e4velemiseen. Vaikka itsell\u00e4ni rinkka olikin hyvin kevyt, niin varmaan useimmille rinkka painoi sen verta, ett\u00e4 sen saaminen pois sel\u00e4st\u00e4 oli helpotus. Kuitenkin vaelsimme joka p\u00e4iv\u00e4 riitt\u00e4v\u00e4sti, jotta joka y\u00f6paikan maisemat olivat selv\u00e4sti erilaiset kuin edellisen. Ryhm\u00e4st\u00e4 oli my\u00f6s helposti havaittavissa matkan teon helpottuminen loppua kohti kunnon kohentuessa ja rinkan kevetess\u00e4. Kaiken kaikkiaan uskon vaelluksen olleen varsin onnistuneen my\u00f6s muiden kuin itseni mielest\u00e4.<\/p>\n","protected":false},"excerpt":{"rendered":"<p>Saavuimme sunnuntai-iltana Oulangan luontokeskukselle, josta tarkoituksemme oli l\u00e4hte\u00e4 vaeltamaan kohti Juumaa. Sit\u00e4 ennen oli kuitenkin toinen auto viet\u00e4v\u00e4 reitin loppupisteeseen. Ensimm\u00e4isen\u00e4 iltana teimme lyhyen vaelluksen Kiutak\u00f6nk\u00e4\u00e4n alapuoliselle leiripaikalle,&#8230;<\/p>\n","protected":false},"author":1,"featured_media":2452,"comment_status":"open","ping_status":"open","sticky":false,"template":"","format":"standard","meta":{"footnotes":""},"categories":[10,3,27],"tags":[],"_links":{"self":[{"href":"https:\/\/blogi.ennola.fi\/index.php?rest_route=\/wp\/v2\/posts\/1773"}],"collection":[{"href":"https:\/\/blogi.ennola.fi\/index.php?rest_route=\/wp\/v2\/posts"}],"about":[{"href":"https:\/\/blogi.ennola.fi\/index.php?rest_route=\/wp\/v2\/types\/post"}],"author":[{"embeddable":true,"href":"https:\/\/blogi.ennola.fi\/index.php?rest_route=\/wp\/v2\/users\/1"}],"replies":[{"embeddable":true,"href":"https:\/\/blogi.ennola.fi\/index.php?rest_route=%2Fwp%2Fv2%2Fcomments&post=1773"}],"version-history":[{"count":5,"href":"https:\/\/blogi.ennola.fi\/index.php?rest_route=\/wp\/v2\/posts\/1773\/revisions"}],"predecessor-version":[{"id":5118,"href":"https:\/\/blogi.ennola.fi\/index.php?rest_route=\/wp\/v2\/posts\/1773\/revisions\/5118"}],"wp:featuredmedia":[{"embeddable":true,"href":"https:\/\/blogi.ennola.fi\/index.php?rest_route=\/wp\/v2\/media\/2452"}],"wp:attachment":[{"href":"https:\/\/blogi.ennola.fi\/index.php?rest_route=%2Fwp%2Fv2%2Fmedia&parent=1773"}],"wp:term":[{"taxonomy":"category","embeddable":true,"href":"https:\/\/blogi.ennola.fi\/index.php?rest_route=%2Fwp%2Fv2%2Fcategories&post=1773"},{"taxonomy":"post_tag","embeddable":true,"href":"https:\/\/blogi.ennola.fi\/index.php?rest_route=%2Fwp%2Fv2%2Ftags&post=1773"}],"curies":[{"name":"wp","href":"https:\/\/api.w.org\/{rel}","templated":true}]}}