{"id":1791,"date":"2010-01-07T19:24:43","date_gmt":"2010-01-07T17:24:43","guid":{"rendered":"https:\/\/blogi.ennola.fi\/?p=1791"},"modified":"2020-07-02T19:10:38","modified_gmt":"2020-07-02T16:10:38","slug":"hiihtelemassa-rehtsuolla","status":"publish","type":"post","link":"https:\/\/blogi.ennola.fi\/?p=1791","title":{"rendered":"Hiihtelem\u00e4ss\u00e4 Rehtsuolla"},"content":{"rendered":"<p>Uudenvuoden j\u00e4lkeisen\u00e4 maanantaina l\u00e4hdimme Aamun kanssa suolle hiihtelem\u00e4\u00e4n. Seitsenvuotiaaksi Aamu hiiht\u00e4\u00e4 melkoisen hyvin, mutta t\u00e4m\u00e4 olikin ensimm\u00e4inen kertamme koneella tehtyjen latujen ulkopuolella. Suurimmassa osassa matkaa oli muutamaan kertaan hiihdetty ura alla, mutta kyll\u00e4 sit\u00e4 hieman umpistakin p\u00e4\u00e4simme pistelem\u00e4\u00e4n.<\/p>\n<p>Luomulatu osoittautui Aamulle konelatua hankalammaksi, koska se ei ollut l\u00e4hesk\u00e4\u00e4n niin tasainen kuin koneella hiihdetty. Niinp\u00e4 menomatkalla kaatumisia sattui tavallista enemm\u00e4n. Mutta jo paluumatkalla hiihto sujui kuin vanhalla tekij\u00e4ll\u00e4.<\/p>\n<p>S\u00e4\u00e4 oli kylm\u00e4, kuten nyt vuoden vaihde on ollut, menness\u00e4 s\u00e4\u00e4 oli pilvinen, mutta paluumatkalla pilvet repesiv\u00e4t ja saivat maiseman kylpem\u00e4\u00e4n satumaisessa valossa. Aamun hanskat kastuivat sen verta pahasti, ett\u00e4 paluumatkalla h\u00e4n sai lainata is\u00e4n hanskoja, ja min\u00e4 sain tyyty\u00e4 varahanskoihini.<\/p>\n<div id=\"attachment_2361\" style=\"width: 490px\" class=\"wp-caption aligncenter\"><a href=\"https:\/\/blogi.ennola.fi\/wp-content\/uploads\/2010\/01\/rehtsuo9.jpg\" rel=\"lightbox[1791]\"><img loading=\"lazy\" decoding=\"async\" aria-describedby=\"caption-attachment-2361\" class=\"wp-image-2361 size-full\" title=\"Aamu tykk\u00e4si useimmiten hiiht\u00e4\u00e4 edell\u00e4.\" src=\"https:\/\/blogi.ennola.fi\/wp-content\/uploads\/2010\/01\/Rehtsuo_Panorama2-2.jpg\" alt=\"\" width=\"480\" height=\"240\" srcset=\"https:\/\/blogi.ennola.fi\/wp-content\/uploads\/2010\/01\/Rehtsuo_Panorama2-2.jpg 480w, https:\/\/blogi.ennola.fi\/wp-content\/uploads\/2010\/01\/Rehtsuo_Panorama2-2-150x75.jpg 150w\" sizes=\"(max-width: 480px) 100vw, 480px\" \/><\/a><p id=\"caption-attachment-2361\" class=\"wp-caption-text\">Aamu tykk\u00e4si useimmiten hiiht\u00e4\u00e4 edell\u00e4.<\/p><\/div>\n<div id=\"attachment_2357\" style=\"width: 490px\" class=\"wp-caption aligncenter\"><a href=\"https:\/\/blogi.ennola.fi\/wp-content\/uploads\/2010\/01\/rehtsuo10.jpg\" rel=\"lightbox[1791]\"><img loading=\"lazy\" decoding=\"async\" aria-describedby=\"caption-attachment-2357\" class=\"wp-image-2357 size-full\" title=\"Hiihtomatkan etappina oli riistatorni, joka on muodostunut Aamun lempipaikaksi suolla.\" src=\"https:\/\/blogi.ennola.fi\/wp-content\/uploads\/2010\/01\/Rehtsuo_Panorama6.jpg\" alt=\"\" width=\"480\" height=\"242\" srcset=\"https:\/\/blogi.ennola.fi\/wp-content\/uploads\/2010\/01\/Rehtsuo_Panorama6.jpg 480w, https:\/\/blogi.ennola.fi\/wp-content\/uploads\/2010\/01\/Rehtsuo_Panorama6-150x76.jpg 150w\" sizes=\"(max-width: 480px) 100vw, 480px\" \/><\/a><p id=\"caption-attachment-2357\" class=\"wp-caption-text\">Hiihtomatkan etappina oli riistatorni, joka on muodostunut Aamun lempipaikaksi suolla.<\/p><\/div>\n<div id=\"attachment_2359\" style=\"width: 490px\" class=\"wp-caption aligncenter\"><a href=\"https:\/\/blogi.ennola.fi\/wp-content\/uploads\/2010\/01\/rehtsuo11.jpg\" rel=\"lightbox[1791]\"><img loading=\"lazy\" decoding=\"async\" aria-describedby=\"caption-attachment-2359\" class=\"wp-image-2359 size-full\" title=\"Suurimman osan matkaa latu seuraili suon reunaa.\" src=\"https:\/\/blogi.ennola.fi\/wp-content\/uploads\/2010\/01\/Rehtsuo_Panorama4.jpg\" alt=\"\" width=\"480\" height=\"207\" srcset=\"https:\/\/blogi.ennola.fi\/wp-content\/uploads\/2010\/01\/Rehtsuo_Panorama4.jpg 480w, https:\/\/blogi.ennola.fi\/wp-content\/uploads\/2010\/01\/Rehtsuo_Panorama4-150x65.jpg 150w\" sizes=\"(max-width: 480px) 100vw, 480px\" \/><\/a><p id=\"caption-attachment-2359\" class=\"wp-caption-text\">Suurimman osan matkaa latu seuraili suon reunaa.<\/p><\/div>\n<p><a href=\"https:\/\/blogi.ennola.fi\/wp-content\/uploads\/2010\/01\/rehtsuo12.jpg\" rel=\"lightbox[1791]\"><img loading=\"lazy\" decoding=\"async\" class=\"aligncenter wp-image-2360 size-full\" src=\"https:\/\/blogi.ennola.fi\/wp-content\/uploads\/2010\/01\/Rehtsuo_Panorama3-2.jpg\" alt=\"\" width=\"480\" height=\"189\" srcset=\"https:\/\/blogi.ennola.fi\/wp-content\/uploads\/2010\/01\/Rehtsuo_Panorama3-2.jpg 480w, https:\/\/blogi.ennola.fi\/wp-content\/uploads\/2010\/01\/Rehtsuo_Panorama3-2-150x59.jpg 150w\" sizes=\"(max-width: 480px) 100vw, 480px\" \/><\/a><\/p>\n<div id=\"attachment_2358\" style=\"width: 490px\" class=\"wp-caption aligncenter\"><a href=\"https:\/\/blogi.ennola.fi\/wp-content\/uploads\/2010\/01\/rehtsuo13.jpg\" rel=\"lightbox[1791]\"><img loading=\"lazy\" decoding=\"async\" aria-describedby=\"caption-attachment-2358\" class=\"wp-image-2358 size-full\" title=\"Lumisateet olivat pukeneet suon puut vaippaansa.\" src=\"https:\/\/blogi.ennola.fi\/wp-content\/uploads\/2010\/01\/Rehtsuo_Panorama5.jpg\" alt=\"\" width=\"480\" height=\"239\" srcset=\"https:\/\/blogi.ennola.fi\/wp-content\/uploads\/2010\/01\/Rehtsuo_Panorama5.jpg 480w, https:\/\/blogi.ennola.fi\/wp-content\/uploads\/2010\/01\/Rehtsuo_Panorama5-150x75.jpg 150w\" sizes=\"(max-width: 480px) 100vw, 480px\" \/><\/a><p id=\"caption-attachment-2358\" class=\"wp-caption-text\">Lumisateet olivat pukeneet suon puut vaippaansa.<\/p><\/div>\n<p><a href=\"https:\/\/blogi.ennola.fi\/wp-content\/uploads\/2010\/01\/rehtsuo14.jpg\" rel=\"lightbox[1791]\"><img loading=\"lazy\" decoding=\"async\" class=\"aligncenter wp-image-2356 size-full\" src=\"https:\/\/blogi.ennola.fi\/wp-content\/uploads\/2010\/01\/Rehtsuo_Panorama7.jpg\" alt=\"\" width=\"480\" height=\"198\" srcset=\"https:\/\/blogi.ennola.fi\/wp-content\/uploads\/2010\/01\/Rehtsuo_Panorama7.jpg 480w, https:\/\/blogi.ennola.fi\/wp-content\/uploads\/2010\/01\/Rehtsuo_Panorama7-150x62.jpg 150w\" sizes=\"(max-width: 480px) 100vw, 480px\" \/><\/a><\/p>\n<div id=\"attachment_2355\" style=\"width: 490px\" class=\"wp-caption aligncenter\"><a href=\"https:\/\/blogi.ennola.fi\/wp-content\/uploads\/2010\/01\/rehtsuo15.jpg\" rel=\"lightbox[1791]\"><img loading=\"lazy\" decoding=\"async\" aria-describedby=\"caption-attachment-2355\" class=\"wp-image-2355 size-full\" title=\"Auringon viimeiset s\u00e4teet v\u00e4rj\u00e4\u00e4v\u00e4t mets\u00e4n reunan.\" src=\"https:\/\/blogi.ennola.fi\/wp-content\/uploads\/2010\/01\/Rehtsuo_Panorama1-2.jpg\" alt=\"\" width=\"480\" height=\"130\" srcset=\"https:\/\/blogi.ennola.fi\/wp-content\/uploads\/2010\/01\/Rehtsuo_Panorama1-2.jpg 480w, https:\/\/blogi.ennola.fi\/wp-content\/uploads\/2010\/01\/Rehtsuo_Panorama1-2-150x41.jpg 150w\" sizes=\"(max-width: 480px) 100vw, 480px\" \/><\/a><p id=\"caption-attachment-2355\" class=\"wp-caption-text\">Auringon viimeiset s\u00e4teet v\u00e4rj\u00e4\u00e4v\u00e4t mets\u00e4n reunan.<\/p><\/div>\n","protected":false},"excerpt":{"rendered":"<p>Uudenvuoden j\u00e4lkeisen\u00e4 maanantaina l\u00e4hdimme Aamun kanssa suolle hiihtelem\u00e4\u00e4n. Seitsenvuotiaaksi Aamu hiiht\u00e4\u00e4 melkoisen hyvin, mutta t\u00e4m\u00e4 olikin ensimm\u00e4inen kertamme koneella tehtyjen latujen ulkopuolella. Suurimmassa osassa matkaa oli muutamaan kertaan&#8230;<\/p>\n","protected":false},"author":1,"featured_media":2351,"comment_status":"open","ping_status":"open","sticky":false,"template":"","format":"standard","meta":{"footnotes":""},"categories":[4],"tags":[],"_links":{"self":[{"href":"https:\/\/blogi.ennola.fi\/index.php?rest_route=\/wp\/v2\/posts\/1791"}],"collection":[{"href":"https:\/\/blogi.ennola.fi\/index.php?rest_route=\/wp\/v2\/posts"}],"about":[{"href":"https:\/\/blogi.ennola.fi\/index.php?rest_route=\/wp\/v2\/types\/post"}],"author":[{"embeddable":true,"href":"https:\/\/blogi.ennola.fi\/index.php?rest_route=\/wp\/v2\/users\/1"}],"replies":[{"embeddable":true,"href":"https:\/\/blogi.ennola.fi\/index.php?rest_route=%2Fwp%2Fv2%2Fcomments&post=1791"}],"version-history":[{"count":6,"href":"https:\/\/blogi.ennola.fi\/index.php?rest_route=\/wp\/v2\/posts\/1791\/revisions"}],"predecessor-version":[{"id":5292,"href":"https:\/\/blogi.ennola.fi\/index.php?rest_route=\/wp\/v2\/posts\/1791\/revisions\/5292"}],"wp:featuredmedia":[{"embeddable":true,"href":"https:\/\/blogi.ennola.fi\/index.php?rest_route=\/wp\/v2\/media\/2351"}],"wp:attachment":[{"href":"https:\/\/blogi.ennola.fi\/index.php?rest_route=%2Fwp%2Fv2%2Fmedia&parent=1791"}],"wp:term":[{"taxonomy":"category","embeddable":true,"href":"https:\/\/blogi.ennola.fi\/index.php?rest_route=%2Fwp%2Fv2%2Fcategories&post=1791"},{"taxonomy":"post_tag","embeddable":true,"href":"https:\/\/blogi.ennola.fi\/index.php?rest_route=%2Fwp%2Fv2%2Ftags&post=1791"}],"curies":[{"name":"wp","href":"https:\/\/api.w.org\/{rel}","templated":true}]}}