{"id":1793,"date":"2007-10-25T19:34:23","date_gmt":"2007-10-25T16:34:23","guid":{"rendered":"https:\/\/blogi.ennola.fi\/?p=1793"},"modified":"2020-07-10T01:08:49","modified_gmt":"2020-07-09T22:08:49","slug":"susisafari","status":"publish","type":"post","link":"https:\/\/blogi.ennola.fi\/?p=1793","title":{"rendered":"Susisafari"},"content":{"rendered":"<p>Teimme tytt\u00e4reni Allin kanssa y\u00f6retken <a href=\"http:\/\/kansalaisen.karttapaikka.fi\/linkki?text=Laavupaikka&amp;scale=16000&amp;y=6747359&amp;x=1567844&amp;lang=FI\" target=\"_blank\" rel=\"noopener noreferrer\">Vaskij\u00e4rven luonnonpuiston etel\u00e4puoliselle laavulle<\/a> 22.-23. p\u00e4iv\u00e4 syyskuuta. Illan jo h\u00e4m\u00e4rrytty\u00e4 h\u00e4mm\u00e4styksemme oli melkoinen, kun kuulimme susilauman ulvontaa aivan laavumme l\u00e4heisyydest\u00e4. Et\u00e4isyys susiin oli vain muutama sata metri\u00e4 ja niiden \u00e4\u00e4net kuuluivat selv\u00e4sti hieman eri suunnista. Tuntui silt\u00e4 niin kuin ne olisivat ymp\u00e4r\u00f6ineet leirimme\u2026 Viel\u00e4 seuraavana aamuna kuulimme kauempaa ehk\u00e4 kilometrin parin p\u00e4\u00e4st\u00e4 susien reviiriulvontaa, jota kesti muutamia tunteja.<\/p>\n<div><a href=\"https:\/\/blogi.ennola.fi\/wp-content\/uploads\/2007\/10\/CRW_3988.jpg\" rel=\"lightbox[1793]\"><img loading=\"lazy\" decoding=\"async\" class=\"aligncenter wp-image-5398 size-full\" src=\"https:\/\/blogi.ennola.fi\/wp-content\/uploads\/2007\/10\/CRW_3988-1.jpg\" alt=\"\" width=\"450\" height=\"338\" srcset=\"https:\/\/blogi.ennola.fi\/wp-content\/uploads\/2007\/10\/CRW_3988-1.jpg 450w, https:\/\/blogi.ennola.fi\/wp-content\/uploads\/2007\/10\/CRW_3988-1-150x113.jpg 150w\" sizes=\"(max-width: 450px) 100vw, 450px\" \/><\/a><\/div>\n<p>Tilanne illalla oli j\u00e4nnitt\u00e4v\u00e4 meille molemmille ja varsinkin tytt\u00e4reni pel\u00e4styi susia ensin melkoisesti. H\u00e4n ei uskaltanut j\u00e4\u00e4d\u00e4 laavulle yksin tulen \u00e4\u00e4reen edes siksi aikaa kun hain l\u00e4heisest\u00e4 l\u00e4t\u00e4k\u00f6st\u00e4 vett\u00e4 iltapalan laittoon. Illalla susien \u00e4\u00e4net j\u00e4iv\u00e4t kuitenkin tuohon yhteen kertaan ja tilanne sen j\u00e4lkeen rauhoittui ja saimme nukutuksi y\u00f6n hyvin. Seuraavana aamuna tutustuin laavun vieraskirjaan ja totesin kaikkien laavulla sin\u00e4 syksyn\u00e4 y\u00f6pyneiden kuullen susien ulvontaa.<\/p>\n<p>Aamulla, kun l\u00e4hdimme k\u00e4velem\u00e4\u00e4n kansallispuistoon paikoille, mist\u00e4 susien \u00e4\u00e4net olivat kuuluneet, olivat tytt\u00e4reni pelot haihtuneet ja suhtautuminen susiin oli paljon j\u00e4rkev\u00e4mpi. Olimme kohdanneet oikeita susia ja selvinneet siit\u00e4. T\u00e4st\u00e4 tuli mieleeni olisivatko t\u00e4mm\u00f6iset kokemukset omiaan h\u00e4lvent\u00e4m\u00e4\u00e4n ihmisten ennakkoluuloja susia kohtaan.<\/p>\n<p><a href=\"https:\/\/blogi.ennola.fi\/wp-content\/uploads\/2007\/10\/CRW_4025.jpg\" rel=\"lightbox[1793]\"><img loading=\"lazy\" decoding=\"async\" class=\"aligncenter wp-image-5399 size-full\" src=\"https:\/\/blogi.ennola.fi\/wp-content\/uploads\/2007\/10\/CRW_4025-1.jpg\" alt=\"\" width=\"315\" height=\"420\" srcset=\"https:\/\/blogi.ennola.fi\/wp-content\/uploads\/2007\/10\/CRW_4025-1.jpg 315w, https:\/\/blogi.ennola.fi\/wp-content\/uploads\/2007\/10\/CRW_4025-1-300x400.jpg 300w, https:\/\/blogi.ennola.fi\/wp-content\/uploads\/2007\/10\/CRW_4025-1-113x150.jpg 113w\" sizes=\"(max-width: 315px) 100vw, 315px\" \/><\/a><\/p>\n<p>Tytt\u00e4reni k\u00e4vi Raision Kuloisten koulun oppilaille tarkoitettua ala-asteik\u00e4isten luontokerhoa, jonka vet\u00e4j\u00e4n\u00e4 toimi oppilaani lempinimelt\u00e4\u00e4n Manu. Ehdotin tytt\u00e4relleni, ett\u00e4 jos Manu innostuisi, voisimme j\u00e4rjest\u00e4\u00e4 luontokerholaisille susisafarin. Manuhan innostui ja sovimme, ett\u00e4 j\u00e4rjest\u00e4isimme retken samalle laavulle ensimm\u00e4isen\u00e4 vapaana viikonloppuna, eli 13.-14. p\u00e4iv\u00e4n\u00e4 lokakuuta.<\/p>\n<p>Kun p\u00e4iv\u00e4 koitti oli retkelle l\u00e4hd\u00f6ss\u00e4 meid\u00e4n ohjaajien lis\u00e4ksi 4 luontokerholaista mukaan lukien tytt\u00e4reni. Hieman itse\u00e4ni oli j\u00e4nnitti se, ett\u00e4 moniko lasten vanhemmista oli valmis p\u00e4\u00e4st\u00e4m\u00e4\u00e4n lapsensa retkelle susien sekaan ja olivatkohan kaikki vanhemmat ymm\u00e4rt\u00e4neet, ett\u00e4 retkell\u00e4 oli tosiaan tarkoitus kuunnella ihan oikeita susia.<\/p>\n<p>Jo automatkalla n\u00e4imme auton ikkunasta hirven. Matkaa autolta laavulle oli linnuntiet\u00e4 kaksi ja puoli kilometri\u00e4, mutta polkua pitkin matkaa taisi kerty\u00e4 nelisen kilometri\u00e4. Matkalla rinkat painoivat, sill\u00e4 olihan; syksy jo melko pitk\u00e4ll\u00e4 ja useimmista rinkoista l\u00f6ytyi makuupusseja kaksin kappalein. Onneksi polku kulki luonnonpuiston kauneimpien maisemain poikki.<\/p>\n<p><a href=\"https:\/\/blogi.ennola.fi\/wp-content\/uploads\/2007\/10\/CRW_4021.jpg\" rel=\"lightbox[1793]\"><img loading=\"lazy\" decoding=\"async\" class=\"aligncenter wp-image-5401 size-full\" src=\"https:\/\/blogi.ennola.fi\/wp-content\/uploads\/2007\/10\/CRW_4021-1.jpg\" alt=\"\" width=\"450\" height=\"338\" srcset=\"https:\/\/blogi.ennola.fi\/wp-content\/uploads\/2007\/10\/CRW_4021-1.jpg 450w, https:\/\/blogi.ennola.fi\/wp-content\/uploads\/2007\/10\/CRW_4021-1-150x113.jpg 150w\" sizes=\"(max-width: 450px) 100vw, 450px\" \/><\/a><\/p>\n<p>Saavuttuamme laavulle, huomasimme sen olevan jo varattu. Kyll\u00e4 laavusta meille sijaa olisi l\u00f6ytynyt, mutta katsoimme paremmaksi vaihtoehdoksi pystytt\u00e4\u00e4 oman laavun muutaman kymmenen metrin p\u00e4\u00e4h\u00e4n puulaavusta. Saimme sit\u00e4 varten laavulla y\u00f6pyjilt\u00e4 lainaksi pari pressua. Ratkaisu osoittautui oikeaksi, sill\u00e4 illansuussa laavulle oli tulossa y\u00f6pym\u00e4\u00e4n viel\u00e4 noin kymmenen hengen ulkomaalaisporukka.<\/p>\n<p>Valoisa aika sujui lapsilta leikkiess\u00e4, min\u00e4 keskityin pystytt\u00e4m\u00e4\u00e4n laavua ja ker\u00e4\u00e4m\u00e4\u00e4n polttopuita. Illan h\u00e4m\u00e4rrytty\u00e4 ker\u00e4\u00e4nnyimme laavullemme tulen \u00e4\u00e4reen paistamaan makkaroita ja lihapullia. J\u00e4lkiruuaksi teimme nuotiobanaaneja. Keskustelimme susista ja niiden vaarallisuudesta ja lapset kertoivat toisiilleen kummitustarinoita.<\/p>\n<div><a href=\"https:\/\/blogi.ennola.fi\/wp-content\/uploads\/2007\/10\/CRW_4002.jpg\" rel=\"lightbox[1793]\"><img loading=\"lazy\" decoding=\"async\" class=\"aligncenter wp-image-5397 size-full\" src=\"https:\/\/blogi.ennola.fi\/wp-content\/uploads\/2007\/10\/CRW_4002-1.jpg\" alt=\"\" width=\"450\" height=\"338\" srcset=\"https:\/\/blogi.ennola.fi\/wp-content\/uploads\/2007\/10\/CRW_4002-1.jpg 450w, https:\/\/blogi.ennola.fi\/wp-content\/uploads\/2007\/10\/CRW_4002-1-150x113.jpg 150w\" sizes=\"(max-width: 450px) 100vw, 450px\" \/><\/a><\/div>\n<p>Ensimm\u00e4isten jo nukahdettua kuulimme ensimm\u00e4isen kerran susia suolta vajaan kilometrin p\u00e4\u00e4st\u00e4. \u00c4\u00e4net olivat lauman yhdys\u00e4\u00e4ni\u00e4. Ehk\u00e4 noin kymmenen minuutin p\u00e4\u00e4st\u00e4 kuulimme susia uudestaan. Nyt sudet olivat tulleet l\u00e4hemm\u00e4s, noin puolen kilometrin p\u00e4\u00e4h\u00e4n leirist\u00e4mme ja siirtyneet samalla meist\u00e4 n\u00e4hden vasemmalle. T\u00e4m\u00e4n j\u00e4lkeen emme en\u00e4\u00e4 susia kuulleet, vaan nukahdimme leiriimme nuotion hiipuessa sammuksiin.<\/p>\n<p>Aamulla k\u00e4vin toisessa leiriss\u00e4 kyselem\u00e4ss\u00e4 kuulumisia, he eiv\u00e4t olleet susia kuulleet. Illalla kuulostikin silt\u00e4, ett\u00e4 heid\u00e4n leiriss\u00e4\u00e4n oli ollut sen verta enemm\u00e4n \u00e4\u00e4nt\u00e4, ett\u00e4 susien \u00e4\u00e4net olivat niihin hukkuneet. Omassa leiriss\u00e4mme keittelimme puuroa aamiaiseksi.<\/p>\n<p>Keskustelimme lasten kanssa susista ja ainakaan silloin, kukaan ei tunnustanut pelk\u00e4\u00e4v\u00e4ns\u00e4 susia, vaikka illalla olinkin mielest\u00e4ni j\u00e4nnityst\u00e4 niiden kohtaamisesta havainnut. Oikeiden susien kuuleminen oli h\u00e4lvent\u00e4nyt niihin liittyvi\u00e4 turhia pelkoja. En silti v\u00e4h\u00e4ttele paikallisten susiin kohdistamaa pelkoa. Tuntui se minustakin pelottavalta ajatukselta, kulkiessani y\u00f6ll\u00e4 itsekseni leirin l\u00e4himaastoissa, ett\u00e4 siell\u00e4 vaelteli otuksia, jotka s\u00f6iv\u00e4t ruuakseen hirven kokoisia el\u00e4imi\u00e4\u2026<\/p>\n<p><a href=\"https:\/\/blogi.ennola.fi\/wp-content\/uploads\/2007\/10\/CRW_4032.jpg\" rel=\"lightbox[1793]\"><img loading=\"lazy\" decoding=\"async\" class=\"aligncenter wp-image-5400 size-full\" src=\"https:\/\/blogi.ennola.fi\/wp-content\/uploads\/2007\/10\/CRW_4032-1.jpg\" alt=\"\" width=\"450\" height=\"338\" srcset=\"https:\/\/blogi.ennola.fi\/wp-content\/uploads\/2007\/10\/CRW_4032-1.jpg 450w, https:\/\/blogi.ennola.fi\/wp-content\/uploads\/2007\/10\/CRW_4032-1-150x113.jpg 150w\" sizes=\"(max-width: 450px) 100vw, 450px\" \/><\/a><\/p>\n<p>Aamulla retkeilimme hieman luonnonpuiston poluilla, mink\u00e4 j\u00e4lkeen purimme leirin ja pakkasimme tavarat. Paluumatka luonnonpuiston halki sujui heikossa tihkusateessa. Lapsille suureksi el\u00e4mykseksi osoittautui luonnonveden juominen. Oli hienoa, kun saattoi ottaa purosta tai lammikosta suoraan vett\u00e4 keitt\u00e4m\u00e4tt\u00e4 sit\u00e4 ja juoda sellaisenaan. Juuri ennen saapumistamme autolle, l\u00f6ysimme polulta viel\u00e4 suden p\u00f6k\u00e4leen, joka omalta osaltaan todisti niiden olemassaolostaan.<\/p>\n","protected":false},"excerpt":{"rendered":"<p>Teimme tytt\u00e4reni Allin kanssa y\u00f6retken Vaskij\u00e4rven luonnonpuiston etel\u00e4puoliselle laavulle 22.-23. p\u00e4iv\u00e4 syyskuuta. Illan jo h\u00e4m\u00e4rrytty\u00e4 h\u00e4mm\u00e4styksemme oli melkoinen, kun kuulimme susilauman ulvontaa aivan laavumme l\u00e4heisyydest\u00e4. Et\u00e4isyys susiin oli&#8230;<\/p>\n","protected":false},"author":1,"featured_media":5402,"comment_status":"open","ping_status":"open","sticky":false,"template":"","format":"standard","meta":{"footnotes":""},"categories":[3],"tags":[],"_links":{"self":[{"href":"https:\/\/blogi.ennola.fi\/index.php?rest_route=\/wp\/v2\/posts\/1793"}],"collection":[{"href":"https:\/\/blogi.ennola.fi\/index.php?rest_route=\/wp\/v2\/posts"}],"about":[{"href":"https:\/\/blogi.ennola.fi\/index.php?rest_route=\/wp\/v2\/types\/post"}],"author":[{"embeddable":true,"href":"https:\/\/blogi.ennola.fi\/index.php?rest_route=\/wp\/v2\/users\/1"}],"replies":[{"embeddable":true,"href":"https:\/\/blogi.ennola.fi\/index.php?rest_route=%2Fwp%2Fv2%2Fcomments&post=1793"}],"version-history":[{"count":5,"href":"https:\/\/blogi.ennola.fi\/index.php?rest_route=\/wp\/v2\/posts\/1793\/revisions"}],"predecessor-version":[{"id":5403,"href":"https:\/\/blogi.ennola.fi\/index.php?rest_route=\/wp\/v2\/posts\/1793\/revisions\/5403"}],"wp:featuredmedia":[{"embeddable":true,"href":"https:\/\/blogi.ennola.fi\/index.php?rest_route=\/wp\/v2\/media\/5402"}],"wp:attachment":[{"href":"https:\/\/blogi.ennola.fi\/index.php?rest_route=%2Fwp%2Fv2%2Fmedia&parent=1793"}],"wp:term":[{"taxonomy":"category","embeddable":true,"href":"https:\/\/blogi.ennola.fi\/index.php?rest_route=%2Fwp%2Fv2%2Fcategories&post=1793"},{"taxonomy":"post_tag","embeddable":true,"href":"https:\/\/blogi.ennola.fi\/index.php?rest_route=%2Fwp%2Fv2%2Ftags&post=1793"}],"curies":[{"name":"wp","href":"https:\/\/api.w.org\/{rel}","templated":true}]}}