{"id":1797,"date":"2007-11-17T19:37:21","date_gmt":"2007-11-17T17:37:21","guid":{"rendered":"https:\/\/blogi.ennola.fi\/?p=1797"},"modified":"2020-07-12T12:37:40","modified_gmt":"2020-07-12T09:37:40","slug":"amfibioretkeilya","status":"publish","type":"post","link":"https:\/\/blogi.ennola.fi\/?p=1797","title":{"rendered":"Amfibioretkeily\u00e4"},"content":{"rendered":"<p>Viime kes\u00e4n\u00e4 tein retken <a href=\"http:\/\/maps.google.fi\/?ie=UTF8&amp;ll=66.748577,29.917831&amp;spn=0.127943,0.6427&amp;t=k&amp;z=11&amp;om=1\" target=\"_blank\" rel=\"noopener noreferrer\">Kutsajoelle<\/a>, jolla koottava kajakkini ensimm\u00e4isen kerran p\u00e4\u00e4si tosi toimiin. Haaveenani on ollut luoda retkiv\u00e4lineist\u00f6, jolla liikkuminen sek\u00e4 maalla ja vesill\u00e4 samalla retkell\u00e4 olisi mahdollista. Nyt tarkoitukseni oli kokeilla sit\u00e4.<\/p>\n<p>Kutsajoki on entinen suomalainen luonnonpuisto, joka sijaitsee luovutetun Sallan alueella. Tavoitteenani oli seurata vanhan valokuvaajan I. K. Inhan matkakertomuksen mukaista reitti\u00e4 Kuolaj\u00e4rvelt\u00e4 J\u00e4nisk\u00f6nk\u00e4\u00e4lle.<\/p>\n<p><a href=\"https:\/\/blogi.ennola.fi\/wp-content\/uploads\/2007\/11\/CRW_3568-1.jpg\" rel=\"lightbox[1797]\"><img loading=\"lazy\" decoding=\"async\" class=\"aligncenter wp-image-2683 size-full\" src=\"https:\/\/blogi.ennola.fi\/wp-content\/uploads\/2007\/11\/CRW_3568.jpg\" alt=\"\" width=\"450\" height=\"338\" srcset=\"https:\/\/blogi.ennola.fi\/wp-content\/uploads\/2007\/11\/CRW_3568.jpg 450w, https:\/\/blogi.ennola.fi\/wp-content\/uploads\/2007\/11\/CRW_3568-150x113.jpg 150w\" sizes=\"(max-width: 450px) 100vw, 450px\" \/><\/a><\/p>\n<p>Kuluneena talvena Ven\u00e4j\u00e4 oli kuitenkin laajentanut rajavy\u00f6hykett\u00e4\u00e4n siten, ett\u00e4 my\u00f6s t\u00e4m\u00e4kin alue kuuluu nyky\u00e4\u00e4n rajavy\u00f6hykkeeseen, joten siell\u00e4 liikkuminen edellytt\u00e4\u00e4 salaisen poliisin eli FSB:n luvan. En saanut lupaa kulkea yksin Kuolaj\u00e4rvelt\u00e4 Vuorij\u00e4rvelle, joten jouduin aloittamaan retken paikasta, jossa Vuorij\u00e4rvelt\u00e4 tuleva tie ylitt\u00e4\u00e4 Kutsajoen.<\/p>\n<p>Toteutin retkeni samaan aikaisesti <a href=\"http:\/\/sallaseura.fi\/\" target=\"_blank\" rel=\"noopener noreferrer\">Sallaseuran<\/a> tekem\u00e4n Vuorij\u00e4rven kyl\u00e4k\u00e4velyn. Oman retkeni toteutuksen kannalta minua kyll\u00e4 ep\u00e4ilytti retken typistyminen kolmeen p\u00e4iv\u00e4\u00e4n ja kahteen y\u00f6h\u00f6n. K\u00e4yt\u00e4nn\u00f6ss\u00e4 minulle j\u00e4i siis aikaa vain yksi kokonainen p\u00e4iv\u00e4 retkeill\u00e4 Kutsajoella. Onneksi Sallaseuran puheenjohtaja Martti Niskala kyyditsi minut maastoautollaan yst\u00e4v\u00e4llisesti retken l\u00e4ht\u00f6pisteeseen, joten retki ylip\u00e4\u00e4t\u00e4\u00e4n oli mahdollinen.<\/p>\n<p>L\u00e4ht\u00f6pisteeseen p\u00e4\u00e4sin perjantaina illansuussa ja ensimm\u00e4iseksi kokosin kajakkini ja pakkasin tavarani kajakkiin. Varusteiden m\u00e4\u00e4r\u00e4 oli melko suuri vaikka olinkin pyrkinyt karsimaan sit\u00e4 minimiin. Kajakki melontavarusteineen ja pakkauksineen painoi 18,5 kg, retkivarusteet 7,5 kg, ev\u00e4\u00e4t 2 kg ja kameravarustus 10 kg eli yhteens\u00e4 l\u00e4hes 40 kg. Kameravarustus n\u00e4ytt\u00e4\u00e4 tietenkin suurelta, mutta koska retken yksi p\u00e4\u00e4tarkoituksista oli tehd\u00e4 kuvauksia Inhan kuvauspaikoilla, oli painava palkkikamera jalustoineen v\u00e4ltt\u00e4m\u00e4tt\u00f6myys.<\/p>\n<p><a href=\"https:\/\/blogi.ennola.fi\/wp-content\/uploads\/2007\/11\/CRW_3575.jpg\" rel=\"lightbox[1797]\"><img loading=\"lazy\" decoding=\"async\" class=\"aligncenter wp-image-2692 size-full\" src=\"https:\/\/blogi.ennola.fi\/wp-content\/uploads\/2007\/11\/CRW_3575-1.jpg\" alt=\"\" width=\"450\" height=\"338\" srcset=\"https:\/\/blogi.ennola.fi\/wp-content\/uploads\/2007\/11\/CRW_3575-1.jpg 450w, https:\/\/blogi.ennola.fi\/wp-content\/uploads\/2007\/11\/CRW_3575-1-150x113.jpg 150w\" sizes=\"(max-width: 450px) 100vw, 450px\" \/><\/a><\/p>\n<p>L\u00e4hdin illalla melomaan jokiuomaa alasp\u00e4in. Vaikkei kes\u00e4 erityisen kuiva ollutkaan, oli joessa kuitenkin sen verta v\u00e4h\u00e4n vett\u00e4, ett\u00e4 koskissa pohja kolisi kiviin. Hieman pelk\u00e4sin kajakin pohjan muodostavan kankaan kest\u00e4vyytt\u00e4, sill\u00e4 olinhan sen jo kerran saanut siihen rei\u00e4n merell\u00e4 meloessa. Nyt kangas kuitenkin kesti ja itse asiassa, kun y\u00f6paikalla tarkastin kajakin pohjan, oli siihen tullut h\u00e4mm\u00e4stytt\u00e4v\u00e4n v\u00e4h\u00e4n j\u00e4lki\u00e4.<\/p>\n<p>Joki mutkitteli kauniiden soistuneiden niittyjen halki ennen kun se laski Pyh\u00e4j\u00e4rveen. J\u00e4rven ymp\u00e4rill\u00e4 kohosivat noin satametriset kalliot ja aivan kuten Inhankin matkakuvauksessa piti lentoon kohonneiden lintujen kiert\u00e4\u00e4 j\u00e4rvi pariin kertaan p\u00e4\u00e4st\u00e4kseen lent\u00e4m\u00e4\u00e4n kallioiden yli.<\/p>\n<p>Pyh\u00e4j\u00e4rven ja Nivaj\u00e4rven v\u00e4liss\u00e4 ei varsinaista jokitaivalta ollutkaan vain pienempi salmipaikka, jonka j\u00e4lkeen rantojen korkeat kalliot l\u00e4hestyiv\u00e4t toisiaan kunnes ne Hirve\u00e4kallion kohdalla l\u00e4hes kohtasivat toisensa. Hirve\u00e4kallio on valtava jyrk\u00e4nne, jossa j\u00e4rvi leveydelt\u00e4\u00e4n tuskin on sit\u00e4 mit\u00e4 kallio on korkea.<\/p>\n<p><a href=\"https:\/\/blogi.ennola.fi\/wp-content\/uploads\/2007\/11\/CRW_3574-1.jpg\" rel=\"lightbox[1797]\"><img loading=\"lazy\" decoding=\"async\" class=\"aligncenter wp-image-2684 size-full\" src=\"https:\/\/blogi.ennola.fi\/wp-content\/uploads\/2007\/11\/CRW_3574.jpg\" alt=\"\" width=\"450\" height=\"334\" srcset=\"https:\/\/blogi.ennola.fi\/wp-content\/uploads\/2007\/11\/CRW_3574.jpg 450w, https:\/\/blogi.ennola.fi\/wp-content\/uploads\/2007\/11\/CRW_3574-150x111.jpg 150w\" sizes=\"(max-width: 450px) 100vw, 450px\" \/><\/a><\/p>\n<p>T\u00e4h\u00e4n p\u00e4\u00e4tin j\u00e4\u00e4d\u00e4 y\u00f6t\u00e4, sill\u00e4 olinhan siin\u00e4 paikassa, miss\u00e4 Inhakin oli matkallaan pys\u00e4htynyt ja kuvannut. Rantautuminen ei ollut helppoa, koska jyrk\u00e4nne jatkui my\u00f6s veden alle ja kanootin toiselta puolelta ei voinut ottaa tukea. Ranta taas koostui isoista ja osin liukkaista kiven lohkareista. Oli jo melko my\u00f6h\u00e4 ilta, joten ehdin kuvata vain yhden Inhan kuvaamista kuvapareista ennen kuin pimeys esti palkkikameran k\u00e4yt\u00f6n. Telttapaikkoja jyrk\u00e4nteen alla oli kovin heikosti, mutta onneksi l\u00f6ysin pienen l\u00e4ntin tasaista maata, johon pieni telttani juuri ja juuri mahtui.<\/p>\n<p><a href=\"https:\/\/blogi.ennola.fi\/wp-content\/uploads\/2007\/11\/CRW_3580.jpg\" rel=\"lightbox[1797]\"><img loading=\"lazy\" decoding=\"async\" class=\"aligncenter wp-image-5483 size-full\" src=\"https:\/\/blogi.ennola.fi\/wp-content\/uploads\/2007\/11\/CRW_3580-1.jpg\" alt=\"\" width=\"450\" height=\"338\" srcset=\"https:\/\/blogi.ennola.fi\/wp-content\/uploads\/2007\/11\/CRW_3580-1.jpg 450w, https:\/\/blogi.ennola.fi\/wp-content\/uploads\/2007\/11\/CRW_3580-1-150x113.jpg 150w\" sizes=\"(max-width: 450px) 100vw, 450px\" \/><\/a><\/p>\n<p>Aamulla her\u00e4sin aikaisin ja, koska s\u00e4\u00e4kin oli kuten toivoin pilvinen, k\u00e4vin kuvaamassa Inhan kuvaamista paikoista uudet kuvat. Lopuksi kuvasin viel\u00e4 uudestaan edellisen\u00e4 iltana kuvaamani kuvan, koska nyt valoa oli kuitenkin enemm\u00e4n tarjolla. Yksi kuvista, jonka olin arvellut kuvatun t\u00e4st\u00e4 paikasta, ei siit\u00e4 ollutkaan, joten sit\u00e4 oli viel\u00e4 etsitt\u00e4v\u00e4 my\u00f6hemmin. Kuvatessani kuvia aamusta havaitsin muuttohaukkapariskunnan varottelevan minua yl\u00e4puolellani. Niill\u00e4 oli ilmeisesti pes\u00e4 jyrk\u00e4nteen yl\u00e4osissa ja nyt ne olivat p\u00e4\u00e4tt\u00e4neet luopua olemasta hiljaa. Aamiaiseni sy\u00f6ty\u00e4ni l\u00e4hdin jatkamaan matkaa.<\/p>\n<p>L\u00e4hdin melomaan Nivaj\u00e4rve\u00e4 eteenp\u00e4in, koska en uskonut meloneeni sen l\u00f6ytym\u00e4tt\u00f6m\u00e4n kuvauspaikan ohi, vaikka sekin vaihtoehto mieless\u00e4ni k\u00e4vikin. Kalliot j\u00e4rven rannoilla alkoivat hieman madaltua ja hetken kuljettuani l\u00f6ysin paikan, josta nelj\u00e4s Inhan kuva oli otettu. Kuva esitti Hirve\u00e4kalliota etel\u00e4st\u00e4 p\u00e4in. Oli j\u00e4nn\u00e4, miten erin\u00e4k\u00f6inen sama j\u00e4rven kohta oli ollut Hirve\u00e4kalliolta k\u00e4sin kuvattuna. Pys\u00e4hdyin t\u00e4h\u00e4n ja j\u00e4in useiksi tunneiksi odottelemaan sopivaa s\u00e4\u00e4t\u00e4 kuvauksiani varten. Samalla keittelin p\u00e4iv\u00e4ruokanikin.<\/p>\n<p><a href=\"https:\/\/blogi.ennola.fi\/wp-content\/uploads\/2007\/11\/CRW_3601-1.jpg\" rel=\"lightbox[1797]\"><img loading=\"lazy\" decoding=\"async\" class=\"aligncenter wp-image-2680 size-full\" src=\"https:\/\/blogi.ennola.fi\/wp-content\/uploads\/2007\/11\/CRW_3601.jpg\" alt=\"\" width=\"298\" height=\"400\" srcset=\"https:\/\/blogi.ennola.fi\/wp-content\/uploads\/2007\/11\/CRW_3601.jpg 298w, https:\/\/blogi.ennola.fi\/wp-content\/uploads\/2007\/11\/CRW_3601-112x150.jpg 112w\" sizes=\"(max-width: 298px) 100vw, 298px\" \/><\/a><\/p>\n<p>Seuraavaksi j\u00e4rvi teki tiukan mutkan vasemmalle, jonka j\u00e4lkeen se leveni ja rantakalliot madaltuivat, mink\u00e4 seurauksena koko maisema avartui. Meloin j\u00e4rve\u00e4 eteenp\u00e4in, kunnes p\u00e4\u00e4sin j\u00e4rven loppuosaan, mist\u00e4 koko j\u00e4rvi oli nimens\u00e4 saanut. Nyt j\u00e4rvi kapeni v\u00e4lill\u00e4 aina kapeaksi salmeksi, joissa paikka paikoin oli ihan rehellinen koskikin. N\u00e4it\u00e4 kapeikoita jatkoin parin kappaleen verta, kunnes edess\u00e4 oli sen verta vuolas koski, ett\u00e4 se piti rannalta tarkastaa.<\/p>\n<p>Koski n\u00e4ytti silt\u00e4, ettei sen laskeminen n\u00e4in v\u00e4h\u00e4ll\u00e4 vedell\u00e4 olisi ollut turvallista kajakillani ja tiedossa olisi ollut paljon pahempia koskiakin. P\u00e4\u00e4tin siis siirty\u00e4 jalkamieheksi. Edellisvuotisesta retkest\u00e4 tiesin kanjonin reunalla kulkevan karttaan merkitsem\u00e4tt\u00f6m\u00e4n tien, jota pitkin p\u00e4\u00e4sisi Vuorij\u00e4rvelle, joten p\u00e4\u00e4tin suunnata kulkuni sinne. Tavarani kanjonista yl\u00f6s kannoin kahdessa er\u00e4ss\u00e4: Ensin muut tavarat ja sen j\u00e4lkeen kanootin. P\u00e4\u00e4st\u00e4kseni hetkeksi lep\u00e4\u00e4m\u00e4\u00e4n itikoilta pystytin telttani, johon vet\u00e4ydyin muutamaksi tunniksi lep\u00e4\u00e4m\u00e4\u00e4n ja hiomaan strategioita.<\/p>\n<p>Vuorij\u00e4rvelle oli matkaa noin kymmenen kilometri\u00e4 tiet\u00e4 pitkin ja siell\u00e4 oli v\u00e4ltt\u00e4m\u00e4t\u00f6nt\u00e4 olla seuraavana aamuna kello kymmeneen menness\u00e4. Voisin kantaa tavarat kahdessa er\u00e4ss\u00e4, mutta silloin matkaa olisi kertynyt 30 kilometri\u00e4, joka olisi ollut melkoinen kantomatka. Kerralla kantaen 40-kiloinen rinkka olisi hirve\u00e4n painava. Lopulta p\u00e4\u00e4tin yritt\u00e4\u00e4 kantamista kerralla ja laittaisin kellon soimaan aikaisin aamulla noin kello kolme jolloin, jos k\u00e4velisin kaksi kilometri\u00e4 tunnissa, olisin noin kello kahdeksan Vuorij\u00e4rven rannassa. N\u00e4in minulle j\u00e4i illalla aikaa vierailla lyhyesti J\u00e4nisk\u00f6nk\u00e4\u00e4ll\u00e4, mik\u00e4 oli seutukunnan komein koski.<\/p>\n<p><a href=\"https:\/\/blogi.ennola.fi\/wp-content\/uploads\/2007\/11\/CRW_3606-1.jpg\" rel=\"lightbox[1797]\"><img loading=\"lazy\" decoding=\"async\" class=\"aligncenter wp-image-2681 size-full\" src=\"https:\/\/blogi.ennola.fi\/wp-content\/uploads\/2007\/11\/CRW_3606.jpg\" alt=\"\" width=\"450\" height=\"338\" srcset=\"https:\/\/blogi.ennola.fi\/wp-content\/uploads\/2007\/11\/CRW_3606.jpg 450w, https:\/\/blogi.ennola.fi\/wp-content\/uploads\/2007\/11\/CRW_3606-150x113.jpg 150w\" sizes=\"(max-width: 450px) 100vw, 450px\" \/><\/a><\/p>\n<p>Teltaltani oli matkaa k\u00f6nk\u00e4\u00e4lle kolme kilometri\u00e4, jonka taivalsin gps:n opastamana vajaassa tunnissa. N\u00e4in p\u00e4\u00e4sin kulkemaan paljon helpompaa reitti\u00e4 vaaran p\u00e4\u00e4ll\u00e4, kuin mit\u00e4 Inha aikoinaan oli yritt\u00e4nyt joen rannassa. Saavuttuani k\u00f6nk\u00e4\u00e4lle alkoi rajuilma l\u00e4hesty\u00e4 uhkaavasti, joten vierailuni siell\u00e4 j\u00e4i kovin lyhyeksi. Sain kuitenkin muutaman ihan mukavan kuvan otetuksi er\u00e4maan keskell\u00e4 kuohuvasta k\u00f6nk\u00e4\u00e4st\u00e4.<\/p>\n<p>Aamulla sitten alkoi tuskien taival kohti Vuorij\u00e4rve\u00e4. Nelikymmenkiloinen rinkka oli selv\u00e4stikin enemm\u00e4n kuin, mit\u00e4 kunnolla olisin jaksanut kantaa. Taukoja pidin noin kilometrin v\u00e4lein ja aina tauon j\u00e4lkeen parisataa ensimm\u00e4ist\u00e4 metri\u00e4 tuntui siedett\u00e4v\u00e4lt\u00e4 ja sen j\u00e4lkeen loput ennen seuraavaa taukoa tein sisulla hammasta purren. Pienikin yl\u00e4m\u00e4ki sai syd\u00e4men hakkaamaan ja hengityksen puuskuttamaan ja reitti tietenkin kulki muutamasatametrisen vaaran yli. T\u00e4ll\u00e4 matkalla toinen isovarpaan kynteni musteni ja muutamien viikkojen p\u00e4\u00e4st\u00e4 se irtosi kokonaan pois.<\/p>\n<p>Vuorij\u00e4rven l\u00e4hestyess\u00e4 oli p\u00e4\u00e4t\u00f6s selv\u00e4 siit\u00e4, ett\u00e4 en k\u00e4velisi viimeisi\u00e4 kilometrej\u00e4 j\u00e4rven rantaa pitkin vaan menin suorinta tiet\u00e4 j\u00e4rven rantaan. Kokosin kajakkini siell\u00e4 uudestaan ja meloin loppumatkan tapaamispaikalle. Nyt kajakin kokoaminen sujui melko nopeasti ja ehk\u00e4 vajaassa puolessa tunnissa siit\u00e4, kun olin saapunut rannalle, olin jo melomassa tyynell\u00e4 j\u00e4rvell\u00e4. Aamu oli kaunis ja oli upeaa meloa Vuorij\u00e4rven kristallinkirkkaalla pinnalla ja kuunnella kuikkien huutelua.<\/p>\n<p><a href=\"https:\/\/blogi.ennola.fi\/wp-content\/uploads\/2007\/11\/CRW_3615-1.jpg\" rel=\"lightbox[1797]\"><img loading=\"lazy\" decoding=\"async\" class=\"aligncenter wp-image-2682 size-full\" src=\"https:\/\/blogi.ennola.fi\/wp-content\/uploads\/2007\/11\/CRW_3615.jpg\" alt=\"\" width=\"450\" height=\"336\" srcset=\"https:\/\/blogi.ennola.fi\/wp-content\/uploads\/2007\/11\/CRW_3615.jpg 450w, https:\/\/blogi.ennola.fi\/wp-content\/uploads\/2007\/11\/CRW_3615-150x112.jpg 150w\" sizes=\"(max-width: 450px) 100vw, 450px\" \/><\/a><\/p>\n<p>Retken lopputoteamuksena voin todeta koottavan kajakin soveltuvan amfibioretkeilyyn. N\u00e4iden kokemuksien pohjalta voi todeta sen sopivan p\u00e4\u00e4s\u00e4\u00e4nt\u00f6isesti vesill\u00e4 tapahtuvaan retkeilyyn, miss\u00e4 maataipaleita on harvakseltaan, mutta kuten t\u00e4ll\u00e4kin retkell\u00e4 eiv\u00e4t peninkulmaisetkaan maataipaleet ole sille mahdottomuus. Ilman kymmenkiloista kameravarustusta olisi t\u00e4m\u00e4kin maataival ollut varsin siedett\u00e4v\u00e4. Kajakin pakkaus ja purku sujuvat pienell\u00e4 harjoituksella noin puolessa tunnissa, joka ei mielest\u00e4ni ole paha aika.<\/p>\n","protected":false},"excerpt":{"rendered":"<p>Viime kes\u00e4n\u00e4 tein retken Kutsajoelle, jolla koottava kajakkini ensimm\u00e4isen kerran p\u00e4\u00e4si tosi toimiin. Haaveenani on ollut luoda retkiv\u00e4lineist\u00f6, jolla liikkuminen sek\u00e4 maalla ja vesill\u00e4 samalla retkell\u00e4 olisi mahdollista&#8230;.<\/p>\n","protected":false},"author":1,"featured_media":2693,"comment_status":"open","ping_status":"open","sticky":false,"template":"","format":"standard","meta":{"footnotes":""},"categories":[3],"tags":[],"_links":{"self":[{"href":"https:\/\/blogi.ennola.fi\/index.php?rest_route=\/wp\/v2\/posts\/1797"}],"collection":[{"href":"https:\/\/blogi.ennola.fi\/index.php?rest_route=\/wp\/v2\/posts"}],"about":[{"href":"https:\/\/blogi.ennola.fi\/index.php?rest_route=\/wp\/v2\/types\/post"}],"author":[{"embeddable":true,"href":"https:\/\/blogi.ennola.fi\/index.php?rest_route=\/wp\/v2\/users\/1"}],"replies":[{"embeddable":true,"href":"https:\/\/blogi.ennola.fi\/index.php?rest_route=%2Fwp%2Fv2%2Fcomments&post=1797"}],"version-history":[{"count":7,"href":"https:\/\/blogi.ennola.fi\/index.php?rest_route=\/wp\/v2\/posts\/1797\/revisions"}],"predecessor-version":[{"id":2494,"href":"https:\/\/blogi.ennola.fi\/index.php?rest_route=\/wp\/v2\/posts\/1797\/revisions\/2494"}],"wp:featuredmedia":[{"embeddable":true,"href":"https:\/\/blogi.ennola.fi\/index.php?rest_route=\/wp\/v2\/media\/2693"}],"wp:attachment":[{"href":"https:\/\/blogi.ennola.fi\/index.php?rest_route=%2Fwp%2Fv2%2Fmedia&parent=1797"}],"wp:term":[{"taxonomy":"category","embeddable":true,"href":"https:\/\/blogi.ennola.fi\/index.php?rest_route=%2Fwp%2Fv2%2Fcategories&post=1797"},{"taxonomy":"post_tag","embeddable":true,"href":"https:\/\/blogi.ennola.fi\/index.php?rest_route=%2Fwp%2Fv2%2Ftags&post=1797"}],"curies":[{"name":"wp","href":"https:\/\/api.w.org\/{rel}","templated":true}]}}