{"id":1813,"date":"2008-03-23T19:45:31","date_gmt":"2008-03-23T17:45:31","guid":{"rendered":"https:\/\/blogi.ennola.fi\/?p=1813"},"modified":"2020-06-08T21:42:18","modified_gmt":"2020-06-08T18:42:18","slug":"pyhajarvella-luistelemassa","status":"publish","type":"post","link":"https:\/\/blogi.ennola.fi\/?p=1813","title":{"rendered":"Pyh\u00e4j\u00e4rvell\u00e4 luistelemassa"},"content":{"rendered":"<p>Pitk\u00e4n\u00e4perjantaina p\u00e4\u00e4sin ensimm\u00e4iselle kunnon luisteluretkelle S\u00e4kyl\u00e4n Pyh\u00e4j\u00e4rvelle. Muutamana y\u00f6n\u00e4 oli ollut pakkasta yli kymmenen astetta ja j\u00e4rven etel\u00e4p\u00e4\u00e4h\u00e4n oli vahvistunut luistelulle tarpeeksi vahva j\u00e4\u00e4, vaikka Turun Sanomien perusteella muuta lupailtiinkin. Retkell\u00e4mme oli kaksi Suomen Retkiluistelijoiden opasta: Maarit ja Mika.<\/p>\n<div><a href=\"https:\/\/blogi.ennola.fi\/wp-content\/uploads\/2008\/03\/IMG_0573-1.jpg\" rel=\"lightbox[1813]\"><img loading=\"lazy\" decoding=\"async\" class=\"aligncenter wp-image-2503 size-full\" src=\"https:\/\/blogi.ennola.fi\/wp-content\/uploads\/2008\/03\/IMG_0573.jpg\" alt=\"\" width=\"480\" height=\"354\" srcset=\"https:\/\/blogi.ennola.fi\/wp-content\/uploads\/2008\/03\/IMG_0573.jpg 480w, https:\/\/blogi.ennola.fi\/wp-content\/uploads\/2008\/03\/IMG_0573-150x111.jpg 150w\" sizes=\"(max-width: 480px) 100vw, 480px\" \/><\/a><\/div>\n<p>Retken l\u00e4ht\u00f6pisteen\u00e4 oli Valasranta, jonka edustalla oli reilut kymmenkunta sentti\u00e4 j\u00e4\u00e4t\u00e4. J\u00e4\u00e4n pinnalla oli ohuelti lunta. Aurinko oli sulattanut j\u00e4\u00e4n pinnan melko ep\u00e4tasaiseksi, mik\u00e4 aiheutti n\u00e4in ekakertalaisessa pient\u00e4 ep\u00e4varmuuden tunnetta tasapainossa.<\/p>\n<div><a href=\"https:\/\/blogi.ennola.fi\/wp-content\/uploads\/2008\/03\/sakyla_Panorama2.jpg\" rel=\"lightbox[1813]\"><img loading=\"lazy\" decoding=\"async\" class=\"aligncenter wp-image-2508 size-full\" src=\"https:\/\/blogi.ennola.fi\/wp-content\/uploads\/2008\/03\/Sakyla_Panorama2.jpg\" alt=\"\" width=\"480\" height=\"83\" srcset=\"https:\/\/blogi.ennola.fi\/wp-content\/uploads\/2008\/03\/Sakyla_Panorama2.jpg 480w, https:\/\/blogi.ennola.fi\/wp-content\/uploads\/2008\/03\/Sakyla_Panorama2-150x26.jpg 150w\" sizes=\"(max-width: 480px) 100vw, 480px\" \/><\/a><\/div>\n<p>Luistelemaan l\u00e4hdimme j\u00e4rven l\u00e4nsirantaa pohjoiseen. Heikohko vastatuuli ja j\u00e4\u00e4n ep\u00e4tasaisuus tuntui viev\u00e4n voiman luistelusta ja liu&#8217;usta. Jotenkin tuntui silt\u00e4 kuin koko luistelutekniikka olisi unohtunut ja olisin luistellut aivan liian voimia kuluttavalla tekniikalla.<\/p>\n<p><a href=\"https:\/\/blogi.ennola.fi\/wp-content\/uploads\/2008\/03\/IMG_0586.jpg\" rel=\"lightbox[1813]\"><img loading=\"lazy\" decoding=\"async\" class=\"aligncenter wp-image-2507 size-full\" src=\"https:\/\/blogi.ennola.fi\/wp-content\/uploads\/2008\/03\/IMG_0586.jpg\" alt=\"\" width=\"480\" height=\"359\" srcset=\"https:\/\/blogi.ennola.fi\/wp-content\/uploads\/2008\/03\/IMG_0586.jpg 480w, https:\/\/blogi.ennola.fi\/wp-content\/uploads\/2008\/03\/IMG_0586-150x112.jpg 150w\" sizes=\"(max-width: 480px) 100vw, 480px\" \/><\/a><\/p>\n<p>Matka j\u00e4rven it\u00e4rantaa sujui kuitenkin hyvin ja matkan pys\u00e4yttiv\u00e4t vain muutamat helpon tuntuiset railon ylitykset. Noin kahden tunnin luistelun j\u00e4lkeen pys\u00e4hdyimme j\u00e4rven puolenv\u00e4lin paikkeilla olevaan niemen k\u00e4rkeen pit\u00e4m\u00e4\u00e4n ev\u00e4staukoa. Matkaa oli taittunut noin 15 kilometri\u00e4. Osan ev\u00e4stauosta k\u00e4ytin edustan j\u00e4iden kuvaamiseen.<\/p>\n<p><a href=\"https:\/\/blogi.ennola.fi\/wp-content\/uploads\/2008\/03\/sakyla_Panorama1.jpg\" rel=\"lightbox[1813]\"><img loading=\"lazy\" decoding=\"async\" class=\"aligncenter wp-image-2506 size-full\" src=\"https:\/\/blogi.ennola.fi\/wp-content\/uploads\/2008\/03\/Sakyla_Panorama1.jpg\" alt=\"\" width=\"480\" height=\"221\" srcset=\"https:\/\/blogi.ennola.fi\/wp-content\/uploads\/2008\/03\/Sakyla_Panorama1.jpg 480w, https:\/\/blogi.ennola.fi\/wp-content\/uploads\/2008\/03\/Sakyla_Panorama1-150x69.jpg 150w\" sizes=\"(max-width: 480px) 100vw, 480px\" \/><\/a><\/p>\n<p>Ev\u00e4stauon j\u00e4lkeen suurin osa ryhm\u00e4st\u00e4 jatkoi viel\u00e4 luistelua, mutta min\u00e4 ja pari muuta l\u00e4hdimme palaamaan autolle. Nyt tuuli oli my\u00f6t\u00e4inen ja meno my\u00f6s sen mukainen. Melko kevyell\u00e4kin luistelulla tuntui kuin olisi lent\u00e4nyt j\u00e4\u00e4ll\u00e4. J\u00e4\u00e4n ep\u00e4tasaisuudetkaan ei nyt nopeammassa vauhdissa tuntuneet hidastavan matkan tekoa. Niinp\u00e4 olimme takaisin autolla jo tunnin luistelun j\u00e4lkeen.<\/p>\n<p><a href=\"https:\/\/blogi.ennola.fi\/wp-content\/uploads\/2008\/03\/IMG_0607-1.jpg\" rel=\"lightbox[1813]\"><img loading=\"lazy\" decoding=\"async\" class=\"aligncenter wp-image-2505 size-full\" src=\"https:\/\/blogi.ennola.fi\/wp-content\/uploads\/2008\/03\/IMG_0607.jpg\" alt=\"\" width=\"480\" height=\"359\" srcset=\"https:\/\/blogi.ennola.fi\/wp-content\/uploads\/2008\/03\/IMG_0607.jpg 480w, https:\/\/blogi.ennola.fi\/wp-content\/uploads\/2008\/03\/IMG_0607-150x112.jpg 150w\" sizes=\"(max-width: 480px) 100vw, 480px\" \/><\/a><\/p>\n<p>Paluu matkalla railojen ymp\u00e4rist\u00f6t olivat kastuneet j\u00e4\u00e4lle nousseesta vedest\u00e4. Vaikeuksia niiden ylityksess\u00e4 ei kuitenkaan olleet, koska niiden kohdalla j\u00e4\u00e4t olivat painuneet toisiaan vatsaan eik\u00e4 erkaantuneet toisistaan. Aivan lopussa kaaduin komeasti kyljelleni, kun en saanut luistimellani r\u00f6peli\u00f6isess\u00e4 j\u00e4\u00e4ss\u00e4 haettua kunnon tasapainoa.<\/p>\n<p><a href=\"https:\/\/blogi.ennola.fi\/wp-content\/uploads\/2008\/03\/IMG_0606-1.jpg\" rel=\"lightbox[1813]\"><img loading=\"lazy\" decoding=\"async\" class=\"aligncenter wp-image-2504 size-full\" src=\"https:\/\/blogi.ennola.fi\/wp-content\/uploads\/2008\/03\/IMG_0606.jpg\" alt=\"\" width=\"480\" height=\"355\" srcset=\"https:\/\/blogi.ennola.fi\/wp-content\/uploads\/2008\/03\/IMG_0606.jpg 480w, https:\/\/blogi.ennola.fi\/wp-content\/uploads\/2008\/03\/IMG_0606-150x111.jpg 150w\" sizes=\"(max-width: 480px) 100vw, 480px\" \/><\/a><\/p>\n<p>Retki tuntui kaiken kaikkiaan kivalta. Luistelu oli nopea ja melko kevyt tapa liikkua talvisilla j\u00e4ill\u00e4. Vaikka Raisiossa olikin tuntunut luistelukauden olevan jo ohi, niin oli Pyh\u00e4j\u00e4rvell\u00e4 olosuhteet mit\u00e4 parhaimmat.<\/p>\n","protected":false},"excerpt":{"rendered":"<p>Pitk\u00e4n\u00e4perjantaina p\u00e4\u00e4sin ensimm\u00e4iselle kunnon luisteluretkelle S\u00e4kyl\u00e4n Pyh\u00e4j\u00e4rvelle. Muutamana y\u00f6n\u00e4 oli ollut pakkasta yli kymmenen astetta ja j\u00e4rven etel\u00e4p\u00e4\u00e4h\u00e4n oli vahvistunut luistelulle tarpeeksi vahva j\u00e4\u00e4, vaikka Turun Sanomien perusteella&#8230;<\/p>\n","protected":false},"author":1,"featured_media":2789,"comment_status":"open","ping_status":"open","sticky":false,"template":"","format":"standard","meta":{"footnotes":""},"categories":[3],"tags":[],"_links":{"self":[{"href":"https:\/\/blogi.ennola.fi\/index.php?rest_route=\/wp\/v2\/posts\/1813"}],"collection":[{"href":"https:\/\/blogi.ennola.fi\/index.php?rest_route=\/wp\/v2\/posts"}],"about":[{"href":"https:\/\/blogi.ennola.fi\/index.php?rest_route=\/wp\/v2\/types\/post"}],"author":[{"embeddable":true,"href":"https:\/\/blogi.ennola.fi\/index.php?rest_route=\/wp\/v2\/users\/1"}],"replies":[{"embeddable":true,"href":"https:\/\/blogi.ennola.fi\/index.php?rest_route=%2Fwp%2Fv2%2Fcomments&post=1813"}],"version-history":[{"count":7,"href":"https:\/\/blogi.ennola.fi\/index.php?rest_route=\/wp\/v2\/posts\/1813\/revisions"}],"predecessor-version":[{"id":5151,"href":"https:\/\/blogi.ennola.fi\/index.php?rest_route=\/wp\/v2\/posts\/1813\/revisions\/5151"}],"wp:featuredmedia":[{"embeddable":true,"href":"https:\/\/blogi.ennola.fi\/index.php?rest_route=\/wp\/v2\/media\/2789"}],"wp:attachment":[{"href":"https:\/\/blogi.ennola.fi\/index.php?rest_route=%2Fwp%2Fv2%2Fmedia&parent=1813"}],"wp:term":[{"taxonomy":"category","embeddable":true,"href":"https:\/\/blogi.ennola.fi\/index.php?rest_route=%2Fwp%2Fv2%2Fcategories&post=1813"},{"taxonomy":"post_tag","embeddable":true,"href":"https:\/\/blogi.ennola.fi\/index.php?rest_route=%2Fwp%2Fv2%2Ftags&post=1813"}],"curies":[{"name":"wp","href":"https:\/\/api.w.org\/{rel}","templated":true}]}}