{"id":1827,"date":"2009-11-07T20:05:24","date_gmt":"2009-11-07T18:05:24","guid":{"rendered":"https:\/\/blogi.ennola.fi\/?p=1827"},"modified":"2020-07-06T22:41:28","modified_gmt":"2020-07-06T19:41:28","slug":"topinojalla-kuvaamassa","status":"publish","type":"post","link":"https:\/\/blogi.ennola.fi\/?p=1827","title":{"rendered":"Topinojalla kuvaamassa"},"content":{"rendered":"<p>K\u00e4vimme edellisell\u00e4 viikolla opiskelijoiden kanssa Topinojan kaatopaikalla kuvaamassa. Maisemat rujoudessaan olivat vaikuttavia. On hauska ajatella, ett\u00e4 vaikka l\u00e4hes p\u00e4ivitt\u00e4in ajan paikan ohitse t\u00f6ihini, niin en ole koskaan k\u00e4ynyt siell\u00e4 syvemm\u00e4ll\u00e4 katsomassa, milt\u00e4 siell\u00e4 n\u00e4ytt\u00e4\u00e4. Maisemat olivat er\u00e4\u00e4nlaisia ep\u00e4maisemia. Sumuinen ja sateinen s\u00e4\u00e4 sopi hyvin paikan tunnelmaan. Paikka lieneisi tulevaisuudessakin kuvaamisen arvoinen, vaikkakin tuskin lupa siihen irtoaisi yht\u00e4 helposti kuin t\u00e4ll\u00e4 kertaa, olimmehan kuvaamassa materiaalia Valonian tiedotuskamppaniaa varten.<\/p>\n<p><a href=\"https:\/\/blogi.ennola.fi\/wp-content\/uploads\/2009\/11\/kaatis3.jpg\" rel=\"lightbox[1827]\"><img loading=\"lazy\" decoding=\"async\" class=\"aligncenter wp-image-2400 size-full\" src=\"https:\/\/blogi.ennola.fi\/wp-content\/uploads\/2009\/11\/Kaatis_Panorama3.jpg\" alt=\"\" width=\"480\" height=\"89\" srcset=\"https:\/\/blogi.ennola.fi\/wp-content\/uploads\/2009\/11\/Kaatis_Panorama3.jpg 480w, https:\/\/blogi.ennola.fi\/wp-content\/uploads\/2009\/11\/Kaatis_Panorama3-150x28.jpg 150w\" sizes=\"(max-width: 480px) 100vw, 480px\" \/><\/a><\/p>\n<div id=\"attachment_2402\" style=\"width: 490px\" class=\"wp-caption aligncenter\"><a href=\"https:\/\/blogi.ennola.fi\/wp-content\/uploads\/2009\/11\/kaatis2.jpg\" rel=\"lightbox[1827]\"><img loading=\"lazy\" decoding=\"async\" aria-describedby=\"caption-attachment-2402\" class=\"wp-image-2402 size-full\" title=\"Kuvia kaatopaikan penkasta.\" src=\"https:\/\/blogi.ennola.fi\/wp-content\/uploads\/2009\/11\/Kaatis_Panorama2.jpg\" alt=\"\" width=\"480\" height=\"126\" srcset=\"https:\/\/blogi.ennola.fi\/wp-content\/uploads\/2009\/11\/Kaatis_Panorama2.jpg 480w, https:\/\/blogi.ennola.fi\/wp-content\/uploads\/2009\/11\/Kaatis_Panorama2-150x39.jpg 150w\" sizes=\"(max-width: 480px) 100vw, 480px\" \/><\/a><p id=\"caption-attachment-2402\" class=\"wp-caption-text\">Kuvia kaatopaikan penkasta.<\/p><\/div>\n<div id=\"attachment_2398\" style=\"width: 490px\" class=\"wp-caption aligncenter\"><a href=\"https:\/\/blogi.ennola.fi\/wp-content\/uploads\/2009\/11\/kaatis4.jpg\" rel=\"lightbox[1827]\"><img loading=\"lazy\" decoding=\"async\" aria-describedby=\"caption-attachment-2398\" class=\"wp-image-2398 size-full\" title=\"Kierr\u00e4tyspiste.\" src=\"https:\/\/blogi.ennola.fi\/wp-content\/uploads\/2009\/11\/Kaatis_Panorama4.jpg\" alt=\"\" width=\"480\" height=\"100\" srcset=\"https:\/\/blogi.ennola.fi\/wp-content\/uploads\/2009\/11\/Kaatis_Panorama4.jpg 480w, https:\/\/blogi.ennola.fi\/wp-content\/uploads\/2009\/11\/Kaatis_Panorama4-150x31.jpg 150w\" sizes=\"(max-width: 480px) 100vw, 480px\" \/><\/a><p id=\"caption-attachment-2398\" class=\"wp-caption-text\">Kierr\u00e4tyspiste.<\/p><\/div>\n<p><a href=\"https:\/\/blogi.ennola.fi\/wp-content\/uploads\/2009\/11\/kaatis1.jpg\" rel=\"lightbox[1827]\"><img loading=\"lazy\" decoding=\"async\" class=\"aligncenter wp-image-2401 size-full\" src=\"https:\/\/blogi.ennola.fi\/wp-content\/uploads\/2009\/11\/Kaatis_Panorama1.jpg\" alt=\"\" width=\"480\" height=\"88\" srcset=\"https:\/\/blogi.ennola.fi\/wp-content\/uploads\/2009\/11\/Kaatis_Panorama1.jpg 480w, https:\/\/blogi.ennola.fi\/wp-content\/uploads\/2009\/11\/Kaatis_Panorama1-150x28.jpg 150w\" sizes=\"(max-width: 480px) 100vw, 480px\" \/><\/a><\/p>\n<div id=\"attachment_2399\" style=\"width: 490px\" class=\"wp-caption aligncenter\"><a href=\"https:\/\/blogi.ennola.fi\/wp-content\/uploads\/2009\/11\/kaatis5.jpg\" rel=\"lightbox[1827]\"><img loading=\"lazy\" decoding=\"async\" aria-describedby=\"caption-attachment-2399\" class=\"wp-image-2399 size-full\" title=\"J\u00e4tteiden lajittelupiste.\" src=\"https:\/\/blogi.ennola.fi\/wp-content\/uploads\/2009\/11\/Kaatis_Panorama5.jpg\" alt=\"\" width=\"480\" height=\"91\" srcset=\"https:\/\/blogi.ennola.fi\/wp-content\/uploads\/2009\/11\/Kaatis_Panorama5.jpg 480w, https:\/\/blogi.ennola.fi\/wp-content\/uploads\/2009\/11\/Kaatis_Panorama5-150x28.jpg 150w\" sizes=\"(max-width: 480px) 100vw, 480px\" \/><\/a><p id=\"caption-attachment-2399\" class=\"wp-caption-text\">J\u00e4tteiden lajittelupiste.<\/p><\/div>\n","protected":false},"excerpt":{"rendered":"<p>K\u00e4vimme edellisell\u00e4 viikolla opiskelijoiden kanssa Topinojan kaatopaikalla kuvaamassa. Maisemat rujoudessaan olivat vaikuttavia. On hauska ajatella, ett\u00e4 vaikka l\u00e4hes p\u00e4ivitt\u00e4in ajan paikan ohitse t\u00f6ihini, niin en ole koskaan k\u00e4ynyt&#8230;<\/p>\n","protected":false},"author":1,"featured_media":2394,"comment_status":"open","ping_status":"open","sticky":false,"template":"","format":"standard","meta":{"footnotes":""},"categories":[4,27],"tags":[],"_links":{"self":[{"href":"https:\/\/blogi.ennola.fi\/index.php?rest_route=\/wp\/v2\/posts\/1827"}],"collection":[{"href":"https:\/\/blogi.ennola.fi\/index.php?rest_route=\/wp\/v2\/posts"}],"about":[{"href":"https:\/\/blogi.ennola.fi\/index.php?rest_route=\/wp\/v2\/types\/post"}],"author":[{"embeddable":true,"href":"https:\/\/blogi.ennola.fi\/index.php?rest_route=\/wp\/v2\/users\/1"}],"replies":[{"embeddable":true,"href":"https:\/\/blogi.ennola.fi\/index.php?rest_route=%2Fwp%2Fv2%2Fcomments&post=1827"}],"version-history":[{"count":4,"href":"https:\/\/blogi.ennola.fi\/index.php?rest_route=\/wp\/v2\/posts\/1827\/revisions"}],"predecessor-version":[{"id":5130,"href":"https:\/\/blogi.ennola.fi\/index.php?rest_route=\/wp\/v2\/posts\/1827\/revisions\/5130"}],"wp:featuredmedia":[{"embeddable":true,"href":"https:\/\/blogi.ennola.fi\/index.php?rest_route=\/wp\/v2\/media\/2394"}],"wp:attachment":[{"href":"https:\/\/blogi.ennola.fi\/index.php?rest_route=%2Fwp%2Fv2%2Fmedia&parent=1827"}],"wp:term":[{"taxonomy":"category","embeddable":true,"href":"https:\/\/blogi.ennola.fi\/index.php?rest_route=%2Fwp%2Fv2%2Fcategories&post=1827"},{"taxonomy":"post_tag","embeddable":true,"href":"https:\/\/blogi.ennola.fi\/index.php?rest_route=%2Fwp%2Fv2%2Ftags&post=1827"}],"curies":[{"name":"wp","href":"https:\/\/api.w.org\/{rel}","templated":true}]}}