{"id":1847,"date":"2008-10-28T20:16:14","date_gmt":"2008-10-28T18:16:14","guid":{"rendered":"https:\/\/blogi.ennola.fi\/?p=1847"},"modified":"2020-07-02T17:31:16","modified_gmt":"2020-07-02T14:31:16","slug":"susisafari-osa-2","status":"publish","type":"post","link":"https:\/\/blogi.ennola.fi\/?p=1847","title":{"rendered":"Susisafari, osa 2"},"content":{"rendered":"<p>T\u00e4n\u00e4kin vuonna l\u00e4hdimme susisafarille. Nyt retkelle oli uskaltautunut viimevuotisen ryhm\u00e4n lis\u00e4ksi muutama ensikertalainenkin. Edellisest\u00e4 kerrasta viisastuneina olimme pakanneet mukaan valmiit kangaslaavut. S\u00e4\u00e4t suosivat retke\u00e4, mutta susien kuuleminen j\u00e4i t\u00e4ll\u00e4 kertaa haaveeksi, mutta j\u00e4lki\u00e4 sent\u00e4\u00e4n n\u00e4imme. Matkaan tarttui varmasti my\u00f6s antoisia kokemuksia mets\u00e4st\u00e4 ja retkeilyst\u00e4.<\/p>\n<div id=\"attachment_2539\" style=\"width: 370px\" class=\"wp-caption aligncenter\"><img loading=\"lazy\" decoding=\"async\" aria-describedby=\"caption-attachment-2539\" class=\"wp-image-2539 size-full\" src=\"https:\/\/blogi.ennola.fi\/wp-content\/uploads\/2008\/10\/IMG_1845.jpg\" alt=\"\" width=\"360\" height=\"450\" srcset=\"https:\/\/blogi.ennola.fi\/wp-content\/uploads\/2008\/10\/IMG_1845.jpg 360w, https:\/\/blogi.ennola.fi\/wp-content\/uploads\/2008\/10\/IMG_1845-120x150.jpg 120w, https:\/\/blogi.ennola.fi\/wp-content\/uploads\/2008\/10\/IMG_1845-320x400.jpg 320w\" sizes=\"(max-width: 360px) 100vw, 360px\" \/><p id=\"caption-attachment-2539\" class=\"wp-caption-text\">Innokkaat retkel\u00e4iset l\u00e4hd\u00f6ss\u00e4 kohti seikkailuja.<\/p><\/div>\n<div id=\"attachment_2542\" style=\"width: 460px\" class=\"wp-caption aligncenter\"><img loading=\"lazy\" decoding=\"async\" aria-describedby=\"caption-attachment-2542\" class=\"wp-image-2542 size-full\" src=\"https:\/\/blogi.ennola.fi\/wp-content\/uploads\/2008\/10\/IMG_1853.jpg\" alt=\"\" width=\"450\" height=\"338\" srcset=\"https:\/\/blogi.ennola.fi\/wp-content\/uploads\/2008\/10\/IMG_1853.jpg 450w, https:\/\/blogi.ennola.fi\/wp-content\/uploads\/2008\/10\/IMG_1853-150x113.jpg 150w\" sizes=\"(max-width: 450px) 100vw, 450px\" \/><p id=\"caption-attachment-2542\" class=\"wp-caption-text\">Pojilta teltan pystys sujuu ripe\u00e4sti.<\/p><\/div>\n<div id=\"attachment_2538\" style=\"width: 460px\" class=\"wp-caption aligncenter\"><img loading=\"lazy\" decoding=\"async\" aria-describedby=\"caption-attachment-2538\" class=\"wp-image-2538 size-full\" src=\"https:\/\/blogi.ennola.fi\/wp-content\/uploads\/2008\/10\/IMG_1848.jpg\" alt=\"\" width=\"450\" height=\"338\" srcset=\"https:\/\/blogi.ennola.fi\/wp-content\/uploads\/2008\/10\/IMG_1848.jpg 450w, https:\/\/blogi.ennola.fi\/wp-content\/uploads\/2008\/10\/IMG_1848-150x113.jpg 150w\" sizes=\"(max-width: 450px) 100vw, 450px\" \/><p id=\"caption-attachment-2538\" class=\"wp-caption-text\">Tyt\u00f6t n\u00e4ytt\u00e4v\u00e4n olevan sit\u00e4 mielt\u00e4, ett\u00e4 laavun pystytys on jonkun muun hommia.<\/p><\/div>\n<div id=\"attachment_2541\" style=\"width: 490px\" class=\"wp-caption aligncenter\"><a href=\"https:\/\/blogi.ennola.fi\/wp-content\/uploads\/2008\/10\/safari2.jpg\" rel=\"lightbox[1847]\"><img loading=\"lazy\" decoding=\"async\" aria-describedby=\"caption-attachment-2541\" class=\"wp-image-2541 size-full\" title=\"Retkel\u00e4iset kaatuneen puun vieress\u00e4.\" src=\"https:\/\/blogi.ennola.fi\/wp-content\/uploads\/2008\/10\/Susi_Panorama1.jpg\" alt=\"\" width=\"480\" height=\"154\" srcset=\"https:\/\/blogi.ennola.fi\/wp-content\/uploads\/2008\/10\/Susi_Panorama1.jpg 480w, https:\/\/blogi.ennola.fi\/wp-content\/uploads\/2008\/10\/Susi_Panorama1-150x48.jpg 150w\" sizes=\"(max-width: 480px) 100vw, 480px\" \/><\/a><p id=\"caption-attachment-2541\" class=\"wp-caption-text\">Retkel\u00e4iset kaatuneen puun vieress\u00e4.<\/p><\/div>\n<div id=\"attachment_2540\" style=\"width: 490px\" class=\"wp-caption aligncenter\"><a href=\"https:\/\/blogi.ennola.fi\/wp-content\/uploads\/2008\/10\/safari1.jpg\" rel=\"lightbox[1847]\"><img loading=\"lazy\" decoding=\"async\" aria-describedby=\"caption-attachment-2540\" class=\"wp-image-2540 size-full\" title=\"Kajavaj\u00e4rven rantamaisemaa.\" src=\"https:\/\/blogi.ennola.fi\/wp-content\/uploads\/2008\/10\/Susi_Panorama2.jpg\" alt=\"\" width=\"480\" height=\"186\" srcset=\"https:\/\/blogi.ennola.fi\/wp-content\/uploads\/2008\/10\/Susi_Panorama2.jpg 480w, https:\/\/blogi.ennola.fi\/wp-content\/uploads\/2008\/10\/Susi_Panorama2-150x58.jpg 150w\" sizes=\"(max-width: 480px) 100vw, 480px\" \/><\/a><p id=\"caption-attachment-2540\" class=\"wp-caption-text\">Kajavaj\u00e4rven rantamaisemaa.<\/p><\/div>\n","protected":false},"excerpt":{"rendered":"<p>T\u00e4n\u00e4kin vuonna l\u00e4hdimme susisafarille. Nyt retkelle oli uskaltautunut viimevuotisen ryhm\u00e4n lis\u00e4ksi muutama ensikertalainenkin. Edellisest\u00e4 kerrasta viisastuneina olimme pakanneet mukaan valmiit kangaslaavut. S\u00e4\u00e4t suosivat retke\u00e4, mutta susien kuuleminen j\u00e4i&#8230;<\/p>\n","protected":false},"author":1,"featured_media":2536,"comment_status":"open","ping_status":"open","sticky":false,"template":"","format":"standard","meta":{"footnotes":""},"categories":[3],"tags":[],"_links":{"self":[{"href":"https:\/\/blogi.ennola.fi\/index.php?rest_route=\/wp\/v2\/posts\/1847"}],"collection":[{"href":"https:\/\/blogi.ennola.fi\/index.php?rest_route=\/wp\/v2\/posts"}],"about":[{"href":"https:\/\/blogi.ennola.fi\/index.php?rest_route=\/wp\/v2\/types\/post"}],"author":[{"embeddable":true,"href":"https:\/\/blogi.ennola.fi\/index.php?rest_route=\/wp\/v2\/users\/1"}],"replies":[{"embeddable":true,"href":"https:\/\/blogi.ennola.fi\/index.php?rest_route=%2Fwp%2Fv2%2Fcomments&post=1847"}],"version-history":[{"count":6,"href":"https:\/\/blogi.ennola.fi\/index.php?rest_route=\/wp\/v2\/posts\/1847\/revisions"}],"predecessor-version":[{"id":5278,"href":"https:\/\/blogi.ennola.fi\/index.php?rest_route=\/wp\/v2\/posts\/1847\/revisions\/5278"}],"wp:featuredmedia":[{"embeddable":true,"href":"https:\/\/blogi.ennola.fi\/index.php?rest_route=\/wp\/v2\/media\/2536"}],"wp:attachment":[{"href":"https:\/\/blogi.ennola.fi\/index.php?rest_route=%2Fwp%2Fv2%2Fmedia&parent=1847"}],"wp:term":[{"taxonomy":"category","embeddable":true,"href":"https:\/\/blogi.ennola.fi\/index.php?rest_route=%2Fwp%2Fv2%2Fcategories&post=1847"},{"taxonomy":"post_tag","embeddable":true,"href":"https:\/\/blogi.ennola.fi\/index.php?rest_route=%2Fwp%2Fv2%2Ftags&post=1847"}],"curies":[{"name":"wp","href":"https:\/\/api.w.org\/{rel}","templated":true}]}}