{"id":1867,"date":"2010-08-03T20:59:56","date_gmt":"2010-08-03T17:59:56","guid":{"rendered":"https:\/\/blogi.ennola.fi\/?p=1867"},"modified":"2020-06-08T17:46:01","modified_gmt":"2020-06-08T14:46:01","slug":"kavelymatka-san-fruttuososta-camogliin","status":"publish","type":"post","link":"https:\/\/blogi.ennola.fi\/?p=1867","title":{"rendered":"K\u00e4velymatka San Fruttuososta Camogliin"},"content":{"rendered":"<p>Sunnuntaiaamu valkeni pilvisen\u00e4 vaan ei kovin sateisena. Koska minun kuvapareista ei pilvisen\u00e4 p\u00e4iv\u00e4n\u00e4 olisi tullut mit\u00e4\u00e4n, p\u00e4\u00e4timme tehd\u00e4 jotain muuta. S\u00e4\u00e4 oli sopivan viile\u00e4, joten p\u00e4\u00e4timme l\u00e4hte\u00e4 patikoimaan Portofinon luonnonsuojelualueelle. Jotta lapsetkin saatiin innostumaan asiasta, p\u00e4\u00e4timme menn\u00e4 vesibussilla ensin San Fruttuosoon: pieneen luostariin luonnonsuojelualueen sis\u00e4ll\u00e4, jonka ainoa yhteys maailmaan oli tuo vesibussi ja polut.<\/p>\n<div id=\"attachment_2345\" style=\"width: 490px\" class=\"wp-caption aligncenter\"><a href=\"https:\/\/blogi.ennola.fi\/wp-content\/uploads\/2010\/08\/Italia_Panorama9iso.jpg\" rel=\"lightbox[1867]\"><img loading=\"lazy\" decoding=\"async\" aria-describedby=\"caption-attachment-2345\" class=\"wp-image-2345 size-full\" title=\"Mount Portofino Camoglin kyl\u00e4st\u00e4 k\u00e4sin, tuolle olimme kiipe\u00e4m\u00e4ss\u00e4.\" src=\"https:\/\/blogi.ennola.fi\/wp-content\/uploads\/2010\/08\/Italia_Panorama9.jpg\" alt=\"\" width=\"480\" height=\"215\" srcset=\"https:\/\/blogi.ennola.fi\/wp-content\/uploads\/2010\/08\/Italia_Panorama9.jpg 480w, https:\/\/blogi.ennola.fi\/wp-content\/uploads\/2010\/08\/Italia_Panorama9-150x67.jpg 150w\" sizes=\"(max-width: 480px) 100vw, 480px\" \/><\/a><p id=\"caption-attachment-2345\" class=\"wp-caption-text\">Mount Portofino Camoglin kyl\u00e4st\u00e4 k\u00e4sin, tuolle olimme kiipe\u00e4m\u00e4ss\u00e4.<\/p><\/div>\n<p>Portofinon luonnonsuojelualue sijaitsee V\u00e4limereen pist\u00e4v\u00e4ll\u00e4 niemell\u00e4, jonka juurella Camoglin ja Rapallon kaupungit sijaitsevat. Alueen korkein paikka on Mount Portofino, jonka huippu on 610 metri\u00e4 merenpinnan yl\u00e4puolella. Kun huippu sijaitsee vain reilun kilometrin p\u00e4\u00e4st\u00e4 rannasta, saa hyv\u00e4n kuvan alueen korkeuseroista.<\/p>\n<div id=\"attachment_2338\" style=\"width: 490px\" class=\"wp-caption aligncenter\"><a href=\"https:\/\/blogi.ennola.fi\/wp-content\/uploads\/2010\/08\/Italia_Panorama2iso.jpg\" rel=\"lightbox[1867]\"><img loading=\"lazy\" decoding=\"async\" aria-describedby=\"caption-attachment-2338\" class=\"wp-image-2338 size-full\" title=\"Vesibussien satama\" src=\"https:\/\/blogi.ennola.fi\/wp-content\/uploads\/2010\/08\/Italia_Panorama2.jpg\" alt=\"\" width=\"480\" height=\"209\" srcset=\"https:\/\/blogi.ennola.fi\/wp-content\/uploads\/2010\/08\/Italia_Panorama2.jpg 480w, https:\/\/blogi.ennola.fi\/wp-content\/uploads\/2010\/08\/Italia_Panorama2-150x65.jpg 150w\" sizes=\"(max-width: 480px) 100vw, 480px\" \/><\/a><p id=\"caption-attachment-2338\" class=\"wp-caption-text\">Vesibussien satama<\/p><\/div>\n<p><a href=\"https:\/\/blogi.ennola.fi\/wp-content\/uploads\/2010\/08\/Italia2iso.jpg\" rel=\"lightbox[1867]\"><img loading=\"lazy\" decoding=\"async\" class=\"aligncenter wp-image-2344 size-full\" src=\"https:\/\/blogi.ennola.fi\/wp-content\/uploads\/2010\/08\/Italia2.jpg\" alt=\"\" width=\"400\" height=\"293\" srcset=\"https:\/\/blogi.ennola.fi\/wp-content\/uploads\/2010\/08\/Italia2.jpg 400w, https:\/\/blogi.ennola.fi\/wp-content\/uploads\/2010\/08\/Italia2-150x110.jpg 150w\" sizes=\"(max-width: 400px) 100vw, 400px\" \/><\/a><\/p>\n<p>Lauantain kova tuuli oli nostanut melkoiset aallot ja vesibussi, joka oli jo jonkinkokoinen laiva, keinui kuin lastu laineilla V\u00e4limeren mainingeissa. Kotosuomessa ei tuollaisia maininkeja olisi p\u00e4\u00e4ssyt kokemaan. Lapset nauttivat t\u00e4ysill\u00e4, mutta Eeva tuli merisairaaksi, vaikka olimmekin kannella laivan sis\u00e4tilojen sijaan. Minua hieman huoletti lasten pysyminen kannella.<\/p>\n<div id=\"attachment_2335\" style=\"width: 490px\" class=\"wp-caption aligncenter\"><a href=\"https:\/\/blogi.ennola.fi\/wp-content\/uploads\/2010\/08\/Italia_Panorama5iso.jpg\" rel=\"lightbox[1867]\"><img loading=\"lazy\" decoding=\"async\" aria-describedby=\"caption-attachment-2335\" class=\"wp-image-2335 size-full\" title=\"San Fruttuoson ranta ja luostari\" src=\"https:\/\/blogi.ennola.fi\/wp-content\/uploads\/2010\/08\/Italia_Panorama5.jpg\" alt=\"\" width=\"480\" height=\"203\" srcset=\"https:\/\/blogi.ennola.fi\/wp-content\/uploads\/2010\/08\/Italia_Panorama5.jpg 480w, https:\/\/blogi.ennola.fi\/wp-content\/uploads\/2010\/08\/Italia_Panorama5-150x63.jpg 150w\" sizes=\"(max-width: 480px) 100vw, 480px\" \/><\/a><p id=\"caption-attachment-2335\" class=\"wp-caption-text\">San Fruttuoson ranta ja luostari<\/p><\/div>\n<p>San Fruttuosossa nousimme laivasta ja ihastelimme pient\u00e4 poukamaa vuorten syliss\u00e4. Vesi t\u00e4ss\u00e4 poukamassa oli k\u00e4sitt\u00e4m\u00e4tt\u00f6m\u00e4n turkoosia. Lapset ihastelivat rannan kivi\u00e4. Ennen patikoinnin alkua s\u00f6imme lounasta rantabaarissa. Tilasimme mm. kalaspagettia, jonka kalat paljastuivatkin katkaravuiksi ja simpukoiksi. Ilmeisestikin t\u00e4k\u00e4l\u00e4isille kaikki, mik\u00e4 kasvaa meress\u00e4, on kalaa. Onneksi lapset osasivat olla riitt\u00e4v\u00e4n ennakkoluulottomia sy\u00f6mistens\u00e4 suhteen. Viel\u00e4 ennen patikointia k\u00e4vimme tutustumassa kirkossa.<\/p>\n<div id=\"attachment_2343\" style=\"width: 310px\" class=\"wp-caption aligncenter\"><a href=\"https:\/\/blogi.ennola.fi\/wp-content\/uploads\/2010\/08\/Italia3iso.jpg\" rel=\"lightbox[1867]\"><img loading=\"lazy\" decoding=\"async\" aria-describedby=\"caption-attachment-2343\" class=\"wp-image-2343 size-full\" title=\"Luostarin kirkosta\" src=\"https:\/\/blogi.ennola.fi\/wp-content\/uploads\/2010\/08\/Italia3.jpg\" alt=\"\" width=\"300\" height=\"400\" srcset=\"https:\/\/blogi.ennola.fi\/wp-content\/uploads\/2010\/08\/Italia3.jpg 300w, https:\/\/blogi.ennola.fi\/wp-content\/uploads\/2010\/08\/Italia3-113x150.jpg 113w\" sizes=\"(max-width: 300px) 100vw, 300px\" \/><\/a><p id=\"caption-attachment-2343\" class=\"wp-caption-text\">Luostarin kirkosta<\/p><\/div>\n<p>Vaikka edess\u00e4 oleva patikkamatka ei sin\u00e4ns\u00e4 ollut kamalan pitk\u00e4, niin nouseminen polun keskivaiheella olevalle harjanteelle tiesi puolen kilometrin nousua meren pinnasta. Onneksi meill\u00e4 oli aikaa tuohon k\u00e4velyyn koko iltap\u00e4iv\u00e4 ja ilta. Reppuun olin varannut meille hieman ev\u00e4st\u00e4 ja juotavaa ja tarkoituksena oli pit\u00e4\u00e4 mahdollisimman paljon taukoja, jotta lapset eiv\u00e4t v\u00e4syisi.<\/p>\n<div id=\"attachment_2341\" style=\"width: 410px\" class=\"wp-caption aligncenter\"><a href=\"https:\/\/blogi.ennola.fi\/wp-content\/uploads\/2010\/08\/Italia12iso.jpg\" rel=\"lightbox[1867]\"><img loading=\"lazy\" decoding=\"async\" aria-describedby=\"caption-attachment-2341\" class=\"wp-image-2341 size-full\" title=\"Polun varren metsikk\u00f6\u00e4, huomaa pengerrykset.\" src=\"https:\/\/blogi.ennola.fi\/wp-content\/uploads\/2010\/08\/Italia12.jpg\" alt=\"\" width=\"400\" height=\"300\" srcset=\"https:\/\/blogi.ennola.fi\/wp-content\/uploads\/2010\/08\/Italia12.jpg 400w, https:\/\/blogi.ennola.fi\/wp-content\/uploads\/2010\/08\/Italia12-150x113.jpg 150w\" sizes=\"(max-width: 400px) 100vw, 400px\" \/><\/a><p id=\"caption-attachment-2341\" class=\"wp-caption-text\">Polun varren metsikk\u00f6\u00e4, huomaa pengerrykset.<\/p><\/div>\n<div id=\"attachment_2342\" style=\"width: 310px\" class=\"wp-caption aligncenter\"><a href=\"https:\/\/blogi.ennola.fi\/wp-content\/uploads\/2010\/08\/Italia4iso.jpg\" rel=\"lightbox[1867]\"><img loading=\"lazy\" decoding=\"async\" aria-describedby=\"caption-attachment-2342\" class=\"wp-image-2342 size-full\" title=\"Polku portaineen\" src=\"https:\/\/blogi.ennola.fi\/wp-content\/uploads\/2010\/08\/Italia4.jpg\" alt=\"\" width=\"300\" height=\"400\" srcset=\"https:\/\/blogi.ennola.fi\/wp-content\/uploads\/2010\/08\/Italia4.jpg 300w, https:\/\/blogi.ennola.fi\/wp-content\/uploads\/2010\/08\/Italia4-113x150.jpg 113w\" sizes=\"(max-width: 300px) 100vw, 300px\" \/><\/a><p id=\"caption-attachment-2342\" class=\"wp-caption-text\">Polku portaineen<\/p><\/div>\n<p>Polku kyl\u00e4st\u00e4 l\u00e4hti nousemaan tehden serpentiinimutkia puolelta toisella ja nousu eteni hienossa lehtimets\u00e4ss\u00e4 v\u00e4hitellen. V\u00e4lill\u00e4 se seuraili vuorilta tulevan puron vartta. Noustuamme vajaat 300 metri\u00e4 meren pinnasta k\u00e4vin katsomassa er\u00e4\u00e4n geok\u00e4tk\u00f6n paikan, josta aukeni upea n\u00e4k\u00f6ala San Fruttuosan lahteen ja V\u00e4limerelle, jossa saatoin n\u00e4hd\u00e4 aurinkoisten ja sateisten alueiden vaihtelevan merell\u00e4.<\/p>\n<div id=\"attachment_2336\" style=\"width: 490px\" class=\"wp-caption aligncenter\"><a href=\"https:\/\/blogi.ennola.fi\/wp-content\/uploads\/2010\/08\/Italia_Panorama4iso.jpg\" rel=\"lightbox[1867]\"><img loading=\"lazy\" decoding=\"async\" aria-describedby=\"caption-attachment-2336\" class=\"wp-image-2336 size-full\" title=\"N\u00e4kym\u00e4 V\u00e4limerelle San Fruttuoson lahden yli\" src=\"https:\/\/blogi.ennola.fi\/wp-content\/uploads\/2010\/08\/Italia_Panorama4.jpg\" alt=\"\" width=\"480\" height=\"221\" srcset=\"https:\/\/blogi.ennola.fi\/wp-content\/uploads\/2010\/08\/Italia_Panorama4.jpg 480w, https:\/\/blogi.ennola.fi\/wp-content\/uploads\/2010\/08\/Italia_Panorama4-150x69.jpg 150w\" sizes=\"(max-width: 480px) 100vw, 480px\" \/><\/a><p id=\"caption-attachment-2336\" class=\"wp-caption-text\">N\u00e4kym\u00e4 V\u00e4limerelle San Fruttuoson lahden yli<\/p><\/div>\n<p>Varmaan l\u00e4hes parituntisen vaeltamisen j\u00e4lkeen saavuimme Pietre Strette nimiseen polkujen risteykseen, jossa oli katolisen maan tyyliin pieni alttari ja penkit ja tuolit. Lapset halusivat katsoa karttaa ja hieman vastahakoisesti sit\u00e4 n\u00e4ytin, koska emme kartalla olleet edenneet viel\u00e4 kilometri\u00e4k\u00e4\u00e4n ja y\u00f6paikkaamme oli viel\u00e4 ainakin nelj\u00e4 kilometri\u00e4 j\u00e4ljell\u00e4. Vakuutteluni siit\u00e4, ett\u00e4 loppu olisi alam\u00e4ke\u00e4 ja paljon kevyemp\u00e4\u00e4 ei oikein saanut vastakaikua.<\/p>\n<div id=\"attachment_2340\" style=\"width: 300px\" class=\"wp-caption aligncenter\"><a href=\"https:\/\/blogi.ennola.fi\/wp-content\/uploads\/2010\/08\/Italia17iso.jpg\" rel=\"lightbox[1867]\"><img loading=\"lazy\" decoding=\"async\" aria-describedby=\"caption-attachment-2340\" class=\"wp-image-2340 size-full\" title=\"Pietre Strette\" src=\"https:\/\/blogi.ennola.fi\/wp-content\/uploads\/2010\/08\/Italia17.jpg\" alt=\"\" width=\"290\" height=\"400\" srcset=\"https:\/\/blogi.ennola.fi\/wp-content\/uploads\/2010\/08\/Italia17.jpg 290w, https:\/\/blogi.ennola.fi\/wp-content\/uploads\/2010\/08\/Italia17-109x150.jpg 109w\" sizes=\"(max-width: 290px) 100vw, 290px\" \/><\/a><p id=\"caption-attachment-2340\" class=\"wp-caption-text\">Pietre Strette<\/p><\/div>\n<p>Aikamme t\u00e4ss\u00e4 lev\u00e4tty\u00e4mme l\u00e4hdimme liikkeelle ja nyt alam\u00e4keen matka kulki varsin vauhdikkaasti. Matkan tekoa hieman helpotti, kun Alli kulki \u00e4itins\u00e4 kanssa ja Aamu v\u00e4syneemp\u00e4n\u00e4 tuli minun kanssani. Ilman lasten v\u00e4list\u00e4 kilpailua tuo v\u00e4symys unohtui melko helposti. Niinp\u00e4 eip\u00e4 aikaakaan, kun jo olimme Gaixellassa, joka oli seuraava risteys, jossa Alli ja Eeva odottelivat meit\u00e4.<\/p>\n<p><a href=\"https:\/\/blogi.ennola.fi\/wp-content\/uploads\/2010\/08\/Italia_Panorama3iso.jpg\" rel=\"lightbox[1867]\"><img loading=\"lazy\" decoding=\"async\" class=\"aligncenter wp-image-2337 size-full\" src=\"https:\/\/blogi.ennola.fi\/wp-content\/uploads\/2010\/08\/Italia_Panorama3.jpg\" alt=\"\" width=\"480\" height=\"184\" srcset=\"https:\/\/blogi.ennola.fi\/wp-content\/uploads\/2010\/08\/Italia_Panorama3.jpg 480w, https:\/\/blogi.ennola.fi\/wp-content\/uploads\/2010\/08\/Italia_Panorama3-150x58.jpg 150w\" sizes=\"(max-width: 480px) 100vw, 480px\" \/><\/a><\/p>\n<p>Gaixellasta jatkoimme San Roccoon, mill\u00e4 v\u00e4lill\u00e4 oli komeita melko rehev\u00e4nn\u00e4k\u00f6isi\u00e4 lehtimetsi\u00e4. Ilmeisestikin vuoren pohjoisrinne oli sopivan kostea ymp\u00e4rist\u00f6 n\u00e4ille metsille. San Roccossa olimme ajatelleet k\u00e4yd\u00e4 p\u00e4iv\u00e4llisell\u00e4 kivassa paikassa, jossa olimme k\u00e4yneet jo aiemmin, mutta p\u00e4iv\u00e4llisaikaan oli viel\u00e4 pari tuntia aikaa ja se ei olisi viel\u00e4 ollut auki. Kun ei muutenkaan kenell\u00e4k\u00e4\u00e4n ollut kamala n\u00e4lk\u00e4, p\u00e4\u00e4timme palata y\u00f6paikkaamme sy\u00f6m\u00e4\u00e4n ev\u00e4it\u00e4.<\/p>\n<div id=\"attachment_2339\" style=\"width: 410px\" class=\"wp-caption aligncenter\"><a href=\"https:\/\/blogi.ennola.fi\/wp-content\/uploads\/2010\/08\/Italia18iso.jpg\" rel=\"lightbox[1867]\"><img loading=\"lazy\" decoding=\"async\" aria-describedby=\"caption-attachment-2339\" class=\"wp-image-2339 size-full\" title=\"Aamu San Roccossa\" src=\"https:\/\/blogi.ennola.fi\/wp-content\/uploads\/2010\/08\/Italia18.jpg\" alt=\"Aamu San Roccossa\" width=\"400\" height=\"285\" srcset=\"https:\/\/blogi.ennola.fi\/wp-content\/uploads\/2010\/08\/Italia18.jpg 400w, https:\/\/blogi.ennola.fi\/wp-content\/uploads\/2010\/08\/Italia18-150x107.jpg 150w\" sizes=\"(max-width: 400px) 100vw, 400px\" \/><\/a><p id=\"caption-attachment-2339\" class=\"wp-caption-text\">Aamu San Roccossa<\/p><\/div>\n<div id=\"attachment_2334\" style=\"width: 490px\" class=\"wp-caption aligncenter\"><a href=\"https:\/\/blogi.ennola.fi\/wp-content\/uploads\/2010\/08\/Italia_Panorama8iso.jpg\" rel=\"lightbox[1867]\"><img loading=\"lazy\" decoding=\"async\" aria-describedby=\"caption-attachment-2334\" class=\"wp-image-2334 size-full\" title=\"Tummat pilvet San Roccon p\u00e4\u00e4ll\u00e4\" src=\"https:\/\/blogi.ennola.fi\/wp-content\/uploads\/2010\/08\/Italia_Panorama8.jpg\" alt=\"\" width=\"480\" height=\"266\" srcset=\"https:\/\/blogi.ennola.fi\/wp-content\/uploads\/2010\/08\/Italia_Panorama8.jpg 480w, https:\/\/blogi.ennola.fi\/wp-content\/uploads\/2010\/08\/Italia_Panorama8-150x83.jpg 150w\" sizes=\"(max-width: 480px) 100vw, 480px\" \/><\/a><p id=\"caption-attachment-2334\" class=\"wp-caption-text\">Tummat pilvet San Roccon p\u00e4\u00e4ll\u00e4<\/p><\/div>\n<p>San Roccosta laskeuduimme polkua kohti Camoglin kyl\u00e4\u00e4, jota ennen k\u00e4\u00e4nnyimme toista polkua yl\u00f6s kohti y\u00f6paikkaamme. T\u00e4t\u00e4 polkua noustessamme alkoi vihdoin sataa, mist\u00e4 merkkej\u00e4 oli n\u00e4kynyt koko p\u00e4iv\u00e4n. Niinp\u00e4 saapuessamme k\u00e4mpille olimme m\u00e4rki\u00e4 ja v\u00e4syneit\u00e4, mutta t\u00e4ytyy sanoa, ett\u00e4 hyvin lapset jaksoivat tuollaisen v\u00e4h\u00e4n pidemm\u00e4nkin patikoinnin, kun muisti pit\u00e4\u00e4 tarpeeksi taukoja. Minulle juuri tuon p\u00e4iv\u00e4n patikointi oli yksi matkan hienoimpia kokemuksia, jossa p\u00e4\u00e4si tutustumaan alueen luontoon ja n\u00e4ki matkan parhaita maisemia.<\/p>\n","protected":false},"excerpt":{"rendered":"<p>Sunnuntaiaamu valkeni pilvisen\u00e4 vaan ei kovin sateisena. Koska minun kuvapareista ei pilvisen\u00e4 p\u00e4iv\u00e4n\u00e4 olisi tullut mit\u00e4\u00e4n, p\u00e4\u00e4timme tehd\u00e4 jotain muuta. S\u00e4\u00e4 oli sopivan viile\u00e4, joten p\u00e4\u00e4timme l\u00e4hte\u00e4 patikoimaan&#8230;<\/p>\n","protected":false},"author":1,"featured_media":2321,"comment_status":"open","ping_status":"open","sticky":false,"template":"","format":"standard","meta":{"footnotes":""},"categories":[16,4],"tags":[],"_links":{"self":[{"href":"https:\/\/blogi.ennola.fi\/index.php?rest_route=\/wp\/v2\/posts\/1867"}],"collection":[{"href":"https:\/\/blogi.ennola.fi\/index.php?rest_route=\/wp\/v2\/posts"}],"about":[{"href":"https:\/\/blogi.ennola.fi\/index.php?rest_route=\/wp\/v2\/types\/post"}],"author":[{"embeddable":true,"href":"https:\/\/blogi.ennola.fi\/index.php?rest_route=\/wp\/v2\/users\/1"}],"replies":[{"embeddable":true,"href":"https:\/\/blogi.ennola.fi\/index.php?rest_route=%2Fwp%2Fv2%2Fcomments&post=1867"}],"version-history":[{"count":4,"href":"https:\/\/blogi.ennola.fi\/index.php?rest_route=\/wp\/v2\/posts\/1867\/revisions"}],"predecessor-version":[{"id":5116,"href":"https:\/\/blogi.ennola.fi\/index.php?rest_route=\/wp\/v2\/posts\/1867\/revisions\/5116"}],"wp:featuredmedia":[{"embeddable":true,"href":"https:\/\/blogi.ennola.fi\/index.php?rest_route=\/wp\/v2\/media\/2321"}],"wp:attachment":[{"href":"https:\/\/blogi.ennola.fi\/index.php?rest_route=%2Fwp%2Fv2%2Fmedia&parent=1867"}],"wp:term":[{"taxonomy":"category","embeddable":true,"href":"https:\/\/blogi.ennola.fi\/index.php?rest_route=%2Fwp%2Fv2%2Fcategories&post=1867"},{"taxonomy":"post_tag","embeddable":true,"href":"https:\/\/blogi.ennola.fi\/index.php?rest_route=%2Fwp%2Fv2%2Ftags&post=1867"}],"curies":[{"name":"wp","href":"https:\/\/api.w.org\/{rel}","templated":true}]}}