{"id":1869,"date":"2010-10-29T21:00:47","date_gmt":"2010-10-29T18:00:47","guid":{"rendered":"https:\/\/blogi.ennola.fi\/?p=1869"},"modified":"2020-07-12T21:40:56","modified_gmt":"2020-07-12T18:40:56","slug":"muutama-kuvapari-italiasta","status":"publish","type":"post","link":"https:\/\/blogi.ennola.fi\/?p=1869","title":{"rendered":"Muutama kuvapari Italiasta"},"content":{"rendered":"<p>Italiassa tuli retkeilty\u00e4 v\u00e4h\u00e4n Inhankin reiteill\u00e4, joten tuli otettua muutama kuvaparikin. Matkallaan v\u00e4limeren rannikolle p\u00e4\u00e4si\u00e4isen\u00e4 1890 Inha k\u00e4veli Genovasta Rapalloon vanhaa Rooman valtakunnan aikuista Via Aureliaa pitkin. Toki tie viel\u00e4kin oli k\u00e4yt\u00f6ss\u00e4. Koska minun matkani tapahtui niinik\u00e4\u00e4n p\u00e4\u00e4sis\u00e4islomalla 2010, tulee kuvien v\u00e4liseksi aikaeroksi melkoisella tarkkudella 120 vuotta. Laitan t\u00e4h\u00e4n esille kolme kaikenkaikkiaan kymmenest\u00e4 kuvaamastani kuvaparista.<\/p>\n<p><a href=\"https:\/\/blogi.ennola.fi\/wp-content\/uploads\/2010\/10\/Italia1a.jpg\" rel=\"lightbox[1869]\"><img loading=\"lazy\" decoding=\"async\" class=\"aligncenter wp-image-2582 size-full\" src=\"https:\/\/blogi.ennola.fi\/wp-content\/uploads\/2010\/10\/Italia11a.jpg\" alt=\"\" width=\"400\" height=\"292\" srcset=\"https:\/\/blogi.ennola.fi\/wp-content\/uploads\/2010\/10\/Italia11a.jpg 400w, https:\/\/blogi.ennola.fi\/wp-content\/uploads\/2010\/10\/Italia11a-150x110.jpg 150w\" sizes=\"(max-width: 400px) 100vw, 400px\" \/><\/a><\/p>\n<p><a href=\"https:\/\/blogi.ennola.fi\/wp-content\/uploads\/2010\/10\/Italia1b.jpg\" rel=\"lightbox[1869]\"><img loading=\"lazy\" decoding=\"async\" class=\"aligncenter wp-image-2581 size-full\" src=\"https:\/\/blogi.ennola.fi\/wp-content\/uploads\/2010\/10\/Italia11b.jpg\" alt=\"\" width=\"400\" height=\"292\" srcset=\"https:\/\/blogi.ennola.fi\/wp-content\/uploads\/2010\/10\/Italia11b.jpg 400w, https:\/\/blogi.ennola.fi\/wp-content\/uploads\/2010\/10\/Italia11b-150x110.jpg 150w\" sizes=\"(max-width: 400px) 100vw, 400px\" \/><\/a><\/p>\n<p><a href=\"http:\/\/maps.google.fi\/maps?q=44.380574,9.056616&amp;num=1&amp;sll=44.379216,9.069536&amp;sspn=0.004785,0.013486&amp;hl=fi&amp;ie=UTF8&amp;ll=44.380534,9.056618&amp;spn=0.004785,0.013486&amp;z=17\" target=\"_blank\" rel=\"noopener noreferrer\">Ensimm\u00e4isen\u00e4<\/a> pys\u00e4hdyin kuvaamaan tienvarsin\u00e4kym\u00e4\u00e4 l\u00e4helt\u00e4 Nervin kyl\u00e4\u00e4, joka t\u00e4n\u00e4 p\u00e4iv\u00e4n\u00e4 oli aivan Genovan esikaupunkialueen tuntumassa. Kuvassa vasemmalla nousee Apenniinien vuoristo ja oikeassa reunassa n\u00e4kyy portofinon niemi. Rinteess\u00e4 tien alapuolella kulkee junarata hetkellisesti esill\u00e4 tunnelista. Inhan ajan j\u00e4lkeen rata on tosin muuttunut kaksiraiteiseksi.<\/p>\n<p><a href=\"https:\/\/blogi.ennola.fi\/wp-content\/uploads\/2010\/10\/Italia2a.jpg\" rel=\"lightbox[1869]\"><img loading=\"lazy\" decoding=\"async\" class=\"aligncenter wp-image-2584 size-full\" src=\"https:\/\/blogi.ennola.fi\/wp-content\/uploads\/2010\/10\/Italia12a.jpg\" alt=\"\" width=\"400\" height=\"306\" srcset=\"https:\/\/blogi.ennola.fi\/wp-content\/uploads\/2010\/10\/Italia12a.jpg 400w, https:\/\/blogi.ennola.fi\/wp-content\/uploads\/2010\/10\/Italia12a-150x115.jpg 150w\" sizes=\"(max-width: 400px) 100vw, 400px\" \/><\/a><\/p>\n<p><a href=\"https:\/\/blogi.ennola.fi\/wp-content\/uploads\/2010\/10\/Italia2b.jpg\" rel=\"lightbox[1869]\"><img loading=\"lazy\" decoding=\"async\" class=\"aligncenter wp-image-2583 size-full\" src=\"https:\/\/blogi.ennola.fi\/wp-content\/uploads\/2010\/10\/Italia12b.jpg\" alt=\"\" width=\"400\" height=\"306\" srcset=\"https:\/\/blogi.ennola.fi\/wp-content\/uploads\/2010\/10\/Italia12b.jpg 400w, https:\/\/blogi.ennola.fi\/wp-content\/uploads\/2010\/10\/Italia12b-150x115.jpg 150w\" sizes=\"(max-width: 400px) 100vw, 400px\" \/><\/a><\/p>\n<p><a href=\"http:\/\/maps.google.fi\/maps?q=44.379764,9.068457&amp;num=1&amp;sll=44.35089,9.157341&amp;sspn=0.00916,0.034332&amp;hl=fi&amp;ie=UTF8&amp;ll=44.378932,9.070995&amp;spn=0.00957,0.026972&amp;z=16\" target=\"_blank\" rel=\"noopener noreferrer\">Toinen<\/a> kuvapari oli varsin mielenkiintoinen. Inhan muistiinpanoissa kuvanottopaikaksi oli merkitty Sori, mutta todellisuudessa kuva olikin otettu jo sit\u00e4 edelt\u00e4v\u00e4ss\u00e4 Bogliasgon kyl\u00e4st\u00e4. Kumassakin kyl\u00e4ss\u00e4 oli kartan perusteella kuvanottoon sopiva paikka. Bogliasgosta tosin puuttui kuvassa n\u00e4kyv\u00e4 jokiuoma. Paikanp\u00e4\u00e4ll\u00e4 syykin selvisi: Joki oli katettu asfaltilla tieksi ja parkkipaikaksi. Kuvan todellinen kuvauspaikka on helppo tunnistaa kuvassa n\u00e4kyvist\u00e4 vanhoista silloista. Vaikka Sorissakin on vastaavat sillat ovat ne mittasuhteiltaan ja muodoiltaan ihan erilaiset.<\/p>\n<p><a href=\"https:\/\/blogi.ennola.fi\/wp-content\/uploads\/2010\/10\/Italia3a.jpg\" rel=\"lightbox[1869]\"><img loading=\"lazy\" decoding=\"async\" class=\"aligncenter wp-image-2580 size-full\" src=\"https:\/\/blogi.ennola.fi\/wp-content\/uploads\/2010\/10\/Italia13a.jpg\" alt=\"\" width=\"400\" height=\"294\" srcset=\"https:\/\/blogi.ennola.fi\/wp-content\/uploads\/2010\/10\/Italia13a.jpg 400w, https:\/\/blogi.ennola.fi\/wp-content\/uploads\/2010\/10\/Italia13a-150x110.jpg 150w\" sizes=\"(max-width: 400px) 100vw, 400px\" \/><\/a><\/p>\n<p><a href=\"https:\/\/blogi.ennola.fi\/wp-content\/uploads\/2010\/10\/Italia3b.jpg\" rel=\"lightbox[1869]\"><img loading=\"lazy\" decoding=\"async\" class=\"aligncenter wp-image-2579 size-full\" src=\"https:\/\/blogi.ennola.fi\/wp-content\/uploads\/2010\/10\/Italia13b.jpg\" alt=\"\" width=\"400\" height=\"294\" srcset=\"https:\/\/blogi.ennola.fi\/wp-content\/uploads\/2010\/10\/Italia13b.jpg 400w, https:\/\/blogi.ennola.fi\/wp-content\/uploads\/2010\/10\/Italia13b-150x110.jpg 150w\" sizes=\"(max-width: 400px) 100vw, 400px\" \/><\/a><\/p>\n<p><a href=\"http:\/\/maps.google.fi\/maps?q=44.350745,9.157512&amp;num=1&amp;sll=44.337504,9.162221&amp;sspn=0.057776,0.063398&amp;hl=fi&amp;ie=UTF8&amp;ll=44.350691,9.161031&amp;spn=0.009575,0.026972&amp;z=16\" target=\"_blank\" rel=\"noopener noreferrer\">Kolmas<\/a> kuvapari on Via Aureliaan varresta aivan Camoglin kyl\u00e4n yl\u00e4puolelta. Kuvan keskell\u00e4 kaukaisuudessa n\u00e4kyy Genovan kaupunki.<\/p>\n","protected":false},"excerpt":{"rendered":"<p>Italiassa tuli retkeilty\u00e4 v\u00e4h\u00e4n Inhankin reiteill\u00e4, joten tuli otettua muutama kuvaparikin. Matkallaan v\u00e4limeren rannikolle p\u00e4\u00e4si\u00e4isen\u00e4 1890 Inha k\u00e4veli Genovasta Rapalloon vanhaa Rooman valtakunnan aikuista Via Aureliaa pitkin. Toki&#8230;<\/p>\n","protected":false},"author":1,"featured_media":5511,"comment_status":"open","ping_status":"open","sticky":false,"template":"","format":"standard","meta":{"footnotes":""},"categories":[14,16],"tags":[],"_links":{"self":[{"href":"https:\/\/blogi.ennola.fi\/index.php?rest_route=\/wp\/v2\/posts\/1869"}],"collection":[{"href":"https:\/\/blogi.ennola.fi\/index.php?rest_route=\/wp\/v2\/posts"}],"about":[{"href":"https:\/\/blogi.ennola.fi\/index.php?rest_route=\/wp\/v2\/types\/post"}],"author":[{"embeddable":true,"href":"https:\/\/blogi.ennola.fi\/index.php?rest_route=\/wp\/v2\/users\/1"}],"replies":[{"embeddable":true,"href":"https:\/\/blogi.ennola.fi\/index.php?rest_route=%2Fwp%2Fv2%2Fcomments&post=1869"}],"version-history":[{"count":6,"href":"https:\/\/blogi.ennola.fi\/index.php?rest_route=\/wp\/v2\/posts\/1869\/revisions"}],"predecessor-version":[{"id":2585,"href":"https:\/\/blogi.ennola.fi\/index.php?rest_route=\/wp\/v2\/posts\/1869\/revisions\/2585"}],"wp:featuredmedia":[{"embeddable":true,"href":"https:\/\/blogi.ennola.fi\/index.php?rest_route=\/wp\/v2\/media\/5511"}],"wp:attachment":[{"href":"https:\/\/blogi.ennola.fi\/index.php?rest_route=%2Fwp%2Fv2%2Fmedia&parent=1869"}],"wp:term":[{"taxonomy":"category","embeddable":true,"href":"https:\/\/blogi.ennola.fi\/index.php?rest_route=%2Fwp%2Fv2%2Fcategories&post=1869"},{"taxonomy":"post_tag","embeddable":true,"href":"https:\/\/blogi.ennola.fi\/index.php?rest_route=%2Fwp%2Fv2%2Ftags&post=1869"}],"curies":[{"name":"wp","href":"https:\/\/api.w.org\/{rel}","templated":true}]}}