{"id":1871,"date":"2011-11-01T21:02:11","date_gmt":"2011-11-01T19:02:11","guid":{"rendered":"https:\/\/blogi.ennola.fi\/?p=1871"},"modified":"2020-06-08T17:16:53","modified_gmt":"2020-06-08T14:16:53","slug":"syyslomalla-oberstdorfissa","status":"publish","type":"post","link":"https:\/\/blogi.ennola.fi\/?p=1871","title":{"rendered":"Syyslomalla Oberstdorfissa"},"content":{"rendered":"<p>Syyslomalla teimme lomamatkan I. K. Inhan hengess\u00e4 Etel\u00e4-Saksaan Oberstdorfin seudulle. Innoittajana minulle olivat Inhan opiskelujensa lomassa syksyll\u00e4 1889 kuvaamat Alppin\u00e4kym\u00e4t tuolta seudulta. Vaikka retkikohteen valinnassa nuo muutamat kuvat olivatkin ratkaisevassa roolissa, oli retken tarkoitus ensisijaisesti olla perhematka, ei valokuvausretki.<\/p>\n<p>Lensimme Suomesta Stutgarttiin, josta vuokrasimme auton. Stuttgartin lentokent\u00e4lt\u00e4 oli l\u00e4hes sama matka kuin M\u00fcncheninnkin lentokent\u00e4lt\u00e4, mutta ajomatka vaikutti kartalta k\u00e4sin helpommalta. Y\u00f6paikaksemme olin vuokrannut meille yhden vuokrahuoneiston aivan Oberstdorfin kyl\u00e4n keskustasta, josta olisi lyhyt matka kaikkiin kohteisiimme.<\/p>\n<div id=\"attachment_2240\" style=\"width: 460px\" class=\"wp-caption aligncenter\"><a href=\"https:\/\/blogi.ennola.fi\/wp-content\/uploads\/2011\/11\/IMG_6206.jpg\" rel=\"lightbox[1871]\"><img loading=\"lazy\" decoding=\"async\" aria-describedby=\"caption-attachment-2240\" class=\"wp-image-2240 size-full\" title=\"Kyl\u00e4n l\u00e4hivuori iltavalaistuksessa.\" src=\"https:\/\/blogi.ennola.fi\/wp-content\/uploads\/2011\/11\/IMG_6206-1.jpg\" alt=\"\" width=\"450\" height=\"338\" srcset=\"https:\/\/blogi.ennola.fi\/wp-content\/uploads\/2011\/11\/IMG_6206-1.jpg 450w, https:\/\/blogi.ennola.fi\/wp-content\/uploads\/2011\/11\/IMG_6206-1-150x113.jpg 150w\" sizes=\"(max-width: 450px) 100vw, 450px\" \/><\/a><p id=\"caption-attachment-2240\" class=\"wp-caption-text\">Kyl\u00e4n l\u00e4hivuori iltavalaistuksessa.<\/p><\/div>\n<p>Lauantaip\u00e4iv\u00e4 menikin l\u00e4hinn\u00e4 lennoissa, ajomatkassa ja majoittumisessa. Illalla l\u00e4hdimme viel\u00e4 kyl\u00e4n keskustaan k\u00e4velem\u00e4\u00e4n ja seuraamaan markkinatunnelmaa \u2013 kyl\u00e4ss\u00e4 olivat markkinat juuri menoillaan. Tutustuimme my\u00f6s l\u00e4hiseudun palveluihin: ruokakauppaan ja leipomoon, josta joka aamu hain tuoreet s\u00e4mpyl\u00e4t ja leivonnaiset aamiaiselle.<\/p>\n<p>Sunnuntaina menimme gondolihissill\u00e4 suoraan kyl\u00e4st\u00e4 l\u00e4hell\u00e4 olevalle Nebelhornin huipulle. Ajatuksena oli k\u00e4vell\u00e4 osa matkasta alas vuorelta, mutta Aamun vastustuksesta johtuen k\u00e4velimme vain ylimm\u00e4n hissin matkan alasp\u00e4in. Palattuamme takaisin k\u00e4mpille, j\u00e4i minulle viel\u00e4 aikaa l\u00e4hte\u00e4 tarkastamaan ja kuvaamaan ensimm\u00e4isi\u00e4 Inhan kuvapareja.<\/p>\n<div id=\"attachment_2241\" style=\"width: 490px\" class=\"wp-caption aligncenter\"><a href=\"https:\/\/blogi.ennola.fi\/wp-content\/uploads\/2011\/11\/Saksa_Panorama11.jpg\" rel=\"lightbox[1871]\"><img loading=\"lazy\" decoding=\"async\" aria-describedby=\"caption-attachment-2241\" class=\"wp-image-2241 size-full\" title=\"N\u00e4kym\u00e4 Trettachttalin suulta kohti Oberstdorfia.\" src=\"https:\/\/blogi.ennola.fi\/wp-content\/uploads\/2011\/11\/Saksa_Panorama11-1.jpg\" alt=\"\" width=\"480\" height=\"141\" srcset=\"https:\/\/blogi.ennola.fi\/wp-content\/uploads\/2011\/11\/Saksa_Panorama11-1.jpg 480w, https:\/\/blogi.ennola.fi\/wp-content\/uploads\/2011\/11\/Saksa_Panorama11-1-150x44.jpg 150w\" sizes=\"(max-width: 480px) 100vw, 480px\" \/><\/a><p id=\"caption-attachment-2241\" class=\"wp-caption-text\">N\u00e4kym\u00e4 Trettachttalin suulta kohti Oberstdorfia.<\/p><\/div>\n<p>Maanantaina l\u00e4hdimme retkeilem\u00e4\u00e4n Trettachttal-nimiseen laaksoon. Laakson pikkutiet olivat varatut paikallisille ja k\u00e4velij\u00f6ille, joten j\u00e4timme auton laakson suulla olevalle parkkipaikalle. Laaksossa oli paljon kotiel\u00e4imi\u00e4 viel\u00e4 laitumella: lehmi\u00e4, lampaita, vuohia ja yksi hevonenkin. Kaikilla oli kaulassaan kilikello, joiden iloinen kalkatus t\u00e4ytti maiseman. Min\u00e4 l\u00e4hdin vauhdikkaammin hakemaan Inhan kuvauspaikkoja, kun muu perhe j\u00e4i vaeltamaan rauhallisemmin el\u00e4imi\u00e4 silitellen. Kohtasimme sitten lounaan merkeiss\u00e4 Christleseen rannalla olevassa ruokapaikassa. Ruoan j\u00e4lkeen k\u00e4vimme viel\u00e4 ihastelemassa H\u00f6lltobel-nimist\u00e4 vesiputousta, joka virtasi syv\u00e4ss\u00e4 kallion halkeamassa.<\/p>\n<div id=\"attachment_2238\" style=\"width: 460px\" class=\"wp-caption aligncenter\"><a href=\"https:\/\/blogi.ennola.fi\/wp-content\/uploads\/2011\/11\/IMG_6305.jpg\" rel=\"lightbox[1871]\"><img loading=\"lazy\" decoding=\"async\" aria-describedby=\"caption-attachment-2238\" class=\"wp-image-2238 size-full\" title=\"Paikallisia lehmi\u00e4 oli viel\u00e4 paljon ulkona.\" src=\"https:\/\/blogi.ennola.fi\/wp-content\/uploads\/2011\/11\/IMG_6305-1.jpg\" alt=\"\" width=\"450\" height=\"328\" srcset=\"https:\/\/blogi.ennola.fi\/wp-content\/uploads\/2011\/11\/IMG_6305-1.jpg 450w, https:\/\/blogi.ennola.fi\/wp-content\/uploads\/2011\/11\/IMG_6305-1-150x109.jpg 150w\" sizes=\"(max-width: 450px) 100vw, 450px\" \/><\/a><p id=\"caption-attachment-2238\" class=\"wp-caption-text\">Paikallisia lehmi\u00e4 oli viel\u00e4 paljon ulkona.<\/p><\/div>\n<p>Tiistaiaamuna ajoimme samalle parkkipaikalle, mutta nyt suuntasimme suoraan yl\u00f6sp\u00e4in Freibergersee-nimiselle alppij\u00e4rvelle. Min\u00e4 taas j\u00e4in j\u00e4lkeen etsim\u00e4\u00e4n Inhan kuvauspaikkoja, muiden menness\u00e4 edelt\u00e4 j\u00e4rven rannalla. Aamun s\u00e4\u00e4 oli j\u00e4inen ja viel\u00e4 klo 11 aikaan olivat varjopaikat huurteessa. Hetkess\u00e4 s\u00e4\u00e4 kuitenkin l\u00e4mpeni ja jo tunnin p\u00e4\u00e4st\u00e4 j\u00e4rven aurinkoisemmalla rannalla oli parisen kymment\u00e4 astetta l\u00e4mmint\u00e4. Saatuani kuvani kuvatuksi nautimme saksalaiseen tapaan varsin runsaan ja maittavan lounaan j\u00e4rven rannassa ja l\u00e4hdimme laskeutumaan takaisin autolle.<\/p>\n<div id=\"attachment_2242\" style=\"width: 460px\" class=\"wp-caption aligncenter\"><a href=\"https:\/\/blogi.ennola.fi\/wp-content\/uploads\/2011\/11\/IMG_6298.jpg\" rel=\"lightbox[1871]\"><img loading=\"lazy\" decoding=\"async\" aria-describedby=\"caption-attachment-2242\" class=\"wp-image-2242 size-full\" title=\"Alli ja Vuohi.\" src=\"https:\/\/blogi.ennola.fi\/wp-content\/uploads\/2011\/11\/IMG_6298-1.jpg\" alt=\"\" width=\"450\" height=\"338\" srcset=\"https:\/\/blogi.ennola.fi\/wp-content\/uploads\/2011\/11\/IMG_6298-1.jpg 450w, https:\/\/blogi.ennola.fi\/wp-content\/uploads\/2011\/11\/IMG_6298-1-150x113.jpg 150w\" sizes=\"(max-width: 450px) 100vw, 450px\" \/><\/a><p id=\"caption-attachment-2242\" class=\"wp-caption-text\">Alli ja Vuohi.<\/p><\/div>\n<p>Valoisaa oli viel\u00e4 muutamia tunteja j\u00e4ljell\u00e4, joten suuntasimme kokeilemaan kes\u00e4kelkkarataa, jollainen oli v\u00e4h\u00e4n matkan p\u00e4\u00e4ss\u00e4. Rata oli er\u00e4\u00e4nlainen vuoristorata rinteess\u00e4, jossa laskettiin 1-2 hengen kelkoilla ja itse hoidettiin jarrutukset oikeilla hetkill\u00e4. Ensimm\u00e4inen lasku meni v\u00e4h\u00e4n opetellessa, joten ihan ei p\u00e4\u00e4sty radan huippunopeuksiin yli 40 km\/h. Kelkkaradan j\u00e4lkeen menimme viel\u00e4 j\u00e4lkk\u00e4rille It\u00e4valtaan, jonka rajalle ei ollut en\u00e4\u00e4 matkaa kuin muutama kilometri.<\/p>\n<div id=\"attachment_2239\" style=\"width: 460px\" class=\"wp-caption aligncenter\"><a href=\"https:\/\/blogi.ennola.fi\/wp-content\/uploads\/2011\/11\/IMG_6350.jpg\" rel=\"lightbox[1871]\"><img loading=\"lazy\" decoding=\"async\" aria-describedby=\"caption-attachment-2239\" class=\"wp-image-2239 size-full\" title=\"Torstaiaamuna l\u00e4hivuori oli peittynyt lumeen.\" src=\"https:\/\/blogi.ennola.fi\/wp-content\/uploads\/2011\/11\/IMG_6350-1.jpg\" alt=\"\" width=\"450\" height=\"338\" srcset=\"https:\/\/blogi.ennola.fi\/wp-content\/uploads\/2011\/11\/IMG_6350-1.jpg 450w, https:\/\/blogi.ennola.fi\/wp-content\/uploads\/2011\/11\/IMG_6350-1-150x113.jpg 150w\" sizes=\"(max-width: 450px) 100vw, 450px\" \/><\/a><p id=\"caption-attachment-2239\" class=\"wp-caption-text\">Torstaiaamuna l\u00e4hivuori oli peittynyt lumeen.<\/p><\/div>\n<p>Keskiviikoksi oli tiedossa sateita, joten p\u00e4\u00e4timme l\u00e4hte\u00e4 katsomaan Ludvik II:n rakennuttamaa satulinnaa, mik\u00e4 ainakin Aamun teki syv\u00e4n vaikutuksen. Torstaiaamun valjetessa saimme huomata kaikkien l\u00e4hivuorien saaneen lumipeitteen yllens\u00e4 ja pilvien seikkailevan hyvinkin alhaalla. Niinp\u00e4 heti aamusta l\u00e4hdimme tutustumaan paikalliseen museoon, jossa oli esill\u00e4 maailman suurin kenk\u00e4. Museo esitteli paikkakunnan historiaa ja luontoa mielenkiintoisella tavalla ja lapsetkin viihtyiv\u00e4t siell\u00e4. Kun museosta tullessamme n\u00e4ytti s\u00e4\u00e4 hieman selkenev\u00e4n, p\u00e4\u00e4timme uudestaan kokeilla nousemista yl\u00f6s vuorille. Nyt kohteena oli toinen korkea vuori, jonne p\u00e4\u00e4si gondolihissill\u00e4: Fellhorn. Lumipeitteinen huippu nopeasti vaihtuvine s\u00e4ineen teki vaikutuksen my\u00f6s lapsiin, joten huipulla k\u00e4ynti oli varsin onnistunut. Illalla muut k\u00e4viv\u00e4t viel\u00e4 kylpyl\u00e4ss\u00e4 Sonthofenissa ja min\u00e4 k\u00e4vin k\u00e4velem\u00e4ss\u00e4 hieman kaupungin keskustaa ymp\u00e4ri.<\/p>\n<div id=\"attachment_2245\" style=\"width: 306px\" class=\"wp-caption aligncenter\"><a href=\"https:\/\/blogi.ennola.fi\/wp-content\/uploads\/2011\/11\/IMG_6356.jpg\" rel=\"lightbox[1871]\"><img loading=\"lazy\" decoding=\"async\" aria-describedby=\"caption-attachment-2245\" class=\"wp-image-2245 size-full\" title=\"Oberstdorfin kyl\u00e4\u00e4.\" src=\"https:\/\/blogi.ennola.fi\/wp-content\/uploads\/2011\/11\/IMG_6356-1.jpg\" alt=\"\" width=\"296\" height=\"420\" srcset=\"https:\/\/blogi.ennola.fi\/wp-content\/uploads\/2011\/11\/IMG_6356-1.jpg 296w, https:\/\/blogi.ennola.fi\/wp-content\/uploads\/2011\/11\/IMG_6356-1-106x150.jpg 106w, https:\/\/blogi.ennola.fi\/wp-content\/uploads\/2011\/11\/IMG_6356-1-282x400.jpg 282w\" sizes=\"(max-width: 296px) 100vw, 296px\" \/><\/a><p id=\"caption-attachment-2245\" class=\"wp-caption-text\">Oberstdorfin kyl\u00e4\u00e4.<\/p><\/div>\n<p>Perjantaina teimme retken Bad Gr\u00f6nenbachiin, jonka linnassa Inha uransa alussa oli opiskellut valokuvausta. Lapset ja Eeva k\u00e4viv\u00e4t tutustumassa paikallisessa ulkoliikuntapuistossa, minun kuvatessani muutamia kuvia linnan l\u00e4hiymp\u00e4rist\u00f6st\u00e4.<\/p>\n<p>Matkailupaikkana Oberstdorf oli mukava pikkukaupunki, jonka ymp\u00e4rist\u00f6ss\u00e4 riitti ulkoilusta pit\u00e4v\u00e4lle paljon kauniita patikointimahdollisuuksia. Tosin suurin osa niist\u00e4 j\u00e4i viel\u00e4 n\u00e4kem\u00e4tt\u00e4. Sesonkiaikaan paikka lienee tupaten t\u00e4ynn\u00e4 v\u00e4ke\u00e4, kun nytkin sunnuntain ollessa kaunis oli polkujen p\u00e4\u00e4ss\u00e4 oleva maksullinen parkkipaikka t\u00e4ynn\u00e4 autoja.<\/p>\n<div id=\"attachment_2244\" style=\"width: 460px\" class=\"wp-caption aligncenter\"><a href=\"https:\/\/blogi.ennola.fi\/wp-content\/uploads\/2011\/11\/IMG_6316.jpg\" rel=\"lightbox[1871]\"><img loading=\"lazy\" decoding=\"async\" aria-describedby=\"caption-attachment-2244\" class=\"wp-image-2244 size-full\" title=\"Py\u00f6kkimets\u00e4\u00e4 Freibergerseen rannalla.\" src=\"https:\/\/blogi.ennola.fi\/wp-content\/uploads\/2011\/11\/IMG_6316-1.jpg\" alt=\"\" width=\"450\" height=\"338\" srcset=\"https:\/\/blogi.ennola.fi\/wp-content\/uploads\/2011\/11\/IMG_6316-1.jpg 450w, https:\/\/blogi.ennola.fi\/wp-content\/uploads\/2011\/11\/IMG_6316-1-150x113.jpg 150w\" sizes=\"(max-width: 450px) 100vw, 450px\" \/><\/a><p id=\"caption-attachment-2244\" class=\"wp-caption-text\">Py\u00f6kkimets\u00e4\u00e4 Freibergerseen rannalla.<\/p><\/div>\n<p>Tietty siisteys pisti silm\u00e4\u00e4n: nuorempi tyt\u00e4r totesi jo matkan ensip\u00e4ivin\u00e4 Suomen ja Saksan eroiksi sen, ett\u00e4 Saksassa ei n\u00e4y roskia. Oli my\u00f6s hyv\u00e4, ett\u00e4 autoilua laaksoissa pikkuteill\u00e4 oli rajoitettu. Nyt niill\u00e4 sai rauhassa patikoida ja ei tarvinnut varoa autoja, noilla matkailijam\u00e4\u00e4rill\u00e4 trafiikki lieneisi melkoista, jos kaikki matkailijat ajelisivat siell\u00e4 omilla autoilla.<\/p>\n<div id=\"attachment_2243\" style=\"width: 460px\" class=\"wp-caption aligncenter\"><a href=\"https:\/\/blogi.ennola.fi\/wp-content\/uploads\/2011\/11\/IMG_6294.jpg\" rel=\"lightbox[1871]\"><img loading=\"lazy\" decoding=\"async\" aria-describedby=\"caption-attachment-2243\" class=\"wp-image-2243 size-full\" title=\"Trettachttal illalla auringon laskettua vuorten taakse.\" src=\"https:\/\/blogi.ennola.fi\/wp-content\/uploads\/2011\/11\/IMG_6294-1.jpg\" alt=\"\" width=\"450\" height=\"338\" srcset=\"https:\/\/blogi.ennola.fi\/wp-content\/uploads\/2011\/11\/IMG_6294-1.jpg 450w, https:\/\/blogi.ennola.fi\/wp-content\/uploads\/2011\/11\/IMG_6294-1-150x113.jpg 150w\" sizes=\"(max-width: 450px) 100vw, 450px\" \/><\/a><p id=\"caption-attachment-2243\" class=\"wp-caption-text\">Trettachttal illalla auringon laskettua vuorten taakse.<\/p><\/div>\n<p>Kipin\u00e4 pienimuotoisesta vaelluksesta Alpeilla j\u00e4i kytem\u00e4\u00e4n mieleen. Hienoja polkuja kaiken tasoisiin retkiin tuntui alueella riitt\u00e4v\u00e4n. Reittien varsilla n\u00e4kyi olevan my\u00f6s mahdollisuuksia ruokailuun ja y\u00f6pymiseen, joten retken pystyisi tekem\u00e4\u00e4n hyvin kevyell\u00e4 kantamuksella. Ehk\u00e4 sitten joskus, kun molemmat lapset ovat tarpeeksi vanhoja jaksamaan pidempi\u00e4 matkoja\u2026<\/p>\n","protected":false},"excerpt":{"rendered":"<p>Syyslomalla teimme lomamatkan I. K. Inhan hengess\u00e4 Etel\u00e4-Saksaan Oberstdorfin seudulle. Innoittajana minulle olivat Inhan opiskelujensa lomassa syksyll\u00e4 1889 kuvaamat Alppin\u00e4kym\u00e4t tuolta seudulta. Vaikka retkikohteen valinnassa nuo muutamat kuvat&#8230;<\/p>\n","protected":false},"author":1,"featured_media":2231,"comment_status":"open","ping_status":"open","sticky":false,"template":"","format":"standard","meta":{"footnotes":""},"categories":[3,17],"tags":[],"_links":{"self":[{"href":"https:\/\/blogi.ennola.fi\/index.php?rest_route=\/wp\/v2\/posts\/1871"}],"collection":[{"href":"https:\/\/blogi.ennola.fi\/index.php?rest_route=\/wp\/v2\/posts"}],"about":[{"href":"https:\/\/blogi.ennola.fi\/index.php?rest_route=\/wp\/v2\/types\/post"}],"author":[{"embeddable":true,"href":"https:\/\/blogi.ennola.fi\/index.php?rest_route=\/wp\/v2\/users\/1"}],"replies":[{"embeddable":true,"href":"https:\/\/blogi.ennola.fi\/index.php?rest_route=%2Fwp%2Fv2%2Fcomments&post=1871"}],"version-history":[{"count":5,"href":"https:\/\/blogi.ennola.fi\/index.php?rest_route=\/wp\/v2\/posts\/1871\/revisions"}],"predecessor-version":[{"id":5097,"href":"https:\/\/blogi.ennola.fi\/index.php?rest_route=\/wp\/v2\/posts\/1871\/revisions\/5097"}],"wp:featuredmedia":[{"embeddable":true,"href":"https:\/\/blogi.ennola.fi\/index.php?rest_route=\/wp\/v2\/media\/2231"}],"wp:attachment":[{"href":"https:\/\/blogi.ennola.fi\/index.php?rest_route=%2Fwp%2Fv2%2Fmedia&parent=1871"}],"wp:term":[{"taxonomy":"category","embeddable":true,"href":"https:\/\/blogi.ennola.fi\/index.php?rest_route=%2Fwp%2Fv2%2Fcategories&post=1871"},{"taxonomy":"post_tag","embeddable":true,"href":"https:\/\/blogi.ennola.fi\/index.php?rest_route=%2Fwp%2Fv2%2Ftags&post=1871"}],"curies":[{"name":"wp","href":"https:\/\/api.w.org\/{rel}","templated":true}]}}