{"id":1873,"date":"2011-11-07T21:03:03","date_gmt":"2011-11-07T19:03:03","guid":{"rendered":"https:\/\/blogi.ennola.fi\/?p=1873"},"modified":"2020-06-08T17:13:49","modified_gmt":"2020-06-08T14:13:49","slug":"fellhornin-huipulla","status":"publish","type":"post","link":"https:\/\/blogi.ennola.fi\/?p=1873","title":{"rendered":"Fellhornin huipulla"},"content":{"rendered":"<p>Torstaiaamu valkeni sumuisena ja pilvisen\u00e4. Y\u00f6llinen sade oli valkaissut vuorien huiput. Aamup\u00e4iv\u00e4ll\u00e4 k\u00e4vimme paikallisessa museossa, mutta sen j\u00e4lkeen p\u00e4\u00e4timme l\u00e4hte\u00e4 k\u00e4ym\u00e4\u00e4n lumisilla vuorilla. Suhruinen p\u00e4iv\u00e4 sesongin ulkopuolella, ei ilmeisestik\u00e4\u00e4n hirve\u00e4sti houkutellut turisteja, koska v\u00e4ke\u00e4 oli paljon v\u00e4hemm\u00e4n kuin sunnuntaina Nebelhornin huipulla, vaikka hintakin oli vain puolet siit\u00e4.<\/p>\n<div id=\"attachment_1900\" style=\"width: 460px\" class=\"wp-caption aligncenter\"><a href=\"https:\/\/blogi.ennola.fi\/wp-content\/uploads\/2011\/11\/IMG_6425.jpg\" rel=\"lightbox[1873]\"><img loading=\"lazy\" decoding=\"async\" aria-describedby=\"caption-attachment-1900\" class=\"wp-image-1900 size-full\" title=\"Gondolihissi tuomassa matkailijoita yl\u00f6s.\" src=\"https:\/\/blogi.ennola.fi\/wp-content\/uploads\/2011\/11\/IMG_6425-1.jpg\" alt=\"\" width=\"450\" height=\"338\" srcset=\"https:\/\/blogi.ennola.fi\/wp-content\/uploads\/2011\/11\/IMG_6425-1.jpg 450w, https:\/\/blogi.ennola.fi\/wp-content\/uploads\/2011\/11\/IMG_6425-1-150x113.jpg 150w\" sizes=\"(max-width: 450px) 100vw, 450px\" \/><\/a><p id=\"caption-attachment-1900\" class=\"wp-caption-text\">Gondolihissi tuomassa matkailijoita yl\u00f6s.<\/p><\/div>\n<div id=\"attachment_1897\" style=\"width: 490px\" class=\"wp-caption aligncenter\"><a href=\"https:\/\/blogi.ennola.fi\/wp-content\/uploads\/2011\/11\/Saksa_Panorama14.jpg\" rel=\"lightbox[1873]\"><img loading=\"lazy\" decoding=\"async\" aria-describedby=\"caption-attachment-1897\" class=\"wp-image-1897 size-full\" title=\"Panoraama yl\u00e4asemalta It\u00e4vallan puolelle.\" src=\"https:\/\/blogi.ennola.fi\/wp-content\/uploads\/2011\/11\/Saksa_Panorama14-1.jpg\" alt=\"\" width=\"480\" height=\"189\" srcset=\"https:\/\/blogi.ennola.fi\/wp-content\/uploads\/2011\/11\/Saksa_Panorama14-1.jpg 480w, https:\/\/blogi.ennola.fi\/wp-content\/uploads\/2011\/11\/Saksa_Panorama14-1-150x59.jpg 150w\" sizes=\"(max-width: 480px) 100vw, 480px\" \/><\/a><p id=\"caption-attachment-1897\" class=\"wp-caption-text\">Panoraama yl\u00e4asemalta It\u00e4vallan puolelle.<\/p><\/div>\n<p>Suurikokoinen gondolihissi vei meid\u00e4t ensin toiselle asemalle ja sen j\u00e4lkeen pienempi hissi vuoren huipun tuntumassa olevalle yl\u00e4asemalle. Pilvet olivat alkaneet repeill\u00e4 ja asemalta aukeni upea maisema It\u00e4vallan puoleiseen laaksoon, joka siinsi voimakkaan vihre\u00e4n\u00e4 allamme. Vuoren huipulle oli satanut viitisen sentti\u00e4 tuoretta lunta, joka muodosti voimakkaan kontrastin vihreiden laaksojen kanssa. Allin kanssa kiipesimme vuoren korkeimmalle huipulle Eevan ja Aamun j\u00e4\u00e4dess\u00e4 yl\u00e4aseman tuntumaan.<\/p>\n<div id=\"attachment_1898\" style=\"width: 325px\" class=\"wp-caption aligncenter\"><a href=\"https:\/\/blogi.ennola.fi\/wp-content\/uploads\/2011\/11\/IMG_6371.jpg\" rel=\"lightbox[1873]\"><img loading=\"lazy\" decoding=\"async\" aria-describedby=\"caption-attachment-1898\" class=\"wp-image-1898 size-full\" title=\"Aamu ja Eeva kiipe\u00e4v\u00e4t yl\u00f6s.\" src=\"https:\/\/blogi.ennola.fi\/wp-content\/uploads\/2011\/11\/IMG_6371-1.jpg\" alt=\"\" width=\"315\" height=\"420\" srcset=\"https:\/\/blogi.ennola.fi\/wp-content\/uploads\/2011\/11\/IMG_6371-1.jpg 315w, https:\/\/blogi.ennola.fi\/wp-content\/uploads\/2011\/11\/IMG_6371-1-113x150.jpg 113w, https:\/\/blogi.ennola.fi\/wp-content\/uploads\/2011\/11\/IMG_6371-1-300x400.jpg 300w\" sizes=\"(max-width: 315px) 100vw, 315px\" \/><\/a><p id=\"caption-attachment-1898\" class=\"wp-caption-text\">Aamu ja Eeva kiipe\u00e4v\u00e4t yl\u00f6s.<\/p><\/div>\n<div id=\"attachment_1893\" style=\"width: 490px\" class=\"wp-caption aligncenter\"><a href=\"https:\/\/blogi.ennola.fi\/wp-content\/uploads\/2011\/11\/Saksa_Panorama6.jpg\" rel=\"lightbox[1873]\"><img loading=\"lazy\" decoding=\"async\" aria-describedby=\"caption-attachment-1893\" class=\"wp-image-1893 size-full\" title=\"Panoraama Fellhornin huipulta.\" src=\"https:\/\/blogi.ennola.fi\/wp-content\/uploads\/2011\/11\/Saksa_Panorama6-1.jpg\" alt=\"\" width=\"480\" height=\"112\" srcset=\"https:\/\/blogi.ennola.fi\/wp-content\/uploads\/2011\/11\/Saksa_Panorama6-1.jpg 480w, https:\/\/blogi.ennola.fi\/wp-content\/uploads\/2011\/11\/Saksa_Panorama6-1-150x35.jpg 150w\" sizes=\"(max-width: 480px) 100vw, 480px\" \/><\/a><p id=\"caption-attachment-1893\" class=\"wp-caption-text\">Panoraama Fellhornin huipulta.<\/p><\/div>\n<div id=\"attachment_1901\" style=\"width: 460px\" class=\"wp-caption aligncenter\"><a href=\"https:\/\/blogi.ennola.fi\/wp-content\/uploads\/2011\/11\/IMG_6387.jpg\" rel=\"lightbox[1873]\"><img loading=\"lazy\" decoding=\"async\" aria-describedby=\"caption-attachment-1901\" class=\"wp-image-1901 size-full\" title=\"Alli Fellhornin huipulla.\" src=\"https:\/\/blogi.ennola.fi\/wp-content\/uploads\/2011\/11\/IMG_6387-1.jpg\" alt=\"\" width=\"450\" height=\"338\" srcset=\"https:\/\/blogi.ennola.fi\/wp-content\/uploads\/2011\/11\/IMG_6387-1.jpg 450w, https:\/\/blogi.ennola.fi\/wp-content\/uploads\/2011\/11\/IMG_6387-1-150x113.jpg 150w\" sizes=\"(max-width: 450px) 100vw, 450px\" \/><\/a><p id=\"caption-attachment-1901\" class=\"wp-caption-text\">Alli Fellhornin huipulla.<\/p><\/div>\n<p>S\u00f6imme lounaan yl\u00e4asemalla ihastellen maisemia, jotka nyt puolestaan peittyiv\u00e4t sakeaan pilveen. Hetkitt\u00e4in pilvet repeiliv\u00e4t luoden upeita n\u00e4kymi\u00e4 lumen kirjailemille vuorille. Ruokailun j\u00e4lkeen palasimme alempana olleelle asemalle, jonka ymp\u00e4rist\u00f6ss\u00e4 k\u00e4vimme hieman k\u00e4velem\u00e4ss\u00e4 ja ihastelemassa maisemia. Hieman aseman alapuolella oli j\u00e4rvi, joka tietysti oli viel\u00e4 sulana. Aikamme maisemia ihasteltuamme palasimme asemalle, jossa lapset (etenkin Aamu) viel\u00e4 leikkiv\u00e4t leikkipaikassa, ennen paluutamme alas.<\/p>\n<div id=\"attachment_1894\" style=\"width: 490px\" class=\"wp-caption aligncenter\"><a href=\"https:\/\/blogi.ennola.fi\/wp-content\/uploads\/2011\/11\/Saksa_Panorama3.jpg\" rel=\"lightbox[1873]\"><img loading=\"lazy\" decoding=\"async\" aria-describedby=\"caption-attachment-1894\" class=\"wp-image-1894 size-full\" title=\"Fellhornin huipun harjannetta pohjoiseen.\" src=\"https:\/\/blogi.ennola.fi\/wp-content\/uploads\/2011\/11\/Saksa_Panorama3-1.jpg\" alt=\"\" width=\"480\" height=\"138\" srcset=\"https:\/\/blogi.ennola.fi\/wp-content\/uploads\/2011\/11\/Saksa_Panorama3-1.jpg 480w, https:\/\/blogi.ennola.fi\/wp-content\/uploads\/2011\/11\/Saksa_Panorama3-1-150x43.jpg 150w\" sizes=\"(max-width: 480px) 100vw, 480px\" \/><\/a><p id=\"caption-attachment-1894\" class=\"wp-caption-text\">Fellhornin huipun harjannetta pohjoiseen.<\/p><\/div>\n<div id=\"attachment_1895\" style=\"width: 490px\" class=\"wp-caption aligncenter\"><a href=\"https:\/\/blogi.ennola.fi\/wp-content\/uploads\/2011\/11\/Saksa_Panorama2.jpg\" rel=\"lightbox[1873]\"><img loading=\"lazy\" decoding=\"async\" aria-describedby=\"caption-attachment-1895\" class=\"wp-image-1895 size-full\" title=\"Vuoristomaisema keskimm\u00e4iselt\u00e4 asemalta.\" src=\"https:\/\/blogi.ennola.fi\/wp-content\/uploads\/2011\/11\/Saksa_Panorama2-1.jpg\" alt=\"\" width=\"480\" height=\"125\" srcset=\"https:\/\/blogi.ennola.fi\/wp-content\/uploads\/2011\/11\/Saksa_Panorama2-1.jpg 480w, https:\/\/blogi.ennola.fi\/wp-content\/uploads\/2011\/11\/Saksa_Panorama2-1-150x39.jpg 150w\" sizes=\"(max-width: 480px) 100vw, 480px\" \/><\/a><p id=\"caption-attachment-1895\" class=\"wp-caption-text\">Vuoristomaisema keskimm\u00e4iselt\u00e4 asemalta.<\/p><\/div>\n<div id=\"attachment_1896\" style=\"width: 490px\" class=\"wp-caption aligncenter\"><a href=\"https:\/\/blogi.ennola.fi\/wp-content\/uploads\/2011\/11\/Saksa_Panorama1.jpg\" rel=\"lightbox[1873]\"><img loading=\"lazy\" decoding=\"async\" aria-describedby=\"caption-attachment-1896\" class=\"wp-image-1896 size-full\" title=\"Pieni lampi huipun tuntumassa. Fellhornin huippu vasemmalla.\" src=\"https:\/\/blogi.ennola.fi\/wp-content\/uploads\/2011\/11\/Saksa_Panorama1-1.jpg\" alt=\"\" width=\"480\" height=\"148\" srcset=\"https:\/\/blogi.ennola.fi\/wp-content\/uploads\/2011\/11\/Saksa_Panorama1-1.jpg 480w, https:\/\/blogi.ennola.fi\/wp-content\/uploads\/2011\/11\/Saksa_Panorama1-1-150x46.jpg 150w\" sizes=\"(max-width: 480px) 100vw, 480px\" \/><\/a><p id=\"caption-attachment-1896\" class=\"wp-caption-text\">Pieni lampi huipun tuntumassa. Fellhornin huippu vasemmalla.<\/p><\/div>\n<div id=\"attachment_1899\" style=\"width: 460px\" class=\"wp-caption aligncenter\"><a href=\"https:\/\/blogi.ennola.fi\/wp-content\/uploads\/2011\/11\/IMG_6399.jpg\" rel=\"lightbox[1873]\"><img loading=\"lazy\" decoding=\"async\" aria-describedby=\"caption-attachment-1899\" class=\"wp-image-1899 size-full\" title=\"Alli kuvaa pakolliset muistokuvat.\" src=\"https:\/\/blogi.ennola.fi\/wp-content\/uploads\/2011\/11\/IMG_6399-1.jpg\" alt=\"\" width=\"450\" height=\"338\" srcset=\"https:\/\/blogi.ennola.fi\/wp-content\/uploads\/2011\/11\/IMG_6399-1.jpg 450w, https:\/\/blogi.ennola.fi\/wp-content\/uploads\/2011\/11\/IMG_6399-1-150x113.jpg 150w\" sizes=\"(max-width: 450px) 100vw, 450px\" \/><\/a><p id=\"caption-attachment-1899\" class=\"wp-caption-text\">Alli kuvaa pakolliset muistokuvat.<\/p><\/div>\n","protected":false},"excerpt":{"rendered":"<p>Torstaiaamu valkeni sumuisena ja pilvisen\u00e4. Y\u00f6llinen sade oli valkaissut vuorien huiput. Aamup\u00e4iv\u00e4ll\u00e4 k\u00e4vimme paikallisessa museossa, mutta sen j\u00e4lkeen p\u00e4\u00e4timme l\u00e4hte\u00e4 k\u00e4ym\u00e4\u00e4n lumisilla vuorilla. Suhruinen p\u00e4iv\u00e4 sesongin ulkopuolella, ei&#8230;<\/p>\n","protected":false},"author":1,"featured_media":1884,"comment_status":"open","ping_status":"open","sticky":false,"template":"","format":"standard","meta":{"footnotes":""},"categories":[4,17],"tags":[],"_links":{"self":[{"href":"https:\/\/blogi.ennola.fi\/index.php?rest_route=\/wp\/v2\/posts\/1873"}],"collection":[{"href":"https:\/\/blogi.ennola.fi\/index.php?rest_route=\/wp\/v2\/posts"}],"about":[{"href":"https:\/\/blogi.ennola.fi\/index.php?rest_route=\/wp\/v2\/types\/post"}],"author":[{"embeddable":true,"href":"https:\/\/blogi.ennola.fi\/index.php?rest_route=\/wp\/v2\/users\/1"}],"replies":[{"embeddable":true,"href":"https:\/\/blogi.ennola.fi\/index.php?rest_route=%2Fwp%2Fv2%2Fcomments&post=1873"}],"version-history":[{"count":4,"href":"https:\/\/blogi.ennola.fi\/index.php?rest_route=\/wp\/v2\/posts\/1873\/revisions"}],"predecessor-version":[{"id":5095,"href":"https:\/\/blogi.ennola.fi\/index.php?rest_route=\/wp\/v2\/posts\/1873\/revisions\/5095"}],"wp:featuredmedia":[{"embeddable":true,"href":"https:\/\/blogi.ennola.fi\/index.php?rest_route=\/wp\/v2\/media\/1884"}],"wp:attachment":[{"href":"https:\/\/blogi.ennola.fi\/index.php?rest_route=%2Fwp%2Fv2%2Fmedia&parent=1873"}],"wp:term":[{"taxonomy":"category","embeddable":true,"href":"https:\/\/blogi.ennola.fi\/index.php?rest_route=%2Fwp%2Fv2%2Fcategories&post=1873"},{"taxonomy":"post_tag","embeddable":true,"href":"https:\/\/blogi.ennola.fi\/index.php?rest_route=%2Fwp%2Fv2%2Ftags&post=1873"}],"curies":[{"name":"wp","href":"https:\/\/api.w.org\/{rel}","templated":true}]}}