{"id":1875,"date":"2011-11-19T21:04:26","date_gmt":"2011-11-19T19:04:26","guid":{"rendered":"https:\/\/blogi.ennola.fi\/?p=1875"},"modified":"2020-06-08T17:10:49","modified_gmt":"2020-06-08T14:10:49","slug":"bad-gronenbach","status":"publish","type":"post","link":"https:\/\/blogi.ennola.fi\/?p=1875","title":{"rendered":"Bad Gr\u00f6nenbach"},"content":{"rendered":"<p>Viimeinen retkip\u00e4iv\u00e4 oli varattu k\u00e4ynnille Bad Gr\u00f6nenbachissa, joka on saksalainen pikkukaupunki noin 70 kilometri\u00e4 Oberstdorfista pohjoiseen. T\u00e4\u00e4ll\u00e4 Hohes Schloss Bad Gr\u00f6nenbach -nimisess\u00e4 linnassa I. K. Inha aloitti valokuvaajan uransa opiskelemalla valokuvausta syksyll\u00e4 1889. Wilhelm Cronenberg piti linnassa yksityist\u00e4 valokuvaukseen ja my\u00f6hemmin my\u00f6s kuvan painamiseen keskittynytt\u00e4 kouluaan 1881-1900. Tarkoituksenani oli k\u00e4yd\u00e4 tutustumassa kyseiseen paikkaan ja etsi\u00e4 samalla parin Inhan varhaisen kuvan kuvauspaikka.<\/p>\n<div id=\"attachment_1987\" style=\"width: 325px\" class=\"wp-caption aligncenter\"><a href=\"https:\/\/blogi.ennola.fi\/wp-content\/uploads\/2011\/11\/IMG_6501.jpg\" rel=\"lightbox[1875]\"><img loading=\"lazy\" decoding=\"async\" aria-describedby=\"caption-attachment-1987\" class=\"wp-image-1987 size-full\" title=\"Bad Gr\u00f6nenbachin linna, jossa Inha opiskeli.\" src=\"https:\/\/blogi.ennola.fi\/wp-content\/uploads\/2011\/11\/IMG_6501-1.jpg\" alt=\"\" width=\"315\" height=\"420\" srcset=\"https:\/\/blogi.ennola.fi\/wp-content\/uploads\/2011\/11\/IMG_6501-1.jpg 315w, https:\/\/blogi.ennola.fi\/wp-content\/uploads\/2011\/11\/IMG_6501-1-113x150.jpg 113w, https:\/\/blogi.ennola.fi\/wp-content\/uploads\/2011\/11\/IMG_6501-1-300x400.jpg 300w\" sizes=\"(max-width: 315px) 100vw, 315px\" \/><\/a><p id=\"caption-attachment-1987\" class=\"wp-caption-text\">Bad Gr\u00f6nenbachin linna, jossa Inha opiskeli.<\/p><\/div>\n<div id=\"attachment_1989\" style=\"width: 490px\" class=\"wp-caption aligncenter\"><a href=\"https:\/\/blogi.ennola.fi\/wp-content\/uploads\/2011\/11\/Saksa_Panorama10.jpg\" rel=\"lightbox[1875]\"><img loading=\"lazy\" decoding=\"async\" aria-describedby=\"caption-attachment-1989\" class=\"wp-image-1989 size-full\" title=\"Bad Gr\u00f6nenbachin linna, jossa Inha opiskeli.\" src=\"https:\/\/blogi.ennola.fi\/wp-content\/uploads\/2011\/11\/Saksa_Panorama10-1.jpg\" alt=\"\" width=\"480\" height=\"82\" srcset=\"https:\/\/blogi.ennola.fi\/wp-content\/uploads\/2011\/11\/Saksa_Panorama10-1.jpg 480w, https:\/\/blogi.ennola.fi\/wp-content\/uploads\/2011\/11\/Saksa_Panorama10-1-150x26.jpg 150w\" sizes=\"(max-width: 480px) 100vw, 480px\" \/><\/a><p id=\"caption-attachment-1989\" class=\"wp-caption-text\">Bad Gr\u00f6nenbachin linna, jossa Inha opiskeli.<\/p><\/div>\n<p>Linna sijaitsee kaupungin laidalla olevalla pienell\u00e4 m\u00e4ell\u00e4. M\u00e4en toisella puolella on ulkoliikuntapuisto, jossa lapset ja Eeva viettiv\u00e4t aikaansa minun kuvatessa linnan ymp\u00e4rist\u00f6ss\u00e4. M\u00e4en rinteess\u00e4 ulkoliikuntapuiston ja linnan v\u00e4liss\u00e4 on lehmien laidun, jossa lehm\u00e4t olivat viel\u00e4 laitumella.<\/p>\n<div id=\"attachment_1988\" style=\"width: 490px\" class=\"wp-caption aligncenter\"><a href=\"https:\/\/blogi.ennola.fi\/wp-content\/uploads\/2011\/11\/Saksa_Panorama7.jpg\" rel=\"lightbox[1875]\"><img loading=\"lazy\" decoding=\"async\" aria-describedby=\"caption-attachment-1988\" class=\"wp-image-1988 size-full\" title=\"M\u00e4ki jolla linna sijaitsee.\" src=\"https:\/\/blogi.ennola.fi\/wp-content\/uploads\/2011\/11\/Saksa_Panorama7-1.jpg\" alt=\"\" width=\"480\" height=\"105\" srcset=\"https:\/\/blogi.ennola.fi\/wp-content\/uploads\/2011\/11\/Saksa_Panorama7-1.jpg 480w, https:\/\/blogi.ennola.fi\/wp-content\/uploads\/2011\/11\/Saksa_Panorama7-1-150x33.jpg 150w\" sizes=\"(max-width: 480px) 100vw, 480px\" \/><\/a><p id=\"caption-attachment-1988\" class=\"wp-caption-text\">M\u00e4ki jolla linna sijaitsee.<\/p><\/div>\n<p>Linna ymp\u00e4rist\u00f6ineen on kaunis. Nousimme m\u00e4elle pient\u00e4 polkua pitkin kaupungin keskustasta. Linnan pihalla oli kaunis hy\u00f6typuutarha sek\u00e4 mielenkiintoisia majoiksi leikattuja pensaita. Inhan kuvauspaikkoja hakiessani, jouduin kiert\u00e4m\u00e4\u00e4n linnan pari kertaa ymp\u00e4ri, mutta lopulta paikat l\u00f6ytyiv\u00e4tkin paljon helpommista paikoista kuin olin osannut hakea.<\/p>\n<div id=\"attachment_1990\" style=\"width: 460px\" class=\"wp-caption aligncenter\"><a href=\"https:\/\/blogi.ennola.fi\/wp-content\/uploads\/2011\/11\/IMG_6468.jpg\" rel=\"lightbox[1875]\"><img loading=\"lazy\" decoding=\"async\" aria-describedby=\"caption-attachment-1990\" class=\"wp-image-1990 size-full\" title=\"Katun\u00e4kym\u00e4 Bad Gr\u00f6nenbachista.\" src=\"https:\/\/blogi.ennola.fi\/wp-content\/uploads\/2011\/11\/IMG_6468-1.jpg\" alt=\"\" width=\"450\" height=\"339\" srcset=\"https:\/\/blogi.ennola.fi\/wp-content\/uploads\/2011\/11\/IMG_6468-1.jpg 450w, https:\/\/blogi.ennola.fi\/wp-content\/uploads\/2011\/11\/IMG_6468-1-150x113.jpg 150w\" sizes=\"(max-width: 450px) 100vw, 450px\" \/><\/a><p id=\"caption-attachment-1990\" class=\"wp-caption-text\">Katun\u00e4kym\u00e4 Bad Gr\u00f6nenbachista.<\/p><\/div>\n<p>Linnan ymp\u00e4rist\u00f6ss\u00e4 on muutamia lampia, joita ilmeisestikin on k\u00e4ytetty uima- ja kylpypaikkoina pitk\u00e4\u00e4n. Inhallakin oli muutamia kuvia veden rannalla olevista rakennuksista, jotka ilmeisesti olivat otettu n\u00e4iden lampien rannalta. Tosin kuvauspaikkojen l\u00f6yt\u00e4minen tuskin olisi ollut mahdollista, koska paikat olivat jo moneen kertaan muuttuneita ja ajassa muuttumattomia kohteita kuvissa ei n\u00e4kynyt.<\/p>\n<div id=\"attachment_1992\" style=\"width: 325px\" class=\"wp-caption aligncenter\"><a href=\"https:\/\/blogi.ennola.fi\/wp-content\/uploads\/2011\/11\/IMG_6506.jpg\" rel=\"lightbox[1875]\"><img loading=\"lazy\" decoding=\"async\" aria-describedby=\"caption-attachment-1992\" class=\"wp-image-1992 size-full\" title=\"Raatihuone.\" src=\"https:\/\/blogi.ennola.fi\/wp-content\/uploads\/2011\/11\/IMG_6506-1.jpg\" alt=\"\" width=\"315\" height=\"420\" srcset=\"https:\/\/blogi.ennola.fi\/wp-content\/uploads\/2011\/11\/IMG_6506-1.jpg 315w, https:\/\/blogi.ennola.fi\/wp-content\/uploads\/2011\/11\/IMG_6506-1-113x150.jpg 113w, https:\/\/blogi.ennola.fi\/wp-content\/uploads\/2011\/11\/IMG_6506-1-300x400.jpg 300w\" sizes=\"(max-width: 315px) 100vw, 315px\" \/><\/a><p id=\"caption-attachment-1992\" class=\"wp-caption-text\">Raatihuone.<em>.<\/em><\/p><\/div>\n<div id=\"attachment_1991\" style=\"width: 325px\" class=\"wp-caption aligncenter\"><a href=\"https:\/\/blogi.ennola.fi\/wp-content\/uploads\/2011\/11\/IMG_6505.jpg\" rel=\"lightbox[1875]\"><img loading=\"lazy\" decoding=\"async\" aria-describedby=\"caption-attachment-1991\" class=\"wp-image-1991 size-full\" title=\"Katolinen kirkko.\" src=\"https:\/\/blogi.ennola.fi\/wp-content\/uploads\/2011\/11\/IMG_6505-1.jpg\" alt=\"\" width=\"315\" height=\"420\" srcset=\"https:\/\/blogi.ennola.fi\/wp-content\/uploads\/2011\/11\/IMG_6505-1.jpg 315w, https:\/\/blogi.ennola.fi\/wp-content\/uploads\/2011\/11\/IMG_6505-1-113x150.jpg 113w, https:\/\/blogi.ennola.fi\/wp-content\/uploads\/2011\/11\/IMG_6505-1-300x400.jpg 300w\" sizes=\"(max-width: 315px) 100vw, 315px\" \/><\/a><p id=\"caption-attachment-1991\" class=\"wp-caption-text\">Katolinen kirkko.<\/p><\/div>\n<p>Itse kaupunki oli kaunis saksalainen kaupunki. Kirkkoja oli kaksi sek\u00e4 katolinen ett\u00e4 protestanttinen. Ydinkeskusta oli s\u00e4ilytt\u00e4nyt kauniin vanhan ilmeens\u00e4, kuten niin monessa muussakin paikassa siell\u00e4. Kaupunki ei ole samalla tavalla turistien suosima kuten Oberstdorf l\u00e4hiseutuineen, joten siin\u00e4 ei juuri turismi n\u00e4kynyt. Olisimme mieluusti sy\u00f6neet lounaamme siell\u00e4, muttemme l\u00f6yt\u00e4neet iltap\u00e4iv\u00e4ll\u00e4 auki olevaa ravintolaa. Niinp\u00e4 jouduimme l\u00e4htem\u00e4\u00e4n moottoritien varteen sy\u00f6m\u00e4\u00e4n.<\/p>\n","protected":false},"excerpt":{"rendered":"<p>Viimeinen retkip\u00e4iv\u00e4 oli varattu k\u00e4ynnille Bad Gr\u00f6nenbachissa, joka on saksalainen pikkukaupunki noin 70 kilometri\u00e4 Oberstdorfista pohjoiseen. T\u00e4\u00e4ll\u00e4 Hohes Schloss Bad Gr\u00f6nenbach -nimisess\u00e4 linnassa I. K. Inha aloitti valokuvaajan&#8230;<\/p>\n","protected":false},"author":1,"featured_media":1985,"comment_status":"open","ping_status":"open","sticky":false,"template":"","format":"standard","meta":{"footnotes":""},"categories":[4,17],"tags":[],"_links":{"self":[{"href":"https:\/\/blogi.ennola.fi\/index.php?rest_route=\/wp\/v2\/posts\/1875"}],"collection":[{"href":"https:\/\/blogi.ennola.fi\/index.php?rest_route=\/wp\/v2\/posts"}],"about":[{"href":"https:\/\/blogi.ennola.fi\/index.php?rest_route=\/wp\/v2\/types\/post"}],"author":[{"embeddable":true,"href":"https:\/\/blogi.ennola.fi\/index.php?rest_route=\/wp\/v2\/users\/1"}],"replies":[{"embeddable":true,"href":"https:\/\/blogi.ennola.fi\/index.php?rest_route=%2Fwp%2Fv2%2Fcomments&post=1875"}],"version-history":[{"count":4,"href":"https:\/\/blogi.ennola.fi\/index.php?rest_route=\/wp\/v2\/posts\/1875\/revisions"}],"predecessor-version":[{"id":5093,"href":"https:\/\/blogi.ennola.fi\/index.php?rest_route=\/wp\/v2\/posts\/1875\/revisions\/5093"}],"wp:featuredmedia":[{"embeddable":true,"href":"https:\/\/blogi.ennola.fi\/index.php?rest_route=\/wp\/v2\/media\/1985"}],"wp:attachment":[{"href":"https:\/\/blogi.ennola.fi\/index.php?rest_route=%2Fwp%2Fv2%2Fmedia&parent=1875"}],"wp:term":[{"taxonomy":"category","embeddable":true,"href":"https:\/\/blogi.ennola.fi\/index.php?rest_route=%2Fwp%2Fv2%2Fcategories&post=1875"},{"taxonomy":"post_tag","embeddable":true,"href":"https:\/\/blogi.ennola.fi\/index.php?rest_route=%2Fwp%2Fv2%2Ftags&post=1875"}],"curies":[{"name":"wp","href":"https:\/\/api.w.org\/{rel}","templated":true}]}}