{"id":1879,"date":"2011-11-30T21:06:26","date_gmt":"2011-11-30T19:06:26","guid":{"rendered":"https:\/\/blogi.ennola.fi\/?p=1879"},"modified":"2020-07-02T16:14:20","modified_gmt":"2020-07-02T13:14:20","slug":"i-k-inha-saksassa","status":"publish","type":"post","link":"https:\/\/blogi.ennola.fi\/?p=1879","title":{"rendered":"I. K. Inha Saksassa"},"content":{"rendered":"<p>Syyskuussa 1889 Inha matkusti Etel\u00e4-Baijeriin, Bad Gr\u00f6nenbachiin opiskelemaan valokuvausta W. Gronenburgin oppilaitoksessa. Tuona syksyn\u00e4 h\u00e4n kuvasi koulunsa ymp\u00e4rist\u00f6n maisemia sek\u00e4 kappaleen matkan p\u00e4\u00e4ss\u00e4 koulusta virranneesta Iller-joesta. Perjantaina k\u00e4vimme vierailulla Bad Gr\u00f6nenbachin linnalla, josta kaikki tavallaan alkoi.<\/p>\n<div id=\"attachment_2297\" style=\"width: 490px\" class=\"wp-caption aligncenter\"><img loading=\"lazy\" decoding=\"async\" aria-describedby=\"caption-attachment-2297\" class=\"wp-image-2297 size-full\" src=\"https:\/\/blogi.ennola.fi\/wp-content\/uploads\/2011\/11\/saksa2.jpg\" alt=\"\" width=\"480\" height=\"310\" srcset=\"https:\/\/blogi.ennola.fi\/wp-content\/uploads\/2011\/11\/saksa2.jpg 480w, https:\/\/blogi.ennola.fi\/wp-content\/uploads\/2011\/11\/saksa2-150x97.jpg 150w\" sizes=\"(max-width: 480px) 100vw, 480px\" \/><p id=\"caption-attachment-2297\" class=\"wp-caption-text\">Bad Gr\u00f6nenbahin linna 1889 ja 2011.<\/p><\/div>\n<p>Kalustona Inhalla Euroopassa oli mukanaan 18*24 cm. levykokoa k\u00e4ytt\u00e4v\u00e4 kameransa varustettuna Steinheilin noin 260 millisell\u00e4 maisemalinssill\u00e4, kolme kaksipuoleista kasettia, puolen sataa lasilevy\u00e4, jalusta ja huntu. Nuo kasetit antoivat Inhalle mahdollisuuden kuvata vain kuusi kuvaa p\u00e4iv\u00e4ss\u00e4, ilman mahdollisuutta vaihtaa filmej\u00e4 kasetteihin.<\/p>\n<div id=\"attachment_2300\" style=\"width: 324px\" class=\"wp-caption aligncenter\"><img loading=\"lazy\" decoding=\"async\" aria-describedby=\"caption-attachment-2300\" class=\"wp-image-2300 size-full\" src=\"https:\/\/blogi.ennola.fi\/wp-content\/uploads\/2011\/11\/saksa4.jpg\" alt=\"\" width=\"314\" height=\"480\" srcset=\"https:\/\/blogi.ennola.fi\/wp-content\/uploads\/2011\/11\/saksa4.jpg 314w, https:\/\/blogi.ennola.fi\/wp-content\/uploads\/2011\/11\/saksa4-98x150.jpg 98w, https:\/\/blogi.ennola.fi\/wp-content\/uploads\/2011\/11\/saksa4-262x400.jpg 262w\" sizes=\"(max-width: 314px) 100vw, 314px\" \/><p id=\"caption-attachment-2300\" class=\"wp-caption-text\">Oberstdorfin kyl\u00e4, kuvattuna l\u00e4helt\u00e4 Freiberger-j\u00e4rve\u00e4 1889 ja 2011.<\/p><\/div>\n<p>Loka-marraskuun vaihteen tienoilla h\u00e4n teki muutaman p\u00e4iv\u00e4n retken Oberstdorfin seudulle, jossa h\u00e4n kuvasi kaksi v\u00e4hint\u00e4\u00e4n viiden kuvan kokonaisuutta. Toisen kuvankauniin Freiberger-j\u00e4rven ymp\u00e4rist\u00f6ss\u00e4 ja toisen Trettachttal-laaksossa. Kumpikin kuvasarjoista on kuvattu melko lyhyen ajan sis\u00e4ll\u00e4 ja Inhalle ei ole j\u00e4\u00e4nyt paljoa aikaa kuviensa sommitteluun. Todenn\u00e4k\u00f6isimmin kummatkin sarjat on kuvattu yhden p\u00e4iv\u00e4n aikana, mik\u00e4 sopisikin hyvin yhteen sen tosiseikan kanssa, ett\u00e4 kasetit rajasivat samana p\u00e4iv\u00e4n\u00e4 kuvattujen kuvien m\u00e4\u00e4r\u00e4\u00e4n kuuteen.<\/p>\n<div id=\"attachment_2299\" style=\"width: 490px\" class=\"wp-caption aligncenter\"><img loading=\"lazy\" decoding=\"async\" aria-describedby=\"caption-attachment-2299\" class=\"wp-image-2299 size-full\" src=\"https:\/\/blogi.ennola.fi\/wp-content\/uploads\/2011\/11\/saksa5.jpg\" alt=\"\" width=\"480\" height=\"298\" srcset=\"https:\/\/blogi.ennola.fi\/wp-content\/uploads\/2011\/11\/saksa5.jpg 480w, https:\/\/blogi.ennola.fi\/wp-content\/uploads\/2011\/11\/saksa5-150x93.jpg 150w\" sizes=\"(max-width: 480px) 100vw, 480px\" \/><p id=\"caption-attachment-2299\" class=\"wp-caption-text\">Kuvan kaunis Freiberger-j\u00e4rvi 1889 ja 2011.<\/p><\/div>\n<p>Aiheina Inhalla olivat alueen muutamat alppij\u00e4rvet, kosket ja putoukset, retkeilypolut sek\u00e4 pari laajempaa n\u00e4k\u00f6alaa laaksoista. Inhalla on mahdollisesti ollut joku paikallinen tai koulun opettaja oppaana ohjaamassa parhaille kuvauspaikoille. My\u00f6s s\u00e4\u00e4t suosivat inhaa t\u00e4ll\u00e4 matkalla, sill\u00e4 s\u00e4\u00e4 on ollut syksyisen kaunis: pilvet\u00f6n ja aurinkoinen.<\/p>\n<div id=\"attachment_2301\" style=\"width: 490px\" class=\"wp-caption aligncenter\"><img loading=\"lazy\" decoding=\"async\" aria-describedby=\"caption-attachment-2301\" class=\"wp-image-2301 size-full\" src=\"https:\/\/blogi.ennola.fi\/wp-content\/uploads\/2011\/11\/saksa3.jpg\" alt=\"\" width=\"480\" height=\"324\" srcset=\"https:\/\/blogi.ennola.fi\/wp-content\/uploads\/2011\/11\/saksa3.jpg 480w, https:\/\/blogi.ennola.fi\/wp-content\/uploads\/2011\/11\/saksa3-150x101.jpg 150w\" sizes=\"(max-width: 480px) 100vw, 480px\" \/><p id=\"caption-attachment-2301\" class=\"wp-caption-text\">Alppipuro Trettachttal-laaksossa 1899 ja 2011.<\/p><\/div>\n<p>N\u00e4iden kuvien yhteinen nimitt\u00e4j\u00e4 on tietynlainen suoraviivaisuus niin sommittelussa kuin kuvauspaikan valinnassakin. Inha on k\u00e4vellyt alueella ja ottanut kuvia hienoksi kokemissaan paikoissa. Hyv\u00e4 maisema on toiminut kimmokkeena kuvalle, mutta sommitteluun ja kuvauspaikan valintaan h\u00e4n ei ole osannut viel\u00e4 kiinnitt\u00e4\u00e4 paljoa huomiota.<\/p>\n<div id=\"attachment_2298\" style=\"width: 490px\" class=\"wp-caption aligncenter\"><img loading=\"lazy\" decoding=\"async\" aria-describedby=\"caption-attachment-2298\" class=\"wp-image-2298 size-full\" src=\"https:\/\/blogi.ennola.fi\/wp-content\/uploads\/2011\/11\/saksa1.jpg\" alt=\"\" width=\"480\" height=\"310\" srcset=\"https:\/\/blogi.ennola.fi\/wp-content\/uploads\/2011\/11\/saksa1.jpg 480w, https:\/\/blogi.ennola.fi\/wp-content\/uploads\/2011\/11\/saksa1-150x97.jpg 150w\" sizes=\"(max-width: 480px) 100vw, 480px\" \/><p id=\"caption-attachment-2298\" class=\"wp-caption-text\">H\u00f6lltobel 1889 ja 2011.<\/p><\/div>\n<p>Oberstdorfin kuvia kuvasin kolmen p\u00e4iv\u00e4n aikana. Ensimm\u00e4isi\u00e4 sunnuntai-iltana ja viimeiset tiistai-iltap\u00e4iv\u00e4ll\u00e4 Freiberger-j\u00e4rvell\u00e4. S\u00e4\u00e4 suosi minua. Vuorilla oli lunta v\u00e4hemm\u00e4n ja puissa enempi lehti\u00e4 kuin Inhan aikaan. Ehk\u00e4 Inha oli ollut paikalla hieman minua my\u00f6hemmin syksyll\u00e4 tai nyt syksy oli my\u00f6h\u00e4ss\u00e4 siit\u00e4, mit\u00e4 se Inhan siell\u00e4 ollessa oli ollut. Kuitenkin ihan hirve\u00e4n my\u00f6h\u00e4\u00e4n syksyst\u00e4 ei kuvat voi olla otetut, koska joissain kuvissa aurinko painui melko pian kuvan oton j\u00e4lkeen vuorten taakse piiloon. My\u00f6hemmin syksyll\u00e4 samaan aikaan olisi ollut jo pime\u00e4\u00e4.<\/p>\n<p>Lopuksi voin todeta maisemaan muuttuvan Saksassa siin\u00e4 miss\u00e4 Suomessakin. Puuta ja pensaat lis\u00e4\u00e4ntyv\u00e4t ja maiseman avoimuus h\u00e4vi\u00e4\u00e4.<\/p>\n","protected":false},"excerpt":{"rendered":"<p>Syyskuussa 1889 Inha matkusti Etel\u00e4-Baijeriin, Bad Gr\u00f6nenbachiin opiskelemaan valokuvausta W. Gronenburgin oppilaitoksessa. Tuona syksyn\u00e4 h\u00e4n kuvasi koulunsa ymp\u00e4rist\u00f6n maisemia sek\u00e4 kappaleen matkan p\u00e4\u00e4ss\u00e4 koulusta virranneesta Iller-joesta. Perjantaina k\u00e4vimme&#8230;<\/p>\n","protected":false},"author":1,"featured_media":0,"comment_status":"open","ping_status":"open","sticky":false,"template":"","format":"standard","meta":{"footnotes":""},"categories":[14,17],"tags":[],"_links":{"self":[{"href":"https:\/\/blogi.ennola.fi\/index.php?rest_route=\/wp\/v2\/posts\/1879"}],"collection":[{"href":"https:\/\/blogi.ennola.fi\/index.php?rest_route=\/wp\/v2\/posts"}],"about":[{"href":"https:\/\/blogi.ennola.fi\/index.php?rest_route=\/wp\/v2\/types\/post"}],"author":[{"embeddable":true,"href":"https:\/\/blogi.ennola.fi\/index.php?rest_route=\/wp\/v2\/users\/1"}],"replies":[{"embeddable":true,"href":"https:\/\/blogi.ennola.fi\/index.php?rest_route=%2Fwp%2Fv2%2Fcomments&post=1879"}],"version-history":[{"count":5,"href":"https:\/\/blogi.ennola.fi\/index.php?rest_route=\/wp\/v2\/posts\/1879\/revisions"}],"predecessor-version":[{"id":5267,"href":"https:\/\/blogi.ennola.fi\/index.php?rest_route=\/wp\/v2\/posts\/1879\/revisions\/5267"}],"wp:attachment":[{"href":"https:\/\/blogi.ennola.fi\/index.php?rest_route=%2Fwp%2Fv2%2Fmedia&parent=1879"}],"wp:term":[{"taxonomy":"category","embeddable":true,"href":"https:\/\/blogi.ennola.fi\/index.php?rest_route=%2Fwp%2Fv2%2Fcategories&post=1879"},{"taxonomy":"post_tag","embeddable":true,"href":"https:\/\/blogi.ennola.fi\/index.php?rest_route=%2Fwp%2Fv2%2Ftags&post=1879"}],"curies":[{"name":"wp","href":"https:\/\/api.w.org\/{rel}","templated":true}]}}