{"id":1881,"date":"2011-12-01T21:07:20","date_gmt":"2011-12-01T19:07:20","guid":{"rendered":"https:\/\/blogi.ennola.fi\/?p=1881"},"modified":"2020-06-08T17:03:33","modified_gmt":"2020-06-08T14:03:33","slug":"nebelhornin-huipulla","status":"publish","type":"post","link":"https:\/\/blogi.ennola.fi\/?p=1881","title":{"rendered":"Nebelhornin huipulla"},"content":{"rendered":"<p>Sunnuntaiaamu valkeni kirkkaana ja aurinkoisena. P\u00e4\u00e4timme hy\u00f6dynt\u00e4\u00e4 kauniin p\u00e4iv\u00e4n menem\u00e4ll\u00e4 l\u00e4himm\u00e4lle huipulle ihastelemaan n\u00e4k\u00f6aloja. L\u00e4mp\u00f6tila oli y\u00f6ll\u00e4 ollut pakkasella ja luonnollinen ajatuksemme oli, ett\u00e4 ylh\u00e4\u00e4ll\u00e4 saattaisi olla viel\u00e4 kylmempi. Niinp\u00e4 puimme l\u00e4mpim\u00e4sti ja suuntasimme suoraan Oberstdorfin keskustasta l\u00e4htev\u00e4lle gondolihissille.<\/p>\n<div id=\"attachment_1937\" style=\"width: 460px\" class=\"wp-caption aligncenter\"><a href=\"https:\/\/blogi.ennola.fi\/wp-content\/uploads\/2011\/12\/IMG_6239.jpg\" rel=\"lightbox[1881]\"><img loading=\"lazy\" decoding=\"async\" aria-describedby=\"caption-attachment-1937\" class=\"wp-image-1937 size-full\" title=\"Gondoli hissi matkalla Nebelhornin korkeimmalle tasanteelle.\" src=\"https:\/\/blogi.ennola.fi\/wp-content\/uploads\/2011\/12\/IMG_6239-1.jpg\" alt=\"\" width=\"450\" height=\"275\" srcset=\"https:\/\/blogi.ennola.fi\/wp-content\/uploads\/2011\/12\/IMG_6239-1.jpg 450w, https:\/\/blogi.ennola.fi\/wp-content\/uploads\/2011\/12\/IMG_6239-1-150x92.jpg 150w\" sizes=\"(max-width: 450px) 100vw, 450px\" \/><\/a><p id=\"caption-attachment-1937\" class=\"wp-caption-text\">Gondoli hissi matkalla Nebelhornin korkeimmalle tasanteelle.<\/p><\/div>\n<p>Gondolihissi oli hieman hintava, noin 80 euroa edestakaisin ylimm\u00e4lle tasanteelle koko perheelt\u00e4. Suunnitelmissamme oli tulla ainakin osan matkaa k\u00e4vellen alas huipulta, mutta varmuuden vuoksi otimme liput menopaluuna, koska se ei ollut valtavan paljoa yhdensuuntaista lippua kalliimpi.<\/p>\n<div id=\"attachment_1939\" style=\"width: 490px\" class=\"wp-caption aligncenter\"><a href=\"https:\/\/blogi.ennola.fi\/wp-content\/uploads\/2011\/12\/Saksa_Panorama4.jpg\" rel=\"lightbox[1881]\"><img loading=\"lazy\" decoding=\"async\" aria-describedby=\"caption-attachment-1939\" class=\"wp-image-1939 size-full\" title=\"Wengenkopf-vuoren huippu Nebelhornin it\u00e4puolella.\" src=\"https:\/\/blogi.ennola.fi\/wp-content\/uploads\/2011\/12\/Saksa_Panorama4-1.jpg\" alt=\"\" width=\"480\" height=\"247\" srcset=\"https:\/\/blogi.ennola.fi\/wp-content\/uploads\/2011\/12\/Saksa_Panorama4-1.jpg 480w, https:\/\/blogi.ennola.fi\/wp-content\/uploads\/2011\/12\/Saksa_Panorama4-1-150x77.jpg 150w\" sizes=\"(max-width: 480px) 100vw, 480px\" \/><\/a><p id=\"caption-attachment-1939\" class=\"wp-caption-text\">Wengenkopf-vuoren huippu Nebelhornin it\u00e4puolella.<\/p><\/div>\n<div id=\"attachment_1933\" style=\"width: 490px\" class=\"wp-caption aligncenter\"><a href=\"https:\/\/blogi.ennola.fi\/wp-content\/uploads\/2011\/12\/Saksa_Panorama9.jpg\" rel=\"lightbox[1881]\"><img loading=\"lazy\" decoding=\"async\" aria-describedby=\"caption-attachment-1933\" class=\"wp-image-1933 size-full\" title=\"Gaisalphorn Nebelhornin l\u00e4nsipuolella.\" src=\"https:\/\/blogi.ennola.fi\/wp-content\/uploads\/2011\/12\/Saksa_Panorama9-1.jpg\" alt=\"\" width=\"480\" height=\"148\" srcset=\"https:\/\/blogi.ennola.fi\/wp-content\/uploads\/2011\/12\/Saksa_Panorama9-1.jpg 480w, https:\/\/blogi.ennola.fi\/wp-content\/uploads\/2011\/12\/Saksa_Panorama9-1-150x46.jpg 150w\" sizes=\"(max-width: 480px) 100vw, 480px\" \/><\/a><p id=\"caption-attachment-1933\" class=\"wp-caption-text\">Gaisalphorn Nebelhornin l\u00e4nsipuolella.<\/p><\/div>\n<p>Ylimm\u00e4ll\u00e4 tasanteella otimme hieman kuvia Alpeista moneen suuntaan ja aikamme maisemia ihailtuamme l\u00e4hdimme laskeutumaan polkua alasp\u00e4in seuraavalle tasanteelle. Eeva ei oikein pystynyt rentoutumaan satojen metrien korkuisten jyrk\u00e4nteiden p\u00e4\u00e4ll\u00e4, mutta min\u00e4 ja Alli kiertelimme hieman ymp\u00e4rist\u00f6ss\u00e4 hakemassa kuvakulmia. Yll\u00e4tt\u00e4en aurinko oli ylh\u00e4\u00e4ll\u00e4 jo l\u00e4mmitt\u00e4nyt maiseman ja meill\u00e4 olikin liian l\u00e4mpim\u00e4sti p\u00e4\u00e4ll\u00e4.<\/p>\n<div id=\"attachment_1936\" style=\"width: 334px\" class=\"wp-caption aligncenter\"><a href=\"https:\/\/blogi.ennola.fi\/wp-content\/uploads\/2011\/12\/IMG_6234.jpg\" rel=\"lightbox[1881]\"><img loading=\"lazy\" decoding=\"async\" aria-describedby=\"caption-attachment-1936\" class=\"wp-image-1936 size-full\" title=\"Alppinaakkoja yl\u00e4tasanteella.\" src=\"https:\/\/blogi.ennola.fi\/wp-content\/uploads\/2011\/12\/IMG_6234-1.jpg\" alt=\"\" width=\"324\" height=\"420\" srcset=\"https:\/\/blogi.ennola.fi\/wp-content\/uploads\/2011\/12\/IMG_6234-1.jpg 324w, https:\/\/blogi.ennola.fi\/wp-content\/uploads\/2011\/12\/IMG_6234-1-116x150.jpg 116w, https:\/\/blogi.ennola.fi\/wp-content\/uploads\/2011\/12\/IMG_6234-1-309x400.jpg 309w\" sizes=\"(max-width: 324px) 100vw, 324px\" \/><\/a><p id=\"caption-attachment-1936\" class=\"wp-caption-text\">Alppinaakkoja yl\u00e4tasanteella.<\/p><\/div>\n<div id=\"attachment_1935\" style=\"width: 302px\" class=\"wp-caption aligncenter\"><a href=\"https:\/\/blogi.ennola.fi\/wp-content\/uploads\/2011\/12\/IMG_6237.jpg\" rel=\"lightbox[1881]\"><img loading=\"lazy\" decoding=\"async\" aria-describedby=\"caption-attachment-1935\" class=\"wp-image-1935 size-full\" title=\"Jokin Alpeilla kasvava katkerolaji.\" src=\"https:\/\/blogi.ennola.fi\/wp-content\/uploads\/2011\/12\/IMG_6237-1.jpg\" alt=\"\" width=\"292\" height=\"420\" srcset=\"https:\/\/blogi.ennola.fi\/wp-content\/uploads\/2011\/12\/IMG_6237-1.jpg 292w, https:\/\/blogi.ennola.fi\/wp-content\/uploads\/2011\/12\/IMG_6237-1-104x150.jpg 104w, https:\/\/blogi.ennola.fi\/wp-content\/uploads\/2011\/12\/IMG_6237-1-278x400.jpg 278w\" sizes=\"(max-width: 292px) 100vw, 292px\" \/><\/a><p id=\"caption-attachment-1935\" class=\"wp-caption-text\">Jokin Alpeilla kasvava katkerolaji.<\/p><\/div>\n<div id=\"attachment_1940\" style=\"width: 490px\" class=\"wp-caption aligncenter\"><a href=\"https:\/\/blogi.ennola.fi\/wp-content\/uploads\/2011\/12\/Saksa_Panorama8.jpg\" rel=\"lightbox[1881]\"><img loading=\"lazy\" decoding=\"async\" aria-describedby=\"caption-attachment-1940\" class=\"wp-image-1940 size-full\" title=\"Westlicher Wengenkopf, vasemmalla polku, jota kuljimme.\" src=\"https:\/\/blogi.ennola.fi\/wp-content\/uploads\/2011\/12\/Saksa_Panorama8-1.jpg\" alt=\"\" width=\"480\" height=\"230\" srcset=\"https:\/\/blogi.ennola.fi\/wp-content\/uploads\/2011\/12\/Saksa_Panorama8-1.jpg 480w, https:\/\/blogi.ennola.fi\/wp-content\/uploads\/2011\/12\/Saksa_Panorama8-1-150x72.jpg 150w\" sizes=\"(max-width: 480px) 100vw, 480px\" \/><\/a><p id=\"caption-attachment-1940\" class=\"wp-caption-text\">Westlicher Wengenkopf, vasemmalla polku, jota kuljimme.<\/p><\/div>\n<p>Vuorelta tuli alasp\u00e4in useita eri tasoisia polkuja. Onneksi valitsimme niist\u00e4 helpoimman, sill\u00e4 jostakin syyst\u00e4 Aamu ei ollut k\u00e4velytuulella. Ilmeisesti vaativimmat Alppipoluista olisivat olleet todella vaativia, joille ilman kiipeilykokemusta ja varusteita ei olisi syyt\u00e4 l\u00e4hte\u00e4. Lis\u00e4ksi en ainakaan viel\u00e4 t\u00e4ll\u00e4 kokemuksella oikein kyennyt kartalta arvioimaan, mink\u00e4 tasoisia, mitk\u00e4kin polut olivat. Niinp\u00e4 turvallisimmalta vaikutti tuo helpoin, joka sopi hyvin perheretkeilyynkin.<\/p>\n<div id=\"attachment_1934\" style=\"width: 371px\" class=\"wp-caption aligncenter\"><a href=\"https:\/\/blogi.ennola.fi\/wp-content\/uploads\/2011\/12\/IMG_6248-1.jpg\" rel=\"lightbox[1881]\"><img loading=\"lazy\" decoding=\"async\" aria-describedby=\"caption-attachment-1934\" class=\"wp-image-1934 size-full\" title=\"Jokin leinikkilaji.\" src=\"https:\/\/blogi.ennola.fi\/wp-content\/uploads\/2011\/12\/IMG_6248-1.jpg\" alt=\"\" width=\"361\" height=\"420\" srcset=\"https:\/\/blogi.ennola.fi\/wp-content\/uploads\/2011\/12\/IMG_6248-1.jpg 361w, https:\/\/blogi.ennola.fi\/wp-content\/uploads\/2011\/12\/IMG_6248-1-129x150.jpg 129w, https:\/\/blogi.ennola.fi\/wp-content\/uploads\/2011\/12\/IMG_6248-1-344x400.jpg 344w\" sizes=\"(max-width: 361px) 100vw, 361px\" \/><\/a><p id=\"caption-attachment-1934\" class=\"wp-caption-text\">Jokin leinikkilaji.<\/p><\/div>\n<div id=\"attachment_1938\" style=\"width: 460px\" class=\"wp-caption aligncenter\"><a href=\"https:\/\/blogi.ennola.fi\/wp-content\/uploads\/2011\/12\/IMG_6258.jpg\" rel=\"lightbox[1881]\"><img loading=\"lazy\" decoding=\"async\" aria-describedby=\"caption-attachment-1938\" class=\"wp-image-1938 size-full\" title=\"Gondolihissi matkalla alas.\" src=\"https:\/\/blogi.ennola.fi\/wp-content\/uploads\/2011\/12\/IMG_6258-1.jpg\" alt=\"\" width=\"450\" height=\"329\" srcset=\"https:\/\/blogi.ennola.fi\/wp-content\/uploads\/2011\/12\/IMG_6258-1.jpg 450w, https:\/\/blogi.ennola.fi\/wp-content\/uploads\/2011\/12\/IMG_6258-1-150x110.jpg 150w\" sizes=\"(max-width: 450px) 100vw, 450px\" \/><\/a><p id=\"caption-attachment-1938\" class=\"wp-caption-text\">Gondolihissi matkalla alas.<\/p><\/div>\n<p>Aamu tuli ensimm\u00e4isell\u00e4 k\u00e4velyosuudella sen verta pahantuuliseksi, ett\u00e4 k\u00e4vimme vain hieman sy\u00f6m\u00e4ss\u00e4 jotain toiseksi ylimm\u00e4ll\u00e4 tasanteella ja palasimme sen j\u00e4lkeen hissill\u00e4 takaisin alas.<\/p>\n","protected":false},"excerpt":{"rendered":"<p>Sunnuntaiaamu valkeni kirkkaana ja aurinkoisena. P\u00e4\u00e4timme hy\u00f6dynt\u00e4\u00e4 kauniin p\u00e4iv\u00e4n menem\u00e4ll\u00e4 l\u00e4himm\u00e4lle huipulle ihastelemaan n\u00e4k\u00f6aloja. L\u00e4mp\u00f6tila oli y\u00f6ll\u00e4 ollut pakkasella ja luonnollinen ajatuksemme oli, ett\u00e4 ylh\u00e4\u00e4ll\u00e4 saattaisi olla viel\u00e4&#8230;<\/p>\n","protected":false},"author":1,"featured_media":1927,"comment_status":"open","ping_status":"open","sticky":false,"template":"","format":"standard","meta":{"footnotes":""},"categories":[4,17],"tags":[],"_links":{"self":[{"href":"https:\/\/blogi.ennola.fi\/index.php?rest_route=\/wp\/v2\/posts\/1881"}],"collection":[{"href":"https:\/\/blogi.ennola.fi\/index.php?rest_route=\/wp\/v2\/posts"}],"about":[{"href":"https:\/\/blogi.ennola.fi\/index.php?rest_route=\/wp\/v2\/types\/post"}],"author":[{"embeddable":true,"href":"https:\/\/blogi.ennola.fi\/index.php?rest_route=\/wp\/v2\/users\/1"}],"replies":[{"embeddable":true,"href":"https:\/\/blogi.ennola.fi\/index.php?rest_route=%2Fwp%2Fv2%2Fcomments&post=1881"}],"version-history":[{"count":4,"href":"https:\/\/blogi.ennola.fi\/index.php?rest_route=\/wp\/v2\/posts\/1881\/revisions"}],"predecessor-version":[{"id":5089,"href":"https:\/\/blogi.ennola.fi\/index.php?rest_route=\/wp\/v2\/posts\/1881\/revisions\/5089"}],"wp:featuredmedia":[{"embeddable":true,"href":"https:\/\/blogi.ennola.fi\/index.php?rest_route=\/wp\/v2\/media\/1927"}],"wp:attachment":[{"href":"https:\/\/blogi.ennola.fi\/index.php?rest_route=%2Fwp%2Fv2%2Fmedia&parent=1881"}],"wp:term":[{"taxonomy":"category","embeddable":true,"href":"https:\/\/blogi.ennola.fi\/index.php?rest_route=%2Fwp%2Fv2%2Fcategories&post=1881"},{"taxonomy":"post_tag","embeddable":true,"href":"https:\/\/blogi.ennola.fi\/index.php?rest_route=%2Fwp%2Fv2%2Ftags&post=1881"}],"curies":[{"name":"wp","href":"https:\/\/api.w.org\/{rel}","templated":true}]}}