{"id":200,"date":"2017-07-04T18:02:36","date_gmt":"2017-07-04T15:02:36","guid":{"rendered":"https:\/\/blogi.ennola.fi\/?p=200"},"modified":"2020-06-08T08:09:08","modified_gmt":"2020-06-08T05:09:08","slug":"jaatikoilla","status":"publish","type":"post","link":"https:\/\/blogi.ennola.fi\/?p=200","title":{"rendered":"J\u00e4\u00e4tik\u00f6ill\u00e4"},"content":{"rendered":"<p>Suurimman osan matkastamme teimme Huippuvuorten p\u00e4\u00e4saaren lakij\u00e4\u00e4tik\u00f6ill\u00e4. Etuk\u00e4teen kartasta katsottuna j\u00e4\u00e4tik\u00f6t loivat vaikutelman suhteellisen tasaisesta ja piirteett\u00f6m\u00e4st\u00e4 lakij\u00e4\u00e4tik\u00f6st\u00e4. Paikanp\u00e4\u00e4ll\u00e4 \u00e4kki\u00e4 huomasin ensi vaikutelman olleen t\u00e4ysin v\u00e4\u00e4r\u00e4. J\u00e4\u00e4tikk\u00f6alueen vuoret jakoivat j\u00e4\u00e4tik\u00f6n lukuisiin erillisiin j\u00e4\u00e4tikk\u00f6ihin, jotka kaikki virtasivat omaan suuntaansa. Vuoret eiv\u00e4t olleetkaan vain satunnaisia maakaistaleita j\u00e4\u00e4tikk\u00f6alueen keskell\u00e4 vaan niit\u00e4 lukemalla pystyi hahmottamaan j\u00e4\u00e4tik\u00f6n muodon ja jakaantumisen erillisiin j\u00e4\u00e4tik\u00f6ihin. Samoin j\u00e4\u00e4tik\u00f6n korkeuserot ja niiden merkitys sen rakenteelle ja toiminnalle alkoivat hahmottua. Samalla alkoi my\u00f6s hahmottua se, miksi samalla j\u00e4\u00e4tikk\u00f6alueella oli niin paljon erinimisi\u00e4 alueita.<\/p>\n<p>Matkamme kulki aluksi Rabotbreenia pitkin yl\u00f6s, Fimbulisenin ja Von Postbreenin poikki ja sen j\u00e4lkeen taas Philippbreeni\u00e4 yl\u00f6s kunnes saavutimme yli kilometrin korkeuteen nousevan Lomonosovfonnan laen. N\u00e4it\u00e4 alkumatkan j\u00e4\u00e4tik\u00f6it\u00e4 reunustivat kauniit, usein hieman tunturimaisen loivapiirteiset vuoret. Lakij\u00e4\u00e4tik\u00f6lle saavuttuamme vuoret j\u00e4iv\u00e4t melko kauas j\u00e4\u00e4tik\u00f6n reunoille. Useimmat reuna-alueen vuoret j\u00e4iv\u00e4tkin korkeudessa jopa j\u00e4\u00e4tik\u00f6n laen alapuolelle, joten laaksoista k\u00e4sin mahtavan n\u00e4k\u00f6iset vuoret olivat mit\u00e4tt\u00f6mi\u00e4 pikku nyppyl\u00f6it\u00e4 j\u00e4\u00e4tik\u00f6lt\u00e4 katsottaessa. Toki huono s\u00e4\u00e4kin n\u00e4in\u00e4 p\u00e4ivin\u00e4 esti n\u00e4kem\u00e4st\u00e4 maisemia kunnolla.<\/p>\n<p>Huippuvuorten korkein nyppyl\u00e4 Newtontoppen oli viel\u00e4 melko tunturimaisen loivapiirteinen, mutta siirrytt\u00e4ess\u00e4 siit\u00e4 kohti Perriertoppenia alkoivat vuoret muuttua jyrkk\u00e4piirteisemmiksi ja ter\u00e4v\u00e4huippuisemmiksi. J\u00e4\u00e4tik\u00f6n laskiessa alasp\u00e4in, my\u00f6s vuorten suhteellinen korkeus alkoi taas kasvaa. Itse Perriertoppenin ymp\u00e4rist\u00f6ss\u00e4 j\u00e4\u00e4tikk\u00f6alue hajosikin t\u00e4ysin erillisiksi j\u00e4\u00e4tik\u00f6iksi vuorten v\u00e4leiss\u00e4.<\/p>\n<p>Toisen kerran palasimme j\u00e4\u00e4tik\u00f6ille viel\u00e4 Austfjordenin ja Billefjordenin v\u00e4liss\u00e4. Kun kapusimme Mittag-Lefflerbreeni\u00e4 ja McWhaebreeni\u00e4 yl\u00f6s puolen kilometrin korkeuteen ja laskeuduimme taas Ragnarbreeni\u00e4 toiselta puolelta alas. T\u00e4ll\u00e4 matkalla p\u00e4\u00e4simme tutustumaan j\u00e4\u00e4tik\u00f6n alaiseen j\u00e4\u00e4luolaan, joka p\u00e4\u00e4osin oli kahdessa vuodessa romahtanut, mutta tarjosi pieni\u00e4 aavistuksia siit\u00e4 mink\u00e4lainen oli mahtavimmillaan ollut.<\/p>\n<div id=\"attachment_231\" style=\"width: 490px\" class=\"wp-caption aligncenter\"><a href=\"https:\/\/blogi.ennola.fi\/wp-content\/uploads\/2017\/07\/Huippis_Panorama5b.jpg\" rel=\"lightbox[200]\"><img loading=\"lazy\" decoding=\"async\" aria-describedby=\"caption-attachment-231\" class=\"wp-image-231 size-full\" title=\"4.4.2017 Rabotbreenin reunamoreeni, Sassendalen.\" src=\"https:\/\/blogi.ennola.fi\/wp-content\/uploads\/2017\/07\/Huippis_Panorama5b-1.jpg\" alt=\"\" width=\"480\" height=\"147\" srcset=\"https:\/\/blogi.ennola.fi\/wp-content\/uploads\/2017\/07\/Huippis_Panorama5b-1.jpg 480w, https:\/\/blogi.ennola.fi\/wp-content\/uploads\/2017\/07\/Huippis_Panorama5b-1-150x46.jpg 150w\" sizes=\"(max-width: 480px) 100vw, 480px\" \/><\/a><p id=\"caption-attachment-231\" class=\"wp-caption-text\">4.4.2017 Rabotbreenin reunamoreeni, Sassendalen.<\/p><\/div>\n<div id=\"attachment_232\" style=\"width: 490px\" class=\"wp-caption aligncenter\"><a href=\"https:\/\/blogi.ennola.fi\/wp-content\/uploads\/2017\/07\/Huippis_Panorama5c.jpg\" rel=\"lightbox[200]\"><img loading=\"lazy\" decoding=\"async\" aria-describedby=\"caption-attachment-232\" class=\"wp-image-232 size-full\" title=\"4.4.2017 Wallenbergfjellet, Sassendalen, Stensi\u00f6fjellet ja Moskusryggen, Rabotbreen.\" src=\"https:\/\/blogi.ennola.fi\/wp-content\/uploads\/2017\/07\/Huippis_Panorama5c-1.jpg\" alt=\"\" width=\"480\" height=\"137\" srcset=\"https:\/\/blogi.ennola.fi\/wp-content\/uploads\/2017\/07\/Huippis_Panorama5c-1.jpg 480w, https:\/\/blogi.ennola.fi\/wp-content\/uploads\/2017\/07\/Huippis_Panorama5c-1-150x43.jpg 150w\" sizes=\"(max-width: 480px) 100vw, 480px\" \/><\/a><p id=\"caption-attachment-232\" class=\"wp-caption-text\">4.4.2017 Wallenbergfjellet, Sassendalen, Stensi\u00f6fjellet ja Moskusryggen, Rabotbreen.<\/p><\/div>\n<div id=\"attachment_233\" style=\"width: 490px\" class=\"wp-caption aligncenter\"><a href=\"https:\/\/blogi.ennola.fi\/wp-content\/uploads\/2017\/07\/Huippis_Panorama6b.jpg\" rel=\"lightbox[200]\"><img loading=\"lazy\" decoding=\"async\" aria-describedby=\"caption-attachment-233\" class=\"wp-image-233 size-full\" title=\"5.4.2017 Nashornet ja aurinko, Von Postbreen.\" src=\"https:\/\/blogi.ennola.fi\/wp-content\/uploads\/2017\/07\/Huippis_Panorama6b-1.jpg\" alt=\"\" width=\"480\" height=\"158\" srcset=\"https:\/\/blogi.ennola.fi\/wp-content\/uploads\/2017\/07\/Huippis_Panorama6b-1.jpg 480w, https:\/\/blogi.ennola.fi\/wp-content\/uploads\/2017\/07\/Huippis_Panorama6b-1-150x49.jpg 150w\" sizes=\"(max-width: 480px) 100vw, 480px\" \/><\/a><p id=\"caption-attachment-233\" class=\"wp-caption-text\">5.4.2017 Nashornet ja aurinko, Von Postbreen.<\/p><\/div>\n<div id=\"attachment_237\" style=\"width: 490px\" class=\"wp-caption aligncenter\"><a href=\"https:\/\/blogi.ennola.fi\/wp-content\/uploads\/2017\/07\/Huippis_Panorama7e.jpg\" rel=\"lightbox[200]\"><img loading=\"lazy\" decoding=\"async\" aria-describedby=\"caption-attachment-237\" class=\"wp-image-237 size-full\" title=\"6.4.2017 Skedvifjella, Von Postbreen.\" src=\"https:\/\/blogi.ennola.fi\/wp-content\/uploads\/2017\/07\/Huippis_Panorama7e-1.jpg\" alt=\"\" width=\"480\" height=\"101\" srcset=\"https:\/\/blogi.ennola.fi\/wp-content\/uploads\/2017\/07\/Huippis_Panorama7e-1.jpg 480w, https:\/\/blogi.ennola.fi\/wp-content\/uploads\/2017\/07\/Huippis_Panorama7e-1-150x32.jpg 150w\" sizes=\"(max-width: 480px) 100vw, 480px\" \/><\/a><p id=\"caption-attachment-237\" class=\"wp-caption-text\">6.4.2017 Skedvifjella, Von Postbreen.<\/p><\/div>\n<div id=\"attachment_234\" style=\"width: 490px\" class=\"wp-caption aligncenter\"><a href=\"https:\/\/blogi.ennola.fi\/wp-content\/uploads\/2017\/07\/Huippis_Panorama7b.jpg\" rel=\"lightbox[200]\"><img loading=\"lazy\" decoding=\"async\" aria-describedby=\"caption-attachment-234\" class=\"wp-image-234 size-full\" title=\"6.4.2017 Friederichsenfjella, Philippbreen.\" src=\"https:\/\/blogi.ennola.fi\/wp-content\/uploads\/2017\/07\/Huippis_Panorama7b-1.jpg\" alt=\"\" width=\"480\" height=\"122\" srcset=\"https:\/\/blogi.ennola.fi\/wp-content\/uploads\/2017\/07\/Huippis_Panorama7b-1.jpg 480w, https:\/\/blogi.ennola.fi\/wp-content\/uploads\/2017\/07\/Huippis_Panorama7b-1-150x38.jpg 150w\" sizes=\"(max-width: 480px) 100vw, 480px\" \/><\/a><p id=\"caption-attachment-234\" class=\"wp-caption-text\">6.4.2017 Friederichsenfjella, Philippbreen.<\/p><\/div>\n<div id=\"attachment_236\" style=\"width: 490px\" class=\"wp-caption aligncenter\"><a href=\"https:\/\/blogi.ennola.fi\/wp-content\/uploads\/2017\/07\/Huippis_Panorama7d.jpg\" rel=\"lightbox[200]\"><img loading=\"lazy\" decoding=\"async\" aria-describedby=\"caption-attachment-236\" class=\"wp-image-236 size-full\" title=\"6.4.2017 Skedvifjella, Barkowfjellet, Flaska ja Bikja, Philippbreen.\" src=\"https:\/\/blogi.ennola.fi\/wp-content\/uploads\/2017\/07\/Huippis_Panorama7d-1.jpg\" alt=\"\" width=\"480\" height=\"155\" srcset=\"https:\/\/blogi.ennola.fi\/wp-content\/uploads\/2017\/07\/Huippis_Panorama7d-1.jpg 480w, https:\/\/blogi.ennola.fi\/wp-content\/uploads\/2017\/07\/Huippis_Panorama7d-1-150x48.jpg 150w\" sizes=\"(max-width: 480px) 100vw, 480px\" \/><\/a><p id=\"caption-attachment-236\" class=\"wp-caption-text\">6.4.2017 Skedvifjella, Barkowfjellet, Flaska ja Bikja, Philippbreen.<\/p><\/div>\n<div id=\"attachment_235\" style=\"width: 490px\" class=\"wp-caption aligncenter\"><a href=\"https:\/\/blogi.ennola.fi\/wp-content\/uploads\/2017\/07\/Huippis_Panorama7c.jpg\" rel=\"lightbox[200]\"><img loading=\"lazy\" decoding=\"async\" aria-describedby=\"caption-attachment-235\" class=\"wp-image-235 size-full\" title=\"6.4.2017 Smyslovfjellet, Philippbreen.\" src=\"https:\/\/blogi.ennola.fi\/wp-content\/uploads\/2017\/07\/Huippis_Panorama7c-1.jpg\" alt=\"\" width=\"480\" height=\"110\" srcset=\"https:\/\/blogi.ennola.fi\/wp-content\/uploads\/2017\/07\/Huippis_Panorama7c-1.jpg 480w, https:\/\/blogi.ennola.fi\/wp-content\/uploads\/2017\/07\/Huippis_Panorama7c-1-150x34.jpg 150w\" sizes=\"(max-width: 480px) 100vw, 480px\" \/><\/a><p id=\"caption-attachment-235\" class=\"wp-caption-text\">6.4.2017 Smyslovfjellet, Philippbreen.<\/p><\/div>\n<div id=\"attachment_240\" style=\"width: 490px\" class=\"wp-caption aligncenter\"><a href=\"https:\/\/blogi.ennola.fi\/wp-content\/uploads\/2017\/07\/Huippis_Panorama8d.jpg\" rel=\"lightbox[200]\"><img loading=\"lazy\" decoding=\"async\" aria-describedby=\"caption-attachment-240\" class=\"wp-image-240 size-full\" title=\"7.4.2017 Ryggsekkeri, Pattersonfjellet, Jacksontoppen, Gnomen ja Kaffikjelen, Filchnerfonna.\" src=\"https:\/\/blogi.ennola.fi\/wp-content\/uploads\/2017\/07\/Huippis_Panorama8d-1.jpg\" alt=\"\" width=\"480\" height=\"159\" srcset=\"https:\/\/blogi.ennola.fi\/wp-content\/uploads\/2017\/07\/Huippis_Panorama8d-1.jpg 480w, https:\/\/blogi.ennola.fi\/wp-content\/uploads\/2017\/07\/Huippis_Panorama8d-1-150x50.jpg 150w\" sizes=\"(max-width: 480px) 100vw, 480px\" \/><\/a><p id=\"caption-attachment-240\" class=\"wp-caption-text\">7.4.2017 Ryggsekkeri, Pattersonfjellet, Jacksontoppen, Gnomen ja Kaffikjelen, Filchnerfonna.<\/p><\/div>\n<div id=\"attachment_238\" style=\"width: 490px\" class=\"wp-caption aligncenter\"><a href=\"https:\/\/blogi.ennola.fi\/wp-content\/uploads\/2017\/07\/Huippis_Panorama8b.jpg\" rel=\"lightbox[200]\"><img loading=\"lazy\" decoding=\"async\" aria-describedby=\"caption-attachment-238\" class=\"wp-image-238 size-full\" title=\"7.4.2017 Bromsfjellet, Annafjellet ja Nemtinovfjellet, Filchnerfonna.\" src=\"https:\/\/blogi.ennola.fi\/wp-content\/uploads\/2017\/07\/Huippis_Panorama8b-1.jpg\" alt=\"\" width=\"480\" height=\"109\" srcset=\"https:\/\/blogi.ennola.fi\/wp-content\/uploads\/2017\/07\/Huippis_Panorama8b-1.jpg 480w, https:\/\/blogi.ennola.fi\/wp-content\/uploads\/2017\/07\/Huippis_Panorama8b-1-150x34.jpg 150w\" sizes=\"(max-width: 480px) 100vw, 480px\" \/><\/a><p id=\"caption-attachment-238\" class=\"wp-caption-text\">7.4.2017 Bromsfjellet, Annafjellet ja Nemtinovfjellet, Filchnerfonna.<\/p><\/div>\n<div id=\"attachment_239\" style=\"width: 490px\" class=\"wp-caption aligncenter\"><a href=\"https:\/\/blogi.ennola.fi\/wp-content\/uploads\/2017\/07\/Huippis_Panorama8c.jpg\" rel=\"lightbox[200]\"><img loading=\"lazy\" decoding=\"async\" aria-describedby=\"caption-attachment-239\" class=\"wp-image-239 size-full\" title=\"7.4.2017 Kuu ja Terrierfjellet, Lomonosovfonna.\" src=\"https:\/\/blogi.ennola.fi\/wp-content\/uploads\/2017\/07\/Huippis_Panorama8c-1.jpg\" alt=\"\" width=\"480\" height=\"131\" srcset=\"https:\/\/blogi.ennola.fi\/wp-content\/uploads\/2017\/07\/Huippis_Panorama8c-1.jpg 480w, https:\/\/blogi.ennola.fi\/wp-content\/uploads\/2017\/07\/Huippis_Panorama8c-1-150x41.jpg 150w\" sizes=\"(max-width: 480px) 100vw, 480px\" \/><\/a><p id=\"caption-attachment-239\" class=\"wp-caption-text\">7.4.2017 Kuu ja Terrierfjellet, Lomonosovfonna.<\/p><\/div>\n<div id=\"attachment_246\" style=\"width: 490px\" class=\"wp-caption aligncenter\"><a href=\"https:\/\/blogi.ennola.fi\/wp-content\/uploads\/2017\/07\/Huippis_Panorama10b.jpg\" rel=\"lightbox[200]\"><img loading=\"lazy\" decoding=\"async\" aria-describedby=\"caption-attachment-246\" class=\"wp-image-246 size-full\" title=\"9.4.2017 Astronomfjellet, Keplerbreen.\" src=\"https:\/\/blogi.ennola.fi\/wp-content\/uploads\/2017\/07\/Huippis_Panorama10b-1.jpg\" alt=\"\" width=\"480\" height=\"104\" srcset=\"https:\/\/blogi.ennola.fi\/wp-content\/uploads\/2017\/07\/Huippis_Panorama10b-1.jpg 480w, https:\/\/blogi.ennola.fi\/wp-content\/uploads\/2017\/07\/Huippis_Panorama10b-1-150x33.jpg 150w\" sizes=\"(max-width: 480px) 100vw, 480px\" \/><\/a><p id=\"caption-attachment-246\" class=\"wp-caption-text\">9.4.2017 Astronomfjellet, Keplerbreen.<\/p><\/div>\n<div id=\"attachment_241\" style=\"width: 490px\" class=\"wp-caption aligncenter\"><a href=\"https:\/\/blogi.ennola.fi\/wp-content\/uploads\/2017\/07\/Huippis_Panorama11b.jpg\" rel=\"lightbox[200]\"><img loading=\"lazy\" decoding=\"async\" aria-describedby=\"caption-attachment-241\" class=\"wp-image-241 size-full\" title=\"10.4.2017 Newtontoppen, Kvitbreen.\" src=\"https:\/\/blogi.ennola.fi\/wp-content\/uploads\/2017\/07\/Huippis_Panorama11b-1.jpg\" alt=\"\" width=\"480\" height=\"136\" srcset=\"https:\/\/blogi.ennola.fi\/wp-content\/uploads\/2017\/07\/Huippis_Panorama11b-1.jpg 480w, https:\/\/blogi.ennola.fi\/wp-content\/uploads\/2017\/07\/Huippis_Panorama11b-1-150x43.jpg 150w\" sizes=\"(max-width: 480px) 100vw, 480px\" \/><\/a><p id=\"caption-attachment-241\" class=\"wp-caption-text\">10.4.2017 Newtontoppen, Kvitbreen.<\/p><\/div>\n<div id=\"attachment_242\" style=\"width: 490px\" class=\"wp-caption aligncenter\"><a href=\"https:\/\/blogi.ennola.fi\/wp-content\/uploads\/2017\/07\/Huippis_Panorama11c.jpg\" rel=\"lightbox[200]\"><img loading=\"lazy\" decoding=\"async\" aria-describedby=\"caption-attachment-242\" class=\"wp-image-242 size-full\" title=\"10.4.2017 Wainfletefjellet, Didierfjellet ja Newtontoppen, Kvitbreen.\" src=\"https:\/\/blogi.ennola.fi\/wp-content\/uploads\/2017\/07\/Huippis_Panorama11c-1.jpg\" alt=\"\" width=\"480\" height=\"80\" srcset=\"https:\/\/blogi.ennola.fi\/wp-content\/uploads\/2017\/07\/Huippis_Panorama11c-1.jpg 480w, https:\/\/blogi.ennola.fi\/wp-content\/uploads\/2017\/07\/Huippis_Panorama11c-1-150x25.jpg 150w\" sizes=\"(max-width: 480px) 100vw, 480px\" \/><\/a><p id=\"caption-attachment-242\" class=\"wp-caption-text\">10.4.2017 Wainfletefjellet, Didierfjellet ja Newtontoppen, Kvitbreen.<\/p><\/div>\n<div id=\"attachment_247\" style=\"width: 490px\" class=\"wp-caption aligncenter\"><a href=\"https:\/\/blogi.ennola.fi\/wp-content\/uploads\/2017\/07\/Huippis_Panorama11e.jpg\" rel=\"lightbox[200]\"><img loading=\"lazy\" decoding=\"async\" aria-describedby=\"caption-attachment-247\" class=\"wp-image-247 size-full\" title=\"10.4.2017 Bleigen, Venusfjellet, Didierfjellet ja Newtontoppen, Trebrepasset.\" src=\"https:\/\/blogi.ennola.fi\/wp-content\/uploads\/2017\/07\/Huippis_Panorama11e-1.jpg\" alt=\"\" width=\"480\" height=\"86\" srcset=\"https:\/\/blogi.ennola.fi\/wp-content\/uploads\/2017\/07\/Huippis_Panorama11e-1.jpg 480w, https:\/\/blogi.ennola.fi\/wp-content\/uploads\/2017\/07\/Huippis_Panorama11e-1-150x27.jpg 150w\" sizes=\"(max-width: 480px) 100vw, 480px\" \/><\/a><p id=\"caption-attachment-247\" class=\"wp-caption-text\">10.4.2017 Bleigen, Venusfjellet, Didierfjellet ja Newtontoppen, Trebrepasset.<\/p><\/div>\n<div id=\"attachment_243\" style=\"width: 490px\" class=\"wp-caption aligncenter\"><a href=\"https:\/\/blogi.ennola.fi\/wp-content\/uploads\/2017\/07\/Huippis_Panorama11d.jpg\" rel=\"lightbox[200]\"><img loading=\"lazy\" decoding=\"async\" aria-describedby=\"caption-attachment-243\" class=\"wp-image-243 size-full\" title=\"10.4.2017 Neptunfjellet, Meteorane, Galileotoppen ja Didierfjellet, Veteranen.\" src=\"https:\/\/blogi.ennola.fi\/wp-content\/uploads\/2017\/07\/Huippis_Panorama11d-1.jpg\" alt=\"\" width=\"480\" height=\"96\" srcset=\"https:\/\/blogi.ennola.fi\/wp-content\/uploads\/2017\/07\/Huippis_Panorama11d-1.jpg 480w, https:\/\/blogi.ennola.fi\/wp-content\/uploads\/2017\/07\/Huippis_Panorama11d-1-150x30.jpg 150w\" sizes=\"(max-width: 480px) 100vw, 480px\" \/><\/a><p id=\"caption-attachment-243\" class=\"wp-caption-text\">10.4.2017 Neptunfjellet, Meteorane, Galileotoppen ja Didierfjellet, Veteranen.<\/p><\/div>\n<div id=\"attachment_245\" style=\"width: 490px\" class=\"wp-caption aligncenter\"><a href=\"https:\/\/blogi.ennola.fi\/wp-content\/uploads\/2017\/07\/Huippis_Panorama12h.jpg\" rel=\"lightbox[200]\"><img loading=\"lazy\" decoding=\"async\" aria-describedby=\"caption-attachment-245\" class=\"wp-image-245 size-full\" title=\"11.4.2017 Neptunfjellet, Plutofjellet, Solfjellet ja Malloryfjellet, M\u00e5nebreen.\" src=\"https:\/\/blogi.ennola.fi\/wp-content\/uploads\/2017\/07\/Huippis_Panorama12h-1.jpg\" alt=\"\" width=\"480\" height=\"95\" srcset=\"https:\/\/blogi.ennola.fi\/wp-content\/uploads\/2017\/07\/Huippis_Panorama12h-1.jpg 480w, https:\/\/blogi.ennola.fi\/wp-content\/uploads\/2017\/07\/Huippis_Panorama12h-1-150x30.jpg 150w\" sizes=\"(max-width: 480px) 100vw, 480px\" \/><\/a><p id=\"caption-attachment-245\" class=\"wp-caption-text\">11.4.2017 Neptunfjellet, Plutofjellet, Solfjellet ja Malloryfjellet, M\u00e5nebreen.<\/p><\/div>\n<div id=\"attachment_244\" style=\"width: 490px\" class=\"wp-caption aligncenter\"><a href=\"https:\/\/blogi.ennola.fi\/wp-content\/uploads\/2017\/07\/Huippis_Panorama12g.jpg\" rel=\"lightbox[200]\"><img loading=\"lazy\" decoding=\"async\" aria-describedby=\"caption-attachment-244\" class=\"wp-image-244 size-full\" title=\"11.4.2017 Vestafjellet ja Irvinefjellet, Gallerbreen.\" src=\"https:\/\/blogi.ennola.fi\/wp-content\/uploads\/2017\/07\/Huippis_Panorama12g-1.jpg\" alt=\"\" width=\"480\" height=\"79\" srcset=\"https:\/\/blogi.ennola.fi\/wp-content\/uploads\/2017\/07\/Huippis_Panorama12g-1.jpg 480w, https:\/\/blogi.ennola.fi\/wp-content\/uploads\/2017\/07\/Huippis_Panorama12g-1-150x25.jpg 150w\" sizes=\"(max-width: 480px) 100vw, 480px\" \/><\/a><p id=\"caption-attachment-244\" class=\"wp-caption-text\">11.4.2017 Vestafjellet ja Irvinefjellet, Gallerbreen.<\/p><\/div>\n<div id=\"attachment_248\" style=\"width: 490px\" class=\"wp-caption aligncenter\"><a href=\"https:\/\/blogi.ennola.fi\/wp-content\/uploads\/2017\/07\/Huippis_Panorama16f.jpg\" rel=\"lightbox[200]\"><img loading=\"lazy\" decoding=\"async\" aria-describedby=\"caption-attachment-248\" class=\"wp-image-248 size-full\" title=\"15.4.2017 Trikolorfjellet ja Odellfjellet, Mittag-Lefflerbreen.\" src=\"https:\/\/blogi.ennola.fi\/wp-content\/uploads\/2017\/07\/Huippis_Panorama16f-1.jpg\" alt=\"\" width=\"480\" height=\"188\" srcset=\"https:\/\/blogi.ennola.fi\/wp-content\/uploads\/2017\/07\/Huippis_Panorama16f-1.jpg 480w, https:\/\/blogi.ennola.fi\/wp-content\/uploads\/2017\/07\/Huippis_Panorama16f-1-150x59.jpg 150w\" sizes=\"(max-width: 480px) 100vw, 480px\" \/><\/a><p id=\"caption-attachment-248\" class=\"wp-caption-text\">15.4.2017 Trikolorfjellet ja Odellfjellet, Mittag-Lefflerbreen.<\/p><\/div>\n<div id=\"attachment_249\" style=\"width: 490px\" class=\"wp-caption aligncenter\"><a href=\"https:\/\/blogi.ennola.fi\/wp-content\/uploads\/2017\/07\/Huippis_Panorama16d.jpg\" rel=\"lightbox[200]\"><img loading=\"lazy\" decoding=\"async\" aria-describedby=\"caption-attachment-249\" class=\"wp-image-249 size-full\" title=\"15.4.2017 J\u00e4\u00e4luolan sis\u00e4lt\u00e4, Mittag-Lefflerbreen.\" src=\"https:\/\/blogi.ennola.fi\/wp-content\/uploads\/2017\/07\/Huippis_Panorama16d-1.jpg\" alt=\"\" width=\"480\" height=\"204\" srcset=\"https:\/\/blogi.ennola.fi\/wp-content\/uploads\/2017\/07\/Huippis_Panorama16d-1.jpg 480w, https:\/\/blogi.ennola.fi\/wp-content\/uploads\/2017\/07\/Huippis_Panorama16d-1-150x64.jpg 150w\" sizes=\"(max-width: 480px) 100vw, 480px\" \/><\/a><p id=\"caption-attachment-249\" class=\"wp-caption-text\">15.4.2017 J\u00e4\u00e4luolan sis\u00e4lt\u00e4, Mittag-Lefflerbreen.<\/p><\/div>\n<div id=\"attachment_226\" style=\"width: 490px\" class=\"wp-caption aligncenter\"><a href=\"https:\/\/blogi.ennola.fi\/wp-content\/uploads\/2017\/07\/Huippis_Panorama16e.jpg\" rel=\"lightbox[200]\"><img loading=\"lazy\" decoding=\"async\" aria-describedby=\"caption-attachment-226\" class=\"wp-image-226 size-full\" title=\"15.4.2017 Romahtanut j\u00e4\u00e4luola, Mittag-Lefflerbreen.\" src=\"https:\/\/blogi.ennola.fi\/wp-content\/uploads\/2017\/07\/Huippis_Panorama16e-1.jpg\" alt=\"\" width=\"480\" height=\"152\" srcset=\"https:\/\/blogi.ennola.fi\/wp-content\/uploads\/2017\/07\/Huippis_Panorama16e-1.jpg 480w, https:\/\/blogi.ennola.fi\/wp-content\/uploads\/2017\/07\/Huippis_Panorama16e-1-150x48.jpg 150w\" sizes=\"(max-width: 480px) 100vw, 480px\" \/><\/a><p id=\"caption-attachment-226\" class=\"wp-caption-text\">15.4.2017 Romahtanut j\u00e4\u00e4luola, Mittag-Lefflerbreen.<\/p><\/div>\n<div id=\"attachment_227\" style=\"width: 490px\" class=\"wp-caption aligncenter\"><a href=\"https:\/\/blogi.ennola.fi\/wp-content\/uploads\/2017\/07\/Huippis_Panorama17b.jpg\" rel=\"lightbox[200]\"><img loading=\"lazy\" decoding=\"async\" aria-describedby=\"caption-attachment-227\" class=\"wp-image-227 size-full\" title=\"16.4.2017 Trikolorfjellet, McWhaebreen.\" src=\"https:\/\/blogi.ennola.fi\/wp-content\/uploads\/2017\/07\/Huippis_Panorama17b-1.jpg\" alt=\"\" width=\"480\" height=\"180\" srcset=\"https:\/\/blogi.ennola.fi\/wp-content\/uploads\/2017\/07\/Huippis_Panorama17b-1.jpg 480w, https:\/\/blogi.ennola.fi\/wp-content\/uploads\/2017\/07\/Huippis_Panorama17b-1-150x56.jpg 150w\" sizes=\"(max-width: 480px) 100vw, 480px\" \/><\/a><p id=\"caption-attachment-227\" class=\"wp-caption-text\">16.4.2017 Trikolorfjellet, McWhaebreen.<\/p><\/div>\n<div id=\"attachment_228\" style=\"width: 490px\" class=\"wp-caption aligncenter\"><a href=\"https:\/\/blogi.ennola.fi\/wp-content\/uploads\/2017\/07\/Huippis_Panorama18e.jpg\" rel=\"lightbox[200]\"><img loading=\"lazy\" decoding=\"async\" aria-describedby=\"caption-attachment-228\" class=\"wp-image-228 size-full\" title=\"17.4.2017 Luxorfjellet, Tarantellryggen ja Trikolorfjellet, Ragnarbreen.\" src=\"https:\/\/blogi.ennola.fi\/wp-content\/uploads\/2017\/07\/Huippis_Panorama18e-1.jpg\" alt=\"\" width=\"480\" height=\"97\" srcset=\"https:\/\/blogi.ennola.fi\/wp-content\/uploads\/2017\/07\/Huippis_Panorama18e-1.jpg 480w, https:\/\/blogi.ennola.fi\/wp-content\/uploads\/2017\/07\/Huippis_Panorama18e-1-150x30.jpg 150w\" sizes=\"(max-width: 480px) 100vw, 480px\" \/><\/a><p id=\"caption-attachment-228\" class=\"wp-caption-text\">17.4.2017 Luxorfjellet, Tarantellryggen ja Trikolorfjellet, Ragnarbreen.<\/p><\/div>\n<div id=\"attachment_230\" style=\"width: 490px\" class=\"wp-caption aligncenter\"><a href=\"https:\/\/blogi.ennola.fi\/wp-content\/uploads\/2017\/07\/Huippis_Panorama18i.jpg\" rel=\"lightbox[200]\"><img loading=\"lazy\" decoding=\"async\" aria-describedby=\"caption-attachment-230\" class=\"wp-image-230 size-full\" title=\"17.4.2017 Pukkelkammen, Hultberget ja Luxorfjellet, Ragnarbreen.\" src=\"https:\/\/blogi.ennola.fi\/wp-content\/uploads\/2017\/07\/Huippis_Panorama18i-1.jpg\" alt=\"\" width=\"480\" height=\"175\" srcset=\"https:\/\/blogi.ennola.fi\/wp-content\/uploads\/2017\/07\/Huippis_Panorama18i-1.jpg 480w, https:\/\/blogi.ennola.fi\/wp-content\/uploads\/2017\/07\/Huippis_Panorama18i-1-150x55.jpg 150w\" sizes=\"(max-width: 480px) 100vw, 480px\" \/><\/a><p id=\"caption-attachment-230\" class=\"wp-caption-text\">17.4.2017 Pukkelkammen, Hultberget ja Luxorfjellet, Ragnarbreen.<\/p><\/div>\n<div id=\"attachment_229\" style=\"width: 490px\" class=\"wp-caption aligncenter\"><a href=\"https:\/\/blogi.ennola.fi\/wp-content\/uploads\/2017\/07\/Huippis_Panorama18g.jpg\" rel=\"lightbox[200]\"><img loading=\"lazy\" decoding=\"async\" aria-describedby=\"caption-attachment-229\" class=\"wp-image-229 size-full\" title=\"17.4.2017 Hultberget, Sfinksen ja Luxorfjellet, Ragnarbreen.\" src=\"https:\/\/blogi.ennola.fi\/wp-content\/uploads\/2017\/07\/Huippis_Panorama18g-1.jpg\" alt=\"\" width=\"480\" height=\"96\" srcset=\"https:\/\/blogi.ennola.fi\/wp-content\/uploads\/2017\/07\/Huippis_Panorama18g-1.jpg 480w, https:\/\/blogi.ennola.fi\/wp-content\/uploads\/2017\/07\/Huippis_Panorama18g-1-150x30.jpg 150w\" sizes=\"(max-width: 480px) 100vw, 480px\" \/><\/a><p id=\"caption-attachment-229\" class=\"wp-caption-text\">17.4.2017 Hultberget, Sfinksen ja Luxorfjellet, Ragnarbreen.<\/p><\/div>\n","protected":false},"excerpt":{"rendered":"<p>Suurimman osan matkastamme teimme Huippuvuorten p\u00e4\u00e4saaren lakij\u00e4\u00e4tik\u00f6ill\u00e4. Etuk\u00e4teen kartasta katsottuna j\u00e4\u00e4tik\u00f6t loivat vaikutelman suhteellisen tasaisesta ja piirteett\u00f6m\u00e4st\u00e4 lakij\u00e4\u00e4tik\u00f6st\u00e4. Paikanp\u00e4\u00e4ll\u00e4 \u00e4kki\u00e4 huomasin ensi vaikutelman olleen t\u00e4ysin v\u00e4\u00e4r\u00e4. J\u00e4\u00e4tikk\u00f6alueen vuoret&#8230;<\/p>\n","protected":false},"author":1,"featured_media":222,"comment_status":"open","ping_status":"open","sticky":false,"template":"","format":"standard","meta":{"footnotes":""},"categories":[23,7,4],"tags":[],"_links":{"self":[{"href":"https:\/\/blogi.ennola.fi\/index.php?rest_route=\/wp\/v2\/posts\/200"}],"collection":[{"href":"https:\/\/blogi.ennola.fi\/index.php?rest_route=\/wp\/v2\/posts"}],"about":[{"href":"https:\/\/blogi.ennola.fi\/index.php?rest_route=\/wp\/v2\/types\/post"}],"author":[{"embeddable":true,"href":"https:\/\/blogi.ennola.fi\/index.php?rest_route=\/wp\/v2\/users\/1"}],"replies":[{"embeddable":true,"href":"https:\/\/blogi.ennola.fi\/index.php?rest_route=%2Fwp%2Fv2%2Fcomments&post=200"}],"version-history":[{"count":6,"href":"https:\/\/blogi.ennola.fi\/index.php?rest_route=\/wp\/v2\/posts\/200\/revisions"}],"predecessor-version":[{"id":5034,"href":"https:\/\/blogi.ennola.fi\/index.php?rest_route=\/wp\/v2\/posts\/200\/revisions\/5034"}],"wp:featuredmedia":[{"embeddable":true,"href":"https:\/\/blogi.ennola.fi\/index.php?rest_route=\/wp\/v2\/media\/222"}],"wp:attachment":[{"href":"https:\/\/blogi.ennola.fi\/index.php?rest_route=%2Fwp%2Fv2%2Fmedia&parent=200"}],"wp:term":[{"taxonomy":"category","embeddable":true,"href":"https:\/\/blogi.ennola.fi\/index.php?rest_route=%2Fwp%2Fv2%2Fcategories&post=200"},{"taxonomy":"post_tag","embeddable":true,"href":"https:\/\/blogi.ennola.fi\/index.php?rest_route=%2Fwp%2Fv2%2Ftags&post=200"}],"curies":[{"name":"wp","href":"https:\/\/api.w.org\/{rel}","templated":true}]}}