{"id":2950,"date":"2016-02-01T17:06:14","date_gmt":"2016-02-01T15:06:14","guid":{"rendered":"https:\/\/blogi.ennola.fi\/?p=2950"},"modified":"2020-06-07T22:48:49","modified_gmt":"2020-06-07T19:48:49","slug":"kylmaa-kyytia-inarilla","status":"publish","type":"post","link":"https:\/\/blogi.ennola.fi\/?p=2950","title":{"rendered":"Kylm\u00e4\u00e4 kyyti\u00e4 Inarilla"},"content":{"rendered":"<p>Tammikuun puolessa v\u00e4liss\u00e4 l\u00e4hdin Kristianin kanssa viimevuotiseen tapaan kaamosvaellukselle Inarij\u00e4rvelle. Ei viel\u00e4 ollut kulunut pitk\u00e4\u00e4 aikaa siit\u00e4, kun kahden ahkiovaeltajan eksyminen oli johtanut toisen kuolemaan It\u00e4kairassa. Meid\u00e4n retkikunnassamme oli ilmeisi\u00e4 yhtym\u00e4kohtia tuohon tapaukseen, joten bussikuski ilmaisi huolensa meid\u00e4n selvi\u00e4misest\u00e4 maastossa. Vakuutin, ett\u00e4 olimme paremmin varustautuneita, sill\u00e4 olimme varautuneet tarvittaessa y\u00f6pym\u00e4\u00e4n maastossa teltoissa.<\/p>\n<div id=\"attachment_2961\" style=\"width: 490px\" class=\"wp-caption aligncenter\"><a href=\"https:\/\/blogi.ennola.fi\/wp-content\/uploads\/2018\/01\/Inari_Panorama13.jpg\" rel=\"lightbox[2950]\"><img loading=\"lazy\" decoding=\"async\" aria-describedby=\"caption-attachment-2961\" class=\"wp-image-2961 size-full\" title=\"Pet\u00e4j\u00e4saarten v\u00e4linen salmi.\" src=\"https:\/\/blogi.ennola.fi\/wp-content\/uploads\/2018\/01\/Inari_Panorama13-1.jpg\" alt=\"\" width=\"480\" height=\"57\" srcset=\"https:\/\/blogi.ennola.fi\/wp-content\/uploads\/2018\/01\/Inari_Panorama13-1.jpg 480w, https:\/\/blogi.ennola.fi\/wp-content\/uploads\/2018\/01\/Inari_Panorama13-1-150x18.jpg 150w\" sizes=\"(max-width: 480px) 100vw, 480px\" \/><\/a><p id=\"caption-attachment-2961\" class=\"wp-caption-text\">Pet\u00e4j\u00e4saarten v\u00e4linen salmi.<\/p><\/div>\n<p>Ensimm\u00e4isen\u00e4 p\u00e4iv\u00e4n\u00e4 pakkaslukemat olivat varsin maltilliset, joten emme jo pimentyneess\u00e4 illassa hiiht\u00e4neet pitk\u00e4lle vaan y\u00f6vyimme teltassa muutaman kilometrin p\u00e4\u00e4ss\u00e4 l\u00e4ht\u00f6paikasta. Seuraavana y\u00f6n\u00e4 l\u00e4mp\u00f6tila laskikin sitten jo 30 pakkasasteen tienoille miss\u00e4 se sitten pysyttelikin koko loppumatkan ajan. Niinp\u00e4 loput y\u00f6t y\u00f6vyimmekin autiotuvissa ja reissun viimeiseksi p\u00e4iv\u00e4ksi j\u00e4imme y\u00f6t\u00e4 J\u00e4\u00e4saareen, josta l\u00e4hdimme aikaisin aamuy\u00f6st\u00e4 hiiht\u00e4m\u00e4\u00e4n tienp\u00e4\u00e4h\u00e4n, josta jatkoimme taksilla Inariin.<\/p>\n<p>Kylmyys toikin omat haasteensa matkan ajaksi. Ehk\u00e4 suurimmaksi ongelmaksi itsell\u00e4ni muodostui kuoritakin j\u00e4\u00e4tyminen. J\u00e4\u00e4 tukki kuoritakin huokoset, mink\u00e4 j\u00e4lkeen sen hengitt\u00e4vyys oli k\u00e4yt\u00e4nn\u00f6ss\u00e4 nolla. Samalla kuoritakin sis\u00e4pinnalle kertyi melko paksu huurrekerros. Kun lounastauolla puin ylleni taukotakin, suli huurre ja kasteli takin alla olevat vaatteet. N\u00e4in ollen kropan l\u00e4mpeneminen lounastauon j\u00e4lkeen kesti turhan kauan. Illalla autiotuvalle saavuttaessa oli taukotakki j\u00e4\u00e4tynyt kiinni alla oleviin vaatteisiin ja niit\u00e4 sai aikansa sulatella, ennen kun ne sai toisistaan irti.<\/p>\n<div id=\"attachment_2959\" style=\"width: 490px\" class=\"wp-caption aligncenter\"><a href=\"https:\/\/blogi.ennola.fi\/wp-content\/uploads\/2018\/01\/Inari_Panorama11.jpg\" rel=\"lightbox[2950]\"><img loading=\"lazy\" decoding=\"async\" aria-describedby=\"caption-attachment-2959\" class=\"wp-image-2959 size-full\" title=\"Keskip\u00e4iv\u00e4n aurinko J\u00e4\u00e4saarten yll\u00e4\" src=\"https:\/\/blogi.ennola.fi\/wp-content\/uploads\/2018\/01\/Inari_Panorama15-1.jpg\" alt=\"\" width=\"480\" height=\"118\" srcset=\"https:\/\/blogi.ennola.fi\/wp-content\/uploads\/2018\/01\/Inari_Panorama15-1.jpg 480w, https:\/\/blogi.ennola.fi\/wp-content\/uploads\/2018\/01\/Inari_Panorama15-1-150x37.jpg 150w\" sizes=\"(max-width: 480px) 100vw, 480px\" \/><\/a><p id=\"caption-attachment-2959\" class=\"wp-caption-text\">Keskip\u00e4iv\u00e4n aurinko J\u00e4\u00e4saarten yll\u00e4<\/p><\/div>\n<p style=\"text-align: center;\"><a href=\"https:\/\/blogi.ennola.fi\/wp-content\/uploads\/2018\/01\/Inari_Panorama15.jpg\" rel=\"lightbox[2950]\"><img loading=\"lazy\" decoding=\"async\" class=\"aligncenter wp-image-2963 size-full\" title=\"Hillasaaret ja keskip\u00e4iv\u00e4n aurinko.\" src=\"https:\/\/blogi.ennola.fi\/wp-content\/uploads\/2018\/01\/Inari_Panorama11-1.jpg\" alt=\"\" width=\"480\" height=\"134\" srcset=\"https:\/\/blogi.ennola.fi\/wp-content\/uploads\/2018\/01\/Inari_Panorama11-1.jpg 480w, https:\/\/blogi.ennola.fi\/wp-content\/uploads\/2018\/01\/Inari_Panorama11-1-150x42.jpg 150w\" sizes=\"(max-width: 480px) 100vw, 480px\" \/><\/a><\/p>\n<div id=\"attachment_2958\" style=\"width: 490px\" class=\"wp-caption aligncenter\"><a href=\"https:\/\/blogi.ennola.fi\/wp-content\/uploads\/2018\/01\/Inari_Panorama10.jpg\" rel=\"lightbox[2950]\"><img loading=\"lazy\" decoding=\"async\" aria-describedby=\"caption-attachment-2958\" class=\"wp-image-2958 size-full\" title=\"Hillasaaret ja keskip\u00e4iv\u00e4n aurinko.\" src=\"https:\/\/blogi.ennola.fi\/wp-content\/uploads\/2018\/01\/Inari_Panorama16-1.jpg\" alt=\"\" width=\"480\" height=\"102\" srcset=\"https:\/\/blogi.ennola.fi\/wp-content\/uploads\/2018\/01\/Inari_Panorama16-1.jpg 480w, https:\/\/blogi.ennola.fi\/wp-content\/uploads\/2018\/01\/Inari_Panorama16-1-150x32.jpg 150w\" sizes=\"(max-width: 480px) 100vw, 480px\" \/><\/a><p id=\"caption-attachment-2958\" class=\"wp-caption-text\">Hillasaaret ja keskip\u00e4iv\u00e4n aurinko.<\/p><\/div>\n<div id=\"attachment_2962\" style=\"width: 490px\" class=\"wp-caption aligncenter\"><a href=\"https:\/\/blogi.ennola.fi\/wp-content\/uploads\/2018\/01\/Inari_Panorama14.jpg\" rel=\"lightbox[2950]\"><img loading=\"lazy\" decoding=\"async\" aria-describedby=\"caption-attachment-2962\" class=\"wp-image-2962 size-full\" title=\"Kasariselk\u00e4 Hillasaarten pohjoispuolella.\" src=\"https:\/\/blogi.ennola.fi\/wp-content\/uploads\/2018\/01\/Inari_Panorama12-1.jpg\" alt=\"\" width=\"480\" height=\"99\" srcset=\"https:\/\/blogi.ennola.fi\/wp-content\/uploads\/2018\/01\/Inari_Panorama12-1.jpg 480w, https:\/\/blogi.ennola.fi\/wp-content\/uploads\/2018\/01\/Inari_Panorama12-1-150x31.jpg 150w\" sizes=\"(max-width: 480px) 100vw, 480px\" \/><\/a><p id=\"caption-attachment-2962\" class=\"wp-caption-text\">Kasariselk\u00e4 Hillasaarten pohjoispuolella.<\/p><\/div>\n<p>Viimeist\u00e4 edellisen\u00e4 p\u00e4iv\u00e4n\u00e4 teimme p\u00e4iv\u00e4retken J\u00e4\u00e4saaresta Korkia-Mauran j\u00e4\u00e4luolalle. S\u00e4\u00e4 oli erikoinen: aukealla sel\u00e4ll\u00e4 tuuli oli varsin heikkoa, mutta kun saavuimme sel\u00e4lt\u00e4 saarten \u2019suojaan\u2019, iski vastaan tuuli, joka oli riitt\u00e4v\u00e4n vahva kasaamaan irtolunta dyyneiksi. Navakka tuuli yhdistettyn\u00e4 30 asteen pakkaseen oli karu yhdistelm\u00e4, mutta takkini syv\u00e4 huppu pelasti minut paleltumilta. Kristianilla ei ollut yht\u00e4 hyv\u00e4\u00e4 huppua ja h\u00e4n palelluttikin poskip\u00e4\u00e4ns\u00e4 ruvelle. N\u00e4iss\u00e4 oloissa j\u00e4\u00e4luola tarjosikin mukavan l\u00e4mpim\u00e4n paikan pit\u00e4\u00e4 lounastauko.<\/p>\n<p>Kamera toimi aikansa ulkoisella paristolla kovasta pakkasesta huolimatta. V\u00e4lill\u00e4 se kyll\u00e4 vinkui surkeasti, kun pakotin sen kuvaamaan 30 asteen pakkasessa. Ongelmat alkoivat pakkasen j\u00e4ykist\u00e4ess\u00e4 pariston johdot. Jo ensimm\u00e4isen\u00e4 iltana ulkoisen akun johto oli murtunut poikki. Sain sen jesarilla kevyesti korjattua ja teippasin liittimen kameraan kiinni, jotta johtoon ei kohdistuisi rasitusta. Kun sitten kolmantena p\u00e4iv\u00e4n\u00e4 pariston johtokin meni poikki, niin jouduin luopumaan valokuvaamisesta loppureissun ajaksi.<\/p>\n<div id=\"attachment_2964\" style=\"width: 490px\" class=\"wp-caption aligncenter\"><a href=\"https:\/\/blogi.ennola.fi\/wp-content\/uploads\/2018\/01\/Inari_Panorama16.jpg\" rel=\"lightbox[2950]\"><img loading=\"lazy\" decoding=\"async\" aria-describedby=\"caption-attachment-2964\" class=\"wp-image-2964 size-full\" title=\"Aurinko on laskenut J\u00e4\u00e4saarten taakse.\" src=\"https:\/\/blogi.ennola.fi\/wp-content\/uploads\/2018\/01\/Inari_Panorama10-1.jpg\" alt=\"\" width=\"480\" height=\"136\" srcset=\"https:\/\/blogi.ennola.fi\/wp-content\/uploads\/2018\/01\/Inari_Panorama10-1.jpg 480w, https:\/\/blogi.ennola.fi\/wp-content\/uploads\/2018\/01\/Inari_Panorama10-1-150x43.jpg 150w\" sizes=\"(max-width: 480px) 100vw, 480px\" \/><\/a><p id=\"caption-attachment-2964\" class=\"wp-caption-text\">Aurinko on laskenut J\u00e4\u00e4saarten taakse.<\/p><\/div>\n<div id=\"attachment_2960\" style=\"width: 490px\" class=\"wp-caption aligncenter\"><a href=\"https:\/\/blogi.ennola.fi\/wp-content\/uploads\/2018\/01\/Inari_Panorama12.jpg\" rel=\"lightbox[2950]\"><img loading=\"lazy\" decoding=\"async\" aria-describedby=\"caption-attachment-2960\" class=\"wp-image-2960 size-full\" title=\"Katsomasaari ja kuu.\" src=\"https:\/\/blogi.ennola.fi\/wp-content\/uploads\/2018\/01\/Inari_Panorama14-1.jpg\" alt=\"\" width=\"480\" height=\"82\" srcset=\"https:\/\/blogi.ennola.fi\/wp-content\/uploads\/2018\/01\/Inari_Panorama14-1.jpg 480w, https:\/\/blogi.ennola.fi\/wp-content\/uploads\/2018\/01\/Inari_Panorama14-1-150x26.jpg 150w\" sizes=\"(max-width: 480px) 100vw, 480px\" \/><\/a><p id=\"caption-attachment-2960\" class=\"wp-caption-text\">Katsomasaari ja kuu.<\/p><\/div>\n","protected":false},"excerpt":{"rendered":"<p>Tammikuun puolessa v\u00e4liss\u00e4 l\u00e4hdin Kristianin kanssa viimevuotiseen tapaan kaamosvaellukselle Inarij\u00e4rvelle. Ei viel\u00e4 ollut kulunut pitk\u00e4\u00e4 aikaa siit\u00e4, kun kahden ahkiovaeltajan eksyminen oli johtanut toisen kuolemaan It\u00e4kairassa. Meid\u00e4n retkikunnassamme&#8230;<\/p>\n","protected":false},"author":1,"featured_media":2954,"comment_status":"open","ping_status":"open","sticky":false,"template":"","format":"standard","meta":{"footnotes":""},"categories":[23,4,3],"tags":[],"_links":{"self":[{"href":"https:\/\/blogi.ennola.fi\/index.php?rest_route=\/wp\/v2\/posts\/2950"}],"collection":[{"href":"https:\/\/blogi.ennola.fi\/index.php?rest_route=\/wp\/v2\/posts"}],"about":[{"href":"https:\/\/blogi.ennola.fi\/index.php?rest_route=\/wp\/v2\/types\/post"}],"author":[{"embeddable":true,"href":"https:\/\/blogi.ennola.fi\/index.php?rest_route=\/wp\/v2\/users\/1"}],"replies":[{"embeddable":true,"href":"https:\/\/blogi.ennola.fi\/index.php?rest_route=%2Fwp%2Fv2%2Fcomments&post=2950"}],"version-history":[{"count":9,"href":"https:\/\/blogi.ennola.fi\/index.php?rest_route=\/wp\/v2\/posts\/2950\/revisions"}],"predecessor-version":[{"id":5030,"href":"https:\/\/blogi.ennola.fi\/index.php?rest_route=\/wp\/v2\/posts\/2950\/revisions\/5030"}],"wp:featuredmedia":[{"embeddable":true,"href":"https:\/\/blogi.ennola.fi\/index.php?rest_route=\/wp\/v2\/media\/2954"}],"wp:attachment":[{"href":"https:\/\/blogi.ennola.fi\/index.php?rest_route=%2Fwp%2Fv2%2Fmedia&parent=2950"}],"wp:term":[{"taxonomy":"category","embeddable":true,"href":"https:\/\/blogi.ennola.fi\/index.php?rest_route=%2Fwp%2Fv2%2Fcategories&post=2950"},{"taxonomy":"post_tag","embeddable":true,"href":"https:\/\/blogi.ennola.fi\/index.php?rest_route=%2Fwp%2Fv2%2Ftags&post=2950"}],"curies":[{"name":"wp","href":"https:\/\/api.w.org\/{rel}","templated":true}]}}