{"id":2970,"date":"2012-08-25T18:45:32","date_gmt":"2012-08-25T15:45:32","guid":{"rendered":"https:\/\/blogi.ennola.fi\/?p=2970"},"modified":"2020-06-08T15:50:16","modified_gmt":"2020-06-08T12:50:16","slug":"epamaaraista-kiipeilya-rovaniemella","status":"publish","type":"post","link":"https:\/\/blogi.ennola.fi\/?p=2970","title":{"rendered":"Ep\u00e4m\u00e4\u00e4r\u00e4ist\u00e4 kiipeily\u00e4 Rovaniemell\u00e4"},"content":{"rendered":"<p>Seikkailukasvatuksen erikoistumisopintoihin sis\u00e4ltyi melonnan ja vaeltamisen lis\u00e4ksi my\u00f6s kiipeily\u00e4, jossa tavoitteena oli k\u00f6ysitoiminnan ohjaajan tutkinto. Kurssin j\u00e4lkimm\u00e4isess\u00e4 moduulissa keskeisen\u00e4 sis\u00e4lt\u00f6n\u00e4 oli oikea toiminta kiipeilyss\u00e4 tapahtuvissa ongelmatilanteissa ja onnettomuuksissa. N\u00e4it\u00e4 menimme harjoittelemaan Kirnuille Rovaniemelle.<\/p>\n<p>Aamup\u00e4iv\u00e4n harjoittelimme laskeutumispisteen tekemist\u00e4 ja iltap\u00e4iv\u00e4ll\u00e4 sairaskohtauksen saaneen kiipeilij\u00e4n pelastamista sein\u00e4lt\u00e4. Niinp\u00e4 sein\u00e4ll\u00e4 oli varsin mielenkiintoisen n\u00e4k\u00f6ist\u00e4, kun siell\u00e4 oli useita tajuttomia kiipeilij\u00f6it\u00e4 samanaikaisesti. Siin\u00e4, miss\u00e4 kev\u00e4\u00e4ll\u00e4 Kirnuilla oli j\u00e4\u00e4nyt hieman aikaa itse kiipe\u00e4misellekin, niin nyt kaikki aika meni laskeutumispisteiden tekemiseen ja pelastusharjoituksiin.<\/p>\n<div id=\"attachment_2980\" style=\"width: 460px\" class=\"wp-caption aligncenter\"><a href=\"https:\/\/blogi.ennola.fi\/wp-content\/uploads\/2018\/01\/IMG_7917.jpg\" rel=\"lightbox[2970]\"><img loading=\"lazy\" decoding=\"async\" aria-describedby=\"caption-attachment-2980\" class=\"wp-image-2980 size-full\" title=\"Sein\u00e4llinen tajuttomia kiipeilij\u00f6it\u00e4.\" src=\"https:\/\/blogi.ennola.fi\/wp-content\/uploads\/2018\/01\/IMG_7917-1.jpg\" alt=\"\" width=\"450\" height=\"338\" srcset=\"https:\/\/blogi.ennola.fi\/wp-content\/uploads\/2018\/01\/IMG_7917-1.jpg 450w, https:\/\/blogi.ennola.fi\/wp-content\/uploads\/2018\/01\/IMG_7917-1-150x113.jpg 150w\" sizes=\"(max-width: 450px) 100vw, 450px\" \/><\/a><p id=\"caption-attachment-2980\" class=\"wp-caption-text\">Sein\u00e4llinen tajuttomia kiipeilij\u00f6it\u00e4.<\/p><\/div>\n<div id=\"attachment_2982\" style=\"width: 460px\" class=\"wp-caption aligncenter\"><a href=\"https:\/\/blogi.ennola.fi\/wp-content\/uploads\/2018\/01\/IMG_7916.jpg\" rel=\"lightbox[2970]\"><img loading=\"lazy\" decoding=\"async\" aria-describedby=\"caption-attachment-2982\" class=\"wp-image-2982 size-full\" title=\"Inari ja Mira tajuttomina.\" src=\"https:\/\/blogi.ennola.fi\/wp-content\/uploads\/2018\/01\/IMG_7916-1.jpg\" alt=\"\" width=\"450\" height=\"338\" srcset=\"https:\/\/blogi.ennola.fi\/wp-content\/uploads\/2018\/01\/IMG_7916-1.jpg 450w, https:\/\/blogi.ennola.fi\/wp-content\/uploads\/2018\/01\/IMG_7916-1-150x113.jpg 150w\" sizes=\"(max-width: 450px) 100vw, 450px\" \/><\/a><p id=\"caption-attachment-2982\" class=\"wp-caption-text\">Inari ja Mira tajuttomina.<\/p><\/div>\n<div id=\"attachment_2984\" style=\"width: 460px\" class=\"wp-caption aligncenter\"><a href=\"https:\/\/blogi.ennola.fi\/wp-content\/uploads\/2018\/01\/IMG_7927.jpg\" rel=\"lightbox[2970]\"><img loading=\"lazy\" decoding=\"async\" aria-describedby=\"caption-attachment-2984\" class=\"wp-image-2984 size-full\" title=\"Pelastustoimet t\u00e4ysill\u00e4 k\u00e4ynniss\u00e4.\" src=\"https:\/\/blogi.ennola.fi\/wp-content\/uploads\/2018\/01\/IMG_7927-1.jpg\" alt=\"\" width=\"450\" height=\"338\" srcset=\"https:\/\/blogi.ennola.fi\/wp-content\/uploads\/2018\/01\/IMG_7927-1.jpg 450w, https:\/\/blogi.ennola.fi\/wp-content\/uploads\/2018\/01\/IMG_7927-1-150x113.jpg 150w\" sizes=\"(max-width: 450px) 100vw, 450px\" \/><\/a><p id=\"caption-attachment-2984\" class=\"wp-caption-text\">Pelastustoimet t\u00e4ysill\u00e4 k\u00e4ynniss\u00e4.<\/p><\/div>\n<div id=\"attachment_2986\" style=\"width: 310px\" class=\"wp-caption aligncenter\"><a href=\"https:\/\/blogi.ennola.fi\/wp-content\/uploads\/2018\/01\/IMG_7891.jpg\" rel=\"lightbox[2970]\"><img loading=\"lazy\" decoding=\"async\" aria-describedby=\"caption-attachment-2986\" class=\"wp-image-2986 size-full\" title=\"Mira ja Aki irroittautuvat varmistusk\u00f6ydest\u00e4.\" src=\"https:\/\/blogi.ennola.fi\/wp-content\/uploads\/2018\/01\/IMG_7891-1.jpg\" alt=\"\" width=\"300\" height=\"400\" srcset=\"https:\/\/blogi.ennola.fi\/wp-content\/uploads\/2018\/01\/IMG_7891-1.jpg 300w, https:\/\/blogi.ennola.fi\/wp-content\/uploads\/2018\/01\/IMG_7891-1-113x150.jpg 113w\" sizes=\"(max-width: 300px) 100vw, 300px\" \/><\/a><p id=\"caption-attachment-2986\" class=\"wp-caption-text\">Mira ja Aki irroittautuvat varmistusk\u00f6ydest\u00e4.<\/p><\/div>\n<div id=\"attachment_2981\" style=\"width: 460px\" class=\"wp-caption aligncenter\"><a href=\"https:\/\/blogi.ennola.fi\/wp-content\/uploads\/2018\/01\/IMG_7886.jpg\" rel=\"lightbox[2970]\"><img loading=\"lazy\" decoding=\"async\" aria-describedby=\"caption-attachment-2981\" class=\"wp-image-2981 size-full\" title=\"Eeva laskeutuu pelastamaan Tonia.\" src=\"https:\/\/blogi.ennola.fi\/wp-content\/uploads\/2018\/01\/IMG_7886-1.jpg\" alt=\"\" width=\"450\" height=\"338\" srcset=\"https:\/\/blogi.ennola.fi\/wp-content\/uploads\/2018\/01\/IMG_7886-1.jpg 450w, https:\/\/blogi.ennola.fi\/wp-content\/uploads\/2018\/01\/IMG_7886-1-150x113.jpg 150w\" sizes=\"(max-width: 450px) 100vw, 450px\" \/><\/a><p id=\"caption-attachment-2981\" class=\"wp-caption-text\">Eeva laskeutuu pelastamaan Tonia.<\/p><\/div>\n<div id=\"attachment_2983\" style=\"width: 305px\" class=\"wp-caption aligncenter\"><a href=\"https:\/\/blogi.ennola.fi\/wp-content\/uploads\/2018\/01\/IMG_7935.jpg\" rel=\"lightbox[2970]\"><img loading=\"lazy\" decoding=\"async\" aria-describedby=\"caption-attachment-2983\" class=\"wp-image-2983 size-full\" title=\"Kari laskutuu pelastamaan Maijaa.\" src=\"https:\/\/blogi.ennola.fi\/wp-content\/uploads\/2018\/01\/IMG_7935-1.jpg\" alt=\"\" width=\"295\" height=\"400\" srcset=\"https:\/\/blogi.ennola.fi\/wp-content\/uploads\/2018\/01\/IMG_7935-1.jpg 295w, https:\/\/blogi.ennola.fi\/wp-content\/uploads\/2018\/01\/IMG_7935-1-111x150.jpg 111w\" sizes=\"(max-width: 295px) 100vw, 295px\" \/><\/a><p id=\"caption-attachment-2983\" class=\"wp-caption-text\">Kari laskutuu pelastamaan Maijaa.<\/p><\/div>\n<div id=\"attachment_2985\" style=\"width: 310px\" class=\"wp-caption aligncenter\"><a href=\"https:\/\/blogi.ennola.fi\/wp-content\/uploads\/2018\/01\/IMG_7912.jpg\" rel=\"lightbox[2970]\"><img loading=\"lazy\" decoding=\"async\" aria-describedby=\"caption-attachment-2985\" class=\"wp-image-2985 size-full\" title=\"Mira kiinnitt\u00e4\u00e4 Hennan omaan k\u00f6yteens\u00e4.\" src=\"https:\/\/blogi.ennola.fi\/wp-content\/uploads\/2018\/01\/IMG_7912-1.jpg\" alt=\"\" width=\"300\" height=\"400\" srcset=\"https:\/\/blogi.ennola.fi\/wp-content\/uploads\/2018\/01\/IMG_7912-1.jpg 300w, https:\/\/blogi.ennola.fi\/wp-content\/uploads\/2018\/01\/IMG_7912-1-113x150.jpg 113w\" sizes=\"(max-width: 300px) 100vw, 300px\" \/><\/a><p id=\"caption-attachment-2985\" class=\"wp-caption-text\">Mira kiinnitt\u00e4\u00e4 Hennan omaan k\u00f6yteens\u00e4.<\/p><\/div>\n<div id=\"attachment_2979\" style=\"width: 296px\" class=\"wp-caption aligncenter\"><a href=\"https:\/\/blogi.ennola.fi\/wp-content\/uploads\/2018\/01\/IMG_7926.jpg\" rel=\"lightbox[2970]\"><img loading=\"lazy\" decoding=\"async\" aria-describedby=\"caption-attachment-2979\" class=\"wp-image-2979 size-full\" title=\"Kari tuo Maijan alas.\" src=\"https:\/\/blogi.ennola.fi\/wp-content\/uploads\/2018\/01\/IMG_7926-1.jpg\" alt=\"\" width=\"286\" height=\"400\" srcset=\"https:\/\/blogi.ennola.fi\/wp-content\/uploads\/2018\/01\/IMG_7926-1.jpg 286w, https:\/\/blogi.ennola.fi\/wp-content\/uploads\/2018\/01\/IMG_7926-1-107x150.jpg 107w\" sizes=\"(max-width: 286px) 100vw, 286px\" \/><\/a><p id=\"caption-attachment-2979\" class=\"wp-caption-text\">Kari tuo Maijan alas.<\/p><\/div>\n","protected":false},"excerpt":{"rendered":"<p>Seikkailukasvatuksen erikoistumisopintoihin sis\u00e4ltyi melonnan ja vaeltamisen lis\u00e4ksi my\u00f6s kiipeily\u00e4, jossa tavoitteena oli k\u00f6ysitoiminnan ohjaajan tutkinto. Kurssin j\u00e4lkimm\u00e4isess\u00e4 moduulissa keskeisen\u00e4 sis\u00e4lt\u00f6n\u00e4 oli oikea toiminta kiipeilyss\u00e4 tapahtuvissa ongelmatilanteissa ja onnettomuuksissa&#8230;.<\/p>\n","protected":false},"author":1,"featured_media":2987,"comment_status":"open","ping_status":"open","sticky":false,"template":"","format":"standard","meta":{"footnotes":""},"categories":[6,5],"tags":[],"_links":{"self":[{"href":"https:\/\/blogi.ennola.fi\/index.php?rest_route=\/wp\/v2\/posts\/2970"}],"collection":[{"href":"https:\/\/blogi.ennola.fi\/index.php?rest_route=\/wp\/v2\/posts"}],"about":[{"href":"https:\/\/blogi.ennola.fi\/index.php?rest_route=\/wp\/v2\/types\/post"}],"author":[{"embeddable":true,"href":"https:\/\/blogi.ennola.fi\/index.php?rest_route=\/wp\/v2\/users\/1"}],"replies":[{"embeddable":true,"href":"https:\/\/blogi.ennola.fi\/index.php?rest_route=%2Fwp%2Fv2%2Fcomments&post=2970"}],"version-history":[{"count":5,"href":"https:\/\/blogi.ennola.fi\/index.php?rest_route=\/wp\/v2\/posts\/2970\/revisions"}],"predecessor-version":[{"id":5077,"href":"https:\/\/blogi.ennola.fi\/index.php?rest_route=\/wp\/v2\/posts\/2970\/revisions\/5077"}],"wp:featuredmedia":[{"embeddable":true,"href":"https:\/\/blogi.ennola.fi\/index.php?rest_route=\/wp\/v2\/media\/2987"}],"wp:attachment":[{"href":"https:\/\/blogi.ennola.fi\/index.php?rest_route=%2Fwp%2Fv2%2Fmedia&parent=2970"}],"wp:term":[{"taxonomy":"category","embeddable":true,"href":"https:\/\/blogi.ennola.fi\/index.php?rest_route=%2Fwp%2Fv2%2Fcategories&post=2970"},{"taxonomy":"post_tag","embeddable":true,"href":"https:\/\/blogi.ennola.fi\/index.php?rest_route=%2Fwp%2Fv2%2Ftags&post=2970"}],"curies":[{"name":"wp","href":"https:\/\/api.w.org\/{rel}","templated":true}]}}