{"id":3022,"date":"2017-10-30T17:58:13","date_gmt":"2017-10-30T15:58:13","guid":{"rendered":"https:\/\/blogi.ennola.fi\/?p=3022"},"modified":"2019-11-14T21:49:32","modified_gmt":"2019-11-14T19:49:32","slug":"syysloma-inaria-meloen","status":"publish","type":"post","link":"https:\/\/blogi.ennola.fi\/?p=3022","title":{"rendered":"Syysloma Inaria meloen"},"content":{"rendered":"<p>Jo useampana syksyn\u00e4 olen suunnitellut melontaretke\u00e4 syyslomalla Inarij\u00e4rvelle. Vedet silloin ovat jo kylm\u00e4t ja on hyvinkin todenn\u00e4k\u00f6ist\u00e4, ett\u00e4 ensi lumi saattaa jo sataa saarien rannoille. On kuitenkin varsin ep\u00e4todenn\u00e4k\u00f6ist\u00e4 j\u00e4rvi tuolloin olisi viel\u00e4 j\u00e4\u00e4ss\u00e4. Vaikka vedet ovatkin kylm\u00e4t, niin retken vaativuutta v\u00e4hent\u00e4\u00e4 tihe\u00e4 autiotupaverkosto, mik\u00e4 mahdollistaa l\u00e4mpim\u00e4t y\u00f6t ja varusteiden t\u00e4ydellisen kuivumisen joka y\u00f6. Autiotupaverkosto on mitoitettu talviretkeilij\u00f6iden tarpeisiin, joten melojalle tupien v\u00e4lit suorinta tiet\u00e4 ovat melko lyhyit\u00e4. J\u00e4rvi itsess\u00e4\u00e4n tarjoaa suuria selki\u00e4, minne kovalla tuulella saattaa \u00e4ity\u00e4 varsin kovatkin olosuhteet. Toki suojaisaa saaristoakin l\u00f6ytyy monin paikoin. Aiempina vuosina en ole saanut ket\u00e4\u00e4n l\u00e4htem\u00e4\u00e4n mukaani, mutta nyt sain Jukan innostumaan.<\/p>\n<p>Ajomatka Inarille on pitk\u00e4, joten olimme suunnitelleet l\u00e4htev\u00e4mme autojunalla pohjoiseen. Tiedossa oli, ett\u00e4 auton katolla niit\u00e4 ei saa kuljettaa, vaikka korkeutensa puolesta ne mahtuisivatkin isoimmille paikoille. Matkatavaravaunuun uskoimme niiden mahtuvan, vaikka VR ei sit\u00e4 etuk\u00e4teen suostunut vahvistamaan. Auto pakattiin hyviss\u00e4 ajoin autovaunuun, mutta vasta aivan viime tingassa ennen junan l\u00e4ht\u00f6\u00e4 p\u00e4\u00e4simme sovittamaan kajakkeja tavaravaunuun. Tavaravaunu olikin pieni vaununpuolikas, jonka ovista kajakit eiv\u00e4t taipuneet sis\u00e4\u00e4n. Niinp\u00e4 minuuttia ennen junan l\u00e4ht\u00f6\u00e4 olimme tilanteessa, jossa kajakit olivat asemalaiturilla, auto varusteineen pakattuna junaan ja auto matkaisi Rovaniemelle siit\u00e4 riippumatta olisimmeko me junan kyydiss\u00e4 vai ei. Juna odotti meit\u00e4 sen verran, ett\u00e4 ehdimme nostaa kajakit asemarakennuksen suojiin odottamaan noutajaansa ja hypp\u00e4simme sen j\u00e4lkeen junan kyytiin.<\/p>\n<p>Junassa alkoi heti kuumeinen tilanteen selvittely. Ensin aloin mietti\u00e4, mist\u00e4 saisimme kajakit lainaan viikoksi. Olin jo aiemmin selvitellyt kajakkien lainaamista ja en ollut Inarij\u00e4rven rannalta l\u00f6yt\u00e4nyt firmaa, joka lainaisi kajakkeja. Niinp\u00e4 soitin yst\u00e4v\u00e4llemme, joka oli aiemmin ollut Rovaniemen melojien j\u00e4sen. H\u00e4nelt\u00e4 saimme yhteystiedot melontaseuraan ja lis\u00e4ksi h\u00e4n lupasi my\u00f6s hieman valaista taustojamme sek\u00e4 tilannettamme. Kun sitten soitin seuran yhteyshenkil\u00f6lle, saimme neuvoteltua meille kaksi kajakkia normaalilla seuran k\u00e4ytt\u00f6maksulla. Normaalisti he eiv\u00e4t vuokraa ulkopuolisille, mutta nyt selke\u00e4sti kauden ulkopuolella ja t\u00e4ss\u00e4 tilanteessa kajakit j\u00e4rjestyiv\u00e4t, varsinkin kun pystyimme vakuuttamaan heid\u00e4t melontataidoistamme. Olimmehan molemmat melontaopaskurssin suorittaneita melojia. Saatuani kajakit lainaksi soitin viel\u00e4 muutamalla melontakaverille, kunnes l\u00f6ytyi joku, jolla oli mahdollisuus seuraavana p\u00e4iv\u00e4n\u00e4 k\u00e4yd\u00e4 hakemassa asemalle j\u00e4\u00e4neet kajakit lukkojen taakse seuran vajalle. Kaiken t\u00e4m\u00e4n sain j\u00e4rjestetty\u00e4 ennen kondukt\u00f6\u00f6rin lipuntarkastusta, joten lipun tarkastuksen j\u00e4lkeen saatoimme siirty\u00e4 normaaleihin iltatoimiin.<\/p>\n<div id=\"attachment_3041\" style=\"width: 490px\" class=\"wp-caption aligncenter\"><a href=\"https:\/\/blogi.ennola.fi\/wp-content\/uploads\/2018\/02\/Inari_Panorama13b.jpg\" rel=\"lightbox[3022]\"><img loading=\"lazy\" decoding=\"async\" aria-describedby=\"caption-attachment-3041\" class=\"wp-image-3041\" title=\"Auringon nousu Isossa J\u00e4\u00e4saaressa.\" src=\"https:\/\/blogi.ennola.fi\/wp-content\/uploads\/2018\/02\/Inari_Panorama13b-1.jpg\" alt=\"\" width=\"480\" height=\"98\" srcset=\"https:\/\/blogi.ennola.fi\/wp-content\/uploads\/2018\/02\/Inari_Panorama13b-1.jpg 480w, https:\/\/blogi.ennola.fi\/wp-content\/uploads\/2018\/02\/Inari_Panorama13b-1-150x31.jpg 150w\" sizes=\"(max-width: 480px) 100vw, 480px\" \/><\/a><p id=\"caption-attachment-3041\" class=\"wp-caption-text\">Auringon nousu Isossa J\u00e4\u00e4saaressa.<\/p><\/div>\n<div id=\"attachment_3051\" style=\"width: 490px\" class=\"wp-caption aligncenter\"><a href=\"https:\/\/blogi.ennola.fi\/wp-content\/uploads\/2018\/02\/Inari_Panorama7b.jpg\" rel=\"lightbox[3022]\"><img loading=\"lazy\" decoding=\"async\" aria-describedby=\"caption-attachment-3051\" class=\"wp-image-3051 size-full\" title=\"Auringon nousu Nanguvuononsel\u00e4ll\u00e4.\" src=\"https:\/\/blogi.ennola.fi\/wp-content\/uploads\/2018\/02\/Inari_Panorama7b-1.jpg\" alt=\"\" width=\"480\" height=\"140\" srcset=\"https:\/\/blogi.ennola.fi\/wp-content\/uploads\/2018\/02\/Inari_Panorama7b-1.jpg 480w, https:\/\/blogi.ennola.fi\/wp-content\/uploads\/2018\/02\/Inari_Panorama7b-1-150x44.jpg 150w\" sizes=\"(max-width: 480px) 100vw, 480px\" \/><\/a><p id=\"caption-attachment-3051\" class=\"wp-caption-text\">Auringon nousu Nanguvuononsel\u00e4ll\u00e4.<\/p><\/div>\n<div id=\"attachment_3047\" style=\"width: 490px\" class=\"wp-caption aligncenter\"><a href=\"https:\/\/blogi.ennola.fi\/wp-content\/uploads\/2018\/02\/Inari_Panorama3b.jpg\" rel=\"lightbox[3022]\"><img loading=\"lazy\" decoding=\"async\" aria-describedby=\"caption-attachment-3047\" class=\"wp-image-3047 size-full\" title=\"Lounastauon maisemia Ison J\u00e4\u00e4saaren pohjoispuolella.\" src=\"https:\/\/blogi.ennola.fi\/wp-content\/uploads\/2018\/02\/Inari_Panorama3b-1.jpg\" alt=\"\" width=\"480\" height=\"82\" srcset=\"https:\/\/blogi.ennola.fi\/wp-content\/uploads\/2018\/02\/Inari_Panorama3b-1.jpg 480w, https:\/\/blogi.ennola.fi\/wp-content\/uploads\/2018\/02\/Inari_Panorama3b-1-150x26.jpg 150w\" sizes=\"(max-width: 480px) 100vw, 480px\" \/><\/a><p id=\"caption-attachment-3047\" class=\"wp-caption-text\">Lounastauon maisemia Ison J\u00e4\u00e4saaren pohjoispuolella.<\/p><\/div>\n<div id=\"attachment_3045\" style=\"width: 490px\" class=\"wp-caption aligncenter\"><a href=\"https:\/\/blogi.ennola.fi\/wp-content\/uploads\/2018\/02\/Inari_Panorama1b.jpg\" rel=\"lightbox[3022]\"><img loading=\"lazy\" decoding=\"async\" aria-describedby=\"caption-attachment-3045\" class=\"wp-image-3045 size-full\" title=\"Kummeli ja n\u00e4kym\u00e4 Kasarisel\u00e4lle.\" src=\"https:\/\/blogi.ennola.fi\/wp-content\/uploads\/2018\/02\/Inari_Panorama1b-1.jpg\" alt=\"\" width=\"480\" height=\"90\" srcset=\"https:\/\/blogi.ennola.fi\/wp-content\/uploads\/2018\/02\/Inari_Panorama1b-1.jpg 480w, https:\/\/blogi.ennola.fi\/wp-content\/uploads\/2018\/02\/Inari_Panorama1b-1-150x28.jpg 150w\" sizes=\"(max-width: 480px) 100vw, 480px\" \/><\/a><p id=\"caption-attachment-3045\" class=\"wp-caption-text\">Kummeli ja n\u00e4kym\u00e4 Kasarisel\u00e4lle.<\/p><\/div>\n<div id=\"attachment_3049\" style=\"width: 490px\" class=\"wp-caption aligncenter\"><a href=\"https:\/\/blogi.ennola.fi\/wp-content\/uploads\/2018\/02\/Inari_Panorama5b.jpg\" rel=\"lightbox[3022]\"><img loading=\"lazy\" decoding=\"async\" aria-describedby=\"caption-attachment-3049\" class=\"wp-image-3049 size-full\" title=\"Hirvinuoraa l\u00e4nteen.\" src=\"https:\/\/blogi.ennola.fi\/wp-content\/uploads\/2018\/02\/Inari_Panorama5b-1.jpg\" alt=\"\" width=\"480\" height=\"100\" srcset=\"https:\/\/blogi.ennola.fi\/wp-content\/uploads\/2018\/02\/Inari_Panorama5b-1.jpg 480w, https:\/\/blogi.ennola.fi\/wp-content\/uploads\/2018\/02\/Inari_Panorama5b-1-150x31.jpg 150w\" sizes=\"(max-width: 480px) 100vw, 480px\" \/><\/a><p id=\"caption-attachment-3049\" class=\"wp-caption-text\">Hirvinuoraa l\u00e4nteen.<\/p><\/div>\n<div id=\"attachment_3042\" style=\"width: 490px\" class=\"wp-caption aligncenter\"><a href=\"https:\/\/blogi.ennola.fi\/wp-content\/uploads\/2018\/02\/Inari_Panorama14b.jpg\" rel=\"lightbox[3022]\"><img loading=\"lazy\" decoding=\"async\" aria-describedby=\"caption-attachment-3042\" class=\"wp-image-3042 size-full\" title=\"Hirvinuoraa Sammakkosel\u00e4lle.\" src=\"https:\/\/blogi.ennola.fi\/wp-content\/uploads\/2018\/02\/Inari_Panorama14b-1.jpg\" alt=\"\" width=\"480\" height=\"119\" srcset=\"https:\/\/blogi.ennola.fi\/wp-content\/uploads\/2018\/02\/Inari_Panorama14b-1.jpg 480w, https:\/\/blogi.ennola.fi\/wp-content\/uploads\/2018\/02\/Inari_Panorama14b-1-150x37.jpg 150w\" sizes=\"(max-width: 480px) 100vw, 480px\" \/><\/a><p id=\"caption-attachment-3042\" class=\"wp-caption-text\">Hirvinuoraa Sammakkosel\u00e4lle.<\/p><\/div>\n<div id=\"attachment_3054\" style=\"width: 490px\" class=\"wp-caption aligncenter\"><a href=\"https:\/\/blogi.ennola.fi\/wp-content\/uploads\/2018\/02\/Inari_Panorama10b.jpg\" rel=\"lightbox[3022]\"><img loading=\"lazy\" decoding=\"async\" aria-describedby=\"caption-attachment-3054\" class=\"wp-image-3054 size-full\" title=\"Sammakkoselk\u00e4 K\u00e4rpp\u00e4saaresta.\" src=\"https:\/\/blogi.ennola.fi\/wp-content\/uploads\/2018\/02\/Inari_Panorama10b-1.jpg\" alt=\"\" width=\"480\" height=\"118\" srcset=\"https:\/\/blogi.ennola.fi\/wp-content\/uploads\/2018\/02\/Inari_Panorama10b-1.jpg 480w, https:\/\/blogi.ennola.fi\/wp-content\/uploads\/2018\/02\/Inari_Panorama10b-1-150x37.jpg 150w\" sizes=\"(max-width: 480px) 100vw, 480px\" \/><\/a><p id=\"caption-attachment-3054\" class=\"wp-caption-text\">Sammakkoselk\u00e4 K\u00e4rpp\u00e4saaresta.<\/p><\/div>\n<p>Veden l\u00e4mp\u00f6tila Inarilla oli +5-+2 astetta ja se selv\u00e4sti l\u00e4mmitti ymp\u00e4rist\u00f6\u00e4\u00e4n. Kolmantena melontap\u00e4iv\u00e4n\u00e4 satoi r\u00e4nt\u00e4\u00e4 ja tuuli \u00e4ityi varsin kovaksi. Silloin teimme hieman tavallista lyhyemm\u00e4n p\u00e4iv\u00e4matkan j\u00e4rven keskiosan suurten saarien suojassa. Kuitenkin juuri ennen p\u00e4\u00e4sy\u00e4 autiotuvalle jouduimme ylitt\u00e4m\u00e4\u00e4n yhden sel\u00e4n navakassa vastatuulessa ja r\u00e4nt\u00e4sateessa, mik\u00e4 ei ehk\u00e4 ihan ole parhaita melontas\u00e4it\u00e4, joissa olen ollut. Tuona p\u00e4iv\u00e4n\u00e4 pidimme lounastauonkin tuvan suojissa. R\u00e4nt\u00e4sateen tuoma lumi suli varsin nopeasti saarten rannoilta, mutta ymp\u00e4r\u00f6iv\u00e4t tunturit saivat lumipeitteen ainakin koko loppuretken ajaksi. Muuten s\u00e4\u00e4t olivat kohtuullisia. Tuulet olivat varmaan aika normaaleja lokakuun tuulia, toki Inarin isoilla selill\u00e4 tilaa on nostaa jonkin moista aallokkoa, mutta ei mit\u00e4\u00e4n erityisen pahaa kuitenkaan. Paikka paikoin s\u00e4\u00e4 oli varsin leppoisaakin. Aurinkoa ei p\u00e4ivisin juuri n\u00e4kynyt, mutta J\u00e4\u00e4saaren autiotuvalla k\u00e4vimme kahdesti ja molemmilla kerroilla saimme nauttia upean v\u00e4risist\u00e4 aamu ja iltaruskoista. Pet\u00e4j\u00e4saaren autiotuvalla saimme ihastella eritt\u00e4in upeaa revontulishowta.<\/p>\n<p>Valoisa aika p\u00e4iv\u00e4ss\u00e4 oli melko lyhyt ja suurimman osan siit\u00e4 pyrimme k\u00e4ytt\u00e4m\u00e4\u00e4n melomiseen. Aamu her\u00e4tys oli siksi aikaisin, pari tuntia ennen auringon nousua. P\u00e4iv\u00e4ll\u00e4 emme pys\u00e4htyneet tekem\u00e4\u00e4n ruokaa vaan lounaan nautimme ruokatermoksista. Lounastauon ongelma oli talvivaellusten tapaan sormien paleleminen. Neopreenisormikkaat v\u00e4hint\u00e4\u00e4nkin kostuivat meloessa ja tauolla sormet j\u00e4\u00e4htyiv\u00e4t nopeasti kosteuden haihtuessa. Etenkin liikkeelle l\u00e4htiess\u00e4 kesti melko kauan, ett\u00e4 k\u00e4det saivat j\u00e4\u00e4htyneet sormikkaan l\u00e4mpenem\u00e4\u00e4n uudestaan. Usein vaihdoinkin tauolta l\u00e4htiess\u00e4 toiset, viel\u00e4 kuivat sormikkaat k\u00e4teeni. Autiotuvalle saavuimme tavallisesti hyviss\u00e4 ajoin, joten pitk\u00e4\u00e4 iltaa riitti iltaisin hyv\u00e4n p\u00e4iv\u00e4llisen valmistamiseen j\u00e4lkiruokineen.<\/p>\n<div id=\"attachment_3043\" style=\"width: 490px\" class=\"wp-caption aligncenter\"><a href=\"https:\/\/blogi.ennola.fi\/wp-content\/uploads\/2018\/02\/Inari_Panorama15b.jpg\" rel=\"lightbox[3022]\"><img loading=\"lazy\" decoding=\"async\" aria-describedby=\"caption-attachment-3043\" class=\"wp-image-3043 size-full\" title=\"Kasariselk\u00e4.\" src=\"https:\/\/blogi.ennola.fi\/wp-content\/uploads\/2018\/02\/Inari_Panorama15b-1.jpg\" alt=\"\" width=\"480\" height=\"118\" srcset=\"https:\/\/blogi.ennola.fi\/wp-content\/uploads\/2018\/02\/Inari_Panorama15b-1.jpg 480w, https:\/\/blogi.ennola.fi\/wp-content\/uploads\/2018\/02\/Inari_Panorama15b-1-150x37.jpg 150w\" sizes=\"(max-width: 480px) 100vw, 480px\" \/><\/a><p id=\"caption-attachment-3043\" class=\"wp-caption-text\">Kasariselk\u00e4.<\/p><\/div>\n<div id=\"attachment_3050\" style=\"width: 490px\" class=\"wp-caption aligncenter\"><a href=\"https:\/\/blogi.ennola.fi\/wp-content\/uploads\/2018\/02\/Inari_Panorama6b.jpg\" rel=\"lightbox[3022]\"><img loading=\"lazy\" decoding=\"async\" aria-describedby=\"caption-attachment-3050\" class=\"wp-image-3050 size-full\" title=\"Kasariselk\u00e4 Siltasaaren rannasta.\" src=\"https:\/\/blogi.ennola.fi\/wp-content\/uploads\/2018\/02\/Inari_Panorama6b-1.jpg\" alt=\"\" width=\"480\" height=\"122\" srcset=\"https:\/\/blogi.ennola.fi\/wp-content\/uploads\/2018\/02\/Inari_Panorama6b-1.jpg 480w, https:\/\/blogi.ennola.fi\/wp-content\/uploads\/2018\/02\/Inari_Panorama6b-1-150x38.jpg 150w\" sizes=\"(max-width: 480px) 100vw, 480px\" \/><\/a><p id=\"caption-attachment-3050\" class=\"wp-caption-text\">Kasariselk\u00e4 Siltasaaren rannasta.<\/p><\/div>\n<div id=\"attachment_3052\" style=\"width: 490px\" class=\"wp-caption aligncenter\"><a href=\"https:\/\/blogi.ennola.fi\/wp-content\/uploads\/2018\/02\/Inari_Panorama8b.jpg\" rel=\"lightbox[3022]\"><img loading=\"lazy\" decoding=\"async\" aria-describedby=\"caption-attachment-3052\" class=\"wp-image-3052 size-full\" title=\"Kahkusaari.\" src=\"https:\/\/blogi.ennola.fi\/wp-content\/uploads\/2018\/02\/Inari_Panorama8b-1.jpg\" alt=\"\" width=\"480\" height=\"131\" srcset=\"https:\/\/blogi.ennola.fi\/wp-content\/uploads\/2018\/02\/Inari_Panorama8b-1.jpg 480w, https:\/\/blogi.ennola.fi\/wp-content\/uploads\/2018\/02\/Inari_Panorama8b-1-150x41.jpg 150w\" sizes=\"(max-width: 480px) 100vw, 480px\" \/><\/a><p id=\"caption-attachment-3052\" class=\"wp-caption-text\">Kahkusaari.<\/p><\/div>\n<div id=\"attachment_3053\" style=\"width: 490px\" class=\"wp-caption aligncenter\"><a href=\"https:\/\/blogi.ennola.fi\/wp-content\/uploads\/2018\/02\/Inari_Panorama9b.jpg\" rel=\"lightbox[3022]\"><img loading=\"lazy\" decoding=\"async\" aria-describedby=\"caption-attachment-3053\" class=\"wp-image-3053 size-full\" title=\"Pikku Kahkusaari, Viimassaari ja Tarpeskasalmi.\" src=\"https:\/\/blogi.ennola.fi\/wp-content\/uploads\/2018\/02\/Inari_Panorama9b-1.jpg\" alt=\"\" width=\"480\" height=\"78\" srcset=\"https:\/\/blogi.ennola.fi\/wp-content\/uploads\/2018\/02\/Inari_Panorama9b-1.jpg 480w, https:\/\/blogi.ennola.fi\/wp-content\/uploads\/2018\/02\/Inari_Panorama9b-1-150x24.jpg 150w\" sizes=\"(max-width: 480px) 100vw, 480px\" \/><\/a><p id=\"caption-attachment-3053\" class=\"wp-caption-text\">Pikku Kahkusaari, Viimassaari ja Tarpeskasalmi.<\/p><\/div>\n<div id=\"attachment_3040\" style=\"width: 490px\" class=\"wp-caption aligncenter\"><a href=\"https:\/\/blogi.ennola.fi\/wp-content\/uploads\/2018\/02\/Inari_Panorama12b.jpg\" rel=\"lightbox[3022]\"><img loading=\"lazy\" decoding=\"async\" aria-describedby=\"caption-attachment-3040\" class=\"wp-image-3040 size-full\" title=\"Maisema Ukolta lounaaseen.\" src=\"https:\/\/blogi.ennola.fi\/wp-content\/uploads\/2018\/02\/Inari_Panorama12b-1.jpg\" alt=\"\" width=\"480\" height=\"109\" srcset=\"https:\/\/blogi.ennola.fi\/wp-content\/uploads\/2018\/02\/Inari_Panorama12b-1.jpg 480w, https:\/\/blogi.ennola.fi\/wp-content\/uploads\/2018\/02\/Inari_Panorama12b-1-150x34.jpg 150w\" sizes=\"(max-width: 480px) 100vw, 480px\" \/><\/a><p id=\"caption-attachment-3040\" class=\"wp-caption-text\">Maisema Ukolta lounaaseen.<\/p><\/div>\n<div id=\"attachment_3039\" style=\"width: 490px\" class=\"wp-caption aligncenter\"><a href=\"https:\/\/blogi.ennola.fi\/wp-content\/uploads\/2018\/02\/Inari_Panorama11b.jpg\" rel=\"lightbox[3022]\"><img loading=\"lazy\" decoding=\"async\" aria-describedby=\"caption-attachment-3039\" class=\"wp-image-3039 size-full\" title=\"Suovasaaria.\" src=\"https:\/\/blogi.ennola.fi\/wp-content\/uploads\/2018\/02\/Inari_Panorama11b-1.jpg\" alt=\"\" width=\"480\" height=\"119\" srcset=\"https:\/\/blogi.ennola.fi\/wp-content\/uploads\/2018\/02\/Inari_Panorama11b-1.jpg 480w, https:\/\/blogi.ennola.fi\/wp-content\/uploads\/2018\/02\/Inari_Panorama11b-1-150x37.jpg 150w\" sizes=\"(max-width: 480px) 100vw, 480px\" \/><\/a><p id=\"caption-attachment-3039\" class=\"wp-caption-text\">Suovasaaria.<\/p><\/div>\n<p>Retken merkitt\u00e4vimm\u00e4t n\u00e4ht\u00e4vyydet olivat Korkia-Mauran J\u00e4\u00e4luola ja Ukonsaari. Pettymykseksemme tosin j\u00e4\u00e4luola oli p\u00e4\u00e4ssyt sulamaan pohjiaan my\u00f6ten, vaikka kes\u00e4 ei niin l\u00e4mmin ollutkaan. Ukonsaarelta aukenivat komeat n\u00e4kym\u00e4t Inarin l\u00e4ntisimmille selille, joita kehysti komea, nyt lumipeitteisten tunturien vy\u00f6. Itse saarihan on tunnetuin saamelaisten pyh\u00e4 paikka Suomessa, korkea louhikkoinen saari, jonka luolista on l\u00f6ydetty uhriel\u00e4inten luita ja sarvia.<\/p>\n<p>Retken erikoisin tapaus oli orava, joka ui meit\u00e4 vastaan Ukonsel\u00e4ll\u00e4. Se oli muutaman sadan metrin p\u00e4\u00e4ss\u00e4 rannasta uimassa l\u00e4hes kolmekilometrist\u00e4 Ukonselk\u00e4\u00e4 ylitse. Kun toin kajakkini keulan sen l\u00e4helle, yritti se heti kivuta kajakkiini. Sile\u00e4ss\u00e4 kajakin pinnassa sen kynnet eiv\u00e4t oikein pit\u00e4neet, mutta sen onneksi kajakin suunnittelijat ovat lis\u00e4nneet kajakkeihin kansik\u00f6ysi\u00e4, joiden avulla se sai kiivetty\u00e4 kajakkiin. P\u00e4\u00e4sty\u00e4\u00e4n kyytiin katsoi se suunnan l\u00e4himp\u00e4\u00e4n rantaan, juoksi minun ylitseni kajakin per\u00e4\u00e4n ja hypp\u00e4si takaisin uimaan, nyt kohti l\u00e4hint\u00e4 rantaa. Kun taas toin kajakin keulan sen viereen, sama toistui, nyt vaan sen ei tarvinnut juosta kajakin toiseen p\u00e4\u00e4h\u00e4n, vaan se hypp\u00e4si suoraan keulasta kohti rantaa. Sama toistui muutaman kerran, kunnes se ymm\u00e4rsi kajakin liikkuvan kohti rantaa. Niinp\u00e4 se j\u00e4i m\u00e4rk\u00e4n\u00e4 kyyh\u00f6tt\u00e4m\u00e4\u00e4n kajakin keulakoristeeksi, kunnes kajakin keula osui rantakiviin. Siit\u00e4 se hypp\u00e4si sanoinkuvaamattoman riemukkaana rantaan ja vilisti vauhdilla juoksemaan ymp\u00e4ri saarta. Viel\u00e4 tovin rantautumisen j\u00e4lkeen n\u00e4in oravan riemukkaita hyp\u00e4hdyksi\u00e4 ymp\u00e4ri saaren varvikkoista aluskasvillisuutta.<\/p>\n<div id=\"attachment_3048\" style=\"width: 490px\" class=\"wp-caption aligncenter\"><a href=\"https:\/\/blogi.ennola.fi\/wp-content\/uploads\/2018\/02\/Inari_Panorama4b.jpg\" rel=\"lightbox[3022]\"><img loading=\"lazy\" decoding=\"async\" aria-describedby=\"caption-attachment-3048\" class=\"wp-image-3048 size-full\" title=\"Isossa J\u00e4\u00e4saaressa.\" src=\"https:\/\/blogi.ennola.fi\/wp-content\/uploads\/2018\/02\/Inari_Panorama4b-1.jpg\" alt=\"\" width=\"480\" height=\"134\" srcset=\"https:\/\/blogi.ennola.fi\/wp-content\/uploads\/2018\/02\/Inari_Panorama4b-1.jpg 480w, https:\/\/blogi.ennola.fi\/wp-content\/uploads\/2018\/02\/Inari_Panorama4b-1-150x42.jpg 150w\" sizes=\"(max-width: 480px) 100vw, 480px\" \/><\/a><p id=\"caption-attachment-3048\" class=\"wp-caption-text\">Isossa J\u00e4\u00e4saaressa.<\/p><\/div>\n<div id=\"attachment_3044\" style=\"width: 490px\" class=\"wp-caption aligncenter\"><a href=\"https:\/\/blogi.ennola.fi\/wp-content\/uploads\/2018\/02\/Inari_Panorama16b.jpg\" rel=\"lightbox[3022]\"><img loading=\"lazy\" decoding=\"async\" aria-describedby=\"caption-attachment-3044\" class=\"wp-image-3044 size-full\" title=\"Nanguvuononselk\u00e4.\" src=\"https:\/\/blogi.ennola.fi\/wp-content\/uploads\/2018\/02\/Inari_Panorama16b-1.jpg\" alt=\"\" width=\"480\" height=\"105\" srcset=\"https:\/\/blogi.ennola.fi\/wp-content\/uploads\/2018\/02\/Inari_Panorama16b-1.jpg 480w, https:\/\/blogi.ennola.fi\/wp-content\/uploads\/2018\/02\/Inari_Panorama16b-1-150x33.jpg 150w\" sizes=\"(max-width: 480px) 100vw, 480px\" \/><\/a><p id=\"caption-attachment-3044\" class=\"wp-caption-text\">Nanguvuononselk\u00e4.<\/p><\/div>\n<div id=\"attachment_3046\" style=\"width: 490px\" class=\"wp-caption aligncenter\"><a href=\"https:\/\/blogi.ennola.fi\/wp-content\/uploads\/2018\/02\/Inari_Panorama2b.jpg\" rel=\"lightbox[3022]\"><img loading=\"lazy\" decoding=\"async\" aria-describedby=\"caption-attachment-3046\" class=\"wp-image-3046 size-full\" title=\"Ilta-auringonlasku Isossa J\u00e4\u00e4saaressa.\" src=\"https:\/\/blogi.ennola.fi\/wp-content\/uploads\/2018\/02\/Inari_Panorama2b-1.jpg\" alt=\"\" width=\"480\" height=\"137\" srcset=\"https:\/\/blogi.ennola.fi\/wp-content\/uploads\/2018\/02\/Inari_Panorama2b-1.jpg 480w, https:\/\/blogi.ennola.fi\/wp-content\/uploads\/2018\/02\/Inari_Panorama2b-1-150x43.jpg 150w\" sizes=\"(max-width: 480px) 100vw, 480px\" \/><\/a><p id=\"caption-attachment-3046\" class=\"wp-caption-text\">Ilta-auringonlasku Isossa J\u00e4\u00e4saaressa.<\/p><\/div>\n","protected":false},"excerpt":{"rendered":"<p>Jo useampana syksyn\u00e4 olen suunnitellut melontaretke\u00e4 syyslomalla Inarij\u00e4rvelle. Vedet silloin ovat jo kylm\u00e4t ja on hyvinkin todenn\u00e4k\u00f6ist\u00e4, ett\u00e4 ensi lumi saattaa jo sataa saarien rannoille. On kuitenkin varsin&#8230;<\/p>\n","protected":false},"author":1,"featured_media":3038,"comment_status":"open","ping_status":"open","sticky":false,"template":"","format":"standard","meta":{"footnotes":""},"categories":[4,8],"tags":[],"_links":{"self":[{"href":"https:\/\/blogi.ennola.fi\/index.php?rest_route=\/wp\/v2\/posts\/3022"}],"collection":[{"href":"https:\/\/blogi.ennola.fi\/index.php?rest_route=\/wp\/v2\/posts"}],"about":[{"href":"https:\/\/blogi.ennola.fi\/index.php?rest_route=\/wp\/v2\/types\/post"}],"author":[{"embeddable":true,"href":"https:\/\/blogi.ennola.fi\/index.php?rest_route=\/wp\/v2\/users\/1"}],"replies":[{"embeddable":true,"href":"https:\/\/blogi.ennola.fi\/index.php?rest_route=%2Fwp%2Fv2%2Fcomments&post=3022"}],"version-history":[{"count":7,"href":"https:\/\/blogi.ennola.fi\/index.php?rest_route=\/wp\/v2\/posts\/3022\/revisions"}],"predecessor-version":[{"id":3077,"href":"https:\/\/blogi.ennola.fi\/index.php?rest_route=\/wp\/v2\/posts\/3022\/revisions\/3077"}],"wp:featuredmedia":[{"embeddable":true,"href":"https:\/\/blogi.ennola.fi\/index.php?rest_route=\/wp\/v2\/media\/3038"}],"wp:attachment":[{"href":"https:\/\/blogi.ennola.fi\/index.php?rest_route=%2Fwp%2Fv2%2Fmedia&parent=3022"}],"wp:term":[{"taxonomy":"category","embeddable":true,"href":"https:\/\/blogi.ennola.fi\/index.php?rest_route=%2Fwp%2Fv2%2Fcategories&post=3022"},{"taxonomy":"post_tag","embeddable":true,"href":"https:\/\/blogi.ennola.fi\/index.php?rest_route=%2Fwp%2Fv2%2Ftags&post=3022"}],"curies":[{"name":"wp","href":"https:\/\/api.w.org\/{rel}","templated":true}]}}