{"id":3078,"date":"2018-04-29T14:12:12","date_gmt":"2018-04-29T11:12:12","guid":{"rendered":"https:\/\/blogi.ennola.fi\/?p=3078"},"modified":"2020-06-07T22:36:49","modified_gmt":"2020-06-07T19:36:49","slug":"sylarna-ympari","status":"publish","type":"post","link":"https:\/\/blogi.ennola.fi\/?p=3078","title":{"rendered":"Sylarna ymp\u00e4ri"},"content":{"rendered":"<p>Avotunturit ulottuvat Ruotsin ja Norjan rajalla varsin etel\u00e4\u00e4n. Sylarnan tunturialue J\u00e4mtlannissa sijaitsee Vaasan korkeudella, mutta jo vajaan kilometrin korkeudessa yl\u00e4nk\u00f6 on t\u00e4ysin puuton. Alueella sijaitsee Etel\u00e4-Ruotsin korkein tunturi Helagsfj\u00e4llet (1796) ja l\u00e4hes yht\u00e4 korkealle nouseva Storsylen (1762). Molempien huippujen it\u00e4puolelle on muodostunut pieni j\u00e4\u00e4tikk\u00f6, joista Helagsglaci\u00e4ren on Ruotsin etel\u00e4isin j\u00e4\u00e4tikk\u00f6. Etel\u00e4-Ruotsin suurtunturit ovat kohteena kiinnostaneet minua jo pitk\u00e4\u00e4n ja nyt p\u00e4\u00e4si\u00e4isen alla oli viikko aikaa k\u00e4yd\u00e4 ottamaan kohteesta selv\u00e4\u00e4.<\/p>\n<p>Alkuun suunnittelin reissua Otson kanssa, jonka kanssa olemme jo useita talvireissuja tehneet ja todenneet yhteisty\u00f6mme toimivaksi. Muutama viikko ennen l\u00e4ht\u00f6\u00e4 samaan matkaan l\u00e4hti mukaan Tea. Tea l\u00e4hti mukaan kokonaan omilla varusteilla ja oli valmistautunut vaeltamaan tarvittaessa omia polkujaan, jos meid\u00e4n suunnitelmamme eiv\u00e4t olisi kiinnostaneet.<\/p>\n<p>Ruotsiin menimme iltalaivalla Naantalista Kapellsk\u00e4rin. Matkaa voi pit\u00e4\u00e4 varsin edullisena menopaluu hytill\u00e4 ja autopaikalla 85 euroa henki ja hinta piti sis\u00e4ll\u00e4\u00e4n illallisen ja aamiaisen laivalla. Ajomatkaa Kapellsk\u00e4rist\u00e4 Storulv\u00e5nin tunturiasemalle, josta aloitimme vaelluksen, kertyi 734 km, joten aivan lyhyk\u00e4inen ei ajomatka ollut, vaikka kohde olikin varsin etel\u00e4ss\u00e4. Ajomatka sujui varsin mets\u00e4isiss\u00e4 maisemissa ja vasta viimeisen kymmenen kilometrin aikana havupuut vaihtuivat tunturikoivikkoon, jonka yl\u00e4rajan tuntumassa tunturiasema sijaitsi.<\/p>\n<div id=\"attachment_3104\" style=\"width: 490px\" class=\"wp-caption aligncenter\"><a href=\"https:\/\/blogi.ennola.fi\/wp-content\/uploads\/2018\/04\/Sylarna_Panorama_4.jpg\" rel=\"lightbox[3078]\"><img loading=\"lazy\" decoding=\"async\" aria-describedby=\"caption-attachment-3104\" class=\"wp-image-3104 size-full\" title=\"Lill-Ulv\u00e5n jokilaaksoa.\" src=\"https:\/\/blogi.ennola.fi\/wp-content\/uploads\/2018\/04\/Sylarna_Panorama_4-1.jpg\" alt=\"\" width=\"480\" height=\"146\" srcset=\"https:\/\/blogi.ennola.fi\/wp-content\/uploads\/2018\/04\/Sylarna_Panorama_4-1.jpg 480w, https:\/\/blogi.ennola.fi\/wp-content\/uploads\/2018\/04\/Sylarna_Panorama_4-1-150x46.jpg 150w\" sizes=\"(max-width: 480px) 100vw, 480px\" \/><\/a><p id=\"caption-attachment-3104\" class=\"wp-caption-text\">Lill-Ulv\u00e5n jokilaaksoa.<\/p><\/div>\n<div id=\"attachment_3103\" style=\"width: 490px\" class=\"wp-caption aligncenter\"><a href=\"https:\/\/blogi.ennola.fi\/wp-content\/uploads\/2018\/04\/Sylarna_Panorama_7.jpg\" rel=\"lightbox[3078]\"><img loading=\"lazy\" decoding=\"async\" aria-describedby=\"caption-attachment-3103\" class=\"wp-image-3103 size-full\" title=\"Lill-Ulv\u00e5n jokilaakson viimeisi\u00e4 koivuja.\" src=\"https:\/\/blogi.ennola.fi\/wp-content\/uploads\/2018\/04\/Sylarna_Panorama_7-1.jpg\" alt=\"\" width=\"480\" height=\"101\" srcset=\"https:\/\/blogi.ennola.fi\/wp-content\/uploads\/2018\/04\/Sylarna_Panorama_7-1.jpg 480w, https:\/\/blogi.ennola.fi\/wp-content\/uploads\/2018\/04\/Sylarna_Panorama_7-1-150x32.jpg 150w\" sizes=\"(max-width: 480px) 100vw, 480px\" \/><\/a><p id=\"caption-attachment-3103\" class=\"wp-caption-text\">Lill-Ulv\u00e5n jokilaakson viimeisi\u00e4 koivuja.<\/p><\/div>\n<p>Reittisuunnitelma viikon vaellukselle oli varsin yksinkertainen. Tarkoituksenamme oli kiert\u00e4\u00e4 Sylarnan tunturialue ymp\u00e4ri ja k\u00e4yd\u00e4 Helagsfjelletin juurella sen pohjoispuolella. Parina p\u00e4iv\u00e4n\u00e4 oli ajatus s\u00e4\u00e4n salliessa pyrki\u00e4 huiputtamaan molemmat tai toinen tuntureista. Alueella oli ollut runsaita lumisateita ennen reissua ja lumivy\u00f6ryriski oli korkea, joten huiputukset edellyttiv\u00e4t hyvi\u00e4 s\u00e4it\u00e4, jotta lumipakka stabiloituisi. Ilman huiputusp\u00e4ivi\u00e4 aika olisi riitt\u00e4nyt molempien massiivien kiert\u00e4miseen, mutta t\u00e4ll\u00e4 aikataululla ei ollut j\u00e4rke\u00e4 pyrki\u00e4 kiert\u00e4m\u00e4\u00e4n molempia. Hiihtokuntokaan ei meill\u00e4 kenell\u00e4k\u00e4\u00e4n ollut ihan parhaimmillaan eri syist\u00e4 johtuen, joten p\u00e4iv\u00e4matkat j\u00e4iv\u00e4t hieman vaatimattomammiksi. T\u00e4ysi\u00e4 kahdeksan legin p\u00e4ivi\u00e4 ei juuri tullut tehdyksi ja tauot pyrkiv\u00e4t usein venym\u00e4\u00e4n reilusti yli kymmenminuuttisiksi. Toki vaikea keksi\u00e4 miten pidemmill\u00e4 p\u00e4iv\u00e4matkoilla olisi saanut aikaiseksi mielekk\u00e4\u00e4mm\u00e4n reitin t\u00e4ll\u00e4 aikataululla.<\/p>\n<div id=\"attachment_3102\" style=\"width: 490px\" class=\"wp-caption aligncenter\"><a href=\"https:\/\/blogi.ennola.fi\/wp-content\/uploads\/2018\/04\/Sylarna_Panorama_10.jpg\" rel=\"lightbox[3078]\"><img loading=\"lazy\" decoding=\"async\" aria-describedby=\"caption-attachment-3102\" class=\"wp-image-3102 size-full\" title=\"Auringon ensi s\u00e4teet osuvat Sylarna-massiiviin.\" src=\"https:\/\/blogi.ennola.fi\/wp-content\/uploads\/2018\/04\/Sylarna_Panorama_10-1.jpg\" alt=\"\" width=\"480\" height=\"102\" srcset=\"https:\/\/blogi.ennola.fi\/wp-content\/uploads\/2018\/04\/Sylarna_Panorama_10-1.jpg 480w, https:\/\/blogi.ennola.fi\/wp-content\/uploads\/2018\/04\/Sylarna_Panorama_10-1-150x32.jpg 150w\" sizes=\"(max-width: 480px) 100vw, 480px\" \/><\/a><p id=\"caption-attachment-3102\" class=\"wp-caption-text\">Auringon ensi s\u00e4teet osuvat Sylarna-massiiviin.<\/p><\/div>\n<div id=\"attachment_3101\" style=\"width: 490px\" class=\"wp-caption aligncenter\"><a href=\"https:\/\/blogi.ennola.fi\/wp-content\/uploads\/2018\/04\/Sylarna_Panorama_16.jpg\" rel=\"lightbox[3078]\"><img loading=\"lazy\" decoding=\"async\" aria-describedby=\"caption-attachment-3101\" class=\"wp-image-3101 size-full\" title=\"Sylarna-massiivi Norjan puolelta.\" src=\"https:\/\/blogi.ennola.fi\/wp-content\/uploads\/2018\/04\/Sylarna_Panorama_16-1.jpg\" alt=\"\" width=\"480\" height=\"135\" srcset=\"https:\/\/blogi.ennola.fi\/wp-content\/uploads\/2018\/04\/Sylarna_Panorama_16-1.jpg 480w, https:\/\/blogi.ennola.fi\/wp-content\/uploads\/2018\/04\/Sylarna_Panorama_16-1-150x42.jpg 150w\" sizes=\"(max-width: 480px) 100vw, 480px\" \/><\/a><p id=\"caption-attachment-3101\" class=\"wp-caption-text\">Sylarna-massiivi Norjan puolelta.<\/p><\/div>\n<p>S\u00e4\u00e4 sitten suosikin reissua. Ainoastaan ensimm\u00e4isen\u00e4 p\u00e4iv\u00e4n\u00e4, jolloin hiihdimme massiivin juurelle l\u00e4helle Norjan rajaa, s\u00e4\u00e4 oli pilvinen, lumisateinen ja sumuinen. Muutaman hetken jouduimme hiiht\u00e4m\u00e4\u00e4n white-out tilanteessakin. T\u00e4m\u00e4n j\u00e4lkeen s\u00e4\u00e4 selkeni ja tyyntyi. Loput p\u00e4iv\u00e4t aurinko paistoikin k\u00e4yt\u00e4nn\u00f6ss\u00e4 pilvett\u00f6m\u00e4lt\u00e4 taivaalta. Y\u00f6t olivat kylmi\u00e4: 20-30 astetta pakasta, mutta p\u00e4ivisin aurinko l\u00e4mmitti ilman varsin l\u00e4mpim\u00e4ksi. Valokuvauksen kannalta tuollainen pilvett\u00f6m\u00e4lt\u00e4 taivaalta paistava aurinko oli v\u00e4h\u00e4n tyls\u00e4 ja valokuvaaminen p\u00e4in aurinkoa hankalaa, mutta retkeilyn kannalta olosuhteet olivat varsin mainiot.<\/p>\n<div id=\"attachment_3100\" style=\"width: 490px\" class=\"wp-caption aligncenter\"><a href=\"https:\/\/blogi.ennola.fi\/wp-content\/uploads\/2018\/04\/Sylarna_Panorama_1.jpg\" rel=\"lightbox[3078]\"><img loading=\"lazy\" decoding=\"async\" aria-describedby=\"caption-attachment-3100\" class=\"wp-image-3100 size-full\" title=\"Ilta-aurinko osuus Norra Helagsst\u00f6tenin rinteeseen.\" src=\"https:\/\/blogi.ennola.fi\/wp-content\/uploads\/2018\/04\/Sylarna_Panorama_1-1.jpg\" alt=\"\" width=\"480\" height=\"98\" srcset=\"https:\/\/blogi.ennola.fi\/wp-content\/uploads\/2018\/04\/Sylarna_Panorama_1-1.jpg 480w, https:\/\/blogi.ennola.fi\/wp-content\/uploads\/2018\/04\/Sylarna_Panorama_1-1-150x31.jpg 150w\" sizes=\"(max-width: 480px) 100vw, 480px\" \/><\/a><p id=\"caption-attachment-3100\" class=\"wp-caption-text\">Ilta-aurinko osuus Norra Helagsst\u00f6tenin rinteeseen.<\/p><\/div>\n<div id=\"attachment_3099\" style=\"width: 490px\" class=\"wp-caption aligncenter\"><a href=\"https:\/\/blogi.ennola.fi\/wp-content\/uploads\/2018\/04\/Sylarna_Panorama_3.jpg\" rel=\"lightbox[3078]\"><img loading=\"lazy\" decoding=\"async\" aria-describedby=\"caption-attachment-3099\" class=\"wp-image-3099 size-full\" title=\"Norra Helagsst\u00f6ten my\u00f6h\u00e4\u00e4n illan siness\u00e4.\" src=\"https:\/\/blogi.ennola.fi\/wp-content\/uploads\/2018\/04\/Sylarna_Panorama_3-1.jpg\" alt=\"\" width=\"480\" height=\"94\" srcset=\"https:\/\/blogi.ennola.fi\/wp-content\/uploads\/2018\/04\/Sylarna_Panorama_3-1.jpg 480w, https:\/\/blogi.ennola.fi\/wp-content\/uploads\/2018\/04\/Sylarna_Panorama_3-1-150x29.jpg 150w\" sizes=\"(max-width: 480px) 100vw, 480px\" \/><\/a><p id=\"caption-attachment-3099\" class=\"wp-caption-text\">Norra Helagsst\u00f6ten my\u00f6h\u00e4\u00e4n illan siness\u00e4.<\/p><\/div>\n<div id=\"attachment_3098\" style=\"width: 490px\" class=\"wp-caption aligncenter\"><a href=\"https:\/\/blogi.ennola.fi\/wp-content\/uploads\/2018\/04\/Sylarna_Panorama_8.jpg\" rel=\"lightbox[3078]\"><img loading=\"lazy\" decoding=\"async\" aria-describedby=\"caption-attachment-3098\" class=\"wp-image-3098 size-full\" title=\"Sylarna aamuauringossa.\" src=\"https:\/\/blogi.ennola.fi\/wp-content\/uploads\/2018\/04\/Sylarna_Panorama_8-1.jpg\" alt=\"\" width=\"480\" height=\"75\" srcset=\"https:\/\/blogi.ennola.fi\/wp-content\/uploads\/2018\/04\/Sylarna_Panorama_8-1.jpg 480w, https:\/\/blogi.ennola.fi\/wp-content\/uploads\/2018\/04\/Sylarna_Panorama_8-1-150x23.jpg 150w\" sizes=\"(max-width: 480px) 100vw, 480px\" \/><\/a><p id=\"caption-attachment-3098\" class=\"wp-caption-text\">Sylarna aamuauringossa.<\/p><\/div>\n<div id=\"attachment_3105\" style=\"width: 490px\" class=\"wp-caption aligncenter\"><a href=\"https:\/\/blogi.ennola.fi\/wp-content\/uploads\/2018\/04\/Sylarna_Panorama_14.jpg\" rel=\"lightbox[3078]\"><img loading=\"lazy\" decoding=\"async\" aria-describedby=\"caption-attachment-3105\" class=\"wp-image-3105 size-full\" title=\"Helags ja Predikstolen, kuvattu Norra Helagsst\u00f6tenin huipulta.\" src=\"https:\/\/blogi.ennola.fi\/wp-content\/uploads\/2018\/04\/Sylarna_Panorama_14-1.jpg\" alt=\"\" width=\"480\" height=\"121\" srcset=\"https:\/\/blogi.ennola.fi\/wp-content\/uploads\/2018\/04\/Sylarna_Panorama_14-1.jpg 480w, https:\/\/blogi.ennola.fi\/wp-content\/uploads\/2018\/04\/Sylarna_Panorama_14-1-150x38.jpg 150w\" sizes=\"(max-width: 480px) 100vw, 480px\" \/><\/a><p id=\"caption-attachment-3105\" class=\"wp-caption-text\">Helags ja Predikstolen, kuvattu Norra Helagsst\u00f6tenin huipulta.<\/p><\/div>\n<div id=\"attachment_3106\" style=\"width: 490px\" class=\"wp-caption aligncenter\"><a href=\"https:\/\/blogi.ennola.fi\/wp-content\/uploads\/2018\/04\/Sylarna_Panorama_13.jpg\" rel=\"lightbox[3078]\"><img loading=\"lazy\" decoding=\"async\" aria-describedby=\"caption-attachment-3106\" class=\"wp-image-3106 size-full\" title=\"Tuulen lakaisema kumpare ja Norra Helagsst\u00f6ten.\" src=\"https:\/\/blogi.ennola.fi\/wp-content\/uploads\/2018\/04\/Sylarna_Panorama_13-1.jpg\" alt=\"\" width=\"480\" height=\"134\" srcset=\"https:\/\/blogi.ennola.fi\/wp-content\/uploads\/2018\/04\/Sylarna_Panorama_13-1.jpg 480w, https:\/\/blogi.ennola.fi\/wp-content\/uploads\/2018\/04\/Sylarna_Panorama_13-1-150x42.jpg 150w\" sizes=\"(max-width: 480px) 100vw, 480px\" \/><\/a><p id=\"caption-attachment-3106\" class=\"wp-caption-text\">Tuulen lakaisema kumpare ja Norra Helagsst\u00f6ten.<\/p><\/div>\n<p>Hyv\u00e4 s\u00e4\u00e4 tarjosi loppureissusta riitt\u00e4v\u00e4t olosuhteet huiputuksiin. Tea lep\u00e4si leiriss\u00e4 mieluummin kuin l\u00e4hti meid\u00e4n mukaan huiputuksiin, joten teimme huiputukset Otson kanssa kahdestaan. Helagsfjelletin p\u00e4\u00e4huippu oli hieman kaukana huiputettavaksi pohjoisesta, mutta pohjoinen sivuhuippu, Norra\u00a0Helagsst\u00f6ten (1704), jonka juurella leirimme oli, oli helposti huiputettavasti. Huipulle nousimme ensin luoteista harjannetta pitkin, ja noin puolessa v\u00e4liss\u00e4 sen jyrkentyess\u00e4 siirryimme lounaiselle harjanteelle, jota pitkin kapusimme huipulle. Kaksi p\u00e4iv\u00e4\u00e4 my\u00f6hemmin l\u00e4hdimme huiputtamaan Sylarnan huippuja. Hiihdimme Otson kanssa Lillsylenin ja Vaktklumpenin v\u00e4liseen solaan, jossa vihdoimme sukset ja sauvat j\u00e4\u00e4rautoihin ja hakkuun. Kiipesimme ensin jyrkk\u00e4\u00e4 lumirinnett\u00e4 Lillsylenin huipulle. Sielt\u00e4 laskeutuminen Storsyleni\u00e4 kohti viev\u00e4lle harjanteelle tuntui hieman ep\u00e4varmalta, joten emme jatkaneet siit\u00e4 matkaa. Vietimme sen sijaan pitk\u00e4n lounastauon huipulla nauttien tyynen auringonpaisteen luomasta l\u00e4mm\u00f6st\u00e4.<\/p>\n<div id=\"attachment_3113\" style=\"width: 460px\" class=\"wp-caption aligncenter\"><a href=\"https:\/\/blogi.ennola.fi\/wp-content\/uploads\/2018\/04\/IMG_0489.jpg\" rel=\"lightbox[3078]\"><img loading=\"lazy\" decoding=\"async\" aria-describedby=\"caption-attachment-3113\" class=\"wp-image-3113 size-full\" title=\"Otso Lillsylenin huipulla.\" src=\"https:\/\/blogi.ennola.fi\/wp-content\/uploads\/2018\/04\/IMG_0489-1.jpg\" alt=\"Otso Lillsylenin huipulla.\" width=\"450\" height=\"338\" srcset=\"https:\/\/blogi.ennola.fi\/wp-content\/uploads\/2018\/04\/IMG_0489-1.jpg 450w, https:\/\/blogi.ennola.fi\/wp-content\/uploads\/2018\/04\/IMG_0489-1-150x113.jpg 150w\" sizes=\"(max-width: 450px) 100vw, 450px\" \/><\/a><p id=\"caption-attachment-3113\" class=\"wp-caption-text\">Otso Lillsylenin huipulla.<\/p><\/div>\n<div id=\"attachment_3097\" style=\"width: 460px\" class=\"wp-caption aligncenter\"><a href=\"https:\/\/blogi.ennola.fi\/wp-content\/uploads\/2018\/04\/IMG_0330.jpg\" rel=\"lightbox[3078]\"><img loading=\"lazy\" decoding=\"async\" aria-describedby=\"caption-attachment-3097\" class=\"wp-image-3097 size-full\" title=\"Laskeutumassa Norra Helagsst\u00f6tenilt\u00e4 alas. Predikstolen edess\u00e4.\" src=\"https:\/\/blogi.ennola.fi\/wp-content\/uploads\/2018\/04\/IMG_0330-1.jpg\" alt=\"\" width=\"450\" height=\"338\" srcset=\"https:\/\/blogi.ennola.fi\/wp-content\/uploads\/2018\/04\/IMG_0330-1.jpg 450w, https:\/\/blogi.ennola.fi\/wp-content\/uploads\/2018\/04\/IMG_0330-1-150x113.jpg 150w\" sizes=\"(max-width: 450px) 100vw, 450px\" \/><\/a><p id=\"caption-attachment-3097\" class=\"wp-caption-text\">Laskeutumassa Norra Helagsst\u00f6tenilt\u00e4 alas. Predikstolen edess\u00e4.<\/p><\/div>\n<p>Alueen maisemaa n\u00e4m\u00e4 kaksi massiivia hallitsivat. Kaikki muut tunturit niiden ymp\u00e4rill\u00e4 olivat huomattavasti matalampia ja loivapiirteisempi\u00e4. Norjan suuntaan puuton tunturialue jatkui silm\u00e4nkantamien p\u00e4\u00e4h\u00e4n mutta silmiinpist\u00e4v\u00e4n loivapiirteisen\u00e4. Ruotsin puolella, tuntureiden takaa n\u00e4kyiv\u00e4t jo laajat havumets\u00e4t. Koillisessa Storulv\u00e5nin tunturiaseman ymp\u00e4rist\u00f6ss\u00e4 oli jonkin verran jyrkk\u00e4piirteisempi\u00e4 tuntureita, ennen maiseman tasoittumista ja laskeutumista puurajan alapuolella.<\/p>\n<div id=\"attachment_3107\" style=\"width: 490px\" class=\"wp-caption aligncenter\"><a href=\"https:\/\/blogi.ennola.fi\/wp-content\/uploads\/2018\/04\/Sylarna_Panorama_5.jpg\" rel=\"lightbox[3078]\"><img loading=\"lazy\" decoding=\"async\" aria-describedby=\"caption-attachment-3107\" class=\"wp-image-3107 size-full\" title=\"Sylarnan huippuja: Sylskalst\u00f6ten, Templet, Slottet, Lillsylen ja Vaktklumpen.\" src=\"https:\/\/blogi.ennola.fi\/wp-content\/uploads\/2018\/04\/Sylarna_Panorama_5-1.jpg\" alt=\"\" width=\"480\" height=\"104\" srcset=\"https:\/\/blogi.ennola.fi\/wp-content\/uploads\/2018\/04\/Sylarna_Panorama_5-1.jpg 480w, https:\/\/blogi.ennola.fi\/wp-content\/uploads\/2018\/04\/Sylarna_Panorama_5-1-150x33.jpg 150w\" sizes=\"(max-width: 480px) 100vw, 480px\" \/><\/a><p id=\"caption-attachment-3107\" class=\"wp-caption-text\">Sylarnan huippuja: Sylskalst\u00f6ten, Templet, Slottet, Lillsylen ja Vaktklumpen.<\/p><\/div>\n<div id=\"attachment_3114\" style=\"width: 490px\" class=\"wp-caption aligncenter\"><a href=\"https:\/\/blogi.ennola.fi\/wp-content\/uploads\/2018\/04\/Sylarna_Panorama_6.jpg\" rel=\"lightbox[3078]\"><img loading=\"lazy\" decoding=\"async\" aria-describedby=\"caption-attachment-3114\" class=\"wp-image-3114 size-full\" title=\"Aurinko, Slottet, Storsylan ja Lillsylan.\" src=\"https:\/\/blogi.ennola.fi\/wp-content\/uploads\/2018\/04\/Sylarna_Panorama_6-1.jpg\" alt=\"\" width=\"480\" height=\"101\" srcset=\"https:\/\/blogi.ennola.fi\/wp-content\/uploads\/2018\/04\/Sylarna_Panorama_6-1.jpg 480w, https:\/\/blogi.ennola.fi\/wp-content\/uploads\/2018\/04\/Sylarna_Panorama_6-1-150x32.jpg 150w\" sizes=\"(max-width: 480px) 100vw, 480px\" \/><\/a><p id=\"caption-attachment-3114\" class=\"wp-caption-text\">Aurinko, Slottet, Storsylan ja Lillsylan.<\/p><\/div>\n<div id=\"attachment_3108\" style=\"width: 490px\" class=\"wp-caption aligncenter\"><a href=\"https:\/\/blogi.ennola.fi\/wp-content\/uploads\/2018\/04\/Sylarna_Panorama_15.jpg\" rel=\"lightbox[3078]\"><img loading=\"lazy\" decoding=\"async\" aria-describedby=\"caption-attachment-3108\" class=\"wp-image-3108 size-full\" title=\"Lillsylenin huippu.\" src=\"https:\/\/blogi.ennola.fi\/wp-content\/uploads\/2018\/04\/Sylarna_Panorama_15-1.jpg\" alt=\"\" width=\"480\" height=\"149\" srcset=\"https:\/\/blogi.ennola.fi\/wp-content\/uploads\/2018\/04\/Sylarna_Panorama_15-1.jpg 480w, https:\/\/blogi.ennola.fi\/wp-content\/uploads\/2018\/04\/Sylarna_Panorama_15-1-150x47.jpg 150w\" sizes=\"(max-width: 480px) 100vw, 480px\" \/><\/a><p id=\"caption-attachment-3108\" class=\"wp-caption-text\">Lillsylenin huippu.<\/p><\/div>\n<div id=\"attachment_3109\" style=\"width: 490px\" class=\"wp-caption aligncenter\"><a href=\"https:\/\/blogi.ennola.fi\/wp-content\/uploads\/2018\/04\/Sylarna_Panorama_9.jpg\" rel=\"lightbox[3078]\"><img loading=\"lazy\" decoding=\"async\" aria-describedby=\"caption-attachment-3109\" class=\"wp-image-3109 size-full\" title=\"Slottet, Storsylen ja Lillsylen.\" src=\"https:\/\/blogi.ennola.fi\/wp-content\/uploads\/2018\/04\/Sylarna_Panorama_9-1.jpg\" alt=\"\" width=\"480\" height=\"139\" srcset=\"https:\/\/blogi.ennola.fi\/wp-content\/uploads\/2018\/04\/Sylarna_Panorama_9-1.jpg 480w, https:\/\/blogi.ennola.fi\/wp-content\/uploads\/2018\/04\/Sylarna_Panorama_9-1-150x43.jpg 150w\" sizes=\"(max-width: 480px) 100vw, 480px\" \/><\/a><p id=\"caption-attachment-3109\" class=\"wp-caption-text\">Slottet, Storsylen ja Lillsylen.<\/p><\/div>\n<div id=\"attachment_3110\" style=\"width: 490px\" class=\"wp-caption aligncenter\"><a href=\"https:\/\/blogi.ennola.fi\/wp-content\/uploads\/2018\/04\/Sylarna_Panorama_2.jpg\" rel=\"lightbox[3078]\"><img loading=\"lazy\" decoding=\"async\" aria-describedby=\"caption-attachment-3110\" class=\"wp-image-3110 size-full\" title=\"Storsylen Lillsylenin huipulta.\" src=\"https:\/\/blogi.ennola.fi\/wp-content\/uploads\/2018\/04\/Sylarna_Panorama_2-1.jpg\" alt=\"\" width=\"480\" height=\"85\" srcset=\"https:\/\/blogi.ennola.fi\/wp-content\/uploads\/2018\/04\/Sylarna_Panorama_2-1.jpg 480w, https:\/\/blogi.ennola.fi\/wp-content\/uploads\/2018\/04\/Sylarna_Panorama_2-1-150x27.jpg 150w\" sizes=\"(max-width: 480px) 100vw, 480px\" \/><\/a><p id=\"caption-attachment-3110\" class=\"wp-caption-text\">Storsylen Lillsylenin huipulta.<\/p><\/div>\n<div id=\"attachment_3111\" style=\"width: 490px\" class=\"wp-caption aligncenter\"><a href=\"https:\/\/blogi.ennola.fi\/wp-content\/uploads\/2018\/04\/Sylarna_Panorama_12.jpg\" rel=\"lightbox[3078]\"><img loading=\"lazy\" decoding=\"async\" aria-describedby=\"caption-attachment-3111\" class=\"wp-image-3111 size-full\" title=\"Sylskalst\u00f6ten, Templet, Slottet ja Vaktklumpen.\" src=\"https:\/\/blogi.ennola.fi\/wp-content\/uploads\/2018\/04\/Sylarna_Panorama_12-1.jpg\" alt=\"\" width=\"480\" height=\"113\" srcset=\"https:\/\/blogi.ennola.fi\/wp-content\/uploads\/2018\/04\/Sylarna_Panorama_12-1.jpg 480w, https:\/\/blogi.ennola.fi\/wp-content\/uploads\/2018\/04\/Sylarna_Panorama_12-1-150x35.jpg 150w\" sizes=\"(max-width: 480px) 100vw, 480px\" \/><\/a><p id=\"caption-attachment-3111\" class=\"wp-caption-text\">Sylskalst\u00f6ten, Templet, Slottet ja Vaktklumpen.<\/p><\/div>\n<p>El\u00e4inten puolesta alueella oli melko hiljaista. Kiirunoita ja riekkoja n\u00e4imme ja kuulimme muutaman kerran, joskus yksin\u00e4inen korppi lenteli jossain, mutta muuten ei linnuista juuri havaintoja syntynyt. Poroja n\u00e4imme kertaalleen. Nis\u00e4kk\u00e4iden j\u00e4lki\u00e4 n\u00e4kyi jonkun verran. Alueelle elelee jonkinmoinen naalikanta ja niit\u00e4 ruokitaan siell\u00e4. L\u00f6ysimme yhden naalien ruokintapaikan ja naalin pes\u00e4n sen l\u00e4heisyydest\u00e4. My\u00f6s ahman j\u00e4lkijono kulki ruokintapaikan ohi, olikohan ruuan haju houkutellut sit\u00e4? Sen enemp\u00e4\u00e4 sit\u00e4 tutkimaan ahma ei kuitenkaan ollut pys\u00e4htynyt.<\/p>\n<div id=\"attachment_3112\" style=\"width: 490px\" class=\"wp-caption aligncenter\"><a href=\"https:\/\/blogi.ennola.fi\/wp-content\/uploads\/2018\/04\/Sylarna_Panorama_11.jpg\" rel=\"lightbox[3078]\"><img loading=\"lazy\" decoding=\"async\" aria-describedby=\"caption-attachment-3112\" class=\"wp-image-3112 size-full\" title=\"\u00d6stra Endalsh\u00f6jden, taustalla Bunnerfj\u00e4llen ja Sylarna.\" src=\"https:\/\/blogi.ennola.fi\/wp-content\/uploads\/2018\/04\/Sylarna_Panorama_11-1.jpg\" alt=\"\" width=\"480\" height=\"125\" srcset=\"https:\/\/blogi.ennola.fi\/wp-content\/uploads\/2018\/04\/Sylarna_Panorama_11-1.jpg 480w, https:\/\/blogi.ennola.fi\/wp-content\/uploads\/2018\/04\/Sylarna_Panorama_11-1-150x39.jpg 150w\" sizes=\"(max-width: 480px) 100vw, 480px\" \/><\/a><p id=\"caption-attachment-3112\" class=\"wp-caption-text\">\u00d6stra Endalsh\u00f6jden, taustalla Bunnerfj\u00e4llen ja Sylarna.<\/p><\/div>\n<p>P\u00e4\u00e4si\u00e4inen on suosittua ulkoiluaikaa, joten ruotsalaiset ja norjalaiset olivat ahkerasti liikkeell\u00e4. Viimeisen\u00e4 paluup\u00e4iv\u00e4n\u00e4, kun hiihdimme kahden tunturiaseman v\u00e4list\u00e4 latua, tunnelma oli kuin jossain kansanjuhlassa. Vastaan tuli ihmisi\u00e4 hyvin vaihtelevissa varusteissa. Oli perheit\u00e4 lapset ahkiossa, oli kuntohiiht\u00e4ji\u00e4 luistelusuksilla, oli retkeilij\u00f6it\u00e4 rinkkoineen. Sen sijaan alkuviikosta kiert\u00e4ess\u00e4mme massiivin toista puolta ei juuri muita liikkujia n\u00e4kynyt, kuin kaukaisina pistein\u00e4 laakson pohjalla.<\/p>\n<div class=\"mceTemp\"><\/div>\n<div class=\"mceTemp\"><\/div>\n","protected":false},"excerpt":{"rendered":"<p>Avotunturit ulottuvat Ruotsin ja Norjan rajalla varsin etel\u00e4\u00e4n. Sylarnan tunturialue J\u00e4mtlannissa sijaitsee Vaasan korkeudella, mutta jo vajaan kilometrin korkeudessa yl\u00e4nk\u00f6 on t\u00e4ysin puuton. Alueella sijaitsee Etel\u00e4-Ruotsin korkein tunturi&#8230;<\/p>\n","protected":false},"author":1,"featured_media":3087,"comment_status":"open","ping_status":"open","sticky":false,"template":"","format":"standard","meta":{"footnotes":""},"categories":[23,4],"tags":[],"_links":{"self":[{"href":"https:\/\/blogi.ennola.fi\/index.php?rest_route=\/wp\/v2\/posts\/3078"}],"collection":[{"href":"https:\/\/blogi.ennola.fi\/index.php?rest_route=\/wp\/v2\/posts"}],"about":[{"href":"https:\/\/blogi.ennola.fi\/index.php?rest_route=\/wp\/v2\/types\/post"}],"author":[{"embeddable":true,"href":"https:\/\/blogi.ennola.fi\/index.php?rest_route=\/wp\/v2\/users\/1"}],"replies":[{"embeddable":true,"href":"https:\/\/blogi.ennola.fi\/index.php?rest_route=%2Fwp%2Fv2%2Fcomments&post=3078"}],"version-history":[{"count":10,"href":"https:\/\/blogi.ennola.fi\/index.php?rest_route=\/wp\/v2\/posts\/3078\/revisions"}],"predecessor-version":[{"id":5026,"href":"https:\/\/blogi.ennola.fi\/index.php?rest_route=\/wp\/v2\/posts\/3078\/revisions\/5026"}],"wp:featuredmedia":[{"embeddable":true,"href":"https:\/\/blogi.ennola.fi\/index.php?rest_route=\/wp\/v2\/media\/3087"}],"wp:attachment":[{"href":"https:\/\/blogi.ennola.fi\/index.php?rest_route=%2Fwp%2Fv2%2Fmedia&parent=3078"}],"wp:term":[{"taxonomy":"category","embeddable":true,"href":"https:\/\/blogi.ennola.fi\/index.php?rest_route=%2Fwp%2Fv2%2Fcategories&post=3078"},{"taxonomy":"post_tag","embeddable":true,"href":"https:\/\/blogi.ennola.fi\/index.php?rest_route=%2Fwp%2Fv2%2Ftags&post=3078"}],"curies":[{"name":"wp","href":"https:\/\/api.w.org\/{rel}","templated":true}]}}