{"id":308,"date":"2017-04-30T23:04:45","date_gmt":"2017-04-30T20:04:45","guid":{"rendered":"https:\/\/blogi.ennola.fi\/?p=308"},"modified":"2020-06-08T08:16:34","modified_gmt":"2020-06-08T05:16:34","slug":"lapileikkaus-huippuvuorten-vaelluksen-maisemiin","status":"publish","type":"post","link":"https:\/\/blogi.ennola.fi\/?p=308","title":{"rendered":"L\u00e4pileikkaus Huippuvuorten vaelluksen maisemiin"},"content":{"rendered":"<p>Huippuvuorten vaellus on nyt onnellisesti takanap\u00e4in ja voin keskitty\u00e4 sen kuvalliseen antiin. Olen t\u00e4h\u00e4n kirjoitukseen liitt\u00e4nyt yhden panoraamakuvan jokaiselta reissun p\u00e4iv\u00e4lt\u00e4. Muutamina p\u00e4ivin\u00e4 olosuhteet eiv\u00e4t kuvaamista suosineet, joten kuvavalintaan ei juuri valinnanvaraa ollut. Parhailta p\u00e4ivilt\u00e4 hyvi\u00e4 kuvia olisi ollut useita ja on osin sattumaa, mik\u00e4 on valikoitunut juuri t\u00e4h\u00e4n kirjoitukseen. Hyvi\u00e4 kuvia on viel\u00e4 runsaasti julkaisematta, joten jatkoa viel\u00e4 seurannee.<\/p>\n<p>Reissun tapahtumista on jo kerrottu <a href=\"http:\/\/www.avotunturit.fi\/category\/huippuvuoret2017\/\">Ankarat Avotunturit -blogissa<\/a>, joten minun on t\u00e4ss\u00e4 turha ruveta niit\u00e4 toistamaan. Henkil\u00f6kohtaisen analyysin reissun tapahtumista julkaisen my\u00f6s my\u00f6hemmin, joten j\u00e4tet\u00e4\u00e4n sekin pois t\u00e4st\u00e4 postauksesta. Sen sijaan nostan t\u00e4ss\u00e4 esiin muutamia erityisongelmia liittyen panoraamakuvien kuvaamiseen t\u00e4ll\u00e4 reissulla.<\/p>\n<p>Ensimm\u00e4inen kysymys on tietysti saada kamera ylip\u00e4\u00e4t\u00e4ns\u00e4 toimimaan retken olosuhteissa. K\u00e4yt\u00f6ss\u00e4ni on Canonin pieni pokkarikamera, jonka normaali akku lakkaa toimimasta 15 asteen pakkasessa. Siisp\u00e4 olen liitt\u00e4nyt kameraani otsalamppuni ulkoisen pariston, jota pid\u00e4n taskussa ja silikonijohdon avulla johdan siit\u00e4 s\u00e4hk\u00f6n kameraan. Silikonijohto on osoittautunut hyv\u00e4ksi sill\u00e4 se kest\u00e4\u00e4 k\u00e4ytt\u00f6kelpoisena yli 30 asteen pakkasissa. N\u00e4in olen saanut kamerani toimimaan surkeasti vinkuen, mutta melko luotettavasti kovissakin pakkasissa. Tosin t\u00e4ll\u00e4 kertaa retken loppupuolella kameran n\u00e4ytt\u00f6\u00f6n alkoi ilmesty\u00e4 mustia viiruja, jotka p\u00e4iv\u00e4n mittaan vaihtelivat paikkaa. Viirut ovat nyt kadonneet, kun kamera on palannut normaaleihin olosuhteisiin. Kameraa s\u00e4ilytin aina ulkona pakkasessa, jotteiv\u00e4t l\u00e4mp\u00f6tilanvaihtelut olisi aiheuttanut kosteusvaurioita. Kerran kameralle putosi vesipisara, joka heti j\u00e4\u00e4tyi linssin rakenteisiin ja esti kuvaamisen, kunnes illalla olin kuivannut kameran teltassa perusteellisesti.<\/p>\n<p>Oman haasteensa panoraamojen kuvaamiseen tuo Huippuvuorten valo. Aurinko ei t\u00e4\u00e4ll\u00e4 juuri koskaan nouse korkealle, mist\u00e4 syyst\u00e4 varjot ovat hyvin pitki\u00e4. Siksi my\u00f6t\u00e4aurinkoon oma varjo tahtoo aivan v\u00e4kisin tulla mukaan kuvaan. Yksi paljon k\u00e4ytt\u00e4m\u00e4ni tapa kiert\u00e4\u00e4 t\u00e4m\u00e4 oli k\u00e4ytt\u00e4\u00e4 vuorten varjoja hyv\u00e4ksi. Vuoren varjossa ei ole omaakaan varjoa. Toinen tapa oli kuvata kuvat yl\u00e4viistoon, mutta v\u00e4lill\u00e4 olisi ollut kiva saada kuvaan my\u00f6s etualan lunta sinisen taivaan sijaan.<\/p>\n<p>Talvivaelluksille tyypillinen ongelma on my\u00f6s oma ja ryhm\u00e4n latu kuvassa. Pehme\u00e4\u00e4n lumeen syntyi ryhm\u00e4st\u00e4 syv\u00e4 j\u00e4lki, joka rajoitti kuvaamista tulosuuntaan. Eteenp\u00e4in ja sivuille kuvaussektorit olivat yleens\u00e4 vapaat. Erityisesti alkumatkasta ihan oma lukunsa j\u00e4lkien tuottajina olivat Huippuvuorten lukuisat moottorikelkat, joiden j\u00e4lki\u00e4 oli ihan joka paikassa. Aina muut ryhm\u00e4l\u00e4isetk\u00e4\u00e4n eiv\u00e4t hahmottaneet kuvaustyyli\u00e4ni. Kun siirryin etuviistoon oikealle aloittaakseni kuvaamisen sit\u00e4 suunnasta niin, joku tietysti hahmotti, ett\u00e4 silloin vasemmalla sektorissa on hyvin tilaa kyykkypissalle. Sitten kun olin p\u00e4\u00e4ssyt kuvaussektorin vasempaan reunaan, niin siell\u00e4 olikin jo jotain kuvan kannalta ylim\u00e4\u00e4r\u00e4ist\u00e4. Ja sen verta hienotunteisuutta minusta kuitenkin l\u00f6ytyi, etten kuitenkaan kuvannut tarpeilla olevia matkakumppaneitani, vaikkakin photoshopilla sellaisen ihan hyvin olisi voinut poistaa kuvan reunasta varsin huomaamattomasti. Sen sijan ladun ja moottorikelkanj\u00e4lkien poistoon olen kyseist\u00e4 ohjelmaa k\u00e4ytt\u00e4nytkin.<\/p>\n<p>My\u00f6s retkikunnan varsin tiukka aikataulu rajoitti kuvaamista. Legitauko kesti tarkkaan kymmenen minuuttia ja silloin oli teht\u00e4vi\u00e4 valintoja siit\u00e4, k\u00e4yttik\u00f6 tauon kuvaamiseen, juomiseen vai legiev\u00e4iden sy\u00f6miseen. Onneksi olen totuttanut itseni tulemaan toimeen v\u00e4h\u00e4ll\u00e4 juomisella ja matkallakaan ei ihan joka tauolla ole tarvetta sy\u00f6miseen, joten useimpina taukoina saatoin keskitty\u00e4 kuvaamiseen muiden aktiviteettien sijaan.<\/p>\n<p>Kaikesta huolimatta sain kuitenkin lukuisia onnistuneita panoraamoja aikaiseksi joita nyt ja my\u00f6hemmin voin julkaista t\u00e4\u00e4ll\u00e4.<\/p>\n<div id=\"attachment_347\" style=\"width: 490px\" class=\"wp-caption aligncenter\"><a href=\"https:\/\/blogi.ennola.fi\/wp-content\/uploads\/2017\/04\/Huippis_Panorama1.jpg\" rel=\"lightbox[308]\"><img loading=\"lazy\" decoding=\"async\" aria-describedby=\"caption-attachment-347\" class=\"wp-image-347 size-full\" title=\"31.3.2017 Hiorthfjellet ja Operafjellet, Adventdalen.\" src=\"https:\/\/blogi.ennola.fi\/wp-content\/uploads\/2017\/04\/Huippis_Panorama1-1.jpg\" alt=\"\" width=\"480\" height=\"115\" srcset=\"https:\/\/blogi.ennola.fi\/wp-content\/uploads\/2017\/04\/Huippis_Panorama1-1.jpg 480w, https:\/\/blogi.ennola.fi\/wp-content\/uploads\/2017\/04\/Huippis_Panorama1-1-150x36.jpg 150w\" sizes=\"(max-width: 480px) 100vw, 480px\" \/><\/a><p id=\"caption-attachment-347\" class=\"wp-caption-text\">31.3.2017 Hiorthfjellet ja Operafjellet, Adventdalen.<\/p><\/div>\n<div id=\"attachment_331\" style=\"width: 490px\" class=\"wp-caption aligncenter\"><a href=\"https:\/\/blogi.ennola.fi\/wp-content\/uploads\/2017\/04\/Huippis_Panorama2.jpg\" rel=\"lightbox[308]\"><img loading=\"lazy\" decoding=\"async\" aria-describedby=\"caption-attachment-331\" class=\"wp-image-331 size-full\" title=\"1.4.2017 Helvetiafjellet ja Arctowskifjellet, Adventdalen.\" src=\"https:\/\/blogi.ennola.fi\/wp-content\/uploads\/2017\/04\/Huippis_Panorama2-1.jpg\" alt=\"\" width=\"480\" height=\"92\" srcset=\"https:\/\/blogi.ennola.fi\/wp-content\/uploads\/2017\/04\/Huippis_Panorama2-1.jpg 480w, https:\/\/blogi.ennola.fi\/wp-content\/uploads\/2017\/04\/Huippis_Panorama2-1-150x29.jpg 150w\" sizes=\"(max-width: 480px) 100vw, 480px\" \/><\/a><p id=\"caption-attachment-331\" class=\"wp-caption-text\">1.4.2017 Helvetiafjellet ja Arctowskifjellet, Adventdalen.<\/p><\/div>\n<div id=\"attachment_332\" style=\"width: 490px\" class=\"wp-caption aligncenter\"><a href=\"https:\/\/blogi.ennola.fi\/wp-content\/uploads\/2017\/04\/Huippis_Panorama3.jpg\" rel=\"lightbox[308]\"><img loading=\"lazy\" decoding=\"async\" aria-describedby=\"caption-attachment-332\" class=\"wp-image-332 size-full\" title=\"2.4.2017 Sticky Keep, Eskardalen.\" src=\"https:\/\/blogi.ennola.fi\/wp-content\/uploads\/2017\/04\/Huippis_Panorama3-1.jpg\" alt=\"\" width=\"480\" height=\"119\" srcset=\"https:\/\/blogi.ennola.fi\/wp-content\/uploads\/2017\/04\/Huippis_Panorama3-1.jpg 480w, https:\/\/blogi.ennola.fi\/wp-content\/uploads\/2017\/04\/Huippis_Panorama3-1-150x37.jpg 150w\" sizes=\"(max-width: 480px) 100vw, 480px\" \/><\/a><p id=\"caption-attachment-332\" class=\"wp-caption-text\">2.4.2017 Sticky Keep, Eskardalen.<\/p><\/div>\n<div id=\"attachment_333\" style=\"width: 490px\" class=\"wp-caption aligncenter\"><a href=\"https:\/\/blogi.ennola.fi\/wp-content\/uploads\/2017\/04\/Huippis_Panorama4.jpg\" rel=\"lightbox[308]\"><img loading=\"lazy\" decoding=\"async\" aria-describedby=\"caption-attachment-333\" class=\"wp-image-333 size-full\" title=\"3.4.2017 Milne Edwardsfjellet, Sassendalen. \" src=\"https:\/\/blogi.ennola.fi\/wp-content\/uploads\/2017\/04\/Huippis_Panorama4-1.jpg\" alt=\"\" width=\"480\" height=\"89\" srcset=\"https:\/\/blogi.ennola.fi\/wp-content\/uploads\/2017\/04\/Huippis_Panorama4-1.jpg 480w, https:\/\/blogi.ennola.fi\/wp-content\/uploads\/2017\/04\/Huippis_Panorama4-1-150x28.jpg 150w\" sizes=\"(max-width: 480px) 100vw, 480px\" \/><\/a><p id=\"caption-attachment-333\" class=\"wp-caption-text\">3.4.2017 Milne Edwardsfjellet, Sassendalen.<\/p><\/div>\n<div id=\"attachment_334\" style=\"width: 490px\" class=\"wp-caption aligncenter\"><a href=\"https:\/\/blogi.ennola.fi\/wp-content\/uploads\/2017\/04\/Huippis_Panorama5.jpg\" rel=\"lightbox[308]\"><img loading=\"lazy\" decoding=\"async\" aria-describedby=\"caption-attachment-334\" class=\"wp-image-334 size-full\" title=\"4.4.2017 Stensi\u00f6fjellet ja Wallenbergfjellet, Rabotbreen.\" src=\"https:\/\/blogi.ennola.fi\/wp-content\/uploads\/2017\/04\/Huippis_Panorama5-1.jpg\" alt=\"\" width=\"480\" height=\"79\" srcset=\"https:\/\/blogi.ennola.fi\/wp-content\/uploads\/2017\/04\/Huippis_Panorama5-1.jpg 480w, https:\/\/blogi.ennola.fi\/wp-content\/uploads\/2017\/04\/Huippis_Panorama5-1-150x25.jpg 150w\" sizes=\"(max-width: 480px) 100vw, 480px\" \/><\/a><p id=\"caption-attachment-334\" class=\"wp-caption-text\">4.4.2017 Stensi\u00f6fjellet ja Wallenbergfjellet, Rabotbreen.<\/p><\/div>\n<div id=\"attachment_335\" style=\"width: 490px\" class=\"wp-caption aligncenter\"><a href=\"https:\/\/blogi.ennola.fi\/wp-content\/uploads\/2017\/04\/Huippis_Panorama6.jpg\" rel=\"lightbox[308]\"><img loading=\"lazy\" decoding=\"async\" aria-describedby=\"caption-attachment-335\" class=\"wp-image-335 size-full\" title=\"5.4.2017 Nashornet ja Str\u00f6k\u00e4rfjellet, Von Postbreen.\" src=\"https:\/\/blogi.ennola.fi\/wp-content\/uploads\/2017\/04\/Huippis_Panorama6-1.jpg\" alt=\"\" width=\"480\" height=\"125\" srcset=\"https:\/\/blogi.ennola.fi\/wp-content\/uploads\/2017\/04\/Huippis_Panorama6-1.jpg 480w, https:\/\/blogi.ennola.fi\/wp-content\/uploads\/2017\/04\/Huippis_Panorama6-1-150x39.jpg 150w\" sizes=\"(max-width: 480px) 100vw, 480px\" \/><\/a><p id=\"caption-attachment-335\" class=\"wp-caption-text\">5.4.2017 Nashornet ja Str\u00f6k\u00e4rfjellet, Von Postbreen.<\/p><\/div>\n<div id=\"attachment_336\" style=\"width: 490px\" class=\"wp-caption aligncenter\"><a href=\"https:\/\/blogi.ennola.fi\/wp-content\/uploads\/2017\/04\/Huippis_Panorama7.jpg\" rel=\"lightbox[308]\"><img loading=\"lazy\" decoding=\"async\" aria-describedby=\"caption-attachment-336\" class=\"wp-image-336 size-full\" title=\"6.4.2017 Skedvifjella, Barkowfjellet, Flaska ja Bikja, Philippbreen.\" src=\"https:\/\/blogi.ennola.fi\/wp-content\/uploads\/2017\/04\/Huippis_Panorama7-1.jpg\" alt=\"\" width=\"480\" height=\"114\" srcset=\"https:\/\/blogi.ennola.fi\/wp-content\/uploads\/2017\/04\/Huippis_Panorama7-1.jpg 480w, https:\/\/blogi.ennola.fi\/wp-content\/uploads\/2017\/04\/Huippis_Panorama7-1-150x36.jpg 150w\" sizes=\"(max-width: 480px) 100vw, 480px\" \/><\/a><p id=\"caption-attachment-336\" class=\"wp-caption-text\">6.4.2017 Skedvifjella, Barkowfjellet, Flaska ja Bikja, Philippbreen.<\/p><\/div>\n<div id=\"attachment_337\" style=\"width: 490px\" class=\"wp-caption aligncenter\"><a href=\"https:\/\/blogi.ennola.fi\/wp-content\/uploads\/2017\/04\/Huippis_Panorama8.jpg\" rel=\"lightbox[308]\"><img loading=\"lazy\" decoding=\"async\" aria-describedby=\"caption-attachment-337\" class=\"wp-image-337 size-full\" title=\"7.4.2017 Massonfjellet, Roga\u010devryggen ja Svanbergfjellet, Lomonosovfonna.\" src=\"https:\/\/blogi.ennola.fi\/wp-content\/uploads\/2017\/04\/Huippis_Panorama8-1.jpg\" alt=\"\" width=\"480\" height=\"80\" srcset=\"https:\/\/blogi.ennola.fi\/wp-content\/uploads\/2017\/04\/Huippis_Panorama8-1.jpg 480w, https:\/\/blogi.ennola.fi\/wp-content\/uploads\/2017\/04\/Huippis_Panorama8-1-150x25.jpg 150w\" sizes=\"(max-width: 480px) 100vw, 480px\" \/><\/a><p id=\"caption-attachment-337\" class=\"wp-caption-text\">7.4.2017 Massonfjellet, Roga\u010devryggen ja Svanbergfjellet, Lomonosovfonna.<\/p><\/div>\n<div id=\"attachment_330\" style=\"width: 490px\" class=\"wp-caption aligncenter\"><a href=\"https:\/\/blogi.ennola.fi\/wp-content\/uploads\/2017\/04\/Huippis_Panorama9.jpg\" rel=\"lightbox[308]\"><img loading=\"lazy\" decoding=\"async\" aria-describedby=\"caption-attachment-330\" class=\"wp-image-330 size-full\" title=\"8.4.2017 Sn\u00f8mannen ja Passhetta, Millingbreen.\" src=\"https:\/\/blogi.ennola.fi\/wp-content\/uploads\/2017\/04\/Huippis_Panorama9-1.jpg\" alt=\"\" width=\"480\" height=\"120\" srcset=\"https:\/\/blogi.ennola.fi\/wp-content\/uploads\/2017\/04\/Huippis_Panorama9-1.jpg 480w, https:\/\/blogi.ennola.fi\/wp-content\/uploads\/2017\/04\/Huippis_Panorama9-1-150x38.jpg 150w\" sizes=\"(max-width: 480px) 100vw, 480px\" \/><\/a><p id=\"caption-attachment-330\" class=\"wp-caption-text\">8.4.2017 Sn\u00f8mannen ja Passhetta, Millingbreen.<\/p><\/div>\n<div id=\"attachment_338\" style=\"width: 490px\" class=\"wp-caption aligncenter\"><a href=\"https:\/\/blogi.ennola.fi\/wp-content\/uploads\/2017\/04\/Huippis_Panorama10.jpg\" rel=\"lightbox[308]\"><img loading=\"lazy\" decoding=\"async\" aria-describedby=\"caption-attachment-338\" class=\"wp-image-338 size-full\" title=\"9.4.2017 Astronomfjellet ja Newtontoppen, Kvitbreen.\" src=\"https:\/\/blogi.ennola.fi\/wp-content\/uploads\/2017\/04\/Huippis_Panorama10-1.jpg\" alt=\"\" width=\"480\" height=\"94\" srcset=\"https:\/\/blogi.ennola.fi\/wp-content\/uploads\/2017\/04\/Huippis_Panorama10-1.jpg 480w, https:\/\/blogi.ennola.fi\/wp-content\/uploads\/2017\/04\/Huippis_Panorama10-1-150x29.jpg 150w\" sizes=\"(max-width: 480px) 100vw, 480px\" \/><\/a><p id=\"caption-attachment-338\" class=\"wp-caption-text\">9.4.2017 Astronomfjellet ja Newtontoppen, Kvitbreen.<\/p><\/div>\n<div id=\"attachment_339\" style=\"width: 490px\" class=\"wp-caption aligncenter\"><a href=\"https:\/\/blogi.ennola.fi\/wp-content\/uploads\/2017\/04\/Huippis_Panorama11.jpg\" rel=\"lightbox[308]\"><img loading=\"lazy\" decoding=\"async\" aria-describedby=\"caption-attachment-339\" class=\"wp-image-339 size-full\" title=\"10.4.2017 Bleigen, Venusfellet, Galileotoppen ja Didierfjellet, Trebrepasset.\" src=\"https:\/\/blogi.ennola.fi\/wp-content\/uploads\/2017\/04\/Huippis_Panorama11-1.jpg\" alt=\"\" width=\"480\" height=\"71\" srcset=\"https:\/\/blogi.ennola.fi\/wp-content\/uploads\/2017\/04\/Huippis_Panorama11-1.jpg 480w, https:\/\/blogi.ennola.fi\/wp-content\/uploads\/2017\/04\/Huippis_Panorama11-1-150x22.jpg 150w\" sizes=\"(max-width: 480px) 100vw, 480px\" \/><\/a><p id=\"caption-attachment-339\" class=\"wp-caption-text\">10.4.2017 Bleigen, Venusfellet, Galileotoppen ja Didierfjellet, Trebrepasset.<\/p><\/div>\n<div id=\"attachment_340\" style=\"width: 490px\" class=\"wp-caption aligncenter\"><a href=\"https:\/\/blogi.ennola.fi\/wp-content\/uploads\/2017\/04\/Huippis_Panorama12.jpg\" rel=\"lightbox[308]\"><img loading=\"lazy\" decoding=\"async\" aria-describedby=\"caption-attachment-340\" class=\"wp-image-340 size-full\" title=\"11.4.2017 Jeffreystoppen, Solfjellet, Vestafjellet ja Irvinefjellet, Gallerbreen.\" src=\"https:\/\/blogi.ennola.fi\/wp-content\/uploads\/2017\/04\/Huippis_Panorama12-1.jpg\" alt=\"\" width=\"480\" height=\"85\" srcset=\"https:\/\/blogi.ennola.fi\/wp-content\/uploads\/2017\/04\/Huippis_Panorama12-1.jpg 480w, https:\/\/blogi.ennola.fi\/wp-content\/uploads\/2017\/04\/Huippis_Panorama12-1-150x27.jpg 150w\" sizes=\"(max-width: 480px) 100vw, 480px\" \/><\/a><p id=\"caption-attachment-340\" class=\"wp-caption-text\">11.4.2017 Jeffreystoppen, Solfjellet, Vestafjellet ja Irvinefjellet, Gallerbreen.<\/p><\/div>\n<div id=\"attachment_329\" style=\"width: 490px\" class=\"wp-caption aligncenter\"><a href=\"https:\/\/blogi.ennola.fi\/wp-content\/uploads\/2017\/04\/Huippis_Panorama13.jpg\" rel=\"lightbox[308]\"><img loading=\"lazy\" decoding=\"async\" aria-describedby=\"caption-attachment-329\" class=\"wp-image-329 size-full\" title=\"12.4.2017 Pallasfjellet ja Chadwickryggen, Tryggvebreen.\" src=\"https:\/\/blogi.ennola.fi\/wp-content\/uploads\/2017\/04\/Huippis_Panorama13-1.jpg\" alt=\"\" width=\"480\" height=\"101\" srcset=\"https:\/\/blogi.ennola.fi\/wp-content\/uploads\/2017\/04\/Huippis_Panorama13-1.jpg 480w, https:\/\/blogi.ennola.fi\/wp-content\/uploads\/2017\/04\/Huippis_Panorama13-1-150x32.jpg 150w\" sizes=\"(max-width: 480px) 100vw, 480px\" \/><\/a><p id=\"caption-attachment-329\" class=\"wp-caption-text\">12.4.2017 Pallasfjellet ja Chadwickryggen, Tryggvebreen.<\/p><\/div>\n<div id=\"attachment_341\" style=\"width: 430px\" class=\"wp-caption aligncenter\"><a href=\"https:\/\/blogi.ennola.fi\/wp-content\/uploads\/2017\/04\/Huippis_Panorama14.jpg\" rel=\"lightbox[308]\"><img loading=\"lazy\" decoding=\"async\" aria-describedby=\"caption-attachment-341\" class=\"wp-image-341 size-full\" title=\"13.4.2017 Tryggvebreen Junofjelletilt\u00e4.\" src=\"https:\/\/blogi.ennola.fi\/wp-content\/uploads\/2017\/04\/Huippis_Panorama14-1.jpg\" alt=\"\" width=\"420\" height=\"226\" srcset=\"https:\/\/blogi.ennola.fi\/wp-content\/uploads\/2017\/04\/Huippis_Panorama14-1.jpg 420w, https:\/\/blogi.ennola.fi\/wp-content\/uploads\/2017\/04\/Huippis_Panorama14-1-150x81.jpg 150w\" sizes=\"(max-width: 420px) 100vw, 420px\" \/><\/a><p id=\"caption-attachment-341\" class=\"wp-caption-text\">13.4.2017 Tryggvebreen Junofjelletilt\u00e4.<\/p><\/div>\n<div id=\"attachment_342\" style=\"width: 490px\" class=\"wp-caption aligncenter\"><a href=\"https:\/\/blogi.ennola.fi\/wp-content\/uploads\/2017\/04\/Huippis_Panorama15.jpg\" rel=\"lightbox[308]\"><img loading=\"lazy\" decoding=\"async\" aria-describedby=\"caption-attachment-342\" class=\"wp-image-342 size-full\" title=\"14.4.2017 Gr\u00f8ssfjellet, Trygvebreen.\" src=\"https:\/\/blogi.ennola.fi\/wp-content\/uploads\/2017\/04\/Huippis_Panorama15-1.jpg\" alt=\"\" width=\"480\" height=\"105\" srcset=\"https:\/\/blogi.ennola.fi\/wp-content\/uploads\/2017\/04\/Huippis_Panorama15-1.jpg 480w, https:\/\/blogi.ennola.fi\/wp-content\/uploads\/2017\/04\/Huippis_Panorama15-1-150x33.jpg 150w\" sizes=\"(max-width: 480px) 100vw, 480px\" \/><\/a><p id=\"caption-attachment-342\" class=\"wp-caption-text\">14.4.2017 Gr\u00f8ssfjellet, Trygvebreen.<\/p><\/div>\n<div id=\"attachment_343\" style=\"width: 490px\" class=\"wp-caption aligncenter\"><a href=\"https:\/\/blogi.ennola.fi\/wp-content\/uploads\/2017\/04\/Huippis_Panorama16.jpg\" rel=\"lightbox[308]\"><img loading=\"lazy\" decoding=\"async\" aria-describedby=\"caption-attachment-343\" class=\"wp-image-343 size-full\" title=\"15.4.2017 Trikolorfjellet, Sentinelfjellet ja Odellfjellet, Mittag-Lefflerbreen.\" src=\"https:\/\/blogi.ennola.fi\/wp-content\/uploads\/2017\/04\/Huippis_Panorama16-1.jpg\" alt=\"\" width=\"480\" height=\"106\" srcset=\"https:\/\/blogi.ennola.fi\/wp-content\/uploads\/2017\/04\/Huippis_Panorama16-1.jpg 480w, https:\/\/blogi.ennola.fi\/wp-content\/uploads\/2017\/04\/Huippis_Panorama16-1-150x33.jpg 150w\" sizes=\"(max-width: 480px) 100vw, 480px\" \/><\/a><p id=\"caption-attachment-343\" class=\"wp-caption-text\">15.4.2017 Trikolorfjellet, Sentinelfjellet ja Odellfjellet, Mittag-Lefflerbreen.<\/p><\/div>\n<div id=\"attachment_344\" style=\"width: 490px\" class=\"wp-caption aligncenter\"><a href=\"https:\/\/blogi.ennola.fi\/wp-content\/uploads\/2017\/04\/Huippis_Panorama17.jpg\" rel=\"lightbox[308]\"><img loading=\"lazy\" decoding=\"async\" aria-describedby=\"caption-attachment-344\" class=\"wp-image-344 size-full\" title=\"16.4.2017 J\u00e4\u00e4vuorilaakso, Heclastakken, Framstakken ja Trikolorfjellet, Hoglandvatnet.\" src=\"https:\/\/blogi.ennola.fi\/wp-content\/uploads\/2017\/04\/Huippis_Panorama17-1.jpg\" alt=\"\" width=\"480\" height=\"73\" srcset=\"https:\/\/blogi.ennola.fi\/wp-content\/uploads\/2017\/04\/Huippis_Panorama17-1.jpg 480w, https:\/\/blogi.ennola.fi\/wp-content\/uploads\/2017\/04\/Huippis_Panorama17-1-150x23.jpg 150w\" sizes=\"(max-width: 480px) 100vw, 480px\" \/><\/a><p id=\"caption-attachment-344\" class=\"wp-caption-text\">16.4.2017 J\u00e4\u00e4vuorilaakso, Heclastakken, Framstakken ja Trikolorfjellet, Hoglandvatnet.<\/p><\/div>\n<div id=\"attachment_345\" style=\"width: 490px\" class=\"wp-caption aligncenter\"><a href=\"https:\/\/blogi.ennola.fi\/wp-content\/uploads\/2017\/04\/Huippis_Panorama18.jpg\" rel=\"lightbox[308]\"><img loading=\"lazy\" decoding=\"async\" aria-describedby=\"caption-attachment-345\" class=\"wp-image-345 size-full\" title=\"17.4.2017 Jacsonfjellet, Pukkelkammen ja Luxorfjellet, Ragnarbreen.\" src=\"https:\/\/blogi.ennola.fi\/wp-content\/uploads\/2017\/04\/Huippis_Panorama18-1.jpg\" alt=\"\" width=\"480\" height=\"120\" srcset=\"https:\/\/blogi.ennola.fi\/wp-content\/uploads\/2017\/04\/Huippis_Panorama18-1.jpg 480w, https:\/\/blogi.ennola.fi\/wp-content\/uploads\/2017\/04\/Huippis_Panorama18-1-150x38.jpg 150w\" sizes=\"(max-width: 480px) 100vw, 480px\" \/><\/a><p id=\"caption-attachment-345\" class=\"wp-caption-text\">17.4.2017 Jacsonfjellet, Pukkelkammen ja Luxorfjellet, Ragnarbreen.<\/p><\/div>\n<div id=\"attachment_346\" style=\"width: 490px\" class=\"wp-caption aligncenter\"><a href=\"https:\/\/blogi.ennola.fi\/wp-content\/uploads\/2017\/04\/Huippis_Panorama19.jpg\" rel=\"lightbox[308]\"><img loading=\"lazy\" decoding=\"async\" aria-describedby=\"caption-attachment-346\" class=\"wp-image-346 size-full\" title=\"18.4.2017 Pyramiden, De Geerfjellet, Nordenski\u00f6ldbreen ja Campbellryggen, Billefjorden ja Lykteneset.\" src=\"https:\/\/blogi.ennola.fi\/wp-content\/uploads\/2017\/04\/Huippis_Panorama19-1.jpg\" alt=\"\" width=\"480\" height=\"69\" srcset=\"https:\/\/blogi.ennola.fi\/wp-content\/uploads\/2017\/04\/Huippis_Panorama19-1.jpg 480w, https:\/\/blogi.ennola.fi\/wp-content\/uploads\/2017\/04\/Huippis_Panorama19-1-150x22.jpg 150w\" sizes=\"(max-width: 480px) 100vw, 480px\" \/><\/a><p id=\"caption-attachment-346\" class=\"wp-caption-text\">18.4.2017 Pyramiden, De Geerfjellet, Nordenski\u00f6ldbreen ja Campbellryggen, Billefjorden ja Lykteneset.<\/p><\/div>\n","protected":false},"excerpt":{"rendered":"<p>Huippuvuorten vaellus on nyt onnellisesti takanap\u00e4in ja voin keskitty\u00e4 sen kuvalliseen antiin. Olen t\u00e4h\u00e4n kirjoitukseen liitt\u00e4nyt yhden panoraamakuvan jokaiselta reissun p\u00e4iv\u00e4lt\u00e4. Muutamina p\u00e4ivin\u00e4 olosuhteet eiv\u00e4t kuvaamista suosineet, joten&#8230;<\/p>\n","protected":false},"author":1,"featured_media":310,"comment_status":"open","ping_status":"open","sticky":false,"template":"","format":"standard","meta":{"footnotes":""},"categories":[23,7,4],"tags":[],"_links":{"self":[{"href":"https:\/\/blogi.ennola.fi\/index.php?rest_route=\/wp\/v2\/posts\/308"}],"collection":[{"href":"https:\/\/blogi.ennola.fi\/index.php?rest_route=\/wp\/v2\/posts"}],"about":[{"href":"https:\/\/blogi.ennola.fi\/index.php?rest_route=\/wp\/v2\/types\/post"}],"author":[{"embeddable":true,"href":"https:\/\/blogi.ennola.fi\/index.php?rest_route=\/wp\/v2\/users\/1"}],"replies":[{"embeddable":true,"href":"https:\/\/blogi.ennola.fi\/index.php?rest_route=%2Fwp%2Fv2%2Fcomments&post=308"}],"version-history":[{"count":5,"href":"https:\/\/blogi.ennola.fi\/index.php?rest_route=\/wp\/v2\/posts\/308\/revisions"}],"predecessor-version":[{"id":5037,"href":"https:\/\/blogi.ennola.fi\/index.php?rest_route=\/wp\/v2\/posts\/308\/revisions\/5037"}],"wp:featuredmedia":[{"embeddable":true,"href":"https:\/\/blogi.ennola.fi\/index.php?rest_route=\/wp\/v2\/media\/310"}],"wp:attachment":[{"href":"https:\/\/blogi.ennola.fi\/index.php?rest_route=%2Fwp%2Fv2%2Fmedia&parent=308"}],"wp:term":[{"taxonomy":"category","embeddable":true,"href":"https:\/\/blogi.ennola.fi\/index.php?rest_route=%2Fwp%2Fv2%2Fcategories&post=308"},{"taxonomy":"post_tag","embeddable":true,"href":"https:\/\/blogi.ennola.fi\/index.php?rest_route=%2Fwp%2Fv2%2Ftags&post=308"}],"curies":[{"name":"wp","href":"https:\/\/api.w.org\/{rel}","templated":true}]}}