{"id":3304,"date":"2019-03-17T08:48:50","date_gmt":"2019-03-17T06:48:50","guid":{"rendered":"https:\/\/blogi.ennola.fi\/?p=3304"},"modified":"2019-10-13T13:06:39","modified_gmt":"2019-10-13T10:06:39","slug":"jaakiipeilytalvi","status":"publish","type":"post","link":"https:\/\/blogi.ennola.fi\/?p=3304","title":{"rendered":"J\u00e4\u00e4kiipeilytalvi"},"content":{"rendered":"<p>Olen jo jonkun aikaa haaveillut j\u00e4\u00e4kiipeilyn aloittamisesta. Muutaman kerran olen sit\u00e4 aiemmin kokeillut, mutta on selv\u00e4\u00e4, jos kiipeilem\u00e4ss\u00e4 k\u00e4y vain kerran talvessa, ei lajia p\u00e4\u00e4se oppimaan. Nyt syksyll\u00e4 ostin itselleni varusteet ja p\u00e4\u00e4tin yritt\u00e4\u00e4 p\u00e4\u00e4st\u00e4 oppimaan lajia. Itsen\u00e4isyysp\u00e4iv\u00e4n tienoilla osallistuin Kruxin j\u00e4\u00e4kiipeilyreissulle Korouomalle ja tammikuussa, kun j\u00e4\u00e4t\u00e4 vihdoin alkoi muodostua Etel\u00e4-Suomeenkin, olen ahkerasti k\u00e4ynyt t\u00e4k\u00e4l\u00e4isill\u00e4 putouksilla kiipe\u00e4m\u00e4ss\u00e4. Kaiken kaikkiaan kiipeilykertoja t\u00e4lle kaudelle kertyi mukavasti 17 kappaletta.<\/p>\n<div id=\"attachment_3306\" style=\"width: 460px\" class=\"wp-caption aligncenter\"><a href=\"https:\/\/blogi.ennola.fi\/wp-content\/uploads\/2019\/03\/IMG_0006b-1.jpg\" rel=\"lightbox[3304]\"><img loading=\"lazy\" decoding=\"async\" aria-describedby=\"caption-attachment-3306\" class=\"wp-image-3306 size-full\" title=\"Korouoma, Jaska Jokunen 7.12.2018. J\u00e4\u00e4ruuvin kiinnitys.\" src=\"https:\/\/blogi.ennola.fi\/wp-content\/uploads\/2019\/03\/IMG_0006b.jpg\" alt=\"\" width=\"450\" height=\"338\" srcset=\"https:\/\/blogi.ennola.fi\/wp-content\/uploads\/2019\/03\/IMG_0006b.jpg 450w, https:\/\/blogi.ennola.fi\/wp-content\/uploads\/2019\/03\/IMG_0006b-150x113.jpg 150w\" sizes=\"(max-width: 450px) 100vw, 450px\" \/><\/a><p id=\"caption-attachment-3306\" class=\"wp-caption-text\">Korouoma, Jaska Jokunen 7.12.2018. J\u00e4\u00e4ruuvin kiinnitys.<\/p><\/div>\n<p>Ensimm\u00e4isill\u00e4 kiipeilykerroilla j\u00e4\u00e4rautoihin ja hakkuihin luottaminen oli vaikeaa. Rautoja piti potkaista lujaa, usein tuli potkaistua monta kertaa ennen kuin pystyi luottamaan raudan pitoon. Kauden kehittyess\u00e4 turha j\u00e4\u00e4rautojen potkiminen j\u00e4i pois ja jalkaty\u00f6skentely tuli yksinkertaisemmaksi. Opin hy\u00f6dynt\u00e4m\u00e4\u00e4n j\u00e4\u00e4n muotoja paremmin askelmina ja hyvien jalkapaikkojen v\u00e4lill\u00e4 pystyin liikkumaan napauttamalla raudan vain kertaalleen j\u00e4\u00e4h\u00e4n. Samoin kun kantap\u00e4iden pit\u00e4minen luonnostaan alhaalla tuli syv\u00e4opittua, tuli luottamus my\u00f6s jalkojen pitoon.<\/p>\n<div id=\"attachment_3321\" style=\"width: 246px\" class=\"wp-caption aligncenter\"><a href=\"https:\/\/blogi.ennola.fi\/wp-content\/uploads\/2019\/03\/20190310_130726-1.jpg\" rel=\"lightbox[3304]\"><img loading=\"lazy\" decoding=\"async\" aria-describedby=\"caption-attachment-3321\" class=\"wp-image-3321 size-full\" title=\"Angelniemi 8.3.2019. Olen juuri saavuttamassa reitin topin, Villen kuva.\" src=\"https:\/\/blogi.ennola.fi\/wp-content\/uploads\/2019\/03\/20190310_130726.jpg\" alt=\"\" width=\"236\" height=\"420\" srcset=\"https:\/\/blogi.ennola.fi\/wp-content\/uploads\/2019\/03\/20190310_130726.jpg 236w, https:\/\/blogi.ennola.fi\/wp-content\/uploads\/2019\/03\/20190310_130726-84x150.jpg 84w, https:\/\/blogi.ennola.fi\/wp-content\/uploads\/2019\/03\/20190310_130726-225x400.jpg 225w\" sizes=\"(max-width: 236px) 100vw, 236px\" \/><\/a><p id=\"caption-attachment-3321\" class=\"wp-caption-text\">Angelniemi 8.3.2019. Olen juuri saavuttamassa reitin topin, Villen kuva.<\/p><\/div>\n<div id=\"attachment_3331\" style=\"width: 325px\" class=\"wp-caption aligncenter\"><a href=\"https:\/\/blogi.ennola.fi\/wp-content\/uploads\/2019\/03\/IMG_0459-1.jpg\" rel=\"lightbox[3304]\"><img loading=\"lazy\" decoding=\"async\" aria-describedby=\"caption-attachment-3331\" class=\"wp-image-3331 size-full\" title=\"Korouoma, Jaska Jokunen 18.2.2019. Pystysuora pilari, jossa putosin kertaalleen k\u00f6yteen.\" src=\"https:\/\/blogi.ennola.fi\/wp-content\/uploads\/2019\/03\/IMG_0459.jpg\" alt=\"\" width=\"315\" height=\"420\" srcset=\"https:\/\/blogi.ennola.fi\/wp-content\/uploads\/2019\/03\/IMG_0459.jpg 315w, https:\/\/blogi.ennola.fi\/wp-content\/uploads\/2019\/03\/IMG_0459-113x150.jpg 113w, https:\/\/blogi.ennola.fi\/wp-content\/uploads\/2019\/03\/IMG_0459-300x400.jpg 300w\" sizes=\"(max-width: 315px) 100vw, 315px\" \/><\/a><p id=\"caption-attachment-3331\" class=\"wp-caption-text\">Korouoma, Jaska Jokunen 18.2.2019. Pystysuora pilari, jossa putosin kertaalleen k\u00f6yteen.<\/p><\/div>\n<p>Alkukaudesta hakulla piti ly\u00f6d\u00e4 lujaa j\u00e4\u00e4h\u00e4n, jotta se uppoaisi j\u00e4\u00e4h\u00e4n tiukasti. Kauden edetess\u00e4 opin etsim\u00e4\u00e4n hakuille hyvi\u00e4 koloja, joihin sit\u00e4 ei tarvinnut ly\u00f6d\u00e4 t\u00e4ysill\u00e4 vaan kevyt napautus tai jopa pelkk\u00e4 asettaminen riitti. J\u00e4\u00e4kiipeilyyn l\u00f6ytyi mukava rento rytmi ja varmuus. Toki loppukaudestakin putosin muutaman kerran k\u00f6yteen molempien hakkujen korkatessa j\u00e4\u00e4st\u00e4. Toisaalta pystyin hakemaan lis\u00e4haasteita reiteist\u00e4, joissa oli ohuita j\u00e4\u00e4puikkoja, joihin ei j\u00e4\u00e4rautoja voinut potkaista lujaa sek\u00e4 reiteist\u00e4, joissa j\u00e4\u00e4t\u00e4 oli paikoin vain hyvin ohuelti, jos ollenkaan ja piti katsoa tarkkaan mihin hakun saa ly\u00f6ty\u00e4. Oli upeaa huomata taitojen kehittyneen.<\/p>\n<div id=\"attachment_3323\" style=\"width: 460px\" class=\"wp-caption aligncenter\"><a href=\"https:\/\/blogi.ennola.fi\/wp-content\/uploads\/2019\/03\/IMG_0289-1.jpg\" rel=\"lightbox[3304]\"><img loading=\"lazy\" decoding=\"async\" aria-describedby=\"caption-attachment-3323\" class=\"wp-image-3323 size-full\" title=\"Korouoma, Jaska Jokunen 17.2.2019. Ville kiipe\u00e4\u00e4 oikean reunan sl\u00e4bi\u00e4.\" src=\"https:\/\/blogi.ennola.fi\/wp-content\/uploads\/2019\/03\/IMG_0289.jpg\" alt=\"\" width=\"450\" height=\"338\" srcset=\"https:\/\/blogi.ennola.fi\/wp-content\/uploads\/2019\/03\/IMG_0289.jpg 450w, https:\/\/blogi.ennola.fi\/wp-content\/uploads\/2019\/03\/IMG_0289-150x113.jpg 150w\" sizes=\"(max-width: 450px) 100vw, 450px\" \/><\/a><p id=\"caption-attachment-3323\" class=\"wp-caption-text\">Korouoma, Jaska Jokunen 17.2.2019. Ville kiipe\u00e4\u00e4 oikean reunan sl\u00e4bi\u00e4.<\/p><\/div>\n<div id=\"attachment_3329\" style=\"width: 325px\" class=\"wp-caption aligncenter\"><a href=\"https:\/\/blogi.ennola.fi\/wp-content\/uploads\/2019\/03\/IMG_0323-1.jpg\" rel=\"lightbox[3304]\"><img loading=\"lazy\" decoding=\"async\" aria-describedby=\"caption-attachment-3329\" class=\"wp-image-3329 size-full\" title=\"Korouoma, Jaska Jokunen 18.2.2019. Marco kiipe\u00e4\u00e4, Ville kuvaamassa.\" src=\"https:\/\/blogi.ennola.fi\/wp-content\/uploads\/2019\/03\/IMG_0323.jpg\" alt=\"\" width=\"315\" height=\"420\" srcset=\"https:\/\/blogi.ennola.fi\/wp-content\/uploads\/2019\/03\/IMG_0323.jpg 315w, https:\/\/blogi.ennola.fi\/wp-content\/uploads\/2019\/03\/IMG_0323-113x150.jpg 113w, https:\/\/blogi.ennola.fi\/wp-content\/uploads\/2019\/03\/IMG_0323-300x400.jpg 300w\" sizes=\"(max-width: 315px) 100vw, 315px\" \/><\/a><p id=\"caption-attachment-3329\" class=\"wp-caption-text\">Korouoma, Jaska Jokunen 18.2.2019. Marco kiipe\u00e4\u00e4, Ville kuvaamassa.<\/p><\/div>\n<p>Listaan t\u00e4ss\u00e4 sanoin ja kuvin putoukset, joilla t\u00e4n\u00e4 talvena kiipeilin:<\/p>\n<h1>Jaska Jokunen, Korouoma<\/h1>\n<p>Korouoman rotkolaakso Posiolla on Suomen paras j\u00e4\u00e4kiipeilypaikka, jossa on toistakymment\u00e4 j\u00e4\u00e4putousta kiivett\u00e4v\u00e4ksi. Jaska Jokunen on noin 40 metri\u00e4 korkea, mutta suhteellisen helppo j\u00e4\u00e4putous. Putouksen alku suhteellisen loivaa riippuen kiivetyst\u00e4 linjasta, mutta putouksen yl\u00e4osassa my\u00f6s pystysuoria osuuksia. Helpon alkunsa ansiosta se sopii hyvin aloittelevalle j\u00e4\u00e4kiipeilij\u00e4lle. Yl\u00e4k\u00f6yden saaminen putoukselle on hieman haastavaa. Helpoiten se menee niin, ett\u00e4 joku liidaa putouksen yl\u00f6s ja vie k\u00f6yden mukanaan. Toinen ongelma tulee siit\u00e4, ett\u00e4 tavallinen 60 metrin k\u00f6ysi ei riit\u00e4 putouksen p\u00e4\u00e4lle ja takaisin alas vaan kaksi k\u00f6ytt\u00e4 pit\u00e4\u00e4 sitoa yhteen. J\u00e4lkimm\u00e4isell\u00e4 kerralla kukaan ei liidannut meille k\u00f6ytt\u00e4 vaan jouduimme kiert\u00e4m\u00e4\u00e4n putouksen oikealta puolelta jyrkk\u00e4\u00e4 lumirinnett\u00e4 yl\u00f6s viem\u00e4\u00e4n k\u00f6yden paikalleen. Reitti oli haastava ja ty\u00f6l\u00e4s, en suosittele. Vietin talven aikana t\u00e4ll\u00e4 putouksella kolme ja puoli p\u00e4iv\u00e4\u00e4.<\/p>\n<div id=\"attachment_3305\" style=\"width: 460px\" class=\"wp-caption aligncenter\"><a href=\"https:\/\/blogi.ennola.fi\/wp-content\/uploads\/2019\/03\/IMG_0004c-1.jpg\" rel=\"lightbox[3304]\"><img loading=\"lazy\" decoding=\"async\" aria-describedby=\"caption-attachment-3305\" class=\"wp-image-3305 size-full\" title=\"Korouoma, Jaska Jokunen 7.12.2018. Eljas liidaa yl\u00e4k\u00f6yden yl\u00f6s.\" src=\"https:\/\/blogi.ennola.fi\/wp-content\/uploads\/2019\/03\/IMG_0004c.jpg\" alt=\"\" width=\"450\" height=\"338\" srcset=\"https:\/\/blogi.ennola.fi\/wp-content\/uploads\/2019\/03\/IMG_0004c.jpg 450w, https:\/\/blogi.ennola.fi\/wp-content\/uploads\/2019\/03\/IMG_0004c-150x113.jpg 150w\" sizes=\"(max-width: 450px) 100vw, 450px\" \/><\/a><p id=\"caption-attachment-3305\" class=\"wp-caption-text\">Korouoma, Jaska Jokunen 7.12.2018. Eljas liidaa yl\u00e4k\u00f6yden yl\u00f6s.<\/p><\/div>\n<div id=\"attachment_3307\" style=\"width: 325px\" class=\"wp-caption aligncenter\"><a href=\"https:\/\/blogi.ennola.fi\/wp-content\/uploads\/2019\/03\/IMG_0015c-1.jpg\" rel=\"lightbox[3304]\"><img loading=\"lazy\" decoding=\"async\" aria-describedby=\"caption-attachment-3307\" class=\"wp-image-3307 size-full\" title=\"Korouoma, Jaska Jokunen 7.12.2018. Sanni-Lotta pimenev\u00e4ll\u00e4 putouksella. \" src=\"https:\/\/blogi.ennola.fi\/wp-content\/uploads\/2019\/03\/IMG_0015c.jpg\" alt=\"\" width=\"315\" height=\"420\" srcset=\"https:\/\/blogi.ennola.fi\/wp-content\/uploads\/2019\/03\/IMG_0015c.jpg 315w, https:\/\/blogi.ennola.fi\/wp-content\/uploads\/2019\/03\/IMG_0015c-113x150.jpg 113w, https:\/\/blogi.ennola.fi\/wp-content\/uploads\/2019\/03\/IMG_0015c-300x400.jpg 300w\" sizes=\"(max-width: 315px) 100vw, 315px\" \/><\/a><p id=\"caption-attachment-3307\" class=\"wp-caption-text\">Korouoma, Jaska Jokunen 7.12.2018. Sanni-Lotta pimenev\u00e4ll\u00e4 putouksella.<\/p><\/div>\n<div id=\"attachment_3327\" style=\"width: 371px\" class=\"wp-caption aligncenter\"><a href=\"https:\/\/blogi.ennola.fi\/wp-content\/uploads\/2019\/03\/IMG_0292b-1.jpg\" rel=\"lightbox[3304]\"><img loading=\"lazy\" decoding=\"async\" aria-describedby=\"caption-attachment-3327\" class=\"wp-image-3327 size-full\" title=\"Korouoma, Jaska Jokunen 17.2.2019. N\u00e4kym\u00e4 kauempaa, meid\u00e4n k\u00f6ysilinja oikealla.\" src=\"https:\/\/blogi.ennola.fi\/wp-content\/uploads\/2019\/03\/IMG_0292b.jpg\" alt=\"\" width=\"361\" height=\"420\" srcset=\"https:\/\/blogi.ennola.fi\/wp-content\/uploads\/2019\/03\/IMG_0292b.jpg 361w, https:\/\/blogi.ennola.fi\/wp-content\/uploads\/2019\/03\/IMG_0292b-129x150.jpg 129w, https:\/\/blogi.ennola.fi\/wp-content\/uploads\/2019\/03\/IMG_0292b-344x400.jpg 344w\" sizes=\"(max-width: 361px) 100vw, 361px\" \/><\/a><p id=\"caption-attachment-3327\" class=\"wp-caption-text\">Korouoma, Jaska Jokunen 17.2.2019. N\u00e4kym\u00e4 kauempaa, meid\u00e4n k\u00f6ysilinja oikealla.<\/p><\/div>\n<div id=\"attachment_3328\" style=\"width: 325px\" class=\"wp-caption aligncenter\"><a href=\"https:\/\/blogi.ennola.fi\/wp-content\/uploads\/2019\/03\/IMG_0297-1.jpg\" rel=\"lightbox[3304]\"><img loading=\"lazy\" decoding=\"async\" aria-describedby=\"caption-attachment-3328\" class=\"wp-image-3328 size-full\" title=\"Korouoma, Jaska Jokunen 17.2.2019. Ville kiipe\u00e4\u00e4.\" src=\"https:\/\/blogi.ennola.fi\/wp-content\/uploads\/2019\/03\/IMG_0297.jpg\" alt=\"\" width=\"315\" height=\"420\" srcset=\"https:\/\/blogi.ennola.fi\/wp-content\/uploads\/2019\/03\/IMG_0297.jpg 315w, https:\/\/blogi.ennola.fi\/wp-content\/uploads\/2019\/03\/IMG_0297-113x150.jpg 113w, https:\/\/blogi.ennola.fi\/wp-content\/uploads\/2019\/03\/IMG_0297-300x400.jpg 300w\" sizes=\"(max-width: 315px) 100vw, 315px\" \/><\/a><p id=\"caption-attachment-3328\" class=\"wp-caption-text\">Korouoma, Jaska Jokunen 17.2.2019. Ville kiipe\u00e4\u00e4.<\/p><\/div>\n<div id=\"attachment_3324\" style=\"width: 460px\" class=\"wp-caption aligncenter\"><a href=\"https:\/\/blogi.ennola.fi\/wp-content\/uploads\/2019\/03\/IMG_0302-1.jpg\" rel=\"lightbox[3304]\"><img loading=\"lazy\" decoding=\"async\" aria-describedby=\"caption-attachment-3324\" class=\"wp-image-3324 size-full\" title=\"Korouoma, Jaska Jokunen 18.2.2019. Marco kiipe\u00e4\u00e4, min\u00e4 varmistan ja Ville kuvaajana.\" src=\"https:\/\/blogi.ennola.fi\/wp-content\/uploads\/2019\/03\/IMG_0302.jpg\" alt=\"\" width=\"450\" height=\"338\" srcset=\"https:\/\/blogi.ennola.fi\/wp-content\/uploads\/2019\/03\/IMG_0302.jpg 450w, https:\/\/blogi.ennola.fi\/wp-content\/uploads\/2019\/03\/IMG_0302-150x113.jpg 150w\" sizes=\"(max-width: 450px) 100vw, 450px\" \/><\/a><p id=\"caption-attachment-3324\" class=\"wp-caption-text\">Korouoma, Jaska Jokunen 18.2.2019. Marco kiipe\u00e4\u00e4, min\u00e4 varmistan ja Ville kuvaajana.<\/p><\/div>\n<div id=\"attachment_3332\" style=\"width: 325px\" class=\"wp-caption aligncenter\"><a href=\"https:\/\/blogi.ennola.fi\/wp-content\/uploads\/2019\/03\/IMG_0473-1.jpg\" rel=\"lightbox[3304]\"><img loading=\"lazy\" decoding=\"async\" aria-describedby=\"caption-attachment-3332\" class=\"wp-image-3332 size-full\" title=\"Korouoma, Jaska Jokunen 18.2.2019. Marco tekee hankalaa mixta-alkua reitilleen.\" src=\"https:\/\/blogi.ennola.fi\/wp-content\/uploads\/2019\/03\/IMG_0473.jpg\" alt=\"\" width=\"315\" height=\"420\" srcset=\"https:\/\/blogi.ennola.fi\/wp-content\/uploads\/2019\/03\/IMG_0473.jpg 315w, https:\/\/blogi.ennola.fi\/wp-content\/uploads\/2019\/03\/IMG_0473-113x150.jpg 113w, https:\/\/blogi.ennola.fi\/wp-content\/uploads\/2019\/03\/IMG_0473-300x400.jpg 300w\" sizes=\"(max-width: 315px) 100vw, 315px\" \/><\/a><p id=\"caption-attachment-3332\" class=\"wp-caption-text\">Korouoma, Jaska Jokunen 18.2.2019. Marco tekee hankalaa mixta-alkua reitilleen.<\/p><\/div>\n<div id=\"attachment_3330\" style=\"width: 325px\" class=\"wp-caption aligncenter\"><a href=\"https:\/\/blogi.ennola.fi\/wp-content\/uploads\/2019\/03\/IMG_0355-1.jpg\" rel=\"lightbox[3304]\"><img loading=\"lazy\" decoding=\"async\" aria-describedby=\"caption-attachment-3330\" class=\"wp-image-3330 size-full\" title=\"Korouoma, Jaska Jokunen 18.2.2019. Minun vuoroni kiivet\u00e4, Villen kuva.\" src=\"https:\/\/blogi.ennola.fi\/wp-content\/uploads\/2019\/03\/IMG_0355.jpg\" alt=\"\" width=\"315\" height=\"420\" srcset=\"https:\/\/blogi.ennola.fi\/wp-content\/uploads\/2019\/03\/IMG_0355.jpg 315w, https:\/\/blogi.ennola.fi\/wp-content\/uploads\/2019\/03\/IMG_0355-113x150.jpg 113w, https:\/\/blogi.ennola.fi\/wp-content\/uploads\/2019\/03\/IMG_0355-300x400.jpg 300w\" sizes=\"(max-width: 315px) 100vw, 315px\" \/><\/a><p id=\"caption-attachment-3330\" class=\"wp-caption-text\">Korouoma, Jaska Jokunen 18.2.2019. Minun vuoroni kiivet\u00e4, Villen kuva.<\/p><\/div>\n<h1>Revontuliputous, Korouoma<\/h1>\n<p>Melko pieni ja kapea putous Jaskalta it\u00e4\u00e4n. Putoukselle ei oikein mahdu kuin yksi k\u00f6ysilinja, joten montaa ihmist\u00e4 ei mahdu kiipe\u00e4m\u00e4\u00e4n samanaikaisesti. Olin t\u00e4\u00e4ll\u00e4 joulukuussa yhden puolikkaan p\u00e4iv\u00e4n, jolloin j\u00e4\u00e4t\u00e4 ei ollut viel\u00e4 kovin paljoa. Ilmeisestikin j\u00e4\u00e4n lis\u00e4\u00e4ntyess\u00e4 kauden edetess\u00e4 putous jyrkkenee ja vaikeutuu. Nyt oli ensimm\u00e4inen Korouoman putouksista, jonka sain kiivetyksi alhaalta yl\u00f6s.<\/p>\n<div id=\"attachment_3308\" style=\"width: 325px\" class=\"wp-caption aligncenter\"><a href=\"https:\/\/blogi.ennola.fi\/wp-content\/uploads\/2019\/03\/IMG_0037b-1.jpg\" rel=\"lightbox[3304]\"><img loading=\"lazy\" decoding=\"async\" aria-describedby=\"caption-attachment-3308\" class=\"wp-image-3308 size-full\" title=\"Korouoma, Revontuliputous 8.12.2018. Mikko kiipe\u00e4\u00e4.\" src=\"https:\/\/blogi.ennola.fi\/wp-content\/uploads\/2019\/03\/IMG_0037b.jpg\" alt=\"\" width=\"315\" height=\"420\" srcset=\"https:\/\/blogi.ennola.fi\/wp-content\/uploads\/2019\/03\/IMG_0037b.jpg 315w, https:\/\/blogi.ennola.fi\/wp-content\/uploads\/2019\/03\/IMG_0037b-113x150.jpg 113w, https:\/\/blogi.ennola.fi\/wp-content\/uploads\/2019\/03\/IMG_0037b-300x400.jpg 300w\" sizes=\"(max-width: 315px) 100vw, 315px\" \/><\/a><p id=\"caption-attachment-3308\" class=\"wp-caption-text\">Korouoma, Revontuliputous 8.12.2018. Mikko kiipe\u00e4\u00e4.<\/p><\/div>\n<h1>Mammutti, Korouoma<\/h1>\n<p>Mammutti on Korouoman laakson putouksista se, mink\u00e4 kiipe\u00e4minen on helpointa yl\u00e4k\u00f6ydell\u00e4. Putouksen vasemmalta puolelta johtaa polku putouksen yl\u00e4puolelle, jota mm. paikallinen matkailuyritt\u00e4j\u00e4 pit\u00e4\u00e4 auki k\u00e4ydess\u00e4\u00e4n kiipeilytt\u00e4m\u00e4ss\u00e4 asiakkaitaan. Putouksella my\u00f6s tavallinen 60 metrin k\u00f6ysi riitt\u00e4\u00e4 ylh\u00e4\u00e4lt\u00e4 alas. Paljon hyvi\u00e4 linjoja, eik\u00e4 liian vaikea putous. K\u00e4ytiin yhten\u00e4 p\u00e4iv\u00e4n\u00e4 t\u00e4\u00e4ll\u00e4.<\/p>\n<div id=\"attachment_3320\" style=\"width: 325px\" class=\"wp-caption aligncenter\"><a href=\"https:\/\/blogi.ennola.fi\/wp-content\/uploads\/2019\/03\/IMG_0276-1.jpg\" rel=\"lightbox[3304]\"><img loading=\"lazy\" decoding=\"async\" aria-describedby=\"caption-attachment-3320\" class=\"wp-image-3320 size-full\" title=\"Korouoma, Mammutti 16.2.2019. Marco kiipe\u00e4\u00e4.\" src=\"https:\/\/blogi.ennola.fi\/wp-content\/uploads\/2019\/03\/IMG_0276.jpg\" alt=\"\" width=\"315\" height=\"420\" srcset=\"https:\/\/blogi.ennola.fi\/wp-content\/uploads\/2019\/03\/IMG_0276.jpg 315w, https:\/\/blogi.ennola.fi\/wp-content\/uploads\/2019\/03\/IMG_0276-113x150.jpg 113w, https:\/\/blogi.ennola.fi\/wp-content\/uploads\/2019\/03\/IMG_0276-300x400.jpg 300w\" sizes=\"(max-width: 315px) 100vw, 315px\" \/><\/a><p id=\"caption-attachment-3320\" class=\"wp-caption-text\">Korouoma, Mammutti 16.2.2019. Marco kiipe\u00e4\u00e4.<\/p><\/div>\n<div id=\"attachment_3325\" style=\"width: 325px\" class=\"wp-caption aligncenter\"><a href=\"https:\/\/blogi.ennola.fi\/wp-content\/uploads\/2019\/03\/IMG_0254-1.jpg\" rel=\"lightbox[3304]\"><img loading=\"lazy\" decoding=\"async\" aria-describedby=\"caption-attachment-3325\" class=\"wp-image-3325 size-full\" title=\"Korouoma, Mammutti 16.2.2019. Marco kiipe\u00e4\u00e4.\" src=\"https:\/\/blogi.ennola.fi\/wp-content\/uploads\/2019\/03\/IMG_0254.jpg\" alt=\"\" width=\"315\" height=\"420\" srcset=\"https:\/\/blogi.ennola.fi\/wp-content\/uploads\/2019\/03\/IMG_0254.jpg 315w, https:\/\/blogi.ennola.fi\/wp-content\/uploads\/2019\/03\/IMG_0254-113x150.jpg 113w, https:\/\/blogi.ennola.fi\/wp-content\/uploads\/2019\/03\/IMG_0254-300x400.jpg 300w\" sizes=\"(max-width: 315px) 100vw, 315px\" \/><\/a><p id=\"caption-attachment-3325\" class=\"wp-caption-text\">Korouoma, Mammutti 16.2.2019. Marco kiipe\u00e4\u00e4.<\/p><\/div>\n<div id=\"attachment_3326\" style=\"width: 325px\" class=\"wp-caption aligncenter\"><a href=\"https:\/\/blogi.ennola.fi\/wp-content\/uploads\/2019\/03\/IMG_0272-1.jpg\" rel=\"lightbox[3304]\"><img loading=\"lazy\" decoding=\"async\" aria-describedby=\"caption-attachment-3326\" class=\"wp-image-3326 size-full\" title=\"Korouoma, Mammutti 16.2.2019. Marco kiipe\u00e4\u00e4, Ville varmistaa.\" src=\"https:\/\/blogi.ennola.fi\/wp-content\/uploads\/2019\/03\/IMG_0272.jpg\" alt=\"\" width=\"315\" height=\"420\" srcset=\"https:\/\/blogi.ennola.fi\/wp-content\/uploads\/2019\/03\/IMG_0272.jpg 315w, https:\/\/blogi.ennola.fi\/wp-content\/uploads\/2019\/03\/IMG_0272-113x150.jpg 113w, https:\/\/blogi.ennola.fi\/wp-content\/uploads\/2019\/03\/IMG_0272-300x400.jpg 300w\" sizes=\"(max-width: 315px) 100vw, 315px\" \/><\/a><p id=\"caption-attachment-3326\" class=\"wp-caption-text\">Korouoma, Mammutti 16.2.2019. Marco kiipe\u00e4\u00e4, Ville varmistaa.<\/p><\/div>\n<h1>Angelniemi<\/h1>\n<p>Turun seudun tunnetuimpia j\u00e4\u00e4kiipeilypaikkoja. Ei kovinkaan korkea, mutta riitt\u00e4v\u00e4n korkeita pystysuoria osuuksia, jotka mahdollistavat tehokkaan kiipeilytekniikan harjoittelun. Useita paikkoja eri k\u00f6ysilinjoille ja yhdell\u00e4kin k\u00f6ydell\u00e4 voi kiivet\u00e4 aika vaihtelevia linjoja. Sijaitsee pellon reunassa ja nykyisin, kun alla ollut mets\u00e4 on hakattu, osuu kev\u00e4taurinko loppup\u00e4iv\u00e4st\u00e4 j\u00e4ille, mik\u00e4 j\u00e4iden s\u00e4ilymisen kannalta ei ole hyv\u00e4 asia. K\u00e4vin talven aikana nelj\u00e4sti t\u00e4\u00e4ll\u00e4. Kev\u00e4\u00e4n viimeisell\u00e4 kerralla saimme kuunnella huuhkajan huhuilua keskell\u00e4 p\u00e4iv\u00e4\u00e4.<\/p>\n<div id=\"attachment_3317\" style=\"width: 460px\" class=\"wp-caption aligncenter\"><a href=\"https:\/\/blogi.ennola.fi\/wp-content\/uploads\/2019\/03\/IMG_0067-1.jpg\" rel=\"lightbox[3304]\"><img loading=\"lazy\" decoding=\"async\" aria-describedby=\"caption-attachment-3317\" class=\"wp-image-3317 size-full\" title=\"Angelniemi 19.1.2019. Petri kiipe\u00e4\u00e4.\" src=\"https:\/\/blogi.ennola.fi\/wp-content\/uploads\/2019\/03\/IMG_0067.jpg\" alt=\"\" width=\"450\" height=\"338\" srcset=\"https:\/\/blogi.ennola.fi\/wp-content\/uploads\/2019\/03\/IMG_0067.jpg 450w, https:\/\/blogi.ennola.fi\/wp-content\/uploads\/2019\/03\/IMG_0067-150x113.jpg 150w\" sizes=\"(max-width: 450px) 100vw, 450px\" \/><\/a><p id=\"caption-attachment-3317\" class=\"wp-caption-text\">Angelniemi 19.1.2019. Petri kiipe\u00e4\u00e4.<\/p><\/div>\n<div id=\"attachment_3319\" style=\"width: 325px\" class=\"wp-caption aligncenter\"><a href=\"https:\/\/blogi.ennola.fi\/wp-content\/uploads\/2019\/03\/IMG_0149-1.jpg\" rel=\"lightbox[3304]\"><img loading=\"lazy\" decoding=\"async\" aria-describedby=\"caption-attachment-3319\" class=\"wp-image-3319 size-full\" title=\"Angelniemi 26.1.2019. Min\u00e4 kiipe\u00e4n, Villen kuva.\" src=\"https:\/\/blogi.ennola.fi\/wp-content\/uploads\/2019\/03\/IMG_0149.jpg\" alt=\"\" width=\"315\" height=\"420\" srcset=\"https:\/\/blogi.ennola.fi\/wp-content\/uploads\/2019\/03\/IMG_0149.jpg 315w, https:\/\/blogi.ennola.fi\/wp-content\/uploads\/2019\/03\/IMG_0149-113x150.jpg 113w, https:\/\/blogi.ennola.fi\/wp-content\/uploads\/2019\/03\/IMG_0149-300x400.jpg 300w\" sizes=\"(max-width: 315px) 100vw, 315px\" \/><\/a><p id=\"caption-attachment-3319\" class=\"wp-caption-text\">Angelniemi 26.1.2019. Min\u00e4 kiipe\u00e4n, Villen kuva.<\/p><\/div>\n<div id=\"attachment_3322\" style=\"width: 460px\" class=\"wp-caption aligncenter\"><a href=\"https:\/\/blogi.ennola.fi\/wp-content\/uploads\/2019\/03\/IMG_0508-2.jpg\" rel=\"lightbox[3304]\"><img loading=\"lazy\" decoding=\"async\" aria-describedby=\"caption-attachment-3322\" class=\"wp-image-3322 size-full\" title=\"Angelniemi 8.3.2019. Ville kiipe\u00e4\u00e4 oikean reunan reitti\u00e4.\" src=\"https:\/\/blogi.ennola.fi\/wp-content\/uploads\/2019\/03\/IMG_0508.jpg\" alt=\"\" width=\"450\" height=\"338\" srcset=\"https:\/\/blogi.ennola.fi\/wp-content\/uploads\/2019\/03\/IMG_0508.jpg 450w, https:\/\/blogi.ennola.fi\/wp-content\/uploads\/2019\/03\/IMG_0508-150x113.jpg 150w\" sizes=\"(max-width: 450px) 100vw, 450px\" \/><\/a><p id=\"caption-attachment-3322\" class=\"wp-caption-text\">Angelniemi 8.3.2019. Ville kiipe\u00e4\u00e4 oikean reunan reitti\u00e4.<\/p><\/div>\n<h1>Kisko<\/h1>\n<p>Pienen j\u00e4rven rannalla oleva kallio, mik\u00e4 luontonsa puolesta on kaunein t\u00e4ss\u00e4 luotelluista Etel\u00e4-Suomen paikoista. Kev\u00e4\u00e4ll\u00e4 juuri t\u00e4\u00e4ll\u00e4 saimme seurata merikotkien kaartelua puidenlatvojen yll\u00e4 ja laulujoutsen parin soidinlaulua j\u00e4rven sulassa. N\u00e4imme lukuisia valkoh\u00e4nt\u00e4kauriita matkalla putouksille. Itse putoukset ovat korkeampia kuin Angelniemen putoukset, mutta koostuvat useista per\u00e4tt\u00e4isist\u00e4 jyrkist\u00e4 osuuksista, jotka kiipeilyn kannalta eiv\u00e4t ole yht\u00e4 haasteellisia. K\u00e4vimme t\u00e4\u00e4ll\u00e4 talven aikana kahdesti ja molemmilla kerroilla teimme erilaisen l\u00e4hestymisen, joista kumpikaan ei ollut erityisen helppo.<\/p>\n<div id=\"attachment_3309\" style=\"width: 325px\" class=\"wp-caption aligncenter\"><a href=\"https:\/\/blogi.ennola.fi\/wp-content\/uploads\/2019\/03\/IMG_0230b-1.jpg\" rel=\"lightbox[3304]\"><img loading=\"lazy\" decoding=\"async\" aria-describedby=\"caption-attachment-3309\" class=\"wp-image-3309 size-full\" title=\"Kisko 3.2.2019. Ville kiipe\u00e4\u00e4 ja Henkka varmistaa.\" src=\"https:\/\/blogi.ennola.fi\/wp-content\/uploads\/2019\/03\/IMG_0230b.jpg\" alt=\"\" width=\"315\" height=\"420\" srcset=\"https:\/\/blogi.ennola.fi\/wp-content\/uploads\/2019\/03\/IMG_0230b.jpg 315w, https:\/\/blogi.ennola.fi\/wp-content\/uploads\/2019\/03\/IMG_0230b-113x150.jpg 113w, https:\/\/blogi.ennola.fi\/wp-content\/uploads\/2019\/03\/IMG_0230b-300x400.jpg 300w\" sizes=\"(max-width: 315px) 100vw, 315px\" \/><\/a><p id=\"caption-attachment-3309\" class=\"wp-caption-text\">Kisko 3.2.2019. Ville kiipe\u00e4\u00e4 ja Henkka varmistaa.<\/p><\/div>\n<h1>Paimio<\/h1>\n<p>Paimion putous on varsin pitk\u00e4, muttei kovin jyrkk\u00e4 ja olisi varmaan siksi my\u00f6s hyv\u00e4 ensimm\u00e4isten liidien opetteluun. Hieman yll\u00e4tt\u00e4en putous oli t\u00e4n\u00e4 talvena varsin vetev\u00e4 verrattuna aikaisempiin kuviin ja p\u00e4\u00e4simme siin\u00e4 hyvin harjoittelemaan useampia eri linjoja. Laitoimme toisen k\u00f6yden noin 10 metri\u00e4 p\u00e4\u00e4putouksen vasemmalle puolelle, jossa oli hauska j\u00e4\u00e4kiipeilt\u00e4v\u00e4 reitti, joka kuitenkin oli kaikkea muuta kuin suoraviivaisesti kiivett\u00e4v\u00e4. Kuitenkin hakemalla l\u00f6ytyi aina molemmille hakuille ja j\u00e4\u00e4raudoille sen verta j\u00e4\u00e4t\u00e4, ettei varsinaiseen mixtakiipeilyyn tarvinnut ryhty\u00e4.<\/p>\n<div id=\"attachment_3313\" style=\"width: 325px\" class=\"wp-caption aligncenter\"><a href=\"https:\/\/blogi.ennola.fi\/wp-content\/uploads\/2019\/03\/IMG_0242-1.jpg\" rel=\"lightbox[3304]\"><img loading=\"lazy\" decoding=\"async\" aria-describedby=\"caption-attachment-3313\" class=\"wp-image-3313 size-full\" title=\"Paimio 10.2.2019. Runsaasti ja leve\u00e4lti j\u00e4\u00e4ss\u00e4.\" src=\"https:\/\/blogi.ennola.fi\/wp-content\/uploads\/2019\/03\/IMG_0242.jpg\" alt=\"\" width=\"315\" height=\"420\" srcset=\"https:\/\/blogi.ennola.fi\/wp-content\/uploads\/2019\/03\/IMG_0242.jpg 315w, https:\/\/blogi.ennola.fi\/wp-content\/uploads\/2019\/03\/IMG_0242-113x150.jpg 113w, https:\/\/blogi.ennola.fi\/wp-content\/uploads\/2019\/03\/IMG_0242-300x400.jpg 300w\" sizes=\"(max-width: 315px) 100vw, 315px\" \/><\/a><p id=\"caption-attachment-3313\" class=\"wp-caption-text\">Paimio 10.2.2019. Runsaasti ja leve\u00e4lti j\u00e4\u00e4ss\u00e4.<\/p><\/div>\n<h1>Kuusisto<\/h1>\n<p>Kuusiston putousta olen katsellut moneen kertaan ajaessani siit\u00e4 ohi menness\u00e4ni Paraisille. Putous on tien vieress\u00e4, mutta tien ja putouksen v\u00e4liss\u00e4 on py\u00f6r\u00e4tie, joten putoukselle p\u00e4\u00e4see menem\u00e4tt\u00e4 tielle. Lis\u00e4ksi putous ei ole kallion leikkauksessa vaan luonnollisessa kalliorinteess\u00e4. P\u00e4\u00e4dyimme k\u00e4ym\u00e4\u00e4n illalla ty\u00f6p\u00e4iv\u00e4n p\u00e4\u00e4tteeksi Kuusiston putouksella, kun Telakkarannassa k\u00e4yminen ei ollut suotavaa. Putous oli melko lyhyt ja hieman loiva, joten se oli aika helposti kiivett\u00e4viss\u00e4 ja ei tuntunut jatkok\u00e4yntien arvoiselta paikalta. Seuraavan kerran t\u00e4nne voisi tulla opettelemaan liidausta. Saaristotie my\u00f6s piti huolen siit\u00e4, ett\u00e4 varsinaista luonnonrauhaa paikalla ei p\u00e4\u00e4ssyt kokemaan.<\/p>\n<div id=\"attachment_3318\" style=\"width: 325px\" class=\"wp-caption aligncenter\"><a href=\"https:\/\/blogi.ennola.fi\/wp-content\/uploads\/2019\/03\/20190123_173219-1.jpg\" rel=\"lightbox[3304]\"><img loading=\"lazy\" decoding=\"async\" aria-describedby=\"caption-attachment-3318\" class=\"wp-image-3318 size-full\" title=\"Kuusisto 23.1.2019. Pieni, helppo putous.\" src=\"https:\/\/blogi.ennola.fi\/wp-content\/uploads\/2019\/03\/20190123_173219.jpg\" alt=\"\" width=\"315\" height=\"420\" srcset=\"https:\/\/blogi.ennola.fi\/wp-content\/uploads\/2019\/03\/20190123_173219.jpg 315w, https:\/\/blogi.ennola.fi\/wp-content\/uploads\/2019\/03\/20190123_173219-113x150.jpg 113w, https:\/\/blogi.ennola.fi\/wp-content\/uploads\/2019\/03\/20190123_173219-300x400.jpg 300w\" sizes=\"(max-width: 315px) 100vw, 315px\" \/><\/a><p id=\"caption-attachment-3318\" class=\"wp-caption-text\">Kuusisto 23.1.2019. Pieni, helppo putous.<\/p><\/div>\n<h1>Hessund<\/h1>\n<p>Putous l\u00e4hell\u00e4 Kalakoulua. se on jonkun verran korkeampi ja jyrkempi kuin Kuusiston putous, mutta kuitenkin suhteellisen matala putous. K\u00e4ydess\u00e4mme t\u00e4\u00e4ll\u00e4 mahdollisti se kiipeilyn kahdella erillisell\u00e4 k\u00f6ysilinjalla. Kuusiston tapaan my\u00f6sk\u00e4\u00e4n t\u00e4m\u00e4 putous ei ollut erityisen vaikea kiivett\u00e4v\u00e4. Putoukselle oli nopea tulla ty\u00f6p\u00e4iv\u00e4n p\u00e4\u00e4tteeksi Kalakoululta.<\/p>\n<div id=\"attachment_3316\" style=\"width: 460px\" class=\"wp-caption aligncenter\"><a href=\"https:\/\/blogi.ennola.fi\/wp-content\/uploads\/2019\/03\/IMG_0180-1.jpg\" rel=\"lightbox[3304]\"><img loading=\"lazy\" decoding=\"async\" aria-describedby=\"caption-attachment-3316\" class=\"wp-image-3316 size-full\" title=\"Hessund 31.1.2019. Kiva pikkuputous meren rannalla.\" src=\"https:\/\/blogi.ennola.fi\/wp-content\/uploads\/2019\/03\/IMG_0180.jpg\" alt=\"\" width=\"450\" height=\"338\" srcset=\"https:\/\/blogi.ennola.fi\/wp-content\/uploads\/2019\/03\/IMG_0180.jpg 450w, https:\/\/blogi.ennola.fi\/wp-content\/uploads\/2019\/03\/IMG_0180-150x113.jpg 150w\" sizes=\"(max-width: 450px) 100vw, 450px\" \/><\/a><p id=\"caption-attachment-3316\" class=\"wp-caption-text\">Hessund 31.1.2019. Kiva pikkuputous meren rannalla.<\/p><\/div>\n<p>&nbsp;<\/p>\n<div id=\"attachment_3315\" style=\"width: 325px\" class=\"wp-caption aligncenter\"><a href=\"https:\/\/blogi.ennola.fi\/wp-content\/uploads\/2019\/03\/IMG_0204b-1.jpg\" rel=\"lightbox[3304]\"><img loading=\"lazy\" decoding=\"async\" aria-describedby=\"caption-attachment-3315\" class=\"wp-image-3315 size-full\" title=\"Hessund 31.1.2019. Henkka kiipe\u00e4\u00e4.\" src=\"https:\/\/blogi.ennola.fi\/wp-content\/uploads\/2019\/03\/IMG_0204b.jpg\" alt=\"\" width=\"315\" height=\"420\" srcset=\"https:\/\/blogi.ennola.fi\/wp-content\/uploads\/2019\/03\/IMG_0204b.jpg 315w, https:\/\/blogi.ennola.fi\/wp-content\/uploads\/2019\/03\/IMG_0204b-113x150.jpg 113w, https:\/\/blogi.ennola.fi\/wp-content\/uploads\/2019\/03\/IMG_0204b-300x400.jpg 300w\" sizes=\"(max-width: 315px) 100vw, 315px\" \/><\/a><p id=\"caption-attachment-3315\" class=\"wp-caption-text\">Hessund 31.1.2019. Henkka kiipe\u00e4\u00e4.<\/p><\/div>\n<div id=\"attachment_3314\" style=\"width: 325px\" class=\"wp-caption aligncenter\"><a href=\"https:\/\/blogi.ennola.fi\/wp-content\/uploads\/2019\/03\/IMG_0187-1.jpg\" rel=\"lightbox[3304]\"><img loading=\"lazy\" decoding=\"async\" aria-describedby=\"caption-attachment-3314\" class=\"wp-image-3314 size-full\" title=\"Hessund 31.1.2019. Henkka kiipe\u00e4\u00e4.\" src=\"https:\/\/blogi.ennola.fi\/wp-content\/uploads\/2019\/03\/IMG_0187.jpg\" alt=\"\" width=\"315\" height=\"420\" srcset=\"https:\/\/blogi.ennola.fi\/wp-content\/uploads\/2019\/03\/IMG_0187.jpg 315w, https:\/\/blogi.ennola.fi\/wp-content\/uploads\/2019\/03\/IMG_0187-113x150.jpg 113w, https:\/\/blogi.ennola.fi\/wp-content\/uploads\/2019\/03\/IMG_0187-300x400.jpg 300w\" sizes=\"(max-width: 315px) 100vw, 315px\" \/><\/a><p id=\"caption-attachment-3314\" class=\"wp-caption-text\">Hessund 31.1.2019. Henkka kiipe\u00e4\u00e4.<\/p><\/div>\n<h1>Telakkaranta<\/h1>\n<p>Telakkaranta on Turun helmi j\u00e4\u00e4putousten sarjassa. Aivan keskustassa oleva parikymmenmetrinen j\u00e4\u00e4putous, jossa on useita kiivett\u00e4vi\u00e4 linjoja. Putous on syntynyt satama-alueen kallioleikkaukseen. Putous jakautuu kahteen osaan, joiden v\u00e4liss\u00e4 on leve\u00e4 tasanne. Ensimm\u00e4inen osuus on matalampi, jossa j\u00e4\u00e4t\u00e4 t\u00e4n\u00e4 talvena on ollut melko v\u00e4h\u00e4n ja aika v\u00e4h\u00e4n vaihtoehtoisia linjoja. Toinen osuus on yli kymmenmetrinen jyrkk\u00e4, jossa on useita kiivett\u00e4vi\u00e4 linjoja ja joista lopputalvesta yksi oli kehittynyt l\u00e4hes pystysuoraksi pilariksi. Valitettavasti Telakkarannan rakennusty\u00f6maa on koko ajan l\u00e4hestynyt paikkaa ja on jo t\u00e4n\u00e4 talvena aiheuttanut ongelmia paikan k\u00e4yt\u00f6ss\u00e4. On todenn\u00e4k\u00f6ist\u00e4, ett\u00e4 t\u00e4m\u00e4 oli viimeinen talvi t\u00e4ll\u00e4 putouksella. Harmi, koska ainakin kiipe\u00e4mist\u00e4ni Turun seudun j\u00e4\u00e4kiipeilypaikoista juuri Telakkaranta korkeudessaan ja jyrkkyydess\u00e4\u00e4n on ollut ainutlaatuinen. K\u00e4vin kolmena iltana t\u00f6iden j\u00e4lkeen t\u00e4\u00e4ll\u00e4 kiipe\u00e4m\u00e4ss\u00e4 ja kaikilla kerroilla kiipe\u00e4minen oli todella onnistunutta.<\/p>\n<div id=\"attachment_3310\" style=\"width: 460px\" class=\"wp-caption aligncenter\"><a href=\"https:\/\/blogi.ennola.fi\/wp-content\/uploads\/2019\/03\/IMG_0054-1.jpg\" rel=\"lightbox[3304]\"><img loading=\"lazy\" decoding=\"async\" aria-describedby=\"caption-attachment-3310\" class=\"wp-image-3310 size-full\" title=\"Telakkaranta 16.1.2019. Ensimm\u00e4iset j\u00e4\u00e4t Turussa, Julle kiipe\u00e4\u00e4.\" src=\"https:\/\/blogi.ennola.fi\/wp-content\/uploads\/2019\/03\/IMG_0054.jpg\" alt=\"\" width=\"450\" height=\"338\" srcset=\"https:\/\/blogi.ennola.fi\/wp-content\/uploads\/2019\/03\/IMG_0054.jpg 450w, https:\/\/blogi.ennola.fi\/wp-content\/uploads\/2019\/03\/IMG_0054-150x113.jpg 150w\" sizes=\"(max-width: 450px) 100vw, 450px\" \/><\/a><p id=\"caption-attachment-3310\" class=\"wp-caption-text\">Telakkaranta 16.1.2019. Ensimm\u00e4iset j\u00e4\u00e4t Turussa, Julle kiipe\u00e4\u00e4.<\/p><\/div>\n<div id=\"attachment_3311\" style=\"width: 325px\" class=\"wp-caption aligncenter\"><a href=\"https:\/\/blogi.ennola.fi\/wp-content\/uploads\/2019\/03\/IMG_0499-1.jpg\" rel=\"lightbox[3304]\"><img loading=\"lazy\" decoding=\"async\" aria-describedby=\"caption-attachment-3311\" class=\"wp-image-3311 size-full\" title=\"Telakkaranta 5.3.2019. Kev\u00e4\u00e4n s\u00e4\u00e4t oli tehnyt putoukset t\u00e4yteen j\u00e4\u00e4otteita.\" src=\"https:\/\/blogi.ennola.fi\/wp-content\/uploads\/2019\/03\/IMG_0499.jpg\" alt=\"\" width=\"315\" height=\"420\" srcset=\"https:\/\/blogi.ennola.fi\/wp-content\/uploads\/2019\/03\/IMG_0499.jpg 315w, https:\/\/blogi.ennola.fi\/wp-content\/uploads\/2019\/03\/IMG_0499-113x150.jpg 113w, https:\/\/blogi.ennola.fi\/wp-content\/uploads\/2019\/03\/IMG_0499-300x400.jpg 300w\" sizes=\"(max-width: 315px) 100vw, 315px\" \/><\/a><p id=\"caption-attachment-3311\" class=\"wp-caption-text\">Telakkaranta 5.3.2019. Kev\u00e4\u00e4n s\u00e4\u00e4t oli tehnyt putoukset t\u00e4yteen j\u00e4\u00e4otteita.<\/p><\/div>\n<div id=\"attachment_3312\" style=\"width: 325px\" class=\"wp-caption aligncenter\"><a href=\"https:\/\/blogi.ennola.fi\/wp-content\/uploads\/2019\/03\/IMG_0522-1.jpg\" rel=\"lightbox[3304]\"><img loading=\"lazy\" decoding=\"async\" aria-describedby=\"caption-attachment-3312\" class=\"wp-image-3312 size-full\" title=\"Telakkaranta 12.3.2019. Kauden viimeinen kiipeily.\" src=\"https:\/\/blogi.ennola.fi\/wp-content\/uploads\/2019\/03\/IMG_0522.jpg\" alt=\"\" width=\"315\" height=\"420\" srcset=\"https:\/\/blogi.ennola.fi\/wp-content\/uploads\/2019\/03\/IMG_0522.jpg 315w, https:\/\/blogi.ennola.fi\/wp-content\/uploads\/2019\/03\/IMG_0522-113x150.jpg 113w, https:\/\/blogi.ennola.fi\/wp-content\/uploads\/2019\/03\/IMG_0522-300x400.jpg 300w\" sizes=\"(max-width: 315px) 100vw, 315px\" \/><\/a><p id=\"caption-attachment-3312\" class=\"wp-caption-text\">Telakkaranta 12.3.2019. Kauden viimeinen kiipeily.<\/p><\/div>\n<div class=\"mceTemp\"><\/div>\n","protected":false},"excerpt":{"rendered":"<p>Olen jo jonkun aikaa haaveillut j\u00e4\u00e4kiipeilyn aloittamisesta. Muutaman kerran olen sit\u00e4 aiemmin kokeillut, mutta on selv\u00e4\u00e4, jos kiipeilem\u00e4ss\u00e4 k\u00e4y vain kerran talvessa, ei lajia p\u00e4\u00e4se oppimaan. Nyt syksyll\u00e4&#8230;<\/p>\n","protected":false},"author":1,"featured_media":3333,"comment_status":"open","ping_status":"open","sticky":false,"template":"","format":"standard","meta":{"footnotes":""},"categories":[6],"tags":[],"_links":{"self":[{"href":"https:\/\/blogi.ennola.fi\/index.php?rest_route=\/wp\/v2\/posts\/3304"}],"collection":[{"href":"https:\/\/blogi.ennola.fi\/index.php?rest_route=\/wp\/v2\/posts"}],"about":[{"href":"https:\/\/blogi.ennola.fi\/index.php?rest_route=\/wp\/v2\/types\/post"}],"author":[{"embeddable":true,"href":"https:\/\/blogi.ennola.fi\/index.php?rest_route=\/wp\/v2\/users\/1"}],"replies":[{"embeddable":true,"href":"https:\/\/blogi.ennola.fi\/index.php?rest_route=%2Fwp%2Fv2%2Fcomments&post=3304"}],"version-history":[{"count":17,"href":"https:\/\/blogi.ennola.fi\/index.php?rest_route=\/wp\/v2\/posts\/3304\/revisions"}],"predecessor-version":[{"id":4214,"href":"https:\/\/blogi.ennola.fi\/index.php?rest_route=\/wp\/v2\/posts\/3304\/revisions\/4214"}],"wp:featuredmedia":[{"embeddable":true,"href":"https:\/\/blogi.ennola.fi\/index.php?rest_route=\/wp\/v2\/media\/3333"}],"wp:attachment":[{"href":"https:\/\/blogi.ennola.fi\/index.php?rest_route=%2Fwp%2Fv2%2Fmedia&parent=3304"}],"wp:term":[{"taxonomy":"category","embeddable":true,"href":"https:\/\/blogi.ennola.fi\/index.php?rest_route=%2Fwp%2Fv2%2Fcategories&post=3304"},{"taxonomy":"post_tag","embeddable":true,"href":"https:\/\/blogi.ennola.fi\/index.php?rest_route=%2Fwp%2Fv2%2Ftags&post=3304"}],"curies":[{"name":"wp","href":"https:\/\/api.w.org\/{rel}","templated":true}]}}