{"id":3377,"date":"2018-10-10T22:44:09","date_gmt":"2018-10-10T19:44:09","guid":{"rendered":"https:\/\/blogi.ennola.fi\/?p=3377"},"modified":"2020-07-06T22:34:01","modified_gmt":"2020-07-06T19:34:01","slug":"muutama-kuva-hossasta","status":"publish","type":"post","link":"https:\/\/blogi.ennola.fi\/?p=3377","title":{"rendered":"Muutama kuva Hossasta"},"content":{"rendered":"<p>Vuoden tauon j\u00e4lkeen tein taas opiskelijoiden kanssa vaelluksen Pohjoiseen. Opiskelijoilla oli vapaus valita kohteensa ja he valitsivat kohteeksi tuoreen Hossan kansallispuiston. Vaelluksen ajankohta oli aiempaa my\u00f6hempi syksy, mik\u00e4 tiesi kylmempi\u00e4 s\u00e4it\u00e4 ja lyhyemp\u00e4\u00e4 valoisaa aikaa. Sadetta saimme my\u00f6s niskaan useampana p\u00e4iv\u00e4n\u00e4.<\/p>\n<p>Alueen maisemat olivat p\u00e4\u00e4osin metsi\u00e4, harjuja ja j\u00e4rvi\u00e4 niiden v\u00e4liss\u00e4. Julma-\u00d6lkyn rotkoj\u00e4rvi oli kyll\u00e4 upea, mutta jotenkin en osannut saada sen olemusta kuviini. Valokuvauksen kannalta varsin kylm\u00e4n y\u00f6n j\u00e4lkeinen sumuinen aamu Kirkasvetisen rannalla oli antoisin. Aamu valkeni sankassa sumussa, joka v\u00e4hitellen alkoi h\u00e4lvet\u00e4 auringon noustua. Melko pian noustuaan aurinko meni pilveen ja sumun h\u00e4lvetty\u00e4 aamun kuvauksellisuus oli ohitse.<\/p>\n<p><a href=\"https:\/\/blogi.ennola.fi\/wp-content\/uploads\/2019\/03\/Hossa_Panorama1.jpg\" rel=\"lightbox[3377]\"><img loading=\"lazy\" decoding=\"async\" class=\"aligncenter wp-image-3385 size-full\" title=\"Aikainen aamu Kirkasvetisell\u00e4.\" src=\"https:\/\/blogi.ennola.fi\/wp-content\/uploads\/2019\/03\/Hossa_Panorama1-1.jpg\" alt=\"\" width=\"480\" height=\"157\" srcset=\"https:\/\/blogi.ennola.fi\/wp-content\/uploads\/2019\/03\/Hossa_Panorama1-1.jpg 480w, https:\/\/blogi.ennola.fi\/wp-content\/uploads\/2019\/03\/Hossa_Panorama1-1-150x49.jpg 150w\" sizes=\"(max-width: 480px) 100vw, 480px\" \/><\/a><\/p>\n<div id=\"attachment_3388\" style=\"width: 490px\" class=\"wp-caption aligncenter\"><a href=\"https:\/\/blogi.ennola.fi\/wp-content\/uploads\/2019\/03\/Hossa_Panorama4.jpg\" rel=\"lightbox[3377]\"><img loading=\"lazy\" decoding=\"async\" aria-describedby=\"caption-attachment-3388\" class=\"wp-image-3388 size-full\" title=\"Aikainen aamu Kirkasvetisell\u00e4.\" src=\"https:\/\/blogi.ennola.fi\/wp-content\/uploads\/2019\/03\/Hossa_Panorama4-1.jpg\" alt=\"\" width=\"480\" height=\"220\" srcset=\"https:\/\/blogi.ennola.fi\/wp-content\/uploads\/2019\/03\/Hossa_Panorama4-1.jpg 480w, https:\/\/blogi.ennola.fi\/wp-content\/uploads\/2019\/03\/Hossa_Panorama4-1-150x69.jpg 150w\" sizes=\"(max-width: 480px) 100vw, 480px\" \/><\/a><p id=\"caption-attachment-3388\" class=\"wp-caption-text\">Aikainen aamu Kirkasvetisell\u00e4.<\/p><\/div>\n<div id=\"attachment_3384\" style=\"width: 490px\" class=\"wp-caption aligncenter\"><a href=\"https:\/\/blogi.ennola.fi\/wp-content\/uploads\/2019\/03\/Hossa_Panorama6.jpg\" rel=\"lightbox[3377]\"><img loading=\"lazy\" decoding=\"async\" aria-describedby=\"caption-attachment-3384\" class=\"wp-image-3384 size-full\" title=\"Auringon nousu Kirkasvetisell\u00e4.\" src=\"https:\/\/blogi.ennola.fi\/wp-content\/uploads\/2019\/03\/Hossa_Panorama6-1.jpg\" alt=\"\" width=\"480\" height=\"124\" srcset=\"https:\/\/blogi.ennola.fi\/wp-content\/uploads\/2019\/03\/Hossa_Panorama6-1.jpg 480w, https:\/\/blogi.ennola.fi\/wp-content\/uploads\/2019\/03\/Hossa_Panorama6-1-150x39.jpg 150w\" sizes=\"(max-width: 480px) 100vw, 480px\" \/><\/a><p id=\"caption-attachment-3384\" class=\"wp-caption-text\">Auringon nousu Kirkasvetisell\u00e4.<\/p><\/div>\n<div id=\"attachment_3389\" style=\"width: 490px\" class=\"wp-caption aligncenter\"><a href=\"https:\/\/blogi.ennola.fi\/wp-content\/uploads\/2019\/03\/Hossa_Panorama5.jpg\" rel=\"lightbox[3377]\"><img loading=\"lazy\" decoding=\"async\" aria-describedby=\"caption-attachment-3389\" class=\"wp-image-3389 size-full\" title=\"Auringon ensi s\u00e4teet Kirkasvetisen rannalla.\" src=\"https:\/\/blogi.ennola.fi\/wp-content\/uploads\/2019\/03\/Hossa_Panorama5-1.jpg\" alt=\"\" width=\"480\" height=\"180\" srcset=\"https:\/\/blogi.ennola.fi\/wp-content\/uploads\/2019\/03\/Hossa_Panorama5-1.jpg 480w, https:\/\/blogi.ennola.fi\/wp-content\/uploads\/2019\/03\/Hossa_Panorama5-1-150x56.jpg 150w\" sizes=\"(max-width: 480px) 100vw, 480px\" \/><\/a><p id=\"caption-attachment-3389\" class=\"wp-caption-text\">Auringon ensi s\u00e4teet Kirkasvetisen rannalla.<\/p><\/div>\n<div id=\"attachment_3387\" style=\"width: 490px\" class=\"wp-caption aligncenter\"><a href=\"https:\/\/blogi.ennola.fi\/wp-content\/uploads\/2019\/03\/Hossa_Panorama3.jpg\" rel=\"lightbox[3377]\"><img loading=\"lazy\" decoding=\"async\" aria-describedby=\"caption-attachment-3387\" class=\"wp-image-3387 size-full\" title=\"Viimeiset sumun rippeet auringon jo menty\u00e4 pilven taakse.\" src=\"https:\/\/blogi.ennola.fi\/wp-content\/uploads\/2019\/03\/Hossa_Panorama3-1.jpg\" alt=\"\" width=\"480\" height=\"131\" srcset=\"https:\/\/blogi.ennola.fi\/wp-content\/uploads\/2019\/03\/Hossa_Panorama3-1.jpg 480w, https:\/\/blogi.ennola.fi\/wp-content\/uploads\/2019\/03\/Hossa_Panorama3-1-150x41.jpg 150w\" sizes=\"(max-width: 480px) 100vw, 480px\" \/><\/a><p id=\"caption-attachment-3387\" class=\"wp-caption-text\">Viimeiset sumun rippeet auringon jo menty\u00e4 pilven taakse.<\/p><\/div>\n<div id=\"attachment_3386\" style=\"width: 490px\" class=\"wp-caption aligncenter\"><a href=\"https:\/\/blogi.ennola.fi\/wp-content\/uploads\/2019\/03\/Hossa_Panorama2.jpg\" rel=\"lightbox[3377]\"><img loading=\"lazy\" decoding=\"async\" aria-describedby=\"caption-attachment-3386\" class=\"wp-image-3386 size-full\" title=\"V\u00e4rikallion kalliomaalaukset.\" src=\"https:\/\/blogi.ennola.fi\/wp-content\/uploads\/2019\/03\/Hossa_Panorama2-1.jpg\" alt=\"\" width=\"480\" height=\"204\" srcset=\"https:\/\/blogi.ennola.fi\/wp-content\/uploads\/2019\/03\/Hossa_Panorama2-1.jpg 480w, https:\/\/blogi.ennola.fi\/wp-content\/uploads\/2019\/03\/Hossa_Panorama2-1-150x64.jpg 150w\" sizes=\"(max-width: 480px) 100vw, 480px\" \/><\/a><p id=\"caption-attachment-3386\" class=\"wp-caption-text\">V\u00e4rikallion kalliomaalaukset.<\/p><\/div>\n","protected":false},"excerpt":{"rendered":"<p>Vuoden tauon j\u00e4lkeen tein taas opiskelijoiden kanssa vaelluksen Pohjoiseen. Opiskelijoilla oli vapaus valita kohteensa ja he valitsivat kohteeksi tuoreen Hossan kansallispuiston. Vaelluksen ajankohta oli aiempaa my\u00f6hempi syksy, mik\u00e4&#8230;<\/p>\n","protected":false},"author":1,"featured_media":3390,"comment_status":"open","ping_status":"open","sticky":false,"template":"","format":"standard","meta":{"footnotes":""},"categories":[4,3,27],"tags":[],"_links":{"self":[{"href":"https:\/\/blogi.ennola.fi\/index.php?rest_route=\/wp\/v2\/posts\/3377"}],"collection":[{"href":"https:\/\/blogi.ennola.fi\/index.php?rest_route=\/wp\/v2\/posts"}],"about":[{"href":"https:\/\/blogi.ennola.fi\/index.php?rest_route=\/wp\/v2\/types\/post"}],"author":[{"embeddable":true,"href":"https:\/\/blogi.ennola.fi\/index.php?rest_route=\/wp\/v2\/users\/1"}],"replies":[{"embeddable":true,"href":"https:\/\/blogi.ennola.fi\/index.php?rest_route=%2Fwp%2Fv2%2Fcomments&post=3377"}],"version-history":[{"count":8,"href":"https:\/\/blogi.ennola.fi\/index.php?rest_route=\/wp\/v2\/posts\/3377\/revisions"}],"predecessor-version":[{"id":5024,"href":"https:\/\/blogi.ennola.fi\/index.php?rest_route=\/wp\/v2\/posts\/3377\/revisions\/5024"}],"wp:featuredmedia":[{"embeddable":true,"href":"https:\/\/blogi.ennola.fi\/index.php?rest_route=\/wp\/v2\/media\/3390"}],"wp:attachment":[{"href":"https:\/\/blogi.ennola.fi\/index.php?rest_route=%2Fwp%2Fv2%2Fmedia&parent=3377"}],"wp:term":[{"taxonomy":"category","embeddable":true,"href":"https:\/\/blogi.ennola.fi\/index.php?rest_route=%2Fwp%2Fv2%2Fcategories&post=3377"},{"taxonomy":"post_tag","embeddable":true,"href":"https:\/\/blogi.ennola.fi\/index.php?rest_route=%2Fwp%2Fv2%2Ftags&post=3377"}],"curies":[{"name":"wp","href":"https:\/\/api.w.org\/{rel}","templated":true}]}}