{"id":3399,"date":"2018-12-15T18:23:44","date_gmt":"2018-12-15T16:23:44","guid":{"rendered":"https:\/\/blogi.ennola.fi\/?p=3399"},"modified":"2019-04-07T19:36:40","modified_gmt":"2019-04-07T16:36:40","slug":"kiipeilyvuosi-2018","status":"publish","type":"post","link":"https:\/\/blogi.ennola.fi\/?p=3399","title":{"rendered":"Kiipeilyvuosi 2018"},"content":{"rendered":"<p>Vuosi 2018 oli minulle ulkokiipeilyn vuosi. Montaa pitk\u00e4\u00e4 reissua en vuoden aikana kerennyt tekem\u00e4\u00e4n ja ne harvat, mit\u00e4 tein, liittyiv\u00e4t ainakin osittain kiipeilyyn. T\u00e4ss\u00e4 teen pienen yhteenvedon vuoden kiipeilyist\u00e4.<\/p>\n<p>Ulkokiipeilykausi alkoi Telakkarannasta maaliskuussa. Kylm\u00e4 lopputalvi oli j\u00e4\u00e4dytt\u00e4nyt hienon j\u00e4\u00e4putouksen aivan Turun keskustaan Sataman tuntumaan. Valitettavasti vain olin juuri murtanut kylkiluuni luistellessa, joten pystyin kiipe\u00e4m\u00e4\u00e4n vain yhden nousun, mink\u00e4 j\u00e4lkeen kipu kylkiluussa piti minut alhaalla loppuiltap\u00e4iv\u00e4n. Henkka ja Pasi kiipesiv\u00e4t useammankin nousun.<\/p>\n<div id=\"attachment_3420\" style=\"width: 460px\" class=\"wp-caption aligncenter\"><a href=\"https:\/\/blogi.ennola.fi\/wp-content\/uploads\/2019\/03\/IMG_0041.jpg\" rel=\"lightbox[3399]\"><img loading=\"lazy\" decoding=\"async\" aria-describedby=\"caption-attachment-3420\" class=\"wp-image-3420 size-full\" title=\"Henkka kiipe\u00e4\u00e4 Telakkarannan p\u00e4\u00e4sein\u00e4\u00e4.\" src=\"https:\/\/blogi.ennola.fi\/wp-content\/uploads\/2019\/03\/IMG_0041-1.jpg\" alt=\"\" width=\"450\" height=\"338\" srcset=\"https:\/\/blogi.ennola.fi\/wp-content\/uploads\/2019\/03\/IMG_0041-1.jpg 450w, https:\/\/blogi.ennola.fi\/wp-content\/uploads\/2019\/03\/IMG_0041-1-150x113.jpg 150w\" sizes=\"(max-width: 450px) 100vw, 450px\" \/><\/a><p id=\"caption-attachment-3420\" class=\"wp-caption-text\">Henkka kiipe\u00e4\u00e4 Telakkarannan p\u00e4\u00e4sein\u00e4\u00e4.<\/p><\/div>\n<div id=\"attachment_3418\" style=\"width: 460px\" class=\"wp-caption aligncenter\"><a href=\"https:\/\/blogi.ennola.fi\/wp-content\/uploads\/2019\/03\/IMG_0079b.jpg\" rel=\"lightbox[3399]\"><img loading=\"lazy\" decoding=\"async\" aria-describedby=\"caption-attachment-3418\" class=\"wp-image-3418 size-full\" title=\"Aivan nimilakanan vieress\u00e4 oli ohuempa j\u00e4\u00e4t\u00e4.\" src=\"https:\/\/blogi.ennola.fi\/wp-content\/uploads\/2019\/03\/IMG_0079b-1.jpg\" alt=\"\" width=\"450\" height=\"338\" srcset=\"https:\/\/blogi.ennola.fi\/wp-content\/uploads\/2019\/03\/IMG_0079b-1.jpg 450w, https:\/\/blogi.ennola.fi\/wp-content\/uploads\/2019\/03\/IMG_0079b-1-150x113.jpg 150w\" sizes=\"(max-width: 450px) 100vw, 450px\" \/><\/a><p id=\"caption-attachment-3418\" class=\"wp-caption-text\">Aivan nimilakanan vieress\u00e4 oli ohuempa j\u00e4\u00e4t\u00e4.<\/p><\/div>\n<div id=\"attachment_3419\" style=\"width: 460px\" class=\"wp-caption aligncenter\"><a href=\"https:\/\/blogi.ennola.fi\/wp-content\/uploads\/2019\/03\/IMG_0021.jpg\" rel=\"lightbox[3399]\"><img loading=\"lazy\" decoding=\"async\" aria-describedby=\"caption-attachment-3419\" class=\"wp-image-3419 size-full\" title=\"Pasi sein\u00e4n alkuosassa.\" src=\"https:\/\/blogi.ennola.fi\/wp-content\/uploads\/2019\/03\/IMG_0021-1.jpg\" alt=\"\" width=\"450\" height=\"334\" srcset=\"https:\/\/blogi.ennola.fi\/wp-content\/uploads\/2019\/03\/IMG_0021-1.jpg 450w, https:\/\/blogi.ennola.fi\/wp-content\/uploads\/2019\/03\/IMG_0021-1-150x111.jpg 150w\" sizes=\"(max-width: 450px) 100vw, 450px\" \/><\/a><p id=\"caption-attachment-3419\" class=\"wp-caption-text\">Pasi sein\u00e4n alkuosassa.<\/p><\/div>\n<p>P\u00e4\u00e4si\u00e4isen\u00e4 tein hiihtoreissun Norjan ja Ruotsin rajalle, miss\u00e4 p\u00e4\u00e4simme harrastamaan helppoa talvikiipeily\u00e4. Kiipesimme Lillsylenin (1702) ja Norra\u00a0Helagsst\u00f6tenin (1704) huipuille.<\/p>\n<div id=\"attachment_3113\" style=\"width: 460px\" class=\"wp-caption aligncenter\"><a href=\"https:\/\/blogi.ennola.fi\/wp-content\/uploads\/2018\/04\/IMG_0489.jpg\" rel=\"lightbox[3399]\"><img loading=\"lazy\" decoding=\"async\" aria-describedby=\"caption-attachment-3113\" class=\"wp-image-3113 size-full\" title=\"Otso Lillsylenin huipulla.\" src=\"https:\/\/blogi.ennola.fi\/wp-content\/uploads\/2018\/04\/IMG_0489-1.jpg\" alt=\"\" width=\"450\" height=\"338\" srcset=\"https:\/\/blogi.ennola.fi\/wp-content\/uploads\/2018\/04\/IMG_0489-1.jpg 450w, https:\/\/blogi.ennola.fi\/wp-content\/uploads\/2018\/04\/IMG_0489-1-150x113.jpg 150w\" sizes=\"(max-width: 450px) 100vw, 450px\" \/><\/a><p id=\"caption-attachment-3113\" class=\"wp-caption-text\">Otso Lillsylenin huipulla.<\/p><\/div>\n<p>Varsinainen kalliokiipeilykausi alkoi toukokuun alussa Rauninrotkolla samalla, kun treenasimme Henkan kanssa KTO-kokeeseen. Kes\u00e4ll\u00e4 k\u00e4vimme ty\u00f6p\u00e4ivien j\u00e4lkeen kiert\u00e4m\u00e4ss\u00e4 Turun l\u00e4hialueen k\u00f6ysikiipeilykallioita l\u00e4pi ja muutamana viikonloppuna k\u00e4vimme Kustavin upeilla kiipeilykallioilla. Yhteens\u00e4 sain kes\u00e4n aikana kiivetyksi 28 virallista k\u00f6ysireitti\u00e4 ja pari ennen kuvaamatonta reitti\u00e4. Eniten kiipesin nelosen (14 reitti\u00e4) ja vitosen (12 reitti\u00e4) reittej\u00e4. Niiden lis\u00e4ksi sain kiivetyksi yhden kutosen reitin ja yhden kolmosenkin retin tulin kiivenneeksi. Vaikka sis\u00e4sein\u00e4ll\u00e4 olenkin jo liidannut niin ulkokiipeily ei viel\u00e4 tuntunut niin varmalta, ett\u00e4 olisin ollut valmis liidaamaan edes noita helpoimpia reittej\u00e4.<\/p>\n<div id=\"attachment_3421\" style=\"width: 325px\" class=\"wp-caption aligncenter\"><a href=\"https:\/\/blogi.ennola.fi\/wp-content\/uploads\/2019\/03\/IMG_0010b.jpg\" rel=\"lightbox[3399]\"><img loading=\"lazy\" decoding=\"async\" aria-describedby=\"caption-attachment-3421\" class=\"wp-image-3421 size-full\" title=\"Multahuippu j\u00e4i kiipe\u00e4m\u00e4tt\u00e4 linnunpes\u00e4n takia.\" src=\"https:\/\/blogi.ennola.fi\/wp-content\/uploads\/2019\/03\/IMG_0010b-1.jpg\" alt=\"\" width=\"315\" height=\"420\" srcset=\"https:\/\/blogi.ennola.fi\/wp-content\/uploads\/2019\/03\/IMG_0010b-1.jpg 315w, https:\/\/blogi.ennola.fi\/wp-content\/uploads\/2019\/03\/IMG_0010b-1-113x150.jpg 113w, https:\/\/blogi.ennola.fi\/wp-content\/uploads\/2019\/03\/IMG_0010b-1-300x400.jpg 300w\" sizes=\"(max-width: 315px) 100vw, 315px\" \/><\/a><p id=\"caption-attachment-3421\" class=\"wp-caption-text\">Multahuippu j\u00e4i kiipe\u00e4m\u00e4tt\u00e4 linnunpes\u00e4n takia.<\/p><\/div>\n<div id=\"attachment_3422\" style=\"width: 325px\" class=\"wp-caption aligncenter\"><a href=\"https:\/\/blogi.ennola.fi\/wp-content\/uploads\/2019\/03\/IMG_0004.jpg\" rel=\"lightbox[3399]\"><img loading=\"lazy\" decoding=\"async\" aria-describedby=\"caption-attachment-3422\" class=\"wp-image-3422 size-full\" title=\" Kaisa Vanhan Reitin kimpussa.\" src=\"https:\/\/blogi.ennola.fi\/wp-content\/uploads\/2019\/03\/IMG_0004-1.jpg\" alt=\"\" width=\"315\" height=\"420\" srcset=\"https:\/\/blogi.ennola.fi\/wp-content\/uploads\/2019\/03\/IMG_0004-1.jpg 315w, https:\/\/blogi.ennola.fi\/wp-content\/uploads\/2019\/03\/IMG_0004-1-113x150.jpg 113w, https:\/\/blogi.ennola.fi\/wp-content\/uploads\/2019\/03\/IMG_0004-1-300x400.jpg 300w\" sizes=\"(max-width: 315px) 100vw, 315px\" \/><\/a><p id=\"caption-attachment-3422\" class=\"wp-caption-text\">Kaisa Vanhan Reitin kimpussa.<\/p><\/div>\n<p><a href=\"https:\/\/blogi.ennola.fi\/wp-content\/uploads\/2019\/03\/IMG_0036.jpg\" rel=\"lightbox[3399]\"><img loading=\"lazy\" decoding=\"async\" class=\"aligncenter wp-image-3415 size-full\" title=\"Joonas kiipe\u00e4\u00e4 Jutah 50-reitti\u00e4, laatu dihedraalia aikuiseen makuun.\" src=\"https:\/\/blogi.ennola.fi\/wp-content\/uploads\/2019\/03\/IMG_0036-1.jpg\" alt=\"\" width=\"450\" height=\"338\" srcset=\"https:\/\/blogi.ennola.fi\/wp-content\/uploads\/2019\/03\/IMG_0036-1.jpg 450w, https:\/\/blogi.ennola.fi\/wp-content\/uploads\/2019\/03\/IMG_0036-1-150x113.jpg 150w\" sizes=\"(max-width: 450px) 100vw, 450px\" \/><\/a><\/p>\n<div id=\"attachment_3416\" style=\"width: 460px\" class=\"wp-caption aligncenter\"><a href=\"https:\/\/blogi.ennola.fi\/wp-content\/uploads\/2019\/03\/IMG_0038.jpg\" rel=\"lightbox[3399]\"><img loading=\"lazy\" decoding=\"async\" aria-describedby=\"caption-attachment-3416\" class=\"wp-image-3416 size-full\" title=\"Joonas kiipe\u00e4\u00e4 Jutah 50-reitti\u00e4, laatu dihedraalia aikuiseen makuun.\" src=\"https:\/\/blogi.ennola.fi\/wp-content\/uploads\/2019\/03\/IMG_0038-1.jpg\" alt=\"\" width=\"450\" height=\"338\" srcset=\"https:\/\/blogi.ennola.fi\/wp-content\/uploads\/2019\/03\/IMG_0038-1.jpg 450w, https:\/\/blogi.ennola.fi\/wp-content\/uploads\/2019\/03\/IMG_0038-1-150x113.jpg 150w\" sizes=\"(max-width: 450px) 100vw, 450px\" \/><\/a><p id=\"caption-attachment-3416\" class=\"wp-caption-text\">Joonas kiipe\u00e4\u00e4 Jutah 50-reitti\u00e4, laatu dihedraalia aikuiseen makuun.<\/p><\/div>\n<div id=\"attachment_3414\" style=\"width: 460px\" class=\"wp-caption aligncenter\"><a href=\"https:\/\/blogi.ennola.fi\/wp-content\/uploads\/2019\/03\/IMG_0043.jpg\" rel=\"lightbox[3399]\"><img loading=\"lazy\" decoding=\"async\" aria-describedby=\"caption-attachment-3414\" class=\"wp-image-3414 size-full\" title=\"Reitti topissaan.\" src=\"https:\/\/blogi.ennola.fi\/wp-content\/uploads\/2019\/03\/IMG_0043-1.jpg\" alt=\"\" width=\"450\" height=\"338\" srcset=\"https:\/\/blogi.ennola.fi\/wp-content\/uploads\/2019\/03\/IMG_0043-1.jpg 450w, https:\/\/blogi.ennola.fi\/wp-content\/uploads\/2019\/03\/IMG_0043-1-150x113.jpg 150w\" sizes=\"(max-width: 450px) 100vw, 450px\" \/><\/a><p id=\"caption-attachment-3414\" class=\"wp-caption-text\">Reitti topissaan.<\/p><\/div>\n<p>Loppukes\u00e4st\u00e4 osallistuin <a href=\"http:\/\/www.kruxi.fi\/\" target=\"_blank\" rel=\"noopener\">Kruxin<\/a> ulkoboulderiltoihin, jolloin p\u00e4\u00e4sin tutustumaan my\u00f6s t\u00e4h\u00e4n kiipeilymuotoon. Boulderointi noin l\u00e4ht\u00f6kohtaisesti oli v\u00e4h\u00e4n pelottavaa k\u00f6ysikiipeilyn pohjalta ja jotenkin sit\u00e4 yritti v\u00e4ltt\u00e4\u00e4 putoamista patjoille. Kiipeilyn kannalta se kuitenkin oli paljon k\u00f6ysikiipeily\u00e4 tehokkaampaa. Viidell\u00e4 kerralla sain kiivetyksi yhteens\u00e4 17 reitti\u00e4, joista 6 oli vitosia, 8 nelosia ja 3 kolmosia.<\/p>\n<div id=\"attachment_3417\" style=\"width: 460px\" class=\"wp-caption aligncenter\"><a href=\"https:\/\/blogi.ennola.fi\/wp-content\/uploads\/2019\/03\/Boulderi.jpg\" rel=\"lightbox[3399]\"><img loading=\"lazy\" decoding=\"async\" aria-describedby=\"caption-attachment-3417\" class=\"wp-image-3417 size-full\" title=\"Boulderoimassa (kuva: Saija).\" src=\"https:\/\/blogi.ennola.fi\/wp-content\/uploads\/2019\/03\/Boulderi-1.jpg\" alt=\"\" width=\"450\" height=\"338\" srcset=\"https:\/\/blogi.ennola.fi\/wp-content\/uploads\/2019\/03\/Boulderi-1.jpg 450w, https:\/\/blogi.ennola.fi\/wp-content\/uploads\/2019\/03\/Boulderi-1-150x113.jpg 150w\" sizes=\"(max-width: 450px) 100vw, 450px\" \/><\/a><p id=\"caption-attachment-3417\" class=\"wp-caption-text\">Boulderoimassa (kuva: Saija).<\/p><\/div>\n<p>Ulkokiipeily niin k\u00f6ydell\u00e4 kuin boulderissakin on aika erilaista, kuin sis\u00e4kiipeily. Otteita usein on paljon enemm\u00e4n kuin sis\u00e4kiipeilyss\u00e4. Joku halkeama, jota k\u00e4ytet\u00e4\u00e4n otteena voi jatkua koko reitin l\u00e4pi, joten periaatteessa on aivan lukematon m\u00e4\u00e4r\u00e4 paikkoja, joista voi ottaa kiinni. Otteet ovat kuitenkin paljon pienempi\u00e4, kuin sis\u00e4ll\u00e4 ja usein varsinaisia jalkaotteita ei juurikaan ole, vaan jalan joutuu asettamaan aivan olemattoman nystyn p\u00e4\u00e4lle ja toivomaan, ett\u00e4 kitka pit\u00e4\u00e4 sen siin\u00e4.<\/p>\n<p><a href=\"https:\/\/blogi.ennola.fi\/wp-content\/uploads\/2019\/03\/IMG_0015.jpg\" rel=\"lightbox[3399]\"><img loading=\"lazy\" decoding=\"async\" class=\"aligncenter wp-image-3423 size-full\" title=\"Louruvuorella treenaamassa j\u00e4\u00e4tikk\u00f6taitoja. \" src=\"https:\/\/blogi.ennola.fi\/wp-content\/uploads\/2019\/03\/IMG_0015-1.jpg\" alt=\"\" width=\"342\" height=\"420\" srcset=\"https:\/\/blogi.ennola.fi\/wp-content\/uploads\/2019\/03\/IMG_0015-1.jpg 342w, https:\/\/blogi.ennola.fi\/wp-content\/uploads\/2019\/03\/IMG_0015-1-122x150.jpg 122w, https:\/\/blogi.ennola.fi\/wp-content\/uploads\/2019\/03\/IMG_0015-1-326x400.jpg 326w\" sizes=\"(max-width: 342px) 100vw, 342px\" \/><\/a><\/p>\n<p><a href=\"https:\/\/blogi.ennola.fi\/wp-content\/uploads\/2019\/03\/IMG_0017.jpg\" rel=\"lightbox[3399]\"><img loading=\"lazy\" decoding=\"async\" class=\"aligncenter wp-image-3413 size-full\" title=\"Louruvuorella treenaamassa j\u00e4\u00e4tikk\u00f6taitoja.\" src=\"https:\/\/blogi.ennola.fi\/wp-content\/uploads\/2019\/03\/IMG_0017-1.jpg\" alt=\"\" width=\"303\" height=\"420\" srcset=\"https:\/\/blogi.ennola.fi\/wp-content\/uploads\/2019\/03\/IMG_0017-1.jpg 303w, https:\/\/blogi.ennola.fi\/wp-content\/uploads\/2019\/03\/IMG_0017-1-108x150.jpg 108w, https:\/\/blogi.ennola.fi\/wp-content\/uploads\/2019\/03\/IMG_0017-1-289x400.jpg 289w\" sizes=\"(max-width: 303px) 100vw, 303px\" \/><\/a><\/p>\n<div id=\"attachment_3412\" style=\"width: 300px\" class=\"wp-caption aligncenter\"><a href=\"https:\/\/blogi.ennola.fi\/wp-content\/uploads\/2019\/03\/IMG_0009.jpg\" rel=\"lightbox[3399]\"><img loading=\"lazy\" decoding=\"async\" aria-describedby=\"caption-attachment-3412\" class=\"wp-image-3412 size-full\" title=\"Louruvuorella treenaamassa j\u00e4\u00e4tikk\u00f6taitoja.\" src=\"https:\/\/blogi.ennola.fi\/wp-content\/uploads\/2019\/03\/IMG_0009-1.jpg\" alt=\"\" width=\"290\" height=\"420\" srcset=\"https:\/\/blogi.ennola.fi\/wp-content\/uploads\/2019\/03\/IMG_0009-1.jpg 290w, https:\/\/blogi.ennola.fi\/wp-content\/uploads\/2019\/03\/IMG_0009-1-104x150.jpg 104w, https:\/\/blogi.ennola.fi\/wp-content\/uploads\/2019\/03\/IMG_0009-1-276x400.jpg 276w\" sizes=\"(max-width: 290px) 100vw, 290px\" \/><\/a><p id=\"caption-attachment-3412\" class=\"wp-caption-text\">Louruvuorella treenaamassa j\u00e4\u00e4tikk\u00f6taitoja.<\/p><\/div>\n<p>Kes\u00e4n kiipeilyllinen huippu oli alppikiipeilyreissu Lyngeniin, miss\u00e4 huiputimme kaksi vuorta: Jiehkkev\u00e1rrin (1833 m.), joka on alueen korkein, kauttaaltaan j\u00e4\u00e4tik\u00f6n peitt\u00e4m\u00e4 vuori sek\u00e4 Sagbladetin (1280 m.), joka taas on hyvin ter\u00e4v\u00e4huippuinen kallioinen vuori, miss\u00e4 kapean huippuharjanteen molemmin puolin on huikeat n\u00e4kym\u00e4t yli puolikilometri\u00e4 alapuolella oleville j\u00e4\u00e4tik\u00f6ille.<\/p>\n<div id=\"attachment_3130\" style=\"width: 460px\" class=\"wp-caption aligncenter\"><a href=\"https:\/\/blogi.ennola.fi\/wp-content\/uploads\/2018\/08\/IMG_0497-1.jpg\" rel=\"lightbox[3399]\"><img loading=\"lazy\" decoding=\"async\" aria-describedby=\"caption-attachment-3130\" class=\"wp-image-3130 size-full\" title=\"Kiipeily\u00e4 Goalborrin sein\u00e4m\u00e4ll\u00e4.\" src=\"https:\/\/blogi.ennola.fi\/wp-content\/uploads\/2018\/08\/IMG_0497.jpg\" alt=\"\" width=\"450\" height=\"338\" srcset=\"https:\/\/blogi.ennola.fi\/wp-content\/uploads\/2018\/08\/IMG_0497.jpg 450w, https:\/\/blogi.ennola.fi\/wp-content\/uploads\/2018\/08\/IMG_0497-150x113.jpg 150w\" sizes=\"(max-width: 450px) 100vw, 450px\" \/><\/a><p id=\"caption-attachment-3130\" class=\"wp-caption-text\">Kiipeily\u00e4 Goalborrin sein\u00e4m\u00e4ll\u00e4.<\/p><\/div>\n<div id=\"attachment_3136\" style=\"width: 460px\" class=\"wp-caption aligncenter\"><a href=\"https:\/\/blogi.ennola.fi\/wp-content\/uploads\/2018\/08\/IMG_0313-1.jpg\" rel=\"lightbox[3399]\"><img loading=\"lazy\" decoding=\"async\" aria-describedby=\"caption-attachment-3136\" class=\"wp-image-3136 size-full\" title=\"Y\u00f6 tunturissa, Jiehkkev\u00e1rri, etel\u00e4huippu n. 1590 moh.\" src=\"https:\/\/blogi.ennola.fi\/wp-content\/uploads\/2018\/08\/IMG_0313.jpg\" alt=\"\" width=\"450\" height=\"317\" srcset=\"https:\/\/blogi.ennola.fi\/wp-content\/uploads\/2018\/08\/IMG_0313.jpg 450w, https:\/\/blogi.ennola.fi\/wp-content\/uploads\/2018\/08\/IMG_0313-150x106.jpg 150w\" sizes=\"(max-width: 450px) 100vw, 450px\" \/><\/a><p id=\"caption-attachment-3136\" class=\"wp-caption-text\">Y\u00f6 tunturissa, Jiehkkev\u00e1rri, etel\u00e4huippu n. 1590 moh.<\/p><\/div>\n<div id=\"attachment_3133\" style=\"width: 460px\" class=\"wp-caption aligncenter\"><a href=\"https:\/\/blogi.ennola.fi\/wp-content\/uploads\/2018\/08\/IMG_0394-1.jpg\" rel=\"lightbox[3399]\"><img loading=\"lazy\" decoding=\"async\" aria-describedby=\"caption-attachment-3133\" class=\"wp-image-3133 size-full\" title=\"Jiehkkev\u00e1rri huiputettu.\" src=\"https:\/\/blogi.ennola.fi\/wp-content\/uploads\/2018\/08\/IMG_0394.jpg\" alt=\"\" width=\"450\" height=\"376\" srcset=\"https:\/\/blogi.ennola.fi\/wp-content\/uploads\/2018\/08\/IMG_0394.jpg 450w, https:\/\/blogi.ennola.fi\/wp-content\/uploads\/2018\/08\/IMG_0394-150x125.jpg 150w\" sizes=\"(max-width: 450px) 100vw, 450px\" \/><\/a><p id=\"caption-attachment-3133\" class=\"wp-caption-text\">Jiehkkev\u00e1rri huiputettu.<\/p><\/div>\n<p>Kausi loppui j\u00e4\u00e4kiipeilyyn kuten oli alkanutkin. Itsen\u00e4isyysp\u00e4iv\u00e4n aikaan Kruxi teki retken Korouomalle, miss\u00e4 p\u00e4\u00e4sin opettelemaan j\u00e4\u00e4kiipeily\u00e4. Se sitten tempaisikin minut mukaansa, mutta se onkin jo aivan oma <a href=\"https:\/\/blogi.ennola.fi\/?p=3304\">tarinansa<\/a>.<\/p>\n<div id=\"attachment_3307\" style=\"width: 325px\" class=\"wp-caption aligncenter\"><a href=\"https:\/\/blogi.ennola.fi\/wp-content\/uploads\/2019\/03\/IMG_0015c-1.jpg\" rel=\"lightbox[3399]\"><img loading=\"lazy\" decoding=\"async\" aria-describedby=\"caption-attachment-3307\" class=\"wp-image-3307 size-full\" title=\"Sanni-Lotta pimenev\u00e4ll\u00e4 Jaska Jokusella, Koroumalla.\" src=\"https:\/\/blogi.ennola.fi\/wp-content\/uploads\/2019\/03\/IMG_0015c.jpg\" alt=\"\" width=\"315\" height=\"420\" srcset=\"https:\/\/blogi.ennola.fi\/wp-content\/uploads\/2019\/03\/IMG_0015c.jpg 315w, https:\/\/blogi.ennola.fi\/wp-content\/uploads\/2019\/03\/IMG_0015c-113x150.jpg 113w, https:\/\/blogi.ennola.fi\/wp-content\/uploads\/2019\/03\/IMG_0015c-300x400.jpg 300w\" sizes=\"(max-width: 315px) 100vw, 315px\" \/><\/a><p id=\"caption-attachment-3307\" class=\"wp-caption-text\">Sanni-Lotta pimenev\u00e4ll\u00e4 Jaska Jokusella, Koroumalla.<\/p><\/div>\n<div id=\"attachment_3305\" style=\"width: 460px\" class=\"wp-caption aligncenter\"><a href=\"https:\/\/blogi.ennola.fi\/wp-content\/uploads\/2019\/03\/IMG_0004c-1.jpg\" rel=\"lightbox[3399]\"><img loading=\"lazy\" decoding=\"async\" aria-describedby=\"caption-attachment-3305\" class=\"wp-image-3305 size-full\" title=\"Eljas liidaa Jaska Jokusen yl\u00f6s.\" src=\"https:\/\/blogi.ennola.fi\/wp-content\/uploads\/2019\/03\/IMG_0004c.jpg\" alt=\"\" width=\"450\" height=\"338\" srcset=\"https:\/\/blogi.ennola.fi\/wp-content\/uploads\/2019\/03\/IMG_0004c.jpg 450w, https:\/\/blogi.ennola.fi\/wp-content\/uploads\/2019\/03\/IMG_0004c-150x113.jpg 150w\" sizes=\"(max-width: 450px) 100vw, 450px\" \/><\/a><p id=\"caption-attachment-3305\" class=\"wp-caption-text\">Eljas liidaa Jaska Jokusen yl\u00f6s.<\/p><\/div>\n<p>Vaikea sanoa syntyik\u00f6 vuoden aikana kehityst\u00e4 kiipeilytaidoissa. Kokemuksia ainakin kertyi. Oli reittej\u00e4, joissa en ensimm\u00e4isell\u00e4 kerralla onnistunut, niin jo seuraavalla kerralla onnistuinkin niiss\u00e4. Toisissa reiteiss\u00e4 taas tuntui tulevan takapakkia, seuraavalla kerralla ne tuntuivatkin vaikeammilta. Harjoitusta se kuitenkin vaatii ja toivottavasti jo ensi kes\u00e4n\u00e4 edes jotkut reitit tuntuisivat riitt\u00e4v\u00e4n helpoilta liidaamisen harjoitteluun.<\/p>\n","protected":false},"excerpt":{"rendered":"<p>Vuosi 2018 oli minulle ulkokiipeilyn vuosi. Montaa pitk\u00e4\u00e4 reissua en vuoden aikana kerennyt tekem\u00e4\u00e4n ja ne harvat, mit\u00e4 tein, liittyiv\u00e4t ainakin osittain kiipeilyyn. T\u00e4ss\u00e4 teen pienen yhteenvedon vuoden&#8230;<\/p>\n","protected":false},"author":1,"featured_media":3424,"comment_status":"open","ping_status":"open","sticky":false,"template":"","format":"standard","meta":{"footnotes":""},"categories":[6,11],"tags":[],"_links":{"self":[{"href":"https:\/\/blogi.ennola.fi\/index.php?rest_route=\/wp\/v2\/posts\/3399"}],"collection":[{"href":"https:\/\/blogi.ennola.fi\/index.php?rest_route=\/wp\/v2\/posts"}],"about":[{"href":"https:\/\/blogi.ennola.fi\/index.php?rest_route=\/wp\/v2\/types\/post"}],"author":[{"embeddable":true,"href":"https:\/\/blogi.ennola.fi\/index.php?rest_route=\/wp\/v2\/users\/1"}],"replies":[{"embeddable":true,"href":"https:\/\/blogi.ennola.fi\/index.php?rest_route=%2Fwp%2Fv2%2Fcomments&post=3399"}],"version-history":[{"count":8,"href":"https:\/\/blogi.ennola.fi\/index.php?rest_route=\/wp\/v2\/posts\/3399\/revisions"}],"predecessor-version":[{"id":3474,"href":"https:\/\/blogi.ennola.fi\/index.php?rest_route=\/wp\/v2\/posts\/3399\/revisions\/3474"}],"wp:featuredmedia":[{"embeddable":true,"href":"https:\/\/blogi.ennola.fi\/index.php?rest_route=\/wp\/v2\/media\/3424"}],"wp:attachment":[{"href":"https:\/\/blogi.ennola.fi\/index.php?rest_route=%2Fwp%2Fv2%2Fmedia&parent=3399"}],"wp:term":[{"taxonomy":"category","embeddable":true,"href":"https:\/\/blogi.ennola.fi\/index.php?rest_route=%2Fwp%2Fv2%2Fcategories&post=3399"},{"taxonomy":"post_tag","embeddable":true,"href":"https:\/\/blogi.ennola.fi\/index.php?rest_route=%2Fwp%2Fv2%2Ftags&post=3399"}],"curies":[{"name":"wp","href":"https:\/\/api.w.org\/{rel}","templated":true}]}}