{"id":348,"date":"2017-05-22T23:29:08","date_gmt":"2017-05-22T20:29:08","guid":{"rendered":"https:\/\/blogi.ennola.fi\/?p=348"},"modified":"2020-06-08T08:13:45","modified_gmt":"2020-06-08T05:13:45","slug":"perriertoppen-huippuvuorten-chamonix","status":"publish","type":"post","link":"https:\/\/blogi.ennola.fi\/?p=348","title":{"rendered":"Perriertoppen &#8211; Huippuvuorten chamonix"},"content":{"rendered":"<p>Huippuvuortenvaelluksen jylhimm\u00e4t maisemat l\u00f6ytyiv\u00e4t Perriertoppenin, saarten toiseksi korkeimman vuoren l\u00e4heisyydest\u00e4. Paikka onkin saanut vaeltajien keskuudessa lempinimen pikku-Chamonix.<\/p>\n<p>T\u00e4\u00e4ll\u00e4 vietimme per\u00e4ti kaksi lepop\u00e4iv\u00e4\u00e4. Ensimm\u00e4isen niist\u00e4 k\u00e4ytimme kiivet\u00e4ksemme itse huipulle. Koska kaikki eiv\u00e4t viel\u00e4 ole oppineet lep\u00e4\u00e4m\u00e4\u00e4n samalla, kun kiipe\u00e4v\u00e4t vuoren rinnett\u00e4 yl\u00f6sp\u00e4in, t\u00e4ytyi sen j\u00e4lkeen viel\u00e4 viett\u00e4\u00e4 toinen lepop\u00e4iv\u00e4. Onneksi sain oppaana toimineen Korpijaakon puhuttua ymp\u00e4ri l\u00e4htem\u00e4\u00e4n kiipe\u00e4m\u00e4\u00e4n l\u00e4heist\u00e4 kurua yl\u00f6s, ettei aivan koko p\u00e4iv\u00e4\u00e4 tarvinnut viett\u00e4\u00e4 leiriss\u00e4 makoilemassa.<\/p>\n<p>S\u00e4\u00e4t olivat noina parina p\u00e4iv\u00e4n\u00e4 varsin maltilliset. Pakasta ei ollut ylett\u00f6m\u00e4sti ja tuulikin Huippuvuorten mittapuulla l\u00e4hes tyyni, ainakin siin\u00e4 laaksossa miss\u00e4 olimme. Lis\u00e4ksi iltaisin ja aamuisin sek\u00e4 aurinko ett\u00e4 pilvet tarjoilivat upeita ja vaihtelevia valoesityksi\u00e4.<\/p>\n<p>Eip\u00e4 siis ihme, ett\u00e4 kameralla riitti ymp\u00e4rill\u00e4 kuvattavaa ja joka p\u00e4iv\u00e4 syntyi useita ainakin itse\u00e4ni miellytt\u00e4vi\u00e4 panoraamoja. Toki aika suuri osa niist\u00e4 on kuvattu aivan leirin v\u00e4litt\u00f6m\u00e4st\u00e4 l\u00e4heisyydest\u00e4, joten samat tunturit toistuvat kuvissa. T\u00e4ss\u00e4 kuitenkin varsin kattava sarja pikku-Chamonix:n maisemia.<\/p>\n<div id=\"attachment_414\" style=\"width: 490px\" class=\"wp-caption aligncenter\"><a href=\"https:\/\/blogi.ennola.fi\/wp-content\/uploads\/2017\/05\/Huippis_Panorama12b.jpg\" rel=\"lightbox[348]\"><img loading=\"lazy\" decoding=\"async\" aria-describedby=\"caption-attachment-414\" class=\"wp-image-414 size-full\" title=\"11.4.2017 Vetsfjellet, Chadwikryggen ja Irvinefjellet, Gallerbreenin yl\u00e4p\u00e4\u00e4st\u00e4.\" src=\"https:\/\/blogi.ennola.fi\/wp-content\/uploads\/2017\/05\/Huippis_Panorama12b-1.jpg\" alt=\"\" width=\"480\" height=\"174\" srcset=\"https:\/\/blogi.ennola.fi\/wp-content\/uploads\/2017\/05\/Huippis_Panorama12b-1.jpg 480w, https:\/\/blogi.ennola.fi\/wp-content\/uploads\/2017\/05\/Huippis_Panorama12b-1-150x54.jpg 150w\" sizes=\"(max-width: 480px) 100vw, 480px\" \/><\/a><p id=\"caption-attachment-414\" class=\"wp-caption-text\">11.4.2017 Vetsfjellet, Chadwikryggen ja Irvinefjellet, Gallerbreenin yl\u00e4p\u00e4\u00e4st\u00e4.<\/p><\/div>\n<div id=\"attachment_415\" style=\"width: 490px\" class=\"wp-caption aligncenter\"><a href=\"https:\/\/blogi.ennola.fi\/wp-content\/uploads\/2017\/05\/Huippis_Panorama12c.jpg\" rel=\"lightbox[348]\"><img loading=\"lazy\" decoding=\"async\" aria-describedby=\"caption-attachment-415\" class=\"wp-image-415 size-full\" title=\"11.4.2017 Chadwikryggen, Perriertoppen ja Irvinefjellet, Tryggvebreenin yl\u00e4p\u00e4\u00e4st\u00e4.\" src=\"https:\/\/blogi.ennola.fi\/wp-content\/uploads\/2017\/05\/Huippis_Panorama12c-1.jpg\" alt=\"\" width=\"480\" height=\"212\" srcset=\"https:\/\/blogi.ennola.fi\/wp-content\/uploads\/2017\/05\/Huippis_Panorama12c-1.jpg 480w, https:\/\/blogi.ennola.fi\/wp-content\/uploads\/2017\/05\/Huippis_Panorama12c-1-150x66.jpg 150w\" sizes=\"(max-width: 480px) 100vw, 480px\" \/><\/a><p id=\"caption-attachment-415\" class=\"wp-caption-text\">11.4.2017 Chadwikryggen, Perriertoppen ja Irvinefjellet, Tryggvebreenin yl\u00e4p\u00e4\u00e4st\u00e4.<\/p><\/div>\n<div id=\"attachment_402\" style=\"width: 490px\" class=\"wp-caption aligncenter\"><a href=\"https:\/\/blogi.ennola.fi\/wp-content\/uploads\/2017\/05\/Huippis_Panorama12e.jpg\" rel=\"lightbox[348]\"><img loading=\"lazy\" decoding=\"async\" aria-describedby=\"caption-attachment-402\" class=\"wp-image-402 size-full\" title=\"11.4.2017 Perriertoppen, Pallasfjellet, Junofjellet, Irvinefjellet ja Vestafjellet.\" src=\"https:\/\/blogi.ennola.fi\/wp-content\/uploads\/2017\/05\/Huippis_Panorama12e-1.jpg\" alt=\"\" width=\"480\" height=\"91\" srcset=\"https:\/\/blogi.ennola.fi\/wp-content\/uploads\/2017\/05\/Huippis_Panorama12e-1.jpg 480w, https:\/\/blogi.ennola.fi\/wp-content\/uploads\/2017\/05\/Huippis_Panorama12e-1-150x28.jpg 150w\" sizes=\"(max-width: 480px) 100vw, 480px\" \/><\/a><p id=\"caption-attachment-402\" class=\"wp-caption-text\">11.4.2017 Perriertoppen, Pallasfjellet, Junofjellet, Irvinefjellet ja Vestafjellet.<\/p><\/div>\n<div id=\"attachment_413\" style=\"width: 490px\" class=\"wp-caption aligncenter\"><a href=\"https:\/\/blogi.ennola.fi\/wp-content\/uploads\/2017\/05\/Huippis_Panorama12f.jpg\" rel=\"lightbox[348]\"><img loading=\"lazy\" decoding=\"async\" aria-describedby=\"caption-attachment-413\" class=\"wp-image-413 size-full\" title=\"11.4.2017 Junofjellet, Irvinefjellet,Vestafjellet, Chadwikryggen ja N\u00f8ytronfjellet.\" src=\"https:\/\/blogi.ennola.fi\/wp-content\/uploads\/2017\/05\/Huippis_Panorama12f-1.jpg\" alt=\"\" width=\"480\" height=\"82\" srcset=\"https:\/\/blogi.ennola.fi\/wp-content\/uploads\/2017\/05\/Huippis_Panorama12f-1.jpg 480w, https:\/\/blogi.ennola.fi\/wp-content\/uploads\/2017\/05\/Huippis_Panorama12f-1-150x26.jpg 150w\" sizes=\"(max-width: 480px) 100vw, 480px\" \/><\/a><p id=\"caption-attachment-413\" class=\"wp-caption-text\">11.4.2017 Junofjellet, Irvinefjellet,Vestafjellet, Chadwikryggen ja N\u00f8ytronfjellet.<\/p><\/div>\n<div id=\"attachment_401\" style=\"width: 490px\" class=\"wp-caption aligncenter\"><a href=\"https:\/\/blogi.ennola.fi\/wp-content\/uploads\/2017\/05\/Huippis_Panorama12d.jpg\" rel=\"lightbox[348]\"><img loading=\"lazy\" decoding=\"async\" aria-describedby=\"caption-attachment-401\" class=\"wp-image-401 size-full\" title=\"11.4.2017 N\u00f8ytronfjellet, Perriertoppen, Pallasfjellet, Junofjellet ja Irvinefjellet.\" src=\"https:\/\/blogi.ennola.fi\/wp-content\/uploads\/2017\/05\/Huippis_Panorama12d-1.jpg\" alt=\"\" width=\"480\" height=\"78\" srcset=\"https:\/\/blogi.ennola.fi\/wp-content\/uploads\/2017\/05\/Huippis_Panorama12d-1.jpg 480w, https:\/\/blogi.ennola.fi\/wp-content\/uploads\/2017\/05\/Huippis_Panorama12d-1-150x24.jpg 150w\" sizes=\"(max-width: 480px) 100vw, 480px\" \/><\/a><p id=\"caption-attachment-401\" class=\"wp-caption-text\">11.4.2017 N\u00f8ytronfjellet, Perriertoppen, Pallasfjellet, Junofjellet ja Irvinefjellet.<\/p><\/div>\n<div id=\"attachment_404\" style=\"width: 490px\" class=\"wp-caption aligncenter\"><a href=\"https:\/\/blogi.ennola.fi\/wp-content\/uploads\/2017\/05\/Huippis_Panorama13c.jpg\" rel=\"lightbox[348]\"><img loading=\"lazy\" decoding=\"async\" aria-describedby=\"caption-attachment-404\" class=\"wp-image-404 size-full\" title=\"12.4.2017 Perriertoppen ja Pallasfjellet.\" src=\"https:\/\/blogi.ennola.fi\/wp-content\/uploads\/2017\/05\/Huippis_Panorama13c-1.jpg\" alt=\"\" width=\"480\" height=\"124\" srcset=\"https:\/\/blogi.ennola.fi\/wp-content\/uploads\/2017\/05\/Huippis_Panorama13c-1.jpg 480w, https:\/\/blogi.ennola.fi\/wp-content\/uploads\/2017\/05\/Huippis_Panorama13c-1-150x39.jpg 150w\" sizes=\"(max-width: 480px) 100vw, 480px\" \/><\/a><p id=\"caption-attachment-404\" class=\"wp-caption-text\">12.4.2017 Perriertoppen ja Pallasfjellet.<\/p><\/div>\n<div id=\"attachment_405\" style=\"width: 490px\" class=\"wp-caption aligncenter\"><a href=\"https:\/\/blogi.ennola.fi\/wp-content\/uploads\/2017\/05\/Huippis_Panorama13d.jpg\" rel=\"lightbox[348]\"><img loading=\"lazy\" decoding=\"async\" aria-describedby=\"caption-attachment-405\" class=\"wp-image-405 size-full\" title=\"12.4.2017 Pallasfjellet Perriertoppenin rinteest\u00e4.\" src=\"https:\/\/blogi.ennola.fi\/wp-content\/uploads\/2017\/05\/Huippis_Panorama13d-1.jpg\" alt=\"\" width=\"480\" height=\"156\" srcset=\"https:\/\/blogi.ennola.fi\/wp-content\/uploads\/2017\/05\/Huippis_Panorama13d-1.jpg 480w, https:\/\/blogi.ennola.fi\/wp-content\/uploads\/2017\/05\/Huippis_Panorama13d-1-150x49.jpg 150w\" sizes=\"(max-width: 480px) 100vw, 480px\" \/><\/a><p id=\"caption-attachment-405\" class=\"wp-caption-text\">12.4.2017 Pallasfjellet Perriertoppenin rinteest\u00e4.<\/p><\/div>\n<div id=\"attachment_403\" style=\"width: 490px\" class=\"wp-caption aligncenter\"><a href=\"https:\/\/blogi.ennola.fi\/wp-content\/uploads\/2017\/05\/Huippis_Panorama13b.jpg\" rel=\"lightbox[348]\"><img loading=\"lazy\" decoding=\"async\" aria-describedby=\"caption-attachment-403\" class=\"wp-image-403 size-full\" title=\"12.4.2017 Pallasfjellet ja N\u00f8ytronfjellet Perriertoppenlta.\" src=\"https:\/\/blogi.ennola.fi\/wp-content\/uploads\/2017\/05\/Huippis_Panorama13b-1.jpg\" alt=\"\" width=\"480\" height=\"108\" srcset=\"https:\/\/blogi.ennola.fi\/wp-content\/uploads\/2017\/05\/Huippis_Panorama13b-1.jpg 480w, https:\/\/blogi.ennola.fi\/wp-content\/uploads\/2017\/05\/Huippis_Panorama13b-1-150x34.jpg 150w\" sizes=\"(max-width: 480px) 100vw, 480px\" \/><\/a><p id=\"caption-attachment-403\" class=\"wp-caption-text\">12.4.2017 Pallasfjellet ja N\u00f8ytronfjellet Perriertoppenlta.<\/p><\/div>\n<div id=\"attachment_406\" style=\"width: 490px\" class=\"wp-caption aligncenter\"><a href=\"https:\/\/blogi.ennola.fi\/wp-content\/uploads\/2017\/05\/Huippis_Panorama13e.jpg\" rel=\"lightbox[348]\"><img loading=\"lazy\" decoding=\"async\" aria-describedby=\"caption-attachment-406\" class=\"wp-image-406 size-full\" title=\"12.4.2017 Irvinefjellet,Vestafjellet, Chadwikryggen, N\u00f8ytronfjellet ja Perriertoppen.\" src=\"https:\/\/blogi.ennola.fi\/wp-content\/uploads\/2017\/05\/Huippis_Panorama13e-1.jpg\" alt=\"\" width=\"480\" height=\"83\" srcset=\"https:\/\/blogi.ennola.fi\/wp-content\/uploads\/2017\/05\/Huippis_Panorama13e-1.jpg 480w, https:\/\/blogi.ennola.fi\/wp-content\/uploads\/2017\/05\/Huippis_Panorama13e-1-150x26.jpg 150w\" sizes=\"(max-width: 480px) 100vw, 480px\" \/><\/a><p id=\"caption-attachment-406\" class=\"wp-caption-text\">12.4.2017 Irvinefjellet,Vestafjellet, Chadwikryggen, N\u00f8ytronfjellet ja Perriertoppen.<\/p><\/div>\n<div id=\"attachment_411\" style=\"width: 490px\" class=\"wp-caption aligncenter\"><a href=\"https:\/\/blogi.ennola.fi\/wp-content\/uploads\/2017\/05\/Huippis_Panorama14f.jpg\" rel=\"lightbox[348]\"><img loading=\"lazy\" decoding=\"async\" aria-describedby=\"caption-attachment-411\" class=\"wp-image-411 size-full\" title=\"13.4.2017 Junofjellet, Irvinefjellet,Vestafjellet, Chadwikryggen ja N\u00f8ytronfjellet.\" src=\"https:\/\/blogi.ennola.fi\/wp-content\/uploads\/2017\/05\/Huippis_Panorama14f-1.jpg\" alt=\"\" width=\"480\" height=\"89\" srcset=\"https:\/\/blogi.ennola.fi\/wp-content\/uploads\/2017\/05\/Huippis_Panorama14f-1.jpg 480w, https:\/\/blogi.ennola.fi\/wp-content\/uploads\/2017\/05\/Huippis_Panorama14f-1-150x28.jpg 150w\" sizes=\"(max-width: 480px) 100vw, 480px\" \/><\/a><p id=\"caption-attachment-411\" class=\"wp-caption-text\">13.4.2017 Junofjellet, Irvinefjellet,Vestafjellet, Chadwikryggen ja N\u00f8ytronfjellet.<\/p><\/div>\n<div id=\"attachment_409\" style=\"width: 490px\" class=\"wp-caption aligncenter\"><a href=\"https:\/\/blogi.ennola.fi\/wp-content\/uploads\/2017\/05\/Huippis_Panorama14d.jpg\" rel=\"lightbox[348]\"><img loading=\"lazy\" decoding=\"async\" aria-describedby=\"caption-attachment-409\" class=\"wp-image-409 size-full\" title=\"13.4.2017 Tryggvebreen ja Junofjellet.\" src=\"https:\/\/blogi.ennola.fi\/wp-content\/uploads\/2017\/05\/Huippis_Panorama14d-1.jpg\" alt=\"\" width=\"480\" height=\"226\" srcset=\"https:\/\/blogi.ennola.fi\/wp-content\/uploads\/2017\/05\/Huippis_Panorama14d-1.jpg 480w, https:\/\/blogi.ennola.fi\/wp-content\/uploads\/2017\/05\/Huippis_Panorama14d-1-150x71.jpg 150w\" sizes=\"(max-width: 480px) 100vw, 480px\" \/><\/a><p id=\"caption-attachment-409\" class=\"wp-caption-text\">13.4.2017 Tryggvebreen ja Junofjellet.<\/p><\/div>\n<div id=\"attachment_410\" style=\"width: 490px\" class=\"wp-caption aligncenter\"><a href=\"https:\/\/blogi.ennola.fi\/wp-content\/uploads\/2017\/05\/Huippis_Panorama14e.jpg\" rel=\"lightbox[348]\"><img loading=\"lazy\" decoding=\"async\" aria-describedby=\"caption-attachment-410\" class=\"wp-image-410 size-full\" title=\"13.4.2017 Junofjellet ja Irvinefjellet.\" src=\"https:\/\/blogi.ennola.fi\/wp-content\/uploads\/2017\/05\/Huippis_Panorama14e-1.jpg\" alt=\"\" width=\"480\" height=\"178\" srcset=\"https:\/\/blogi.ennola.fi\/wp-content\/uploads\/2017\/05\/Huippis_Panorama14e-1.jpg 480w, https:\/\/blogi.ennola.fi\/wp-content\/uploads\/2017\/05\/Huippis_Panorama14e-1-150x56.jpg 150w\" sizes=\"(max-width: 480px) 100vw, 480px\" \/><\/a><p id=\"caption-attachment-410\" class=\"wp-caption-text\">13.4.2017 Junofjellet ja Irvinefjellet.<\/p><\/div>\n<div id=\"attachment_407\" style=\"width: 490px\" class=\"wp-caption aligncenter\"><a href=\"https:\/\/blogi.ennola.fi\/wp-content\/uploads\/2017\/05\/Huippis_Panorama14b.jpg\" rel=\"lightbox[348]\"><img loading=\"lazy\" decoding=\"async\" aria-describedby=\"caption-attachment-407\" class=\"wp-image-407 size-full\" title=\"13.4.2017 Irvinefjellet ja Vestafjellet, Junofjelletilt\u00e4.\" src=\"https:\/\/blogi.ennola.fi\/wp-content\/uploads\/2017\/05\/Huippis_Panorama14b-1.jpg\" alt=\"\" width=\"480\" height=\"120\" srcset=\"https:\/\/blogi.ennola.fi\/wp-content\/uploads\/2017\/05\/Huippis_Panorama14b-1.jpg 480w, https:\/\/blogi.ennola.fi\/wp-content\/uploads\/2017\/05\/Huippis_Panorama14b-1-150x38.jpg 150w\" sizes=\"(max-width: 480px) 100vw, 480px\" \/><\/a><p id=\"caption-attachment-407\" class=\"wp-caption-text\">13.4.2017 Irvinefjellet ja Vestafjellet, Junofjelletilt\u00e4.<\/p><\/div>\n<div id=\"attachment_408\" style=\"width: 490px\" class=\"wp-caption aligncenter\"><a href=\"https:\/\/blogi.ennola.fi\/wp-content\/uploads\/2017\/05\/Huippis_Panorama14c.jpg\" rel=\"lightbox[348]\"><img loading=\"lazy\" decoding=\"async\" aria-describedby=\"caption-attachment-408\" class=\"wp-image-408 size-full\" title=\"13.4.2017 N\u00f8ytronfjellet, Perriertoppen, Pallasfjellet, Junofjellet ja Irvinefjellet.\" src=\"https:\/\/blogi.ennola.fi\/wp-content\/uploads\/2017\/05\/Huippis_Panorama14c-1.jpg\" alt=\"\" width=\"480\" height=\"72\" srcset=\"https:\/\/blogi.ennola.fi\/wp-content\/uploads\/2017\/05\/Huippis_Panorama14c-1.jpg 480w, https:\/\/blogi.ennola.fi\/wp-content\/uploads\/2017\/05\/Huippis_Panorama14c-1-150x23.jpg 150w\" sizes=\"(max-width: 480px) 100vw, 480px\" \/><\/a><p id=\"caption-attachment-408\" class=\"wp-caption-text\">13.4.2017 N\u00f8ytronfjellet, Perriertoppen, Pallasfjellet, Junofjellet ja Irvinefjellet.<\/p><\/div>\n<div id=\"attachment_412\" style=\"width: 490px\" class=\"wp-caption aligncenter\"><a href=\"https:\/\/blogi.ennola.fi\/wp-content\/uploads\/2017\/05\/Huippis_Panorama15b.jpg\" rel=\"lightbox[348]\"><img loading=\"lazy\" decoding=\"async\" aria-describedby=\"caption-attachment-412\" class=\"wp-image-412 size-full\" title=\"14.4.2017 Vestafjellet, Chadwikryggen, N\u00f8ytronfjellet, Perriertoppen, Pallasfjellet ja Junofjellet.\" src=\"https:\/\/blogi.ennola.fi\/wp-content\/uploads\/2017\/05\/Huippis_Panorama15b-1.jpg\" alt=\"\" width=\"480\" height=\"69\" srcset=\"https:\/\/blogi.ennola.fi\/wp-content\/uploads\/2017\/05\/Huippis_Panorama15b-1.jpg 480w, https:\/\/blogi.ennola.fi\/wp-content\/uploads\/2017\/05\/Huippis_Panorama15b-1-150x22.jpg 150w\" sizes=\"(max-width: 480px) 100vw, 480px\" \/><\/a><p id=\"caption-attachment-412\" class=\"wp-caption-text\">14.4.2017 Vestafjellet, Chadwikryggen, N\u00f8ytronfjellet, Perriertoppen, Pallasfjellet ja Junofjellet.<\/p><\/div>\n","protected":false},"excerpt":{"rendered":"<p>Huippuvuortenvaelluksen jylhimm\u00e4t maisemat l\u00f6ytyiv\u00e4t Perriertoppenin, saarten toiseksi korkeimman vuoren l\u00e4heisyydest\u00e4. Paikka onkin saanut vaeltajien keskuudessa lempinimen pikku-Chamonix. T\u00e4\u00e4ll\u00e4 vietimme per\u00e4ti kaksi lepop\u00e4iv\u00e4\u00e4. Ensimm\u00e4isen niist\u00e4 k\u00e4ytimme kiivet\u00e4ksemme itse huipulle&#8230;.<\/p>\n","protected":false},"author":1,"featured_media":387,"comment_status":"open","ping_status":"open","sticky":false,"template":"","format":"standard","meta":{"footnotes":""},"categories":[23,7,4],"tags":[],"_links":{"self":[{"href":"https:\/\/blogi.ennola.fi\/index.php?rest_route=\/wp\/v2\/posts\/348"}],"collection":[{"href":"https:\/\/blogi.ennola.fi\/index.php?rest_route=\/wp\/v2\/posts"}],"about":[{"href":"https:\/\/blogi.ennola.fi\/index.php?rest_route=\/wp\/v2\/types\/post"}],"author":[{"embeddable":true,"href":"https:\/\/blogi.ennola.fi\/index.php?rest_route=\/wp\/v2\/users\/1"}],"replies":[{"embeddable":true,"href":"https:\/\/blogi.ennola.fi\/index.php?rest_route=%2Fwp%2Fv2%2Fcomments&post=348"}],"version-history":[{"count":4,"href":"https:\/\/blogi.ennola.fi\/index.php?rest_route=\/wp\/v2\/posts\/348\/revisions"}],"predecessor-version":[{"id":5036,"href":"https:\/\/blogi.ennola.fi\/index.php?rest_route=\/wp\/v2\/posts\/348\/revisions\/5036"}],"wp:featuredmedia":[{"embeddable":true,"href":"https:\/\/blogi.ennola.fi\/index.php?rest_route=\/wp\/v2\/media\/387"}],"wp:attachment":[{"href":"https:\/\/blogi.ennola.fi\/index.php?rest_route=%2Fwp%2Fv2%2Fmedia&parent=348"}],"wp:term":[{"taxonomy":"category","embeddable":true,"href":"https:\/\/blogi.ennola.fi\/index.php?rest_route=%2Fwp%2Fv2%2Fcategories&post=348"},{"taxonomy":"post_tag","embeddable":true,"href":"https:\/\/blogi.ennola.fi\/index.php?rest_route=%2Fwp%2Fv2%2Ftags&post=348"}],"curies":[{"name":"wp","href":"https:\/\/api.w.org\/{rel}","templated":true}]}}