{"id":3498,"date":"2019-04-14T20:06:55","date_gmt":"2019-04-14T17:06:55","guid":{"rendered":"https:\/\/blogi.ennola.fi\/?p=3498"},"modified":"2022-03-24T10:09:04","modified_gmt":"2022-03-24T08:09:04","slug":"varhainen-kevatmelonta","status":"publish","type":"post","link":"https:\/\/blogi.ennola.fi\/?p=3498","title":{"rendered":"Varhainen kev\u00e4tmelonta"},"content":{"rendered":"<p>T\u00e4m\u00e4 kev\u00e4t on ollut liian kiireinen, jotta olisin ehtinyt kunnon talvivaellukselle. Maaliskuun loppuun olin varaillut viikon vapaata, jolloin olisin p\u00e4\u00e4ssyt l\u00e4htem\u00e4\u00e4n Pohjoiseen. Sitten tulikin kaikkea muuta j\u00e4rjestett\u00e4v\u00e4\u00e4 ja ty\u00f6kiireet painoivat p\u00e4\u00e4lle, joten en pystynyt l\u00e4htem\u00e4\u00e4n lappiin, muutaman p\u00e4iv\u00e4n kuitenkin pystyin pit\u00e4m\u00e4\u00e4n vapaata, joten p\u00e4\u00e4tin l\u00e4hte\u00e4 melomaan Saaristomerelle. P\u00e4\u00e4see j\u00e4isell\u00e4 merell\u00e4kin kokemaan kylmyytt\u00e4 kuten hiihtovaelluksellakin.<\/p>\n<p>J\u00e4\u00e4karttojen perusteella Saaristomeri ja Airisto olivat jo luoneet j\u00e4\u00e4ns\u00e4 ja niiden v\u00e4linen salmikin oli j\u00e4ist\u00e4 vapaa. Sen sijaan Granvik ja monet muut normaalit l\u00e4ht\u00f6satamat n\u00e4yttiv\u00e4t olevan viel\u00e4 j\u00e4iden keskell\u00e4. Airistohotelli valikoitui siten hyv\u00e4ksi l\u00e4ht\u00f6satamaksi. Paikan p\u00e4\u00e4ll\u00e4 rannassa olikin vain satakunta metri\u00e4 ahtoj\u00e4it\u00e4 ylitett\u00e4v\u00e4n\u00e4 ennen vapaata vett\u00e4. Ei paha nakki. Melalla ty\u00f6ntelin j\u00e4it\u00e4 sivuun, t\u00f6kin pohjasta vauhtia ja nostin k\u00e4sill\u00e4 itse\u00e4ni j\u00e4\u00e4lauttojen p\u00e4\u00e4lle ja lopulta olin vapailla vesill\u00e4.<\/p>\n<div id=\"attachment_3521\" style=\"width: 267px\" class=\"wp-caption aligncenter\"><a href=\"https:\/\/blogi.ennola.fi\/wp-content\/uploads\/2019\/04\/54728441_398874300949502_6747384911822323712_o.jpg\" rel=\"lightbox[3498]\"><img loading=\"lazy\" decoding=\"async\" aria-describedby=\"caption-attachment-3521\" class=\"wp-image-3521 size-full\" title=\"Kajakkini l\u00e4ht\u00f6valmiina.\" src=\"https:\/\/blogi.ennola.fi\/wp-content\/uploads\/2019\/04\/54728441_398874300949502_6747384911822323712_o-1.jpg\" alt=\"\" width=\"257\" height=\"420\" srcset=\"https:\/\/blogi.ennola.fi\/wp-content\/uploads\/2019\/04\/54728441_398874300949502_6747384911822323712_o-1.jpg 257w, https:\/\/blogi.ennola.fi\/wp-content\/uploads\/2019\/04\/54728441_398874300949502_6747384911822323712_o-1-92x150.jpg 92w, https:\/\/blogi.ennola.fi\/wp-content\/uploads\/2019\/04\/54728441_398874300949502_6747384911822323712_o-1-245x400.jpg 245w\" sizes=\"(max-width: 257px) 100vw, 257px\" \/><\/a><p id=\"caption-attachment-3521\" class=\"wp-caption-text\">Kajakkini l\u00e4ht\u00f6valmiina.<\/p><\/div>\n<p>Melontareitti kulki Airistohotellilta etel\u00e4\u00e4n. Ensimm\u00e4isen y\u00f6n y\u00f6vyin tutuksi tulleella paikalla Pensarin pohjoisrannalla. Mieluummin olisin y\u00f6pynyt Sand\u00f6n puolella, mutta siell\u00e4 taisi kaikki m\u00f6kitt\u00f6m\u00e4t rannat olla suojeltuja ja siten telttailukiellon piiriss\u00e4. Pensarista jatkoin etel\u00e4\u00e4n Gullkronan etel\u00e4puolelle toiseksi y\u00f6ksi. Paluu matkan tein hieman eri reittej\u00e4 ja viimeisen y\u00f6n y\u00f6vyin pienell\u00e4 saarella aivan Pensarin etel\u00e4puolella. Airistohotellilla oli taas edess\u00e4 sama ahtoj\u00e4iden yli melominen kuin l\u00e4htiess\u00e4kin.<\/p>\n<p>Keli oli kaunis, mutta p\u00e4ivisin tuuli nousi ja useana p\u00e4iv\u00e4n\u00e4 tuuli ja aallokko oli varsin voimakasta. Kaksi ensimm\u00e4ist\u00e4 y\u00f6t\u00e4 ja aamua oli l\u00e4hes tyyni\u00e4 ja silloin y\u00f6ll\u00e4 l\u00e4mp\u00f6tila oli laskenut pakkaselle ja leirisaarten rannat j\u00e4\u00e4tyneet. Ekana y\u00f6n\u00e4 per\u00e4ti koko Pensarin ja Sand\u00f6n v\u00e4linen selk\u00e4 oli j\u00e4\u00e4tynyt kevyeen riitteeseen. Aamu menikin melko pitk\u00e4ksi, kun odottelin, ett\u00e4 tuuli hajotti riitteen pois. My\u00f6hemmin p\u00e4iv\u00e4ll\u00e4 parin saaren v\u00e4liss\u00e4 riitett\u00e4 oli viel\u00e4 sen verta j\u00e4ljell\u00e4, ett\u00e4 jouduin pari sataa metri\u00e4 rikkomaan riitett\u00e4 kajakillani. Aurinko kuitenkin l\u00e4mmitti tuulensuojaisissa paikoissa mukavasti ja iltaisin ja \u00f6isin pakkasesta huolimatta p\u00e4iv\u00e4ll\u00e4 kostuneet vaatteet kuivuivat ulkona puun oksalle ripustettuina.<\/p>\n<div id=\"attachment_3503\" style=\"width: 490px\" class=\"wp-caption aligncenter\"><a href=\"https:\/\/blogi.ennola.fi\/wp-content\/uploads\/2019\/04\/Saaristo_Panorama1b-1.jpg\" rel=\"lightbox[3498]\"><img loading=\"lazy\" decoding=\"async\" aria-describedby=\"caption-attachment-3503\" class=\"wp-image-3503 size-full\" title=\"Pensarin pohjoisranta auringonnousun aikaan.\" src=\"https:\/\/blogi.ennola.fi\/wp-content\/uploads\/2019\/04\/Saaristo_Panorama1b.jpg\" alt=\"\" width=\"480\" height=\"165\" srcset=\"https:\/\/blogi.ennola.fi\/wp-content\/uploads\/2019\/04\/Saaristo_Panorama1b.jpg 480w, https:\/\/blogi.ennola.fi\/wp-content\/uploads\/2019\/04\/Saaristo_Panorama1b-150x52.jpg 150w\" sizes=\"(max-width: 480px) 100vw, 480px\" \/><\/a><p id=\"caption-attachment-3503\" class=\"wp-caption-text\">Pensarin pohjoisranta auringonnousun aikaan.<\/p><\/div>\n<div id=\"attachment_3505\" style=\"width: 490px\" class=\"wp-caption aligncenter\"><a href=\"https:\/\/blogi.ennola.fi\/wp-content\/uploads\/2019\/04\/Saaristo_Panorama7b-1.jpg\" rel=\"lightbox[3498]\"><img loading=\"lazy\" decoding=\"async\" aria-describedby=\"caption-attachment-3505\" class=\"wp-image-3505 size-full\" title=\"Riitteinen Pensar fj\u00e4rden aamulla.\" src=\"https:\/\/blogi.ennola.fi\/wp-content\/uploads\/2019\/04\/Saaristo_Panorama7b.jpg\" alt=\"\" width=\"480\" height=\"98\" srcset=\"https:\/\/blogi.ennola.fi\/wp-content\/uploads\/2019\/04\/Saaristo_Panorama7b.jpg 480w, https:\/\/blogi.ennola.fi\/wp-content\/uploads\/2019\/04\/Saaristo_Panorama7b-150x31.jpg 150w\" sizes=\"(max-width: 480px) 100vw, 480px\" \/><\/a><p id=\"caption-attachment-3505\" class=\"wp-caption-text\">Riitteinen Pensar fj\u00e4rden aamulla.<\/p><\/div>\n<p>Kev\u00e4t saaristossa on luontonsa puolesta mahtavaa aikaa. Haahkat lis\u00e4\u00e4ntyiv\u00e4t p\u00e4iv\u00e4 p\u00e4iv\u00e4lt\u00e4 ja aamuisin saatoin kuunnella haahkojen soidinta. Kyhmyjoutsenet olivat jo asettuneet pitkin saaristoa pariskunnittain. Monin paikoin n\u00e4kyi isoja telkk\u00e4- ja isokoskeloparvia. Merikotkastakin on tullut saaristossa hyvin yleinen n\u00e4ky. P\u00e4ivitt\u00e4in n\u00e4in vanhoja merikotkia, useissa eri paikoissa, joten samasta parista ei voi olla kyse. Kerran n\u00e4in, kun merikotka tuloksetta yritti pyydyst\u00e4\u00e4 isokoskeloita.<\/p>\n<p>N\u00e4in maaliskuussa saaristo on hyvin rauhallinen paikka. Muita matkailijoita ei juuri p\u00e4\u00e4se n\u00e4kem\u00e4\u00e4n. Surullisena panin kuitenkin merkille kes\u00e4m\u00f6kkien valtavan m\u00e4\u00e4r\u00e4n. Ei ollut helppoa l\u00f6yt\u00e4\u00e4 kes\u00e4m\u00f6kist\u00e4 vapaita rantoja nousta maihin. L\u00e4hes kaikissa kaukaa katsomistani hienoista saarissa y\u00f6py\u00e4 oli jo kes\u00e4m\u00f6kki. Ja miss\u00e4 ei ollut m\u00f6kki\u00e4, oli suojelualue liikkumisrajoituksineen. Sin\u00e4ns\u00e4 hyv\u00e4, mutta retkeilij\u00e4lle huono. Ei voi kuin ihmetell\u00e4, miksi kaavoituksella olemme antaneet pilata n\u00e4in hienon kansallisomaisuuden: vapaat rannat.<\/p>\n<div id=\"attachment_3499\" style=\"width: 490px\" class=\"wp-caption aligncenter\"><a href=\"https:\/\/blogi.ennola.fi\/wp-content\/uploads\/2019\/04\/Saaristo_Panorama6b-1.jpg\" rel=\"lightbox[3498]\"><img loading=\"lazy\" decoding=\"async\" aria-describedby=\"caption-attachment-3499\" class=\"wp-image-3499 size-full\" title=\"\u00d6n ja Birssk\u00e4r.\" src=\"https:\/\/blogi.ennola.fi\/wp-content\/uploads\/2019\/04\/Saaristo_Panorama6b.jpg\" alt=\"\" width=\"480\" height=\"138\" srcset=\"https:\/\/blogi.ennola.fi\/wp-content\/uploads\/2019\/04\/Saaristo_Panorama6b.jpg 480w, https:\/\/blogi.ennola.fi\/wp-content\/uploads\/2019\/04\/Saaristo_Panorama6b-150x43.jpg 150w\" sizes=\"(max-width: 480px) 100vw, 480px\" \/><\/a><p id=\"caption-attachment-3499\" class=\"wp-caption-text\">\u00d6n ja Birssk\u00e4r.<\/p><\/div>\n<div id=\"attachment_3500\" style=\"width: 490px\" class=\"wp-caption aligncenter\"><a href=\"https:\/\/blogi.ennola.fi\/wp-content\/uploads\/2019\/04\/Saaristo_Panorama5b-1.jpg\" rel=\"lightbox[3498]\"><img loading=\"lazy\" decoding=\"async\" aria-describedby=\"caption-attachment-3500\" class=\"wp-image-3500 size-full\" title=\"Birssk\u00e4r.\" src=\"https:\/\/blogi.ennola.fi\/wp-content\/uploads\/2019\/04\/Saaristo_Panorama5b.jpg\" alt=\"\" width=\"480\" height=\"190\" srcset=\"https:\/\/blogi.ennola.fi\/wp-content\/uploads\/2019\/04\/Saaristo_Panorama5b.jpg 480w, https:\/\/blogi.ennola.fi\/wp-content\/uploads\/2019\/04\/Saaristo_Panorama5b-150x59.jpg 150w\" sizes=\"(max-width: 480px) 100vw, 480px\" \/><\/a><p id=\"caption-attachment-3500\" class=\"wp-caption-text\">Birssk\u00e4r.<\/p><\/div>\n<div id=\"attachment_3501\" style=\"width: 490px\" class=\"wp-caption aligncenter\"><a href=\"https:\/\/blogi.ennola.fi\/wp-content\/uploads\/2019\/04\/Saaristo_Panorama2b-1.jpg\" rel=\"lightbox[3498]\"><img loading=\"lazy\" decoding=\"async\" aria-describedby=\"caption-attachment-3501\" class=\"wp-image-3501 size-full\" title=\"Simpgropen ja Birssk\u00e4r my\u00f6h\u00e4\u00e4n illalla.\" src=\"https:\/\/blogi.ennola.fi\/wp-content\/uploads\/2019\/04\/Saaristo_Panorama2b.jpg\" alt=\"\" width=\"480\" height=\"108\" srcset=\"https:\/\/blogi.ennola.fi\/wp-content\/uploads\/2019\/04\/Saaristo_Panorama2b.jpg 480w, https:\/\/blogi.ennola.fi\/wp-content\/uploads\/2019\/04\/Saaristo_Panorama2b-150x34.jpg 150w\" sizes=\"(max-width: 480px) 100vw, 480px\" \/><\/a><p id=\"caption-attachment-3501\" class=\"wp-caption-text\">Simpgropen ja Birssk\u00e4r my\u00f6h\u00e4\u00e4n illalla.<\/p><\/div>\n<div id=\"attachment_3504\" style=\"width: 490px\" class=\"wp-caption aligncenter\"><a href=\"https:\/\/blogi.ennola.fi\/wp-content\/uploads\/2019\/04\/Saaristo_Panorama3b-1.jpg\" rel=\"lightbox[3498]\"><img loading=\"lazy\" decoding=\"async\" aria-describedby=\"caption-attachment-3504\" class=\"wp-image-3504 size-full\" title=\"Birssk\u00e4rin ranta aamulla.\" src=\"https:\/\/blogi.ennola.fi\/wp-content\/uploads\/2019\/04\/Saaristo_Panorama3b.jpg\" alt=\"\" width=\"480\" height=\"180\" srcset=\"https:\/\/blogi.ennola.fi\/wp-content\/uploads\/2019\/04\/Saaristo_Panorama3b.jpg 480w, https:\/\/blogi.ennola.fi\/wp-content\/uploads\/2019\/04\/Saaristo_Panorama3b-150x56.jpg 150w\" sizes=\"(max-width: 480px) 100vw, 480px\" \/><\/a><p id=\"caption-attachment-3504\" class=\"wp-caption-text\">Birssk\u00e4rin ranta aamulla.<\/p><\/div>\n<div id=\"attachment_3502\" style=\"width: 490px\" class=\"wp-caption aligncenter\"><a href=\"https:\/\/blogi.ennola.fi\/wp-content\/uploads\/2019\/04\/Saaristo_Panorama4b-1.jpg\" rel=\"lightbox[3498]\"><img loading=\"lazy\" decoding=\"async\" aria-describedby=\"caption-attachment-3502\" class=\"wp-image-3502 size-full\" title=\"Vitharu ja Korpsk\u00e4rs fj\u00e4rden.\" src=\"https:\/\/blogi.ennola.fi\/wp-content\/uploads\/2019\/04\/Saaristo_Panorama4b.jpg\" alt=\"\" width=\"480\" height=\"142\" srcset=\"https:\/\/blogi.ennola.fi\/wp-content\/uploads\/2019\/04\/Saaristo_Panorama4b.jpg 480w, https:\/\/blogi.ennola.fi\/wp-content\/uploads\/2019\/04\/Saaristo_Panorama4b-150x44.jpg 150w\" sizes=\"(max-width: 480px) 100vw, 480px\" \/><\/a><p id=\"caption-attachment-3502\" class=\"wp-caption-text\">Vitharu ja Korpsk\u00e4rs fj\u00e4rden.<\/p><\/div>\n","protected":false},"excerpt":{"rendered":"<p>T\u00e4m\u00e4 kev\u00e4t on ollut liian kiireinen, jotta olisin ehtinyt kunnon talvivaellukselle. Maaliskuun loppuun olin varaillut viikon vapaata, jolloin olisin p\u00e4\u00e4ssyt l\u00e4htem\u00e4\u00e4n Pohjoiseen. Sitten tulikin kaikkea muuta j\u00e4rjestett\u00e4v\u00e4\u00e4 ja&#8230;<\/p>\n","protected":false},"author":1,"featured_media":3513,"comment_status":"open","ping_status":"open","sticky":false,"template":"","format":"standard","meta":{"footnotes":""},"categories":[4,8],"tags":[],"_links":{"self":[{"href":"https:\/\/blogi.ennola.fi\/index.php?rest_route=\/wp\/v2\/posts\/3498"}],"collection":[{"href":"https:\/\/blogi.ennola.fi\/index.php?rest_route=\/wp\/v2\/posts"}],"about":[{"href":"https:\/\/blogi.ennola.fi\/index.php?rest_route=\/wp\/v2\/types\/post"}],"author":[{"embeddable":true,"href":"https:\/\/blogi.ennola.fi\/index.php?rest_route=\/wp\/v2\/users\/1"}],"replies":[{"embeddable":true,"href":"https:\/\/blogi.ennola.fi\/index.php?rest_route=%2Fwp%2Fv2%2Fcomments&post=3498"}],"version-history":[{"count":6,"href":"https:\/\/blogi.ennola.fi\/index.php?rest_route=\/wp\/v2\/posts\/3498\/revisions"}],"predecessor-version":[{"id":7288,"href":"https:\/\/blogi.ennola.fi\/index.php?rest_route=\/wp\/v2\/posts\/3498\/revisions\/7288"}],"wp:featuredmedia":[{"embeddable":true,"href":"https:\/\/blogi.ennola.fi\/index.php?rest_route=\/wp\/v2\/media\/3513"}],"wp:attachment":[{"href":"https:\/\/blogi.ennola.fi\/index.php?rest_route=%2Fwp%2Fv2%2Fmedia&parent=3498"}],"wp:term":[{"taxonomy":"category","embeddable":true,"href":"https:\/\/blogi.ennola.fi\/index.php?rest_route=%2Fwp%2Fv2%2Fcategories&post=3498"},{"taxonomy":"post_tag","embeddable":true,"href":"https:\/\/blogi.ennola.fi\/index.php?rest_route=%2Fwp%2Fv2%2Ftags&post=3498"}],"curies":[{"name":"wp","href":"https:\/\/api.w.org\/{rel}","templated":true}]}}