{"id":350,"date":"2017-06-13T23:31:47","date_gmt":"2017-06-13T20:31:47","guid":{"rendered":"https:\/\/blogi.ennola.fi\/?p=350"},"modified":"2020-06-08T08:11:37","modified_gmt":"2020-06-08T05:11:37","slug":"jaatynyt-jaameri-ja-muita-rannikon-ihmeita","status":"publish","type":"post","link":"https:\/\/blogi.ennola.fi\/?p=350","title":{"rendered":"J\u00e4\u00e4tynyt J\u00e4\u00e4meri ja muita rannikon ihmeit\u00e4"},"content":{"rendered":"<p>Matkan varrella kohtasimme meren kahdesti: paluumatka Perriertoppenin maisemista hiihdettiin j\u00e4\u00e4tynytt\u00e4 Austfjordenia pitkin ja kaksi viimeist\u00e4 retkip\u00e4iv\u00e4\u00e4 vietimme Billefjordenin j\u00e4\u00e4ll\u00e4. Ennen reissua vaikutti silt\u00e4, ett\u00e4 meri ei j\u00e4\u00e4tyisi kunnolla toista vuotta per\u00e4kk\u00e4in ja joutuisimme muuttamaan sen vuoksi reittisuunnitelmia. Reissun aikana vallinneet kylm\u00e4t s\u00e4\u00e4t kuitenkin aiheuttivat sen, ett\u00e4 meilt\u00e4 j\u00e4i pois vain alkumatkan Tempelfjordenin ylitys. Austfjorden oli enn\u00e4tyksellisen pitk\u00e4lle j\u00e4\u00e4ss\u00e4 ja Pyramidenin satama oli j\u00e4\u00e4tynyt. Jouduimmekin hiiht\u00e4m\u00e4\u00e4n kymmenkunta kilometri\u00e4 kaupungista ennen kuin saavutimme j\u00e4\u00e4nreunan.<\/p>\n<p>Meren j\u00e4\u00e4 oli selv\u00e4stikin j\u00e4\u00e4karhujen valtakuntaa: karhujen j\u00e4lki\u00e4 n\u00e4kyi j\u00e4\u00e4ll\u00e4 runsaasti, otuksia emme kuitenkaan havainneet. Karhujen takia pyrimme kuitenkin liikkumaan j\u00e4\u00e4ll\u00e4 reippaasti ja v\u00e4ltt\u00e4m\u00e4\u00e4n siell\u00e4 y\u00f6pymist\u00e4. Kaksi y\u00f6t\u00e4 j\u00e4\u00e4karhuv\u00e4ijyineen siell\u00e4 kuitenkin vietimme. Valokuvaajalla nuo y\u00f6t tarjosivat hyv\u00e4n tilaisuuden valokuvata maisemia ja tarkastella Huippuvuorten kirkkaiden \u00f6iden valoa, mink\u00e4 l\u00e4pitunkevan kylmyyden keskelt\u00e4 kykenin.<\/p>\n<p>Maisemien puolesta vuonot omalla tavallaan olivat varsin kauniita. Etenkin Billefjordenin vastaj\u00e4\u00e4tynyt j\u00e4\u00e4 ja lopulta sulan veden raja tarjosivat mahdollisuuksia upeisiin valokuviin.<\/p>\n<div id=\"attachment_380\" style=\"width: 490px\" class=\"wp-caption aligncenter\"><a href=\"https:\/\/blogi.ennola.fi\/wp-content\/uploads\/2017\/06\/Huippis_Panorama15d.jpg\" rel=\"lightbox[350]\"><img loading=\"lazy\" decoding=\"async\" aria-describedby=\"caption-attachment-380\" class=\"wp-image-380 size-full\" title=\"14.4.2017 Einsteinfjellet, Lemstr\u00f6mfjellet, Kasteltoppen ja Riddarborga, Austfjorden.\" src=\"https:\/\/blogi.ennola.fi\/wp-content\/uploads\/2017\/06\/Huippis_Panorama15d-1.jpg\" alt=\"\" width=\"480\" height=\"106\" srcset=\"https:\/\/blogi.ennola.fi\/wp-content\/uploads\/2017\/06\/Huippis_Panorama15d-1.jpg 480w, https:\/\/blogi.ennola.fi\/wp-content\/uploads\/2017\/06\/Huippis_Panorama15d-1-150x33.jpg 150w\" sizes=\"(max-width: 480px) 100vw, 480px\" \/><\/a><p id=\"caption-attachment-380\" class=\"wp-caption-text\">14.4.2017 Einsteinfjellet, Lemstr\u00f6mfjellet, Kasteltoppen ja Riddarborga, Austfjorden.<\/p><\/div>\n<div id=\"attachment_379\" style=\"width: 490px\" class=\"wp-caption aligncenter\"><a href=\"https:\/\/blogi.ennola.fi\/wp-content\/uploads\/2017\/06\/Huippis_Panorama15c.jpg\" rel=\"lightbox[350]\"><img loading=\"lazy\" decoding=\"async\" aria-describedby=\"caption-attachment-379\" class=\"wp-image-379 size-full\" title=\"14.4.2017 Einsteinfjellet, Lemstr\u00f6mfjellet ja Kasteltoppen, Austfjorden.\" src=\"https:\/\/blogi.ennola.fi\/wp-content\/uploads\/2017\/06\/Huippis_Panorama15c-1.jpg\" alt=\"\" width=\"480\" height=\"92\" srcset=\"https:\/\/blogi.ennola.fi\/wp-content\/uploads\/2017\/06\/Huippis_Panorama15c-1.jpg 480w, https:\/\/blogi.ennola.fi\/wp-content\/uploads\/2017\/06\/Huippis_Panorama15c-1-150x29.jpg 150w\" sizes=\"(max-width: 480px) 100vw, 480px\" \/><\/a><p id=\"caption-attachment-379\" class=\"wp-caption-text\">14.4.2017 Einsteinfjellet, Lemstr\u00f6mfjellet ja Kasteltoppen, Austfjorden.<\/p><\/div>\n<div id=\"attachment_382\" style=\"width: 490px\" class=\"wp-caption aligncenter\"><a href=\"https:\/\/blogi.ennola.fi\/wp-content\/uploads\/2017\/06\/Huippis_Panorama16c.jpg\" rel=\"lightbox[350]\"><img loading=\"lazy\" decoding=\"async\" aria-describedby=\"caption-attachment-382\" class=\"wp-image-382 size-full\" title=\"15.4.2017 Lemstr\u00f6mfjellet, Kasteltoppen ja Riddarborga aikaisin aamulla, Austfjorden.\" src=\"https:\/\/blogi.ennola.fi\/wp-content\/uploads\/2017\/06\/Huippis_Panorama16c-1.jpg\" alt=\"\" width=\"480\" height=\"82\" srcset=\"https:\/\/blogi.ennola.fi\/wp-content\/uploads\/2017\/06\/Huippis_Panorama16c-1.jpg 480w, https:\/\/blogi.ennola.fi\/wp-content\/uploads\/2017\/06\/Huippis_Panorama16c-1-150x26.jpg 150w\" sizes=\"(max-width: 480px) 100vw, 480px\" \/><\/a><p id=\"caption-attachment-382\" class=\"wp-caption-text\">15.4.2017 Lemstr\u00f6mfjellet, Kasteltoppen ja Riddarborga aikaisin aamulla, Austfjorden.<\/p><\/div>\n<div id=\"attachment_381\" style=\"width: 490px\" class=\"wp-caption aligncenter\"><a href=\"https:\/\/blogi.ennola.fi\/wp-content\/uploads\/2017\/06\/Huippis_Panorama16b.jpg\" rel=\"lightbox[350]\"><img loading=\"lazy\" decoding=\"async\" aria-describedby=\"caption-attachment-381\" class=\"wp-image-381 size-full\" title=\"15.4.2017 Malmgrenfjellet, Mittag-Lefflerbreen,Odellfjellet ja Bulmanfjellet, Austfjorden.\" src=\"https:\/\/blogi.ennola.fi\/wp-content\/uploads\/2017\/06\/Huippis_Panorama16b-1.jpg\" alt=\"\" width=\"480\" height=\"70\" srcset=\"https:\/\/blogi.ennola.fi\/wp-content\/uploads\/2017\/06\/Huippis_Panorama16b-1.jpg 480w, https:\/\/blogi.ennola.fi\/wp-content\/uploads\/2017\/06\/Huippis_Panorama16b-1-150x22.jpg 150w\" sizes=\"(max-width: 480px) 100vw, 480px\" \/><\/a><p id=\"caption-attachment-381\" class=\"wp-caption-text\">15.4.2017 Malmgrenfjellet, Mittag-Lefflerbreen,Odellfjellet ja Bulmanfjellet, Austfjorden.<\/p><\/div>\n<div id=\"attachment_385\" style=\"width: 490px\" class=\"wp-caption aligncenter\"><a href=\"https:\/\/blogi.ennola.fi\/wp-content\/uploads\/2017\/06\/Huippis_Panorama18d.jpg\" rel=\"lightbox[350]\"><img loading=\"lazy\" decoding=\"async\" aria-describedby=\"caption-attachment-385\" class=\"wp-image-385 size-full\" title=\"17.4.2017 Pyramiden, Mumien, Svenbren\u00f8gda, Birger John sonfjellet, Gizehfjellet ja Sfinksen, Ragnardalen.\" src=\"https:\/\/blogi.ennola.fi\/wp-content\/uploads\/2017\/06\/Huippis_Panorama18d-1.jpg\" alt=\"\" width=\"480\" height=\"93\" srcset=\"https:\/\/blogi.ennola.fi\/wp-content\/uploads\/2017\/06\/Huippis_Panorama18d-1.jpg 480w, https:\/\/blogi.ennola.fi\/wp-content\/uploads\/2017\/06\/Huippis_Panorama18d-1-150x29.jpg 150w\" sizes=\"(max-width: 480px) 100vw, 480px\" \/><\/a><p id=\"caption-attachment-385\" class=\"wp-caption-text\">17.4.2017 Pyramiden, Mumien, Svenbren\u00f8gda, Birger John sonfjellet, Gizehfjellet ja Sfinksen, Ragnardalen.<\/p><\/div>\n<div id=\"attachment_371\" style=\"width: 490px\" class=\"wp-caption aligncenter\"><a href=\"https:\/\/blogi.ennola.fi\/wp-content\/uploads\/2017\/06\/Huippis_Panorama18h.jpg\" rel=\"lightbox[350]\"><img loading=\"lazy\" decoding=\"async\" aria-describedby=\"caption-attachment-371\" class=\"wp-image-371 size-full\" title=\"17.4.2017 Gizehfjellet,Sfinksen, L\u00f8vehovden, Wordiekammen ja Campbellryggen, Petuniabukta.\" src=\"https:\/\/blogi.ennola.fi\/wp-content\/uploads\/2017\/06\/Huippis_Panorama18h-1.jpg\" alt=\"\" width=\"480\" height=\"94\" srcset=\"https:\/\/blogi.ennola.fi\/wp-content\/uploads\/2017\/06\/Huippis_Panorama18h-1.jpg 480w, https:\/\/blogi.ennola.fi\/wp-content\/uploads\/2017\/06\/Huippis_Panorama18h-1-150x29.jpg 150w\" sizes=\"(max-width: 480px) 100vw, 480px\" \/><\/a><p id=\"caption-attachment-371\" class=\"wp-caption-text\">17.4.2017 Gizehfjellet,Sfinksen, L\u00f8vehovden, Wordiekammen ja Campbellryggen, Petuniabukta.<\/p><\/div>\n<div id=\"attachment_384\" style=\"width: 490px\" class=\"wp-caption aligncenter\"><a href=\"https:\/\/blogi.ennola.fi\/wp-content\/uploads\/2017\/06\/Huippis_Panorama18c.jpg\" rel=\"lightbox[350]\"><img loading=\"lazy\" decoding=\"async\" aria-describedby=\"caption-attachment-384\" class=\"wp-image-384 size-full\" title=\"17.4.2017 Nordenski\u00f6ldbreen, Campbellryggen ja Yggdrasilkampen, Billefjorden. \" src=\"https:\/\/blogi.ennola.fi\/wp-content\/uploads\/2017\/06\/Huippis_Panorama18c-1.jpg\" alt=\"\" width=\"480\" height=\"73\" srcset=\"https:\/\/blogi.ennola.fi\/wp-content\/uploads\/2017\/06\/Huippis_Panorama18c-1.jpg 480w, https:\/\/blogi.ennola.fi\/wp-content\/uploads\/2017\/06\/Huippis_Panorama18c-1-150x23.jpg 150w\" sizes=\"(max-width: 480px) 100vw, 480px\" \/><\/a><p id=\"caption-attachment-384\" class=\"wp-caption-text\">17.4.2017 Nordenski\u00f6ldbreen, Campbellryggen ja Yggdrasilkampen, Billefjorden.<\/p><\/div>\n<div id=\"attachment_370\" style=\"width: 490px\" class=\"wp-caption aligncenter\"><a href=\"https:\/\/blogi.ennola.fi\/wp-content\/uploads\/2017\/06\/Huippis_Panorama18f.jpg\" rel=\"lightbox[350]\"><img loading=\"lazy\" decoding=\"async\" aria-describedby=\"caption-attachment-370\" class=\"wp-image-370 size-full\" title=\"17.4.2017 L\u00f8vehovden, Wordiekammen ja Garmaksia, Billefjorden.\" src=\"https:\/\/blogi.ennola.fi\/wp-content\/uploads\/2017\/06\/Huippis_Panorama18f-1.jpg\" alt=\"\" width=\"480\" height=\"83\" srcset=\"https:\/\/blogi.ennola.fi\/wp-content\/uploads\/2017\/06\/Huippis_Panorama18f-1.jpg 480w, https:\/\/blogi.ennola.fi\/wp-content\/uploads\/2017\/06\/Huippis_Panorama18f-1-150x26.jpg 150w\" sizes=\"(max-width: 480px) 100vw, 480px\" \/><\/a><p id=\"caption-attachment-370\" class=\"wp-caption-text\">17.4.2017 L\u00f8vehovden, Wordiekammen ja Garmaksia, Billefjorden.<\/p><\/div>\n<div id=\"attachment_383\" style=\"width: 490px\" class=\"wp-caption aligncenter\"><a href=\"https:\/\/blogi.ennola.fi\/wp-content\/uploads\/2017\/06\/Huippis_Panorama18b.jpg\" rel=\"lightbox[350]\"><img loading=\"lazy\" decoding=\"async\" aria-describedby=\"caption-attachment-383\" class=\"wp-image-383 size-full\" title=\"17.4.2017 Yggdrasilkampen, Pyramiden, Wordiekammen, Campbellryggen, Tyrrelfjellet ja Billefjorden, Lykteneset.\" src=\"https:\/\/blogi.ennola.fi\/wp-content\/uploads\/2017\/06\/Huippis_Panorama18b-1.jpg\" alt=\"\" width=\"480\" height=\"90\" srcset=\"https:\/\/blogi.ennola.fi\/wp-content\/uploads\/2017\/06\/Huippis_Panorama18b-1.jpg 480w, https:\/\/blogi.ennola.fi\/wp-content\/uploads\/2017\/06\/Huippis_Panorama18b-1-150x28.jpg 150w\" sizes=\"(max-width: 480px) 100vw, 480px\" \/><\/a><p id=\"caption-attachment-383\" class=\"wp-caption-text\">17.4.2017 Yggdrasilkampen, Pyramiden, Wordiekammen, Campbellryggen, Tyrrelfjellet ja Billefjorden, Lykteneset.<\/p><\/div>\n<div id=\"attachment_378\" style=\"width: 490px\" class=\"wp-caption aligncenter\"><a href=\"https:\/\/blogi.ennola.fi\/wp-content\/uploads\/2017\/06\/Huippis_Panorama19h.jpg\" rel=\"lightbox[350]\"><img loading=\"lazy\" decoding=\"async\" aria-describedby=\"caption-attachment-378\" class=\"wp-image-378 size-full\" title=\"18.4.2017 Yggdrasilkampen, Pyramiden, Campbellryggen, Billefjorden ja Garmaksia, Lykteneset.\" src=\"https:\/\/blogi.ennola.fi\/wp-content\/uploads\/2017\/06\/Huippis_Panorama19h-1.jpg\" alt=\"\" width=\"480\" height=\"103\" srcset=\"https:\/\/blogi.ennola.fi\/wp-content\/uploads\/2017\/06\/Huippis_Panorama19h-1.jpg 480w, https:\/\/blogi.ennola.fi\/wp-content\/uploads\/2017\/06\/Huippis_Panorama19h-1-150x32.jpg 150w\" sizes=\"(max-width: 480px) 100vw, 480px\" \/><\/a><p id=\"caption-attachment-378\" class=\"wp-caption-text\">18.4.2017 Yggdrasilkampen, Pyramiden, Campbellryggen, Billefjorden ja Garmaksia, Lykteneset.<\/p><\/div>\n<div id=\"attachment_373\" style=\"width: 490px\" class=\"wp-caption aligncenter\"><a href=\"https:\/\/blogi.ennola.fi\/wp-content\/uploads\/2017\/06\/Huippis_Panorama19c.jpg\" rel=\"lightbox[350]\"><img loading=\"lazy\" decoding=\"async\" aria-describedby=\"caption-attachment-373\" class=\"wp-image-373 size-full\" title=\"18.4.2017 Tyrrelfjellet, Tjosaasfjellet, Brisingefjellet, Feyling-Hanssenfjellet ja Garmaksia, Billefjorden.\" src=\"https:\/\/blogi.ennola.fi\/wp-content\/uploads\/2017\/06\/Huippis_Panorama19c-1.jpg\" alt=\"\" width=\"480\" height=\"147\" srcset=\"https:\/\/blogi.ennola.fi\/wp-content\/uploads\/2017\/06\/Huippis_Panorama19c-1.jpg 480w, https:\/\/blogi.ennola.fi\/wp-content\/uploads\/2017\/06\/Huippis_Panorama19c-1-150x46.jpg 150w\" sizes=\"(max-width: 480px) 100vw, 480px\" \/><\/a><p id=\"caption-attachment-373\" class=\"wp-caption-text\">18.4.2017 Tyrrelfjellet, Tjosaasfjellet, Brisingefjellet, Feyling-Hanssenfjellet ja Garmaksia, Billefjorden.<\/p><\/div>\n<div id=\"attachment_377\" style=\"width: 490px\" class=\"wp-caption aligncenter\"><a href=\"https:\/\/blogi.ennola.fi\/wp-content\/uploads\/2017\/06\/Huippis_Panorama19g.jpg\" rel=\"lightbox[350]\"><img loading=\"lazy\" decoding=\"async\" aria-describedby=\"caption-attachment-377\" class=\"wp-image-377 size-full\" title=\"18.4.2017 Billefjorden, Feyling-Hanssenfjellet, Campbellryggen, Tyrrelfjellet, Tjosaasfjellet ja Brisingefjellet, Narveneset.\" src=\"https:\/\/blogi.ennola.fi\/wp-content\/uploads\/2017\/06\/Huippis_Panorama19g-1.jpg\" alt=\"\" width=\"480\" height=\"114\" srcset=\"https:\/\/blogi.ennola.fi\/wp-content\/uploads\/2017\/06\/Huippis_Panorama19g-1.jpg 480w, https:\/\/blogi.ennola.fi\/wp-content\/uploads\/2017\/06\/Huippis_Panorama19g-1-150x36.jpg 150w\" sizes=\"(max-width: 480px) 100vw, 480px\" \/><\/a><p id=\"caption-attachment-377\" class=\"wp-caption-text\">18.4.2017 Billefjorden, Feyling-Hanssenfjellet, Campbellryggen, Tyrrelfjellet, Tjosaasfjellet ja Brisingefjellet, Narveneset.<\/p><\/div>\n<div id=\"attachment_374\" style=\"width: 490px\" class=\"wp-caption aligncenter\"><a href=\"https:\/\/blogi.ennola.fi\/wp-content\/uploads\/2017\/06\/Huippis_Panorama19d.jpg\" rel=\"lightbox[350]\"><img loading=\"lazy\" decoding=\"async\" aria-describedby=\"caption-attachment-374\" class=\"wp-image-374 size-full\" title=\"18.4.2017 Skansen ja Feyling-Hanssenfjellet, Narveneset.\" src=\"https:\/\/blogi.ennola.fi\/wp-content\/uploads\/2017\/06\/Huippis_Panorama19d-1.jpg\" alt=\"\" width=\"480\" height=\"86\" srcset=\"https:\/\/blogi.ennola.fi\/wp-content\/uploads\/2017\/06\/Huippis_Panorama19d-1.jpg 480w, https:\/\/blogi.ennola.fi\/wp-content\/uploads\/2017\/06\/Huippis_Panorama19d-1-150x27.jpg 150w\" sizes=\"(max-width: 480px) 100vw, 480px\" \/><\/a><p id=\"caption-attachment-374\" class=\"wp-caption-text\">18.4.2017 Skansen ja Feyling-Hanssenfjellet, Narveneset.<\/p><\/div>\n<div id=\"attachment_375\" style=\"width: 490px\" class=\"wp-caption aligncenter\"><a href=\"https:\/\/blogi.ennola.fi\/wp-content\/uploads\/2017\/06\/Huippis_Panorama19e.jpg\" rel=\"lightbox[350]\"><img loading=\"lazy\" decoding=\"async\" aria-describedby=\"caption-attachment-375\" class=\"wp-image-375 size-full\" title=\"18.4.2017 Brisingefjellet, Billefjorden ja Skansen, Narveneset.\" src=\"https:\/\/blogi.ennola.fi\/wp-content\/uploads\/2017\/06\/Huippis_Panorama19e-1.jpg\" alt=\"\" width=\"480\" height=\"153\" srcset=\"https:\/\/blogi.ennola.fi\/wp-content\/uploads\/2017\/06\/Huippis_Panorama19e-1.jpg 480w, https:\/\/blogi.ennola.fi\/wp-content\/uploads\/2017\/06\/Huippis_Panorama19e-1-150x48.jpg 150w\" sizes=\"(max-width: 480px) 100vw, 480px\" \/><\/a><p id=\"caption-attachment-375\" class=\"wp-caption-text\">18.4.2017 Brisingefjellet, Billefjorden ja Skansen, Narveneset.<\/p><\/div>\n<div id=\"attachment_372\" style=\"width: 490px\" class=\"wp-caption aligncenter\"><a href=\"https:\/\/blogi.ennola.fi\/wp-content\/uploads\/2017\/06\/Huippis_Panorama19b.jpg\" rel=\"lightbox[350]\"><img loading=\"lazy\" decoding=\"async\" aria-describedby=\"caption-attachment-372\" class=\"wp-image-372 size-full\" title=\"18.4.2017 Feyling-Hanssenfjellet, Campbellryggen, Tyrrelfjellet, Tjosaasfjellet, Brisingefjellet ja Billefjorden, Narveneset.\" src=\"https:\/\/blogi.ennola.fi\/wp-content\/uploads\/2017\/06\/Huippis_Panorama19b-1.jpg\" alt=\"\" width=\"480\" height=\"95\" srcset=\"https:\/\/blogi.ennola.fi\/wp-content\/uploads\/2017\/06\/Huippis_Panorama19b-1.jpg 480w, https:\/\/blogi.ennola.fi\/wp-content\/uploads\/2017\/06\/Huippis_Panorama19b-1-150x30.jpg 150w\" sizes=\"(max-width: 480px) 100vw, 480px\" \/><\/a><p id=\"caption-attachment-372\" class=\"wp-caption-text\">18.4.2017 Feyling-Hanssenfjellet, Campbellryggen, Tyrrelfjellet, Tjosaasfjellet, Brisingefjellet ja Billefjorden, Narveneset.<\/p><\/div>\n<div id=\"attachment_376\" style=\"width: 490px\" class=\"wp-caption aligncenter\"><a href=\"https:\/\/blogi.ennola.fi\/wp-content\/uploads\/2017\/06\/Huippis_Panorama19f.jpg\" rel=\"lightbox[350]\"><img loading=\"lazy\" decoding=\"async\" aria-describedby=\"caption-attachment-376\" class=\"wp-image-376 size-full\" title=\"18.4.2017 Feyling-Hanssenfjellet, Campbellryggen, Tyrrelfjellet, Tjosaasfjellet, Billefjorden ja Mursu, Narveneset.\" src=\"https:\/\/blogi.ennola.fi\/wp-content\/uploads\/2017\/06\/Huippis_Panorama19f-1.jpg\" alt=\"\" width=\"480\" height=\"126\" srcset=\"https:\/\/blogi.ennola.fi\/wp-content\/uploads\/2017\/06\/Huippis_Panorama19f-1.jpg 480w, https:\/\/blogi.ennola.fi\/wp-content\/uploads\/2017\/06\/Huippis_Panorama19f-1-150x39.jpg 150w\" sizes=\"(max-width: 480px) 100vw, 480px\" \/><\/a><p id=\"caption-attachment-376\" class=\"wp-caption-text\">18.4.2017 Feyling-Hanssenfjellet, Campbellryggen, Tyrrelfjellet, Tjosaasfjellet, Billefjorden ja Mursu, Narveneset.<\/p><\/div>\n","protected":false},"excerpt":{"rendered":"<p>Matkan varrella kohtasimme meren kahdesti: paluumatka Perriertoppenin maisemista hiihdettiin j\u00e4\u00e4tynytt\u00e4 Austfjordenia pitkin ja kaksi viimeist\u00e4 retkip\u00e4iv\u00e4\u00e4 vietimme Billefjordenin j\u00e4\u00e4ll\u00e4. Ennen reissua vaikutti silt\u00e4, ett\u00e4 meri ei j\u00e4\u00e4tyisi kunnolla&#8230;<\/p>\n","protected":false},"author":1,"featured_media":359,"comment_status":"open","ping_status":"open","sticky":false,"template":"","format":"standard","meta":{"footnotes":""},"categories":[23,7,4],"tags":[],"_links":{"self":[{"href":"https:\/\/blogi.ennola.fi\/index.php?rest_route=\/wp\/v2\/posts\/350"}],"collection":[{"href":"https:\/\/blogi.ennola.fi\/index.php?rest_route=\/wp\/v2\/posts"}],"about":[{"href":"https:\/\/blogi.ennola.fi\/index.php?rest_route=\/wp\/v2\/types\/post"}],"author":[{"embeddable":true,"href":"https:\/\/blogi.ennola.fi\/index.php?rest_route=\/wp\/v2\/users\/1"}],"replies":[{"embeddable":true,"href":"https:\/\/blogi.ennola.fi\/index.php?rest_route=%2Fwp%2Fv2%2Fcomments&post=350"}],"version-history":[{"count":4,"href":"https:\/\/blogi.ennola.fi\/index.php?rest_route=\/wp\/v2\/posts\/350\/revisions"}],"predecessor-version":[{"id":5035,"href":"https:\/\/blogi.ennola.fi\/index.php?rest_route=\/wp\/v2\/posts\/350\/revisions\/5035"}],"wp:featuredmedia":[{"embeddable":true,"href":"https:\/\/blogi.ennola.fi\/index.php?rest_route=\/wp\/v2\/media\/359"}],"wp:attachment":[{"href":"https:\/\/blogi.ennola.fi\/index.php?rest_route=%2Fwp%2Fv2%2Fmedia&parent=350"}],"wp:term":[{"taxonomy":"category","embeddable":true,"href":"https:\/\/blogi.ennola.fi\/index.php?rest_route=%2Fwp%2Fv2%2Fcategories&post=350"},{"taxonomy":"post_tag","embeddable":true,"href":"https:\/\/blogi.ennola.fi\/index.php?rest_route=%2Fwp%2Fv2%2Ftags&post=350"}],"curies":[{"name":"wp","href":"https:\/\/api.w.org\/{rel}","templated":true}]}}