{"id":352,"date":"2017-01-11T23:36:39","date_gmt":"2017-01-11T21:36:39","guid":{"rendered":"https:\/\/blogi.ennola.fi\/?p=352"},"modified":"2020-06-08T08:20:08","modified_gmt":"2020-06-08T05:20:08","slug":"kaamosvaellus-kiilopaan-seutuvilla","status":"publish","type":"post","link":"https:\/\/blogi.ennola.fi\/?p=352","title":{"rendered":"Kaamosvaellus Kiilop\u00e4\u00e4n seutuvilla"},"content":{"rendered":"<p>T\u00e4m\u00e4n talven kaamosvaellus suuntautui Saarisel\u00e4lle Kiilop\u00e4\u00e4n maisemiin. Ajankohtana oli uudenvuoden tienoo ja kestoa reissulle tuli kuusi y\u00f6t\u00e4. Jollain tavalla valoisaa aikaa oli p\u00e4iv\u00e4st\u00e4 kuutisen tuntia, mist\u00e4 noin nelj\u00e4 tuntia oli riitt\u00e4v\u00e4n valoisaa valokuvaukseen ilman jalustaa. P\u00e4iv\u00e4n valoisan ajan pyrimme p\u00e4\u00e4s\u00e4\u00e4nt\u00f6isesti olemaan liikkeell\u00e4, jolloin hiihtomatkaa reissulla kertyi yhteens\u00e4 69 kilometri\u00e4. Muutamana iltana hiihdimme pitemp\u00e4\u00e4n viel\u00e4 pime\u00e4ss\u00e4kin. Vaellus keskittyi Kiilop\u00e4\u00e4n ymp\u00e4rist\u00f6\u00f6n, sill\u00e4 pidemm\u00e4lle meno olisi vaatinut pidempi\u00e4 aikoja hiihtoa pime\u00e4ss\u00e4.<\/p>\n<p>Vaikka kaamoksen viralliseen loppumiseen Saarisel\u00e4ll\u00e4 olikin viel\u00e4 aikaa muutama p\u00e4iv\u00e4, p\u00e4\u00e4simme viimeisen\u00e4 p\u00e4iv\u00e4n\u00e4 tunturin huipulta n\u00e4kem\u00e4\u00e4n auringon n. 50 minuutin ajan kunnes se meni piiloon Suku-Nattasen taakse. Saimme\u00a0 viel\u00e4 mahdollisuuden toiseen p\u00e4iv\u00e4\u00e4n, kun aurinko tuli viel\u00e4 uudestaan esiin Nattastunturien v\u00e4list\u00e4 vajaan kymmenen minuutin ajaksi.<\/p>\n<p>Pilvisin\u00e4 p\u00e4ivin\u00e4 tuli varsin v\u00e4h\u00e4n kuvatuksi, koska silloin valo ei juuri innostanut kuvaamiseen. My\u00f6hemmin kev\u00e4\u00e4ll\u00e4 valoa kuvaamiseen olisi paljon enemm\u00e4n ja pilvisin\u00e4 p\u00e4ivin\u00e4 kaamoksen h\u00e4m\u00e4r\u00e4\u00e4 ei kuviin oikein pysty vangitsemaan \u2013 kuvat n\u00e4ytt\u00e4v\u00e4t pelk\u00e4st\u00e4\u00e4n alivalottuneilta.<\/p>\n<p>Onneksi kolmena p\u00e4iv\u00e4n\u00e4 pilvet repeiliv\u00e4t ja auringon valo tarjosi maisemaan v\u00e4ri\u00e4 sek\u00e4 valojen ja varjojen vaihtelua. Kauniin s\u00e4\u00e4n varjopuolena oli luonnollisestikin kova pakkanen. L\u00e4mp\u00f6mittarin lukema tippui parhaimmillaan -34 asteen tuntumaan, mik\u00e4 tietenkin toi omat haasteensa kuvaamiseen. Erillisell\u00e4 akulla, jota pidin takin alla, kuvaaminen kuitenkin sujui ongelmitta.<\/p>\n<p>Kahtena viimeisen\u00e4 iltana luonto tarjosi meille mit\u00e4 upeimmat revontulin\u00e4ytelm\u00e4t ja kun Niilanp\u00e4\u00e4n porok\u00e4mp\u00e4n pihassa maisemakin oli kohdallaan, sain kuvatuksi t\u00e4h\u00e4n menness\u00e4 parhaat revontulikuvani.<\/p>\n<div id=\"attachment_433\" style=\"width: 490px\" class=\"wp-caption aligncenter\"><a href=\"https:\/\/blogi.ennola.fi\/wp-content\/uploads\/2017\/01\/Saariselka_Panorama3.jpg\" rel=\"lightbox[352]\"><img loading=\"lazy\" decoding=\"async\" aria-describedby=\"caption-attachment-433\" class=\"wp-image-433 size-full\" title=\"Kutturap\u00e4\u00e4t ja Rautup\u00e4\u00e4 kehyst\u00e4v\u00e4t Rautuojan laaksoa.\" src=\"https:\/\/blogi.ennola.fi\/wp-content\/uploads\/2017\/01\/Saariselka_Panorama3-1.jpg\" alt=\"\" width=\"480\" height=\"104\" srcset=\"https:\/\/blogi.ennola.fi\/wp-content\/uploads\/2017\/01\/Saariselka_Panorama3-1.jpg 480w, https:\/\/blogi.ennola.fi\/wp-content\/uploads\/2017\/01\/Saariselka_Panorama3-1-150x33.jpg 150w\" sizes=\"(max-width: 480px) 100vw, 480px\" \/><\/a><p id=\"caption-attachment-433\" class=\"wp-caption-text\">Kutturap\u00e4\u00e4t ja Rautup\u00e4\u00e4 kehyst\u00e4v\u00e4t Rautuojan laaksoa.<\/p><\/div>\n<div id=\"attachment_435\" style=\"width: 490px\" class=\"wp-caption aligncenter\"><a href=\"https:\/\/blogi.ennola.fi\/wp-content\/uploads\/2017\/01\/Saariselka_Panorama5.jpg\" rel=\"lightbox[352]\"><img loading=\"lazy\" decoding=\"async\" aria-describedby=\"caption-attachment-435\" class=\"wp-image-435 size-full\" title=\"Raututunturin ja Aaslakkap\u00e4\u00e4n v\u00e4linen satula.\" src=\"https:\/\/blogi.ennola.fi\/wp-content\/uploads\/2017\/01\/Saariselka_Panorama5-1.jpg\" alt=\"\" width=\"480\" height=\"153\" srcset=\"https:\/\/blogi.ennola.fi\/wp-content\/uploads\/2017\/01\/Saariselka_Panorama5-1.jpg 480w, https:\/\/blogi.ennola.fi\/wp-content\/uploads\/2017\/01\/Saariselka_Panorama5-1-150x48.jpg 150w\" sizes=\"(max-width: 480px) 100vw, 480px\" \/><\/a><p id=\"caption-attachment-435\" class=\"wp-caption-text\">Raututunturin ja Aaslakkap\u00e4\u00e4n v\u00e4linen satula.<\/p><\/div>\n<div id=\"attachment_438\" style=\"width: 490px\" class=\"wp-caption aligncenter\"><a href=\"https:\/\/blogi.ennola.fi\/wp-content\/uploads\/2017\/01\/Saariselka_Panorama9.jpg\" rel=\"lightbox[352]\"><img loading=\"lazy\" decoding=\"async\" aria-describedby=\"caption-attachment-438\" class=\"wp-image-438 size-full\" title=\"Rautuoja.\" src=\"https:\/\/blogi.ennola.fi\/wp-content\/uploads\/2017\/01\/Saariselka_Panorama9-1.jpg\" alt=\"\" width=\"480\" height=\"237\" srcset=\"https:\/\/blogi.ennola.fi\/wp-content\/uploads\/2017\/01\/Saariselka_Panorama9-1.jpg 480w, https:\/\/blogi.ennola.fi\/wp-content\/uploads\/2017\/01\/Saariselka_Panorama9-1-150x74.jpg 150w\" sizes=\"(max-width: 480px) 100vw, 480px\" \/><\/a><p id=\"caption-attachment-438\" class=\"wp-caption-text\">Rautuoja.<\/p><\/div>\n<div id=\"attachment_439\" style=\"width: 490px\" class=\"wp-caption aligncenter\"><a href=\"https:\/\/blogi.ennola.fi\/wp-content\/uploads\/2017\/01\/Saariselka_Panorama11.jpg\" rel=\"lightbox[352]\"><img loading=\"lazy\" decoding=\"async\" aria-describedby=\"caption-attachment-439\" class=\"wp-image-439 size-full\" title=\"Aaslakkap\u00e4\u00e4.\" src=\"https:\/\/blogi.ennola.fi\/wp-content\/uploads\/2017\/01\/Saariselka_Panorama11-1.jpg\" alt=\"\" width=\"480\" height=\"92\" srcset=\"https:\/\/blogi.ennola.fi\/wp-content\/uploads\/2017\/01\/Saariselka_Panorama11-1.jpg 480w, https:\/\/blogi.ennola.fi\/wp-content\/uploads\/2017\/01\/Saariselka_Panorama11-1-150x29.jpg 150w\" sizes=\"(max-width: 480px) 100vw, 480px\" \/><\/a><p id=\"caption-attachment-439\" class=\"wp-caption-text\">Aaslakkap\u00e4\u00e4.<\/p><\/div>\n<div id=\"attachment_440\" style=\"width: 490px\" class=\"wp-caption aligncenter\"><a href=\"https:\/\/blogi.ennola.fi\/wp-content\/uploads\/2017\/01\/Saariselka_Panorama10.jpg\" rel=\"lightbox[352]\"><img loading=\"lazy\" decoding=\"async\" aria-describedby=\"caption-attachment-440\" class=\"wp-image-440 size-full\" title=\"Kopsusselk\u00e4.\" src=\"https:\/\/blogi.ennola.fi\/wp-content\/uploads\/2017\/01\/Saariselka_Panorama10-1.jpg\" alt=\"\" width=\"480\" height=\"89\" srcset=\"https:\/\/blogi.ennola.fi\/wp-content\/uploads\/2017\/01\/Saariselka_Panorama10-1.jpg 480w, https:\/\/blogi.ennola.fi\/wp-content\/uploads\/2017\/01\/Saariselka_Panorama10-1-150x28.jpg 150w\" sizes=\"(max-width: 480px) 100vw, 480px\" \/><\/a><p id=\"caption-attachment-440\" class=\"wp-caption-text\">Kopsusselk\u00e4.<\/p><\/div>\n<div id=\"attachment_437\" style=\"width: 490px\" class=\"wp-caption aligncenter\"><a href=\"https:\/\/blogi.ennola.fi\/wp-content\/uploads\/2017\/01\/Saariselka_Panorama12.jpg\" rel=\"lightbox[352]\"><img loading=\"lazy\" decoding=\"async\" aria-describedby=\"caption-attachment-437\" class=\"wp-image-437 size-full\" title=\"Aurinko on juuri kivunnut horisontin yl\u00e4puolelle.\" src=\"https:\/\/blogi.ennola.fi\/wp-content\/uploads\/2017\/01\/Saariselka_Panorama12-1.jpg\" alt=\"\" width=\"480\" height=\"104\" srcset=\"https:\/\/blogi.ennola.fi\/wp-content\/uploads\/2017\/01\/Saariselka_Panorama12-1.jpg 480w, https:\/\/blogi.ennola.fi\/wp-content\/uploads\/2017\/01\/Saariselka_Panorama12-1-150x33.jpg 150w\" sizes=\"(max-width: 480px) 100vw, 480px\" \/><\/a><p id=\"caption-attachment-437\" class=\"wp-caption-text\">Aurinko on juuri kivunnut horisontin yl\u00e4puolelle.<\/p><\/div>\n<div id=\"attachment_434\" style=\"width: 490px\" class=\"wp-caption aligncenter\"><a href=\"https:\/\/blogi.ennola.fi\/wp-content\/uploads\/2017\/01\/Saariselka_Panorama4.jpg\" rel=\"lightbox[352]\"><img loading=\"lazy\" decoding=\"async\" aria-describedby=\"caption-attachment-434\" class=\"wp-image-434 size-full\" title=\"Kopsusp\u00e4\u00e4ll\u00e4 keskip\u00e4iv\u00e4n aurinko kohoaa juuri Nattastunturien tasalle.\" src=\"https:\/\/blogi.ennola.fi\/wp-content\/uploads\/2017\/01\/Saariselka_Panorama4-1.jpg\" alt=\"\" width=\"480\" height=\"161\" srcset=\"https:\/\/blogi.ennola.fi\/wp-content\/uploads\/2017\/01\/Saariselka_Panorama4-1.jpg 480w, https:\/\/blogi.ennola.fi\/wp-content\/uploads\/2017\/01\/Saariselka_Panorama4-1-150x50.jpg 150w\" sizes=\"(max-width: 480px) 100vw, 480px\" \/><\/a><p id=\"caption-attachment-434\" class=\"wp-caption-text\">Kopsusp\u00e4\u00e4ll\u00e4 keskip\u00e4iv\u00e4n aurinko kohoaa juuri Nattastunturien tasalle.<\/p><\/div>\n<div id=\"attachment_430\" style=\"width: 490px\" class=\"wp-caption aligncenter\"><a href=\"https:\/\/blogi.ennola.fi\/wp-content\/uploads\/2017\/01\/Saariselka_Panorama7.jpg\" rel=\"lightbox[352]\"><img loading=\"lazy\" decoding=\"async\" aria-describedby=\"caption-attachment-430\" class=\"wp-image-430 size-full\" title=\"Kopsusp\u00e4\u00e4t\u00e4 pohjoiseen.\" src=\"https:\/\/blogi.ennola.fi\/wp-content\/uploads\/2017\/01\/Saariselka_Panorama7-1.jpg\" alt=\"\" width=\"480\" height=\"91\" srcset=\"https:\/\/blogi.ennola.fi\/wp-content\/uploads\/2017\/01\/Saariselka_Panorama7-1.jpg 480w, https:\/\/blogi.ennola.fi\/wp-content\/uploads\/2017\/01\/Saariselka_Panorama7-1-150x28.jpg 150w\" sizes=\"(max-width: 480px) 100vw, 480px\" \/><\/a><p id=\"caption-attachment-430\" class=\"wp-caption-text\">Kopsusp\u00e4\u00e4t\u00e4 pohjoiseen.<\/p><\/div>\n<div id=\"attachment_432\" style=\"width: 490px\" class=\"wp-caption aligncenter\"><a href=\"https:\/\/blogi.ennola.fi\/wp-content\/uploads\/2017\/01\/Saariselka_Panorama2.jpg\" rel=\"lightbox[352]\"><img loading=\"lazy\" decoding=\"async\" aria-describedby=\"caption-attachment-432\" class=\"wp-image-432 size-full\" title=\"Raututuntureita.\" src=\"https:\/\/blogi.ennola.fi\/wp-content\/uploads\/2017\/01\/Saariselka_Panorama2-1.jpg\" alt=\"\" width=\"480\" height=\"120\" srcset=\"https:\/\/blogi.ennola.fi\/wp-content\/uploads\/2017\/01\/Saariselka_Panorama2-1.jpg 480w, https:\/\/blogi.ennola.fi\/wp-content\/uploads\/2017\/01\/Saariselka_Panorama2-1-150x38.jpg 150w\" sizes=\"(max-width: 480px) 100vw, 480px\" \/><\/a><p id=\"caption-attachment-432\" class=\"wp-caption-text\">Raututuntureita.<\/p><\/div>\n<div id=\"attachment_429\" style=\"width: 490px\" class=\"wp-caption aligncenter\"><a href=\"https:\/\/blogi.ennola.fi\/wp-content\/uploads\/2017\/01\/Saariselka_Panorama8.jpg\" rel=\"lightbox[352]\"><img loading=\"lazy\" decoding=\"async\" aria-describedby=\"caption-attachment-429\" class=\"wp-image-429 size-full\" title=\"Niilanp\u00e4\u00e4n vanhan poroerotuspaikan maisemia.\" src=\"https:\/\/blogi.ennola.fi\/wp-content\/uploads\/2017\/01\/Saariselka_Panorama8-1.jpg\" alt=\"\" width=\"480\" height=\"139\" srcset=\"https:\/\/blogi.ennola.fi\/wp-content\/uploads\/2017\/01\/Saariselka_Panorama8-1.jpg 480w, https:\/\/blogi.ennola.fi\/wp-content\/uploads\/2017\/01\/Saariselka_Panorama8-1-150x43.jpg 150w\" sizes=\"(max-width: 480px) 100vw, 480px\" \/><\/a><p id=\"caption-attachment-429\" class=\"wp-caption-text\">Niilanp\u00e4\u00e4n vanhan poroerotuspaikan maisemia.<\/p><\/div>\n<div id=\"attachment_436\" style=\"width: 490px\" class=\"wp-caption aligncenter\"><a href=\"https:\/\/blogi.ennola.fi\/wp-content\/uploads\/2017\/01\/Saariselka_Panorama1.jpg\" rel=\"lightbox[352]\"><img loading=\"lazy\" decoding=\"async\" aria-describedby=\"caption-attachment-436\" class=\"wp-image-436 size-full\" title=\"Revontulten ilotulitusta Niilanp\u00e4\u00e4n yll\u00e4.\" src=\"https:\/\/blogi.ennola.fi\/wp-content\/uploads\/2017\/01\/Saariselka_Panorama1-1.jpg\" alt=\"\" width=\"480\" height=\"137\" srcset=\"https:\/\/blogi.ennola.fi\/wp-content\/uploads\/2017\/01\/Saariselka_Panorama1-1.jpg 480w, https:\/\/blogi.ennola.fi\/wp-content\/uploads\/2017\/01\/Saariselka_Panorama1-1-150x43.jpg 150w\" sizes=\"(max-width: 480px) 100vw, 480px\" \/><\/a><p id=\"caption-attachment-436\" class=\"wp-caption-text\">Revontulten ilotulitusta Niilanp\u00e4\u00e4n yll\u00e4.<\/p><\/div>\n<div id=\"attachment_431\" style=\"width: 490px\" class=\"wp-caption aligncenter\"><a href=\"https:\/\/blogi.ennola.fi\/wp-content\/uploads\/2017\/01\/Saariselka_Panorama6.jpg\" rel=\"lightbox[352]\"><img loading=\"lazy\" decoding=\"async\" aria-describedby=\"caption-attachment-431\" class=\"wp-image-431 size-full\" title=\"Lumista mets\u00e4\u00e4 polun varresta juuri ennen Kiilop\u00e4\u00e4t\u00e4.\" src=\"https:\/\/blogi.ennola.fi\/wp-content\/uploads\/2017\/01\/Saariselka_Panorama6-1.jpg\" alt=\"\" width=\"480\" height=\"175\" srcset=\"https:\/\/blogi.ennola.fi\/wp-content\/uploads\/2017\/01\/Saariselka_Panorama6-1.jpg 480w, https:\/\/blogi.ennola.fi\/wp-content\/uploads\/2017\/01\/Saariselka_Panorama6-1-150x55.jpg 150w\" sizes=\"(max-width: 480px) 100vw, 480px\" \/><\/a><p id=\"caption-attachment-431\" class=\"wp-caption-text\">Lumista mets\u00e4\u00e4 polun varresta juuri ennen Kiilop\u00e4\u00e4t\u00e4.<\/p><\/div>\n","protected":false},"excerpt":{"rendered":"<p>T\u00e4m\u00e4n talven kaamosvaellus suuntautui Saarisel\u00e4lle Kiilop\u00e4\u00e4n maisemiin. Ajankohtana oli uudenvuoden tienoo ja kestoa reissulle tuli kuusi y\u00f6t\u00e4. Jollain tavalla valoisaa aikaa oli p\u00e4iv\u00e4st\u00e4 kuutisen tuntia, mist\u00e4 noin nelj\u00e4&#8230;<\/p>\n","protected":false},"author":1,"featured_media":417,"comment_status":"open","ping_status":"open","sticky":false,"template":"","format":"standard","meta":{"footnotes":""},"categories":[23,4,3],"tags":[],"_links":{"self":[{"href":"https:\/\/blogi.ennola.fi\/index.php?rest_route=\/wp\/v2\/posts\/352"}],"collection":[{"href":"https:\/\/blogi.ennola.fi\/index.php?rest_route=\/wp\/v2\/posts"}],"about":[{"href":"https:\/\/blogi.ennola.fi\/index.php?rest_route=\/wp\/v2\/types\/post"}],"author":[{"embeddable":true,"href":"https:\/\/blogi.ennola.fi\/index.php?rest_route=\/wp\/v2\/users\/1"}],"replies":[{"embeddable":true,"href":"https:\/\/blogi.ennola.fi\/index.php?rest_route=%2Fwp%2Fv2%2Fcomments&post=352"}],"version-history":[{"count":4,"href":"https:\/\/blogi.ennola.fi\/index.php?rest_route=\/wp\/v2\/posts\/352\/revisions"}],"predecessor-version":[{"id":5040,"href":"https:\/\/blogi.ennola.fi\/index.php?rest_route=\/wp\/v2\/posts\/352\/revisions\/5040"}],"wp:featuredmedia":[{"embeddable":true,"href":"https:\/\/blogi.ennola.fi\/index.php?rest_route=\/wp\/v2\/media\/417"}],"wp:attachment":[{"href":"https:\/\/blogi.ennola.fi\/index.php?rest_route=%2Fwp%2Fv2%2Fmedia&parent=352"}],"wp:term":[{"taxonomy":"category","embeddable":true,"href":"https:\/\/blogi.ennola.fi\/index.php?rest_route=%2Fwp%2Fv2%2Fcategories&post=352"},{"taxonomy":"post_tag","embeddable":true,"href":"https:\/\/blogi.ennola.fi\/index.php?rest_route=%2Fwp%2Fv2%2Ftags&post=352"}],"curies":[{"name":"wp","href":"https:\/\/api.w.org\/{rel}","templated":true}]}}