{"id":3524,"date":"2018-02-15T20:18:45","date_gmt":"2018-02-15T18:18:45","guid":{"rendered":"https:\/\/blogi.ennola.fi\/?p=3524"},"modified":"2019-05-15T20:52:58","modified_gmt":"2019-05-15T17:52:58","slug":"helmikuinen-jurmon-ymparimelonta","status":"publish","type":"post","link":"https:\/\/blogi.ennola.fi\/?p=3524","title":{"rendered":"Helmikuinen Jurmon ymp\u00e4rimelonta"},"content":{"rendered":"<p>Helmikuun ensimm\u00e4isen\u00e4 viikonloppuna Esko junaili kaveriporukalleen retken Jurmoon. Yhteysalus kuljetti meid\u00e4t perjantai-iltana pime\u00e4\u00e4n ulkosaaristoon ja sunnuntai-iltap\u00e4iv\u00e4ll\u00e4 takaisin. Majoituimme puolijoukkueteltassa viralliselle leiripaikalle ja olimme varanneet riitt\u00e4v\u00e4sti polttopuita kamiinaa varten. Retken puitteet olivat siis kunnossa kovempiinkin pakkasiin. Valitettavasti vain puolijoukkueteltan kiinnitt\u00e4minen j\u00e4iseen maahan ei ollut aivan helppoa. Niinp\u00e4 tuuli v\u00e4h\u00e4n irrotteli naruja, joita saimme muutamaan kertaan kiinnitell\u00e4 uudestaan paikalleen.<\/p>\n<p>Ohjelmassa saaressa oli vapaamuotoista valokuvausta, saarella k\u00e4vely\u00e4 ja maisemien ihailua. Min\u00e4 ja Esko p\u00e4\u00e4timme k\u00e4ytt\u00e4\u00e4 lauantain melontaan saaren ymp\u00e4ri. Lyhyen maatauon p\u00e4\u00e4timme pit\u00e4\u00e4 saaren etel\u00e4puolella olevalla Sandvikharunilla, miss\u00e4 on vanhoja Jurmolaisten kalamajoja. S\u00e4\u00e4 melontaretkell\u00e4 ei ollut ihan paras mahdollinen: napakkaa tuulta ja r\u00e4nt\u00e4sadetta. Kuivapuku ja sen alla l\u00e4mpim\u00e4t vaatteet kuitenkin mahdollistaa melomisen kylm\u00e4ss\u00e4kin s\u00e4\u00e4ss\u00e4.<\/p>\n<div id=\"attachment_3059\" style=\"width: 460px\" class=\"wp-caption aligncenter\"><a href=\"https:\/\/blogi.ennola.fi\/wp-content\/uploads\/2018\/02\/melonta.jpg\" rel=\"lightbox[3524]\"><img loading=\"lazy\" decoding=\"async\" aria-describedby=\"caption-attachment-3059\" class=\"wp-image-3059 size-full\" title=\"Merisirrej\u00e4 Sandvikharun rannassa (kuva: Esko Sorakunnas).\" src=\"https:\/\/blogi.ennola.fi\/wp-content\/uploads\/2018\/02\/melontap.jpg\" alt=\"\" width=\"450\" height=\"338\" srcset=\"https:\/\/blogi.ennola.fi\/wp-content\/uploads\/2018\/02\/melontap.jpg 450w, https:\/\/blogi.ennola.fi\/wp-content\/uploads\/2018\/02\/melontap-150x113.jpg 150w\" sizes=\"(max-width: 450px) 100vw, 450px\" \/><\/a><p id=\"caption-attachment-3059\" class=\"wp-caption-text\">Merisirrej\u00e4 Sandvikharun rannassa (kuva: Esko Sorakunnas).<\/p><\/div>\n<p>Lintu ja luontoharrastajille talvisessa Jurmossa on yksi kohde ylitse muiden: merisirrit. Merisirrit saapuvat pohjoisesta talvehtimaan ulkosaariston sulille rannoille ja Jurmo onkin yksi varmimpia paikkoja n\u00e4hd\u00e4 merisirrej\u00e4. Muille retkel\u00e4isill\u00e4 ei ollut onnea n\u00e4hd\u00e4 lintuja, mutta kajakilla saaria kiert\u00e4ess\u00e4 n\u00e4imme useammankin kerran merisirriparven. Sandvikharunilla saatoimme hiljaa meloen p\u00e4\u00e4st\u00e4 aivan sirrien viereen.<\/p>\n<p>Koko lauantain satoi r\u00e4nt\u00e4\u00e4, mutta sunnuntai valkenikin sitten kauniissa s\u00e4\u00e4ss\u00e4. Saari oli saanut ylleen kauniin valkoisen asun, mik\u00e4 n\u00e4in nykyisin alkaa olla jo melko harvinaista talvellakin.<\/p>\n<div id=\"attachment_3529\" style=\"width: 490px\" class=\"wp-caption aligncenter\"><a href=\"https:\/\/blogi.ennola.fi\/wp-content\/uploads\/2019\/04\/Jurmo_Panorama2b.jpg\" rel=\"lightbox[3524]\"><img loading=\"lazy\" decoding=\"async\" aria-describedby=\"caption-attachment-3529\" class=\"wp-image-3529 size-full\" title=\"Sandvikharun.\" src=\"https:\/\/blogi.ennola.fi\/wp-content\/uploads\/2019\/04\/Jurmo_Panorama2b-1.jpg\" alt=\"\" width=\"480\" height=\"74\" srcset=\"https:\/\/blogi.ennola.fi\/wp-content\/uploads\/2019\/04\/Jurmo_Panorama2b-1.jpg 480w, https:\/\/blogi.ennola.fi\/wp-content\/uploads\/2019\/04\/Jurmo_Panorama2b-1-150x23.jpg 150w\" sizes=\"(max-width: 480px) 100vw, 480px\" \/><\/a><p id=\"caption-attachment-3529\" class=\"wp-caption-text\">Sandvikharun.<\/p><\/div>\n<div id=\"attachment_3531\" style=\"width: 490px\" class=\"wp-caption aligncenter\"><a href=\"https:\/\/blogi.ennola.fi\/wp-content\/uploads\/2019\/04\/Jurmo_Panorama4b.jpg\" rel=\"lightbox[3524]\"><img loading=\"lazy\" decoding=\"async\" aria-describedby=\"caption-attachment-3531\" class=\"wp-image-3531 size-full\" title=\"Estrevlarna.\" src=\"https:\/\/blogi.ennola.fi\/wp-content\/uploads\/2019\/04\/Jurmo_Panorama4b-1.jpg\" alt=\"\" width=\"480\" height=\"98\" srcset=\"https:\/\/blogi.ennola.fi\/wp-content\/uploads\/2019\/04\/Jurmo_Panorama4b-1.jpg 480w, https:\/\/blogi.ennola.fi\/wp-content\/uploads\/2019\/04\/Jurmo_Panorama4b-1-150x31.jpg 150w\" sizes=\"(max-width: 480px) 100vw, 480px\" \/><\/a><p id=\"caption-attachment-3531\" class=\"wp-caption-text\">Estrevlarna.<\/p><\/div>\n<div id=\"attachment_3532\" style=\"width: 490px\" class=\"wp-caption aligncenter\"><a href=\"https:\/\/blogi.ennola.fi\/wp-content\/uploads\/2019\/04\/Jurmo_Panorama1b.jpg\" rel=\"lightbox[3524]\"><img loading=\"lazy\" decoding=\"async\" aria-describedby=\"caption-attachment-3532\" class=\"wp-image-3532 size-full\" title=\"Estrevlarna, l\u00e4ntisin k\u00e4rki.\" src=\"https:\/\/blogi.ennola.fi\/wp-content\/uploads\/2019\/04\/Jurmo_Panorama1b-1.jpg\" alt=\"\" width=\"480\" height=\"104\" srcset=\"https:\/\/blogi.ennola.fi\/wp-content\/uploads\/2019\/04\/Jurmo_Panorama1b-1.jpg 480w, https:\/\/blogi.ennola.fi\/wp-content\/uploads\/2019\/04\/Jurmo_Panorama1b-1-150x33.jpg 150w\" sizes=\"(max-width: 480px) 100vw, 480px\" \/><\/a><p id=\"caption-attachment-3532\" class=\"wp-caption-text\">Estrevlarna, l\u00e4ntisin k\u00e4rki.<\/p><\/div>\n<div id=\"attachment_3530\" style=\"width: 490px\" class=\"wp-caption aligncenter\"><a href=\"https:\/\/blogi.ennola.fi\/wp-content\/uploads\/2019\/04\/Jurmo_Panorama3b.jpg\" rel=\"lightbox[3524]\"><img loading=\"lazy\" decoding=\"async\" aria-describedby=\"caption-attachment-3530\" class=\"wp-image-3530 size-full\" title=\"V\u00e4sterrevet ja Moringharu.\" src=\"https:\/\/blogi.ennola.fi\/wp-content\/uploads\/2019\/04\/Jurmo_Panorama3b-1.jpg\" alt=\"\" width=\"480\" height=\"170\" srcset=\"https:\/\/blogi.ennola.fi\/wp-content\/uploads\/2019\/04\/Jurmo_Panorama3b-1.jpg 480w, https:\/\/blogi.ennola.fi\/wp-content\/uploads\/2019\/04\/Jurmo_Panorama3b-1-150x53.jpg 150w\" sizes=\"(max-width: 480px) 100vw, 480px\" \/><\/a><p id=\"caption-attachment-3530\" class=\"wp-caption-text\">V\u00e4sterrevet ja Moringharu.<\/p><\/div>\n","protected":false},"excerpt":{"rendered":"<p>Helmikuun ensimm\u00e4isen\u00e4 viikonloppuna Esko junaili kaveriporukalleen retken Jurmoon. Yhteysalus kuljetti meid\u00e4t perjantai-iltana pime\u00e4\u00e4n ulkosaaristoon ja sunnuntai-iltap\u00e4iv\u00e4ll\u00e4 takaisin. Majoituimme puolijoukkueteltassa viralliselle leiripaikalle ja olimme varanneet riitt\u00e4v\u00e4sti polttopuita kamiinaa varten&#8230;.<\/p>\n","protected":false},"author":1,"featured_media":3533,"comment_status":"open","ping_status":"open","sticky":false,"template":"","format":"standard","meta":{"footnotes":""},"categories":[4,8,3],"tags":[],"_links":{"self":[{"href":"https:\/\/blogi.ennola.fi\/index.php?rest_route=\/wp\/v2\/posts\/3524"}],"collection":[{"href":"https:\/\/blogi.ennola.fi\/index.php?rest_route=\/wp\/v2\/posts"}],"about":[{"href":"https:\/\/blogi.ennola.fi\/index.php?rest_route=\/wp\/v2\/types\/post"}],"author":[{"embeddable":true,"href":"https:\/\/blogi.ennola.fi\/index.php?rest_route=\/wp\/v2\/users\/1"}],"replies":[{"embeddable":true,"href":"https:\/\/blogi.ennola.fi\/index.php?rest_route=%2Fwp%2Fv2%2Fcomments&post=3524"}],"version-history":[{"count":5,"href":"https:\/\/blogi.ennola.fi\/index.php?rest_route=\/wp\/v2\/posts\/3524\/revisions"}],"predecessor-version":[{"id":3634,"href":"https:\/\/blogi.ennola.fi\/index.php?rest_route=\/wp\/v2\/posts\/3524\/revisions\/3634"}],"wp:featuredmedia":[{"embeddable":true,"href":"https:\/\/blogi.ennola.fi\/index.php?rest_route=\/wp\/v2\/media\/3533"}],"wp:attachment":[{"href":"https:\/\/blogi.ennola.fi\/index.php?rest_route=%2Fwp%2Fv2%2Fmedia&parent=3524"}],"wp:term":[{"taxonomy":"category","embeddable":true,"href":"https:\/\/blogi.ennola.fi\/index.php?rest_route=%2Fwp%2Fv2%2Fcategories&post=3524"},{"taxonomy":"post_tag","embeddable":true,"href":"https:\/\/blogi.ennola.fi\/index.php?rest_route=%2Fwp%2Fv2%2Ftags&post=3524"}],"curies":[{"name":"wp","href":"https:\/\/api.w.org\/{rel}","templated":true}]}}