{"id":3541,"date":"2016-09-27T22:37:16","date_gmt":"2016-09-27T19:37:16","guid":{"rendered":"https:\/\/blogi.ennola.fi\/?p=3541"},"modified":"2020-07-06T22:38:19","modified_gmt":"2020-07-06T19:38:19","slug":"panoraamoja-kuusamosta-osa-ix","status":"publish","type":"post","link":"https:\/\/blogi.ennola.fi\/?p=3541","title":{"rendered":"Panoraamoja Kuusamosta (osa IX)"},"content":{"rendered":"<p>Syyskuun alussa tein toistaiseksi viimeisen ty\u00f6reissun Kuusamoon oppilaiden kanssa. Kurssi on liittynyt seikkailukasvatuksen opintokokonaisuuteen, joka sittemmin on j\u00e4\u00e4nyt pois koulun opinto-ohjelmasta ainakin toistaiseksi. Yhteens\u00e4 seitsem\u00e4n reissua ehdinkin jo tehd\u00e4, joiden aikana Karhunkierroksen maisemat ovat tulleet tutuiksi. Ei kuitenkaan voi sanoa, ett\u00e4 olisin kyll\u00e4stynyt n\u00e4ihin maisemiin, sill\u00e4 joka kerta vaihtelevat s\u00e4\u00e4t ja vuodenajat tekev\u00e4t maisemista erilaisia.<\/p>\n<p>Tietty\u00e4 urautumista on kuitenkin kuvauskohteissa ollut havaittavissa. P\u00e4hk\u00e4n\u00e4nkallion n\u00e4k\u00f6alapaikalla ja tietyss\u00e4 Oulankajoen mutkassa olen joka kerta pys\u00e4htynyt kuvaamaan, vaikken olekaan ollut varma, ett\u00e4 olisin joka kerta saanut parempia kuvia kuin viimeksi. P\u00e4invastoin, aika harvoin sit\u00e4 pystyy my\u00f6hemmill\u00e4 kerroilla ylitt\u00e4m\u00e4\u00e4n ensimm\u00e4isen kerran oivallusta. Ristikalliota olen jo monta vuotta yritt\u00e4nyt saada kuvatuksi, mutta se ei ole kuvaksi saakka minulle antautunut. Usein s\u00e4\u00e4t ei ole olleet suotuisat, mutta nyt se ei olisi ollut ongelma. S\u00e4\u00e4 oli hyv\u00e4, mutten kyennyt l\u00f6yt\u00e4m\u00e4\u00e4n kuvauspaikkaa, josta olisi t\u00e4yden panoraaman pystynyt kuvaamaan ilman h\u00e4iritsevi\u00e4 puita etualalla. Jos viel\u00e4 palaan paikalle, pit\u00e4\u00e4 yritt\u00e4\u00e4 jotain ihan muuta l\u00e4hestymistapaa.<\/p>\n<p>Reissu oli taas siirtynyt viel\u00e4 viikon my\u00f6h\u00e4isemm\u00e4ksi viime vuodesta, joten kelit olivat jo varsin syksyisen harmaat. Toki auringonpaistettakin viikkoon mahtui ihan riitt\u00e4v\u00e4sti. Koivut olivat alkaneet jo pukeutua syksyn v\u00e4reihin, vaikka komeimpaan ruska-aikaan varmastikin oli viel\u00e4 muutama viikko aikaa. Ehk\u00e4 mieleenpainuvimman valot olivat t\u00e4ll\u00e4 reissulla muutamana kirkkaana y\u00f6n\u00e4, jolloin upeat ja v\u00e4rikk\u00e4\u00e4t revontulet valaisivat y\u00f6taivaan. Harvoin p\u00e4\u00e4see niin komeita revontulia ihastelemaan.<\/p>\n<div id=\"attachment_3550\" style=\"width: 490px\" class=\"wp-caption aligncenter\"><a href=\"https:\/\/blogi.ennola.fi\/wp-content\/uploads\/2019\/05\/Kuusamo_Panorama2b.jpg\" rel=\"lightbox[3541]\"><img loading=\"lazy\" decoding=\"async\" aria-describedby=\"caption-attachment-3550\" class=\"wp-image-3550 size-full\" title=\"Aventojoki aamu-usvassa.\" src=\"https:\/\/blogi.ennola.fi\/wp-content\/uploads\/2019\/05\/Kuusamo_Panorama2b-1.jpg\" alt=\"\" width=\"480\" height=\"96\" srcset=\"https:\/\/blogi.ennola.fi\/wp-content\/uploads\/2019\/05\/Kuusamo_Panorama2b-1.jpg 480w, https:\/\/blogi.ennola.fi\/wp-content\/uploads\/2019\/05\/Kuusamo_Panorama2b-1-150x30.jpg 150w\" sizes=\"(max-width: 480px) 100vw, 480px\" \/><\/a><p id=\"caption-attachment-3550\" class=\"wp-caption-text\">Aventojoki aamu-usvassa.<\/p><\/div>\n<div id=\"attachment_3549\" style=\"width: 490px\" class=\"wp-caption aligncenter\"><a href=\"https:\/\/blogi.ennola.fi\/wp-content\/uploads\/2019\/05\/Kuusamo_Panorama3b.jpg\" rel=\"lightbox[3541]\"><img loading=\"lazy\" decoding=\"async\" aria-describedby=\"caption-attachment-3549\" class=\"wp-image-3549 size-full\" title=\"Taivalk\u00f6ng\u00e4s.\" src=\"https:\/\/blogi.ennola.fi\/wp-content\/uploads\/2019\/05\/Kuusamo_Panorama3b-1.jpg\" alt=\"\" width=\"480\" height=\"119\" srcset=\"https:\/\/blogi.ennola.fi\/wp-content\/uploads\/2019\/05\/Kuusamo_Panorama3b-1.jpg 480w, https:\/\/blogi.ennola.fi\/wp-content\/uploads\/2019\/05\/Kuusamo_Panorama3b-1-150x37.jpg 150w\" sizes=\"(max-width: 480px) 100vw, 480px\" \/><\/a><p id=\"caption-attachment-3549\" class=\"wp-caption-text\">Taivalk\u00f6ng\u00e4s.<\/p><\/div>\n<div id=\"attachment_3551\" style=\"width: 490px\" class=\"wp-caption aligncenter\"><a href=\"https:\/\/blogi.ennola.fi\/wp-content\/uploads\/2019\/05\/Kuusamo_Panorama1b.jpg\" rel=\"lightbox[3541]\"><img loading=\"lazy\" decoding=\"async\" aria-describedby=\"caption-attachment-3551\" class=\"wp-image-3551 size-full\" title=\"Revontulet Oulankajoen kanjonin yll\u00e4. \" src=\"https:\/\/blogi.ennola.fi\/wp-content\/uploads\/2019\/05\/Kuusamo_Panorama1b-1.jpg\" alt=\"\" width=\"480\" height=\"245\" srcset=\"https:\/\/blogi.ennola.fi\/wp-content\/uploads\/2019\/05\/Kuusamo_Panorama1b-1.jpg 480w, https:\/\/blogi.ennola.fi\/wp-content\/uploads\/2019\/05\/Kuusamo_Panorama1b-1-150x77.jpg 150w\" sizes=\"(max-width: 480px) 100vw, 480px\" \/><\/a><p id=\"caption-attachment-3551\" class=\"wp-caption-text\">Revontulet Oulankajoen kanjonin yll\u00e4.<\/p><\/div>\n<div id=\"attachment_3555\" style=\"width: 490px\" class=\"wp-caption aligncenter\"><a href=\"https:\/\/blogi.ennola.fi\/wp-content\/uploads\/2019\/05\/Kuusamo_Panorama4b.jpg\" rel=\"lightbox[3541]\"><img loading=\"lazy\" decoding=\"async\" aria-describedby=\"caption-attachment-3555\" class=\"wp-image-3555 size-full\" title=\"Kiutak\u00f6nk\u00e4\u00e4n kuohuja.\" src=\"https:\/\/blogi.ennola.fi\/wp-content\/uploads\/2019\/05\/Kuusamo_Panorama4b-1.jpg\" alt=\"\" width=\"480\" height=\"144\" srcset=\"https:\/\/blogi.ennola.fi\/wp-content\/uploads\/2019\/05\/Kuusamo_Panorama4b-1.jpg 480w, https:\/\/blogi.ennola.fi\/wp-content\/uploads\/2019\/05\/Kuusamo_Panorama4b-1-150x45.jpg 150w\" sizes=\"(max-width: 480px) 100vw, 480px\" \/><\/a><p id=\"caption-attachment-3555\" class=\"wp-caption-text\">Kiutak\u00f6nk\u00e4\u00e4n kuohuja.<\/p><\/div>\n<div id=\"attachment_3552\" style=\"width: 490px\" class=\"wp-caption aligncenter\"><a href=\"https:\/\/blogi.ennola.fi\/wp-content\/uploads\/2019\/05\/Kuusamo_Panorama7b.jpg\" rel=\"lightbox[3541]\"><img loading=\"lazy\" decoding=\"async\" aria-describedby=\"caption-attachment-3552\" class=\"wp-image-3552 size-full\" title=\"Yksi komeimmista Oulankajoen mutkista.\" src=\"https:\/\/blogi.ennola.fi\/wp-content\/uploads\/2019\/05\/Kuusamo_Panorama7b-1.jpg\" alt=\"\" width=\"480\" height=\"194\" srcset=\"https:\/\/blogi.ennola.fi\/wp-content\/uploads\/2019\/05\/Kuusamo_Panorama7b-1.jpg 480w, https:\/\/blogi.ennola.fi\/wp-content\/uploads\/2019\/05\/Kuusamo_Panorama7b-1-150x61.jpg 150w\" sizes=\"(max-width: 480px) 100vw, 480px\" \/><\/a><p id=\"caption-attachment-3552\" class=\"wp-caption-text\">Yksi komeimmista Oulankajoen mutkista.<\/p><\/div>\n<div id=\"attachment_3554\" style=\"width: 490px\" class=\"wp-caption aligncenter\"><a href=\"https:\/\/blogi.ennola.fi\/wp-content\/uploads\/2019\/05\/Kuusamo_Panorama5b.jpg\" rel=\"lightbox[3541]\"><img loading=\"lazy\" decoding=\"async\" aria-describedby=\"caption-attachment-3554\" class=\"wp-image-3554 size-full\" title=\"Pitkospuut ylitt\u00e4v\u00e4t suon Kitkaniemell\u00e4.\" src=\"https:\/\/blogi.ennola.fi\/wp-content\/uploads\/2019\/05\/Kuusamo_Panorama5b-1.jpg\" alt=\"\" width=\"480\" height=\"105\" srcset=\"https:\/\/blogi.ennola.fi\/wp-content\/uploads\/2019\/05\/Kuusamo_Panorama5b-1.jpg 480w, https:\/\/blogi.ennola.fi\/wp-content\/uploads\/2019\/05\/Kuusamo_Panorama5b-1-150x33.jpg 150w\" sizes=\"(max-width: 480px) 100vw, 480px\" \/><\/a><p id=\"caption-attachment-3554\" class=\"wp-caption-text\">Pitkospuut ylitt\u00e4v\u00e4t suon Kitkaniemell\u00e4.<\/p><\/div>\n<div id=\"attachment_3553\" style=\"width: 490px\" class=\"wp-caption aligncenter\"><a href=\"https:\/\/blogi.ennola.fi\/wp-content\/uploads\/2019\/05\/Kuusamo_Panorama6b.jpg\" rel=\"lightbox[3541]\"><img loading=\"lazy\" decoding=\"async\" aria-describedby=\"caption-attachment-3553\" class=\"wp-image-3553 size-full\" title=\"Paljon kuvattu Kitkajoen mutka P\u00e4hk\u00e4n\u00e4nkalliolta.\" src=\"https:\/\/blogi.ennola.fi\/wp-content\/uploads\/2019\/05\/Kuusamo_Panorama6b-1.jpg\" alt=\"\" width=\"480\" height=\"232\" srcset=\"https:\/\/blogi.ennola.fi\/wp-content\/uploads\/2019\/05\/Kuusamo_Panorama6b-1.jpg 480w, https:\/\/blogi.ennola.fi\/wp-content\/uploads\/2019\/05\/Kuusamo_Panorama6b-1-150x73.jpg 150w\" sizes=\"(max-width: 480px) 100vw, 480px\" \/><\/a><p id=\"caption-attachment-3553\" class=\"wp-caption-text\">Paljon kuvattu Kitkajoen mutka P\u00e4hk\u00e4n\u00e4nkalliolta.<\/p><\/div>\n","protected":false},"excerpt":{"rendered":"<p>Syyskuun alussa tein toistaiseksi viimeisen ty\u00f6reissun Kuusamoon oppilaiden kanssa. Kurssi on liittynyt seikkailukasvatuksen opintokokonaisuuteen, joka sittemmin on j\u00e4\u00e4nyt pois koulun opinto-ohjelmasta ainakin toistaiseksi. Yhteens\u00e4 seitsem\u00e4n reissua ehdinkin jo&#8230;<\/p>\n","protected":false},"author":1,"featured_media":3556,"comment_status":"open","ping_status":"open","sticky":false,"template":"","format":"standard","meta":{"footnotes":""},"categories":[10,4,27],"tags":[],"_links":{"self":[{"href":"https:\/\/blogi.ennola.fi\/index.php?rest_route=\/wp\/v2\/posts\/3541"}],"collection":[{"href":"https:\/\/blogi.ennola.fi\/index.php?rest_route=\/wp\/v2\/posts"}],"about":[{"href":"https:\/\/blogi.ennola.fi\/index.php?rest_route=\/wp\/v2\/types\/post"}],"author":[{"embeddable":true,"href":"https:\/\/blogi.ennola.fi\/index.php?rest_route=\/wp\/v2\/users\/1"}],"replies":[{"embeddable":true,"href":"https:\/\/blogi.ennola.fi\/index.php?rest_route=%2Fwp%2Fv2%2Fcomments&post=3541"}],"version-history":[{"count":4,"href":"https:\/\/blogi.ennola.fi\/index.php?rest_route=\/wp\/v2\/posts\/3541\/revisions"}],"predecessor-version":[{"id":3560,"href":"https:\/\/blogi.ennola.fi\/index.php?rest_route=\/wp\/v2\/posts\/3541\/revisions\/3560"}],"wp:featuredmedia":[{"embeddable":true,"href":"https:\/\/blogi.ennola.fi\/index.php?rest_route=\/wp\/v2\/media\/3556"}],"wp:attachment":[{"href":"https:\/\/blogi.ennola.fi\/index.php?rest_route=%2Fwp%2Fv2%2Fmedia&parent=3541"}],"wp:term":[{"taxonomy":"category","embeddable":true,"href":"https:\/\/blogi.ennola.fi\/index.php?rest_route=%2Fwp%2Fv2%2Fcategories&post=3541"},{"taxonomy":"post_tag","embeddable":true,"href":"https:\/\/blogi.ennola.fi\/index.php?rest_route=%2Fwp%2Fv2%2Ftags&post=3541"}],"curies":[{"name":"wp","href":"https:\/\/api.w.org\/{rel}","templated":true}]}}