{"id":3562,"date":"2019-05-11T19:23:34","date_gmt":"2019-05-11T16:23:34","guid":{"rendered":"https:\/\/blogi.ennola.fi\/?p=3562"},"modified":"2020-06-07T22:14:51","modified_gmt":"2020-06-07T19:14:51","slug":"valokuvauksellinen-melontaretki","status":"publish","type":"post","link":"https:\/\/blogi.ennola.fi\/?p=3562","title":{"rendered":"Valokuvauksellinen melontaretki"},"content":{"rendered":"<p>P\u00e4\u00e4si\u00e4isen\u00e4 oli nelj\u00e4 p\u00e4iv\u00e4\u00e4 lomaa ja mahdollisuus l\u00e4hte\u00e4 saaristoon melomaan. S\u00e4\u00e4 mantereella oli l\u00e4mmin ja merelle ei ollut luvattu kovia tuulia. Olli-Pekka toivoi suunnaksi V\u00e4n\u00f6n ulkosaaristoa, miss\u00e4 viime kes\u00e4n\u00e4 joku yst\u00e4vist\u00e4mme oli n\u00e4hnyt hylkeit\u00e4. Itse en niin uskonut hein\u00e4kuisen havainnon merkitsev\u00e4n sit\u00e4, ett\u00e4 juuri nyt tuolla olisi sen enemp\u00e4\u00e4 hylkeit\u00e4 kuin miss\u00e4\u00e4n muuallakaan. Kelin salliessa kiinnostus ulkosaaristoon p\u00e4\u00e4semiseksi oli kuitenkin suuri, joten paikka sopi minullekin.<\/p>\n<p>&nbsp;<\/p>\n<div id=\"attachment_3589\" style=\"width: 460px\" class=\"wp-caption aligncenter\"><a href=\"https:\/\/blogi.ennola.fi\/wp-content\/uploads\/2019\/05\/IMG_0845.jpg\" rel=\"lightbox[3562]\"><img loading=\"lazy\" decoding=\"async\" aria-describedby=\"caption-attachment-3589\" class=\"wp-image-3589 size-full\" title=\"Kajakkimme avomeren laidalla, F\u00e4st\u00f6rna, V\u00e4n\u00f6.\" src=\"https:\/\/blogi.ennola.fi\/wp-content\/uploads\/2019\/05\/IMG_0845-1.jpg\" alt=\"\" width=\"450\" height=\"338\" srcset=\"https:\/\/blogi.ennola.fi\/wp-content\/uploads\/2019\/05\/IMG_0845-1.jpg 450w, https:\/\/blogi.ennola.fi\/wp-content\/uploads\/2019\/05\/IMG_0845-1-150x113.jpg 150w\" sizes=\"(max-width: 450px) 100vw, 450px\" \/><\/a><p id=\"caption-attachment-3589\" class=\"wp-caption-text\">Kajakkimme avomeren laidalla, F\u00e4st\u00f6rna, V\u00e4n\u00f6.<\/p><\/div>\n<p>Reissuun l\u00e4hdimme Kasn\u00e4sin rannasta. Vaikka rannassa olikin teepaitakeli niin merell\u00e4 kuivapuku ja riitt\u00e4v\u00e4sti l\u00e4mmint\u00e4 sen alla olivat tarpeen. Merivesi oli viel\u00e4 hyvin kylm\u00e4\u00e4, joten pienikin viima sai ilman tuntumaan varsin kylm\u00e4lt\u00e4. Kasn\u00e4sist\u00e4 suuntasimme kohti \u00d6r\u00f6n pohjoisk\u00e4rke\u00e4 ja siit\u00e4 lounaaseen sel\u00e4n yli V\u00e4n\u00f6n ulkosaaristoon. Suunnittelemamme y\u00f6pymissaari olikin merikotkan jo varaama, joten jouduimme siirtym\u00e4\u00e4n sen l\u00e4hisaareen y\u00f6ksi. Vaikka merikotkakanta joidenkin luontoharrastajien mielest\u00e4 onkin jo liiankin tihe\u00e4, emme raskineet kuitenkaan tahallamme j\u00e4\u00e4d\u00e4 sen pesint\u00e4\u00e4 h\u00e4iritsem\u00e4\u00e4n.<\/p>\n<p>Toinen p\u00e4iv\u00e4 valkenikin sitten upeassa pilvipoutaisessa ja l\u00e4hes rasvatyyness\u00e4 keliss\u00e4, joten p\u00e4\u00e4timme suunnata kajakit aivan uloimmille luodoille, joiden etel\u00e4puolella ei sitten juuri maata olisi ennen Viroa. Y\u00f6ksi kuitenkin luvattiin kovenevaa tuulta, joten illan suussa p\u00e4\u00e4timme palata hieman suojaisimmelle vesille. Y\u00f6vyimme G\u00e4rsk\u00e4rin autiotuvan pihapiiriss\u00e4. Itse autiotupa oli jo hieman rapistunut, mutta kuitenkin hieno muisto kalastajamajojen ajoilta.<\/p>\n<div id=\"attachment_3584\" style=\"width: 490px\" class=\"wp-caption aligncenter\"><a href=\"https:\/\/blogi.ennola.fi\/wp-content\/uploads\/2019\/05\/Vano_Panorama1.jpg\" rel=\"lightbox[3562]\"><img loading=\"lazy\" decoding=\"async\" aria-describedby=\"caption-attachment-3584\" class=\"wp-image-3584 size-full\" title=\"Kuun nousu ja auringonlasku, R\u00f6grund, V\u00e4n\u00f6.\" src=\"https:\/\/blogi.ennola.fi\/wp-content\/uploads\/2019\/05\/Vano_Panorama1-1.jpg\" alt=\"\" width=\"480\" height=\"91\" srcset=\"https:\/\/blogi.ennola.fi\/wp-content\/uploads\/2019\/05\/Vano_Panorama1-1.jpg 480w, https:\/\/blogi.ennola.fi\/wp-content\/uploads\/2019\/05\/Vano_Panorama1-1-150x28.jpg 150w\" sizes=\"(max-width: 480px) 100vw, 480px\" \/><\/a><p id=\"caption-attachment-3584\" class=\"wp-caption-text\">Kuun nousu\u00a0 ja auringonlasku, R\u00f6grund, V\u00e4n\u00f6.<\/p><\/div>\n<div id=\"attachment_3585\" style=\"width: 490px\" class=\"wp-caption aligncenter\"><a href=\"https:\/\/blogi.ennola.fi\/wp-content\/uploads\/2019\/05\/Vano_Panorama14.jpg\" rel=\"lightbox[3562]\"><img loading=\"lazy\" decoding=\"async\" aria-describedby=\"caption-attachment-3585\" class=\"wp-image-3585 size-full\" title=\"Lev\u00e4ist\u00e4 rantakalliota, R\u00f6grund, V\u00e4n\u00f6.\" src=\"https:\/\/blogi.ennola.fi\/wp-content\/uploads\/2019\/05\/Vano_Panorama14-1.jpg\" alt=\"\" width=\"480\" height=\"155\" srcset=\"https:\/\/blogi.ennola.fi\/wp-content\/uploads\/2019\/05\/Vano_Panorama14-1.jpg 480w, https:\/\/blogi.ennola.fi\/wp-content\/uploads\/2019\/05\/Vano_Panorama14-1-150x48.jpg 150w\" sizes=\"(max-width: 480px) 100vw, 480px\" \/><\/a><p id=\"caption-attachment-3585\" class=\"wp-caption-text\">Lev\u00e4ist\u00e4 rantakalliota, R\u00f6grund, V\u00e4n\u00f6.<\/p><\/div>\n<div id=\"attachment_3588\" style=\"width: 490px\" class=\"wp-caption aligncenter\"><a href=\"https:\/\/blogi.ennola.fi\/wp-content\/uploads\/2019\/05\/Vano_Panorama2.jpg\" rel=\"lightbox[3562]\"><img loading=\"lazy\" decoding=\"async\" aria-describedby=\"caption-attachment-3588\" class=\"wp-image-3588 size-full\" title=\"Rasvatyyni meri, R\u00f6grund, V\u00e4n\u00f6.\" src=\"https:\/\/blogi.ennola.fi\/wp-content\/uploads\/2019\/05\/Vano_Panorama2-1.jpg\" alt=\"\" width=\"480\" height=\"110\" srcset=\"https:\/\/blogi.ennola.fi\/wp-content\/uploads\/2019\/05\/Vano_Panorama2-1.jpg 480w, https:\/\/blogi.ennola.fi\/wp-content\/uploads\/2019\/05\/Vano_Panorama2-1-150x34.jpg 150w\" sizes=\"(max-width: 480px) 100vw, 480px\" \/><\/a><p id=\"caption-attachment-3588\" class=\"wp-caption-text\">Rasvatyyni meri, R\u00f6grund, V\u00e4n\u00f6.<\/p><\/div>\n<div id=\"attachment_3586\" style=\"width: 490px\" class=\"wp-caption aligncenter\"><a href=\"https:\/\/blogi.ennola.fi\/wp-content\/uploads\/2019\/05\/Vano_Panorama15.jpg\" rel=\"lightbox[3562]\"><img loading=\"lazy\" decoding=\"async\" aria-describedby=\"caption-attachment-3586\" class=\"wp-image-3586 size-full\" title=\"Matala lahti, R\u00f6grund, V\u00e4n\u00f6.\" src=\"https:\/\/blogi.ennola.fi\/wp-content\/uploads\/2019\/05\/Vano_Panorama15-1.jpg\" alt=\"\" width=\"480\" height=\"93\" srcset=\"https:\/\/blogi.ennola.fi\/wp-content\/uploads\/2019\/05\/Vano_Panorama15-1.jpg 480w, https:\/\/blogi.ennola.fi\/wp-content\/uploads\/2019\/05\/Vano_Panorama15-1-150x29.jpg 150w\" sizes=\"(max-width: 480px) 100vw, 480px\" \/><\/a><p id=\"caption-attachment-3586\" class=\"wp-caption-text\">Matala lahti, R\u00f6grund, V\u00e4n\u00f6.<\/p><\/div>\n<p>Seuraavana p\u00e4iv\u00e4n\u00e4 keli olikin tuulisempi ja l\u00e4hdimme palaamaan kohti V\u00e4n\u00f6\u00e4 ja Kasn\u00e4si\u00e4. K\u00e4vimme kuitenkin ensin Yxsk\u00e4riss\u00e4, jonka perinnemaisemia olen joskus kymmenkunta vuotta sitten ollut hoitamassa. Yxsk\u00e4rist\u00e4 jatkoimme napakassa vastatuulessa kohti V\u00e4n\u00f6t\u00e4. V\u00e4n\u00f6n p\u00e4\u00e4saaren ohitimme pohjoisrannalta ja koska pohjoisranta vaikutti suojaisalta, p\u00e4\u00e4timme j\u00e4\u00e4d\u00e4 sinne viimeiseksi y\u00f6ksi. Rannalla oleskelu on niin paljon mukavampaa ilman viimaa kylm\u00e4lt\u00e4 merelt\u00e4. Viimeiseksi p\u00e4iv\u00e4ksi s\u00e4\u00e4tiedostus lupasi kovenevaa tuulta, mik\u00e4 loppujen lopuksi j\u00e4i toteutumatta.<\/p>\n<p>Kev\u00e4t on luonnon kannalta upeaa aikaa melontaretkelle. Lintujen muutto oli k\u00e4ynniss\u00e4 ja se on helppo havaita saaristossa. Ulkoluodot olivat t\u00e4ynn\u00e4 punarintoja, joita hyppeli joka puskassa ja rannalla. Viimeisen\u00e4 p\u00e4iv\u00e4n\u00e4 voimakas etel\u00e4tuuli toi mukanaan isoja kurkiauroja matkalla pohjoiseen. Merikotkat ovat nyky\u00e4\u00e4n tietysti aivan arkip\u00e4iv\u00e4\u00e4 ulkosaaristossa ja satuimmekin vahingossa niiden munapes\u00e4lle. Vesilintuja ja kahlaajia oli runsaasti joka paikassa ja kaikilla oli jo soidin k\u00e4ynniss\u00e4. Erityisesti allit ja haahkat ovat upeita kev\u00e4\u00e4n airuita.<\/p>\n<div id=\"attachment_3587\" style=\"width: 490px\" class=\"wp-caption aligncenter\"><a href=\"https:\/\/blogi.ennola.fi\/wp-content\/uploads\/2019\/05\/Vano_Panorama6.jpg\" rel=\"lightbox[3562]\"><img loading=\"lazy\" decoding=\"async\" aria-describedby=\"caption-attachment-3587\" class=\"wp-image-3587 size-full\" title=\"Matalan veden paljastamia luotoja, \u00d6stra Flassk\u00e4r, V\u00e4n\u00f6.\" src=\"https:\/\/blogi.ennola.fi\/wp-content\/uploads\/2019\/05\/Vano_Panorama6-1.jpg\" alt=\"\" width=\"480\" height=\"144\" srcset=\"https:\/\/blogi.ennola.fi\/wp-content\/uploads\/2019\/05\/Vano_Panorama6-1.jpg 480w, https:\/\/blogi.ennola.fi\/wp-content\/uploads\/2019\/05\/Vano_Panorama6-1-150x45.jpg 150w\" sizes=\"(max-width: 480px) 100vw, 480px\" \/><\/a><p id=\"caption-attachment-3587\" class=\"wp-caption-text\">Matalan veden paljastamia luotoja, \u00d6stra Flassk\u00e4r, V\u00e4n\u00f6.<\/p><\/div>\n<div id=\"attachment_3583\" style=\"width: 490px\" class=\"wp-caption aligncenter\"><a href=\"https:\/\/blogi.ennola.fi\/wp-content\/uploads\/2019\/05\/Vano_Panorama10.jpg\" rel=\"lightbox[3562]\"><img loading=\"lazy\" decoding=\"async\" aria-describedby=\"caption-attachment-3583\" class=\"wp-image-3583 size-full\" title=\"Avomeren laidalla, \u00d6stra Flassk\u00e4r, V\u00e4n\u00f6.\" src=\"https:\/\/blogi.ennola.fi\/wp-content\/uploads\/2019\/05\/Vano_Panorama10-1.jpg\" alt=\"\" width=\"480\" height=\"90\" srcset=\"https:\/\/blogi.ennola.fi\/wp-content\/uploads\/2019\/05\/Vano_Panorama10-1.jpg 480w, https:\/\/blogi.ennola.fi\/wp-content\/uploads\/2019\/05\/Vano_Panorama10-1-150x28.jpg 150w\" sizes=\"(max-width: 480px) 100vw, 480px\" \/><\/a><p id=\"caption-attachment-3583\" class=\"wp-caption-text\">Avomeren laidalla, \u00d6stra Flassk\u00e4r, V\u00e4n\u00f6.<\/p><\/div>\n<div id=\"attachment_3582\" style=\"width: 490px\" class=\"wp-caption aligncenter\"><a href=\"https:\/\/blogi.ennola.fi\/wp-content\/uploads\/2019\/05\/Vano_Panorama9.jpg\" rel=\"lightbox[3562]\"><img loading=\"lazy\" decoding=\"async\" aria-describedby=\"caption-attachment-3582\" class=\"wp-image-3582 size-full\" title=\"Maininki tekee aaltoja, F\u00e4st\u00f6rna, V\u00e4n\u00f6.\" src=\"https:\/\/blogi.ennola.fi\/wp-content\/uploads\/2019\/05\/Vano_Panorama9-1.jpg\" alt=\"\" width=\"480\" height=\"123\" srcset=\"https:\/\/blogi.ennola.fi\/wp-content\/uploads\/2019\/05\/Vano_Panorama9-1.jpg 480w, https:\/\/blogi.ennola.fi\/wp-content\/uploads\/2019\/05\/Vano_Panorama9-1-150x38.jpg 150w\" sizes=\"(max-width: 480px) 100vw, 480px\" \/><\/a><p id=\"caption-attachment-3582\" class=\"wp-caption-text\">Maininki tekee aaltoja, F\u00e4st\u00f6rna, V\u00e4n\u00f6.<\/p><\/div>\n<div id=\"attachment_3581\" style=\"width: 490px\" class=\"wp-caption aligncenter\"><a href=\"https:\/\/blogi.ennola.fi\/wp-content\/uploads\/2019\/05\/Vano_Panorama16.jpg\" rel=\"lightbox[3562]\"><img loading=\"lazy\" decoding=\"async\" aria-describedby=\"caption-attachment-3581\" class=\"wp-image-3581 size-full\" title=\"Uloimmalla luodolla, F\u00e4st\u00f6rna, V\u00e4n\u00f6.\" src=\"https:\/\/blogi.ennola.fi\/wp-content\/uploads\/2019\/05\/Vano_Panorama16-1.jpg\" alt=\"\" width=\"480\" height=\"94\" srcset=\"https:\/\/blogi.ennola.fi\/wp-content\/uploads\/2019\/05\/Vano_Panorama16-1.jpg 480w, https:\/\/blogi.ennola.fi\/wp-content\/uploads\/2019\/05\/Vano_Panorama16-1-150x29.jpg 150w\" sizes=\"(max-width: 480px) 100vw, 480px\" \/><\/a><p id=\"caption-attachment-3581\" class=\"wp-caption-text\">Uloimmalla luodolla, F\u00e4st\u00f6rna, V\u00e4n\u00f6.<\/p><\/div>\n<div id=\"attachment_3598\" style=\"width: 490px\" class=\"wp-caption aligncenter\"><a href=\"https:\/\/blogi.ennola.fi\/wp-content\/uploads\/2019\/05\/Vano_Panorama8.jpg\" rel=\"lightbox[3562]\"><img loading=\"lazy\" decoding=\"async\" aria-describedby=\"caption-attachment-3598\" class=\"wp-image-3598 size-full\" title=\"Suojainen ulkoluotojen v\u00e4li, Karten, V\u00e4n\u00f6.\" src=\"https:\/\/blogi.ennola.fi\/wp-content\/uploads\/2019\/05\/Vano_Panorama8-1.jpg\" alt=\"\" width=\"480\" height=\"87\" srcset=\"https:\/\/blogi.ennola.fi\/wp-content\/uploads\/2019\/05\/Vano_Panorama8-1.jpg 480w, https:\/\/blogi.ennola.fi\/wp-content\/uploads\/2019\/05\/Vano_Panorama8-1-150x27.jpg 150w\" sizes=\"(max-width: 480px) 100vw, 480px\" \/><\/a><p id=\"caption-attachment-3598\" class=\"wp-caption-text\">Suojainen ulkoluotojen v\u00e4li, Karten, V\u00e4n\u00f6.<\/p><\/div>\n<div id=\"attachment_3597\" style=\"width: 490px\" class=\"wp-caption aligncenter\"><a href=\"https:\/\/blogi.ennola.fi\/wp-content\/uploads\/2019\/05\/Vano_Panorama13.jpg\" rel=\"lightbox[3562]\"><img loading=\"lazy\" decoding=\"async\" aria-describedby=\"caption-attachment-3597\" class=\"wp-image-3597 size-full\" title=\"Ulkoluodon sokkeloita, Karten, V\u00e4n\u00f6.\" src=\"https:\/\/blogi.ennola.fi\/wp-content\/uploads\/2019\/05\/Vano_Panorama13-1.jpg\" alt=\"\" width=\"480\" height=\"86\" srcset=\"https:\/\/blogi.ennola.fi\/wp-content\/uploads\/2019\/05\/Vano_Panorama13-1.jpg 480w, https:\/\/blogi.ennola.fi\/wp-content\/uploads\/2019\/05\/Vano_Panorama13-1-150x27.jpg 150w\" sizes=\"(max-width: 480px) 100vw, 480px\" \/><\/a><p id=\"caption-attachment-3597\" class=\"wp-caption-text\">Ulkoluodon sokkeloita, Karten, V\u00e4n\u00f6.<\/p><\/div>\n<div id=\"attachment_3596\" style=\"width: 490px\" class=\"wp-caption aligncenter\"><a href=\"https:\/\/blogi.ennola.fi\/wp-content\/uploads\/2019\/05\/Vano_Panorama5.jpg\" rel=\"lightbox[3562]\"><img loading=\"lazy\" decoding=\"async\" aria-describedby=\"caption-attachment-3596\" class=\"wp-image-3596 size-full\" title=\"Auringonlasku, G\u00e4rsk\u00e4r, V\u00e4n\u00f6.\" src=\"https:\/\/blogi.ennola.fi\/wp-content\/uploads\/2019\/05\/Vano_Panorama5-1.jpg\" alt=\"\" width=\"480\" height=\"116\" srcset=\"https:\/\/blogi.ennola.fi\/wp-content\/uploads\/2019\/05\/Vano_Panorama5-1.jpg 480w, https:\/\/blogi.ennola.fi\/wp-content\/uploads\/2019\/05\/Vano_Panorama5-1-150x36.jpg 150w\" sizes=\"(max-width: 480px) 100vw, 480px\" \/><\/a><p id=\"caption-attachment-3596\" class=\"wp-caption-text\">Auringonlasku, G\u00e4rsk\u00e4r, V\u00e4n\u00f6.<\/p><\/div>\n<div id=\"attachment_3595\" style=\"width: 490px\" class=\"wp-caption aligncenter\"><a href=\"https:\/\/blogi.ennola.fi\/wp-content\/uploads\/2019\/05\/Vano_Panorama17.jpg\" rel=\"lightbox[3562]\"><img loading=\"lazy\" decoding=\"async\" aria-describedby=\"caption-attachment-3595\" class=\"wp-image-3595 size-full\" title=\"Autiotupa, G\u00e4rsk\u00e4r, V\u00e4n\u00f6.\" src=\"https:\/\/blogi.ennola.fi\/wp-content\/uploads\/2019\/05\/Vano_Panorama17-1.jpg\" alt=\"\" width=\"480\" height=\"155\" srcset=\"https:\/\/blogi.ennola.fi\/wp-content\/uploads\/2019\/05\/Vano_Panorama17-1.jpg 480w, https:\/\/blogi.ennola.fi\/wp-content\/uploads\/2019\/05\/Vano_Panorama17-1-150x48.jpg 150w\" sizes=\"(max-width: 480px) 100vw, 480px\" \/><\/a><p id=\"caption-attachment-3595\" class=\"wp-caption-text\">Autiotupa, G\u00e4rsk\u00e4r, V\u00e4n\u00f6.<\/p><\/div>\n<p>Nis\u00e4k\u00e4shavainnoista mielenkiintoisin tietysti oli mets\u00e4kauris pienell\u00e4 luodolla \u00d6r\u00f6n pohjoispuolella. meid\u00e4t havaittuaan l\u00e4hti se uimaan kohti suurempaa saarta, jonka metsiin se piiloutui. Niin ja ne hylkeet. Mit\u00e4\u00e4n suuria hyljelaumoja ei ulkoluodoilla tullut vastaan, mutta toisen p\u00e4iv\u00e4n iltana vastaan tuli yksin\u00e4inen harmaahylje. Meid\u00e4t n\u00e4hdess\u00e4\u00e4n se sukelsi noustakseen pintaan v\u00e4h\u00e4n l\u00e4hemp\u00e4n\u00e4 ja saatoimme n\u00e4hd\u00e4 sen kasvon piirteet, mik\u00e4 t\u00e4ytti Olli-Pekan toiveet hylkeen n\u00e4kemisest\u00e4. Viel\u00e4 seuraavinakin iltoina saimme ep\u00e4varmoja hyljehavaintoja.<\/p>\n<p>Valokuvauksen kannalta tyyni s\u00e4\u00e4 ja komeat puolipilviset p\u00e4iv\u00e4t tarjosivat parastaan ja uskallan sanoa reissun olevan parhaita, ellei parhain saariston valokuvausreissuni. Oman lis\u00e4ns\u00e4 maisemiin toi matalalla ollut vesi, joka laajalti oli paljastanut lev\u00e4isi\u00e4 rantoja, jotka kuivuessaan olivat kuivuneet kauniin valkoisiksi.<\/p>\n<div class=\"mceTemp\"><\/div>\n<div id=\"attachment_3594\" style=\"width: 490px\" class=\"wp-caption aligncenter\"><a href=\"https:\/\/blogi.ennola.fi\/wp-content\/uploads\/2019\/05\/Vano_Panorama11.jpg\" rel=\"lightbox[3562]\"><img loading=\"lazy\" decoding=\"async\" aria-describedby=\"caption-attachment-3594\" class=\"wp-image-3594 size-full\" title=\"Pilvet vy\u00f6ryv\u00e4t l\u00e4nnest\u00e4, V\u00e4n\u00f6n pohjoisranta.\" src=\"https:\/\/blogi.ennola.fi\/wp-content\/uploads\/2019\/05\/Vano_Panorama11-1.jpg\" alt=\"\" width=\"480\" height=\"107\" srcset=\"https:\/\/blogi.ennola.fi\/wp-content\/uploads\/2019\/05\/Vano_Panorama11-1.jpg 480w, https:\/\/blogi.ennola.fi\/wp-content\/uploads\/2019\/05\/Vano_Panorama11-1-150x33.jpg 150w\" sizes=\"(max-width: 480px) 100vw, 480px\" \/><\/a><p id=\"caption-attachment-3594\" class=\"wp-caption-text\">Pilvet vy\u00f6ryv\u00e4t l\u00e4nnest\u00e4, V\u00e4n\u00f6n pohjoisranta.<\/p><\/div>\n<div id=\"attachment_3593\" style=\"width: 490px\" class=\"wp-caption aligncenter\"><a href=\"https:\/\/blogi.ennola.fi\/wp-content\/uploads\/2019\/05\/Vano_Panorama12.jpg\" rel=\"lightbox[3562]\"><img loading=\"lazy\" decoding=\"async\" aria-describedby=\"caption-attachment-3593\" class=\"wp-image-3593 size-full\" title=\"Rantakallio, V\u00e4n\u00f6n pohjoisranta.\" src=\"https:\/\/blogi.ennola.fi\/wp-content\/uploads\/2019\/05\/Vano_Panorama12-1.jpg\" alt=\"\" width=\"480\" height=\"145\" srcset=\"https:\/\/blogi.ennola.fi\/wp-content\/uploads\/2019\/05\/Vano_Panorama12-1.jpg 480w, https:\/\/blogi.ennola.fi\/wp-content\/uploads\/2019\/05\/Vano_Panorama12-1-150x45.jpg 150w\" sizes=\"(max-width: 480px) 100vw, 480px\" \/><\/a><p id=\"caption-attachment-3593\" class=\"wp-caption-text\">Rantakallio, V\u00e4n\u00f6n pohjoisranta.<\/p><\/div>\n<div id=\"attachment_3592\" style=\"width: 490px\" class=\"wp-caption aligncenter\"><a href=\"https:\/\/blogi.ennola.fi\/wp-content\/uploads\/2019\/05\/Vano_Panorama3.jpg\" rel=\"lightbox[3562]\"><img loading=\"lazy\" decoding=\"async\" aria-describedby=\"caption-attachment-3592\" class=\"wp-image-3592 size-full\" title=\"Auringon viime s\u00e4teet, V\u00e4n\u00f6n pohjoisranta.\" src=\"https:\/\/blogi.ennola.fi\/wp-content\/uploads\/2019\/05\/Vano_Panorama3-1.jpg\" alt=\"\" width=\"480\" height=\"181\" srcset=\"https:\/\/blogi.ennola.fi\/wp-content\/uploads\/2019\/05\/Vano_Panorama3-1.jpg 480w, https:\/\/blogi.ennola.fi\/wp-content\/uploads\/2019\/05\/Vano_Panorama3-1-150x57.jpg 150w\" sizes=\"(max-width: 480px) 100vw, 480px\" \/><\/a><p id=\"caption-attachment-3592\" class=\"wp-caption-text\">Auringon viime s\u00e4teet, V\u00e4n\u00f6n pohjoisranta.<\/p><\/div>\n<div id=\"attachment_3591\" style=\"width: 490px\" class=\"wp-caption aligncenter\"><a href=\"https:\/\/blogi.ennola.fi\/wp-content\/uploads\/2019\/05\/Vano_Panorama4.jpg\" rel=\"lightbox[3562]\"><img loading=\"lazy\" decoding=\"async\" aria-describedby=\"caption-attachment-3591\" class=\"wp-image-3591 size-full\" title=\"Pieni hiekkaranta, V\u00e4n\u00f6n pohjoisranta.\" src=\"https:\/\/blogi.ennola.fi\/wp-content\/uploads\/2019\/05\/Vano_Panorama4-1.jpg\" alt=\"\" width=\"480\" height=\"126\" srcset=\"https:\/\/blogi.ennola.fi\/wp-content\/uploads\/2019\/05\/Vano_Panorama4-1.jpg 480w, https:\/\/blogi.ennola.fi\/wp-content\/uploads\/2019\/05\/Vano_Panorama4-1-150x39.jpg 150w\" sizes=\"(max-width: 480px) 100vw, 480px\" \/><\/a><p id=\"caption-attachment-3591\" class=\"wp-caption-text\">Pieni hiekkaranta, V\u00e4n\u00f6n pohjoisranta.<\/p><\/div>\n<div id=\"attachment_3590\" style=\"width: 490px\" class=\"wp-caption aligncenter\"><a href=\"https:\/\/blogi.ennola.fi\/wp-content\/uploads\/2019\/05\/Vano_Panorama7.jpg\" rel=\"lightbox[3562]\"><img loading=\"lazy\" decoding=\"async\" aria-describedby=\"caption-attachment-3590\" class=\"wp-image-3590 size-full\" title=\"Kuivunutta lev\u00e4\u00e4, V\u00e4n\u00f6n pohjoisranta.\" src=\"https:\/\/blogi.ennola.fi\/wp-content\/uploads\/2019\/05\/Vano_Panorama7-1.jpg\" alt=\"\" width=\"480\" height=\"137\" srcset=\"https:\/\/blogi.ennola.fi\/wp-content\/uploads\/2019\/05\/Vano_Panorama7-1.jpg 480w, https:\/\/blogi.ennola.fi\/wp-content\/uploads\/2019\/05\/Vano_Panorama7-1-150x43.jpg 150w\" sizes=\"(max-width: 480px) 100vw, 480px\" \/><\/a><p id=\"caption-attachment-3590\" class=\"wp-caption-text\">Kuivunutta lev\u00e4\u00e4, V\u00e4n\u00f6n pohjoisranta.<\/p><\/div>\n","protected":false},"excerpt":{"rendered":"<p>P\u00e4\u00e4si\u00e4isen\u00e4 oli nelj\u00e4 p\u00e4iv\u00e4\u00e4 lomaa ja mahdollisuus l\u00e4hte\u00e4 saaristoon melomaan. S\u00e4\u00e4 mantereella oli l\u00e4mmin ja merelle ei ollut luvattu kovia tuulia. Olli-Pekka toivoi suunnaksi V\u00e4n\u00f6n ulkosaaristoa, miss\u00e4 viime&#8230;<\/p>\n","protected":false},"author":1,"featured_media":3599,"comment_status":"open","ping_status":"open","sticky":false,"template":"","format":"standard","meta":{"footnotes":""},"categories":[4,8],"tags":[],"_links":{"self":[{"href":"https:\/\/blogi.ennola.fi\/index.php?rest_route=\/wp\/v2\/posts\/3562"}],"collection":[{"href":"https:\/\/blogi.ennola.fi\/index.php?rest_route=\/wp\/v2\/posts"}],"about":[{"href":"https:\/\/blogi.ennola.fi\/index.php?rest_route=\/wp\/v2\/types\/post"}],"author":[{"embeddable":true,"href":"https:\/\/blogi.ennola.fi\/index.php?rest_route=\/wp\/v2\/users\/1"}],"replies":[{"embeddable":true,"href":"https:\/\/blogi.ennola.fi\/index.php?rest_route=%2Fwp%2Fv2%2Fcomments&post=3562"}],"version-history":[{"count":6,"href":"https:\/\/blogi.ennola.fi\/index.php?rest_route=\/wp\/v2\/posts\/3562\/revisions"}],"predecessor-version":[{"id":5022,"href":"https:\/\/blogi.ennola.fi\/index.php?rest_route=\/wp\/v2\/posts\/3562\/revisions\/5022"}],"wp:featuredmedia":[{"embeddable":true,"href":"https:\/\/blogi.ennola.fi\/index.php?rest_route=\/wp\/v2\/media\/3599"}],"wp:attachment":[{"href":"https:\/\/blogi.ennola.fi\/index.php?rest_route=%2Fwp%2Fv2%2Fmedia&parent=3562"}],"wp:term":[{"taxonomy":"category","embeddable":true,"href":"https:\/\/blogi.ennola.fi\/index.php?rest_route=%2Fwp%2Fv2%2Fcategories&post=3562"},{"taxonomy":"post_tag","embeddable":true,"href":"https:\/\/blogi.ennola.fi\/index.php?rest_route=%2Fwp%2Fv2%2Ftags&post=3562"}],"curies":[{"name":"wp","href":"https:\/\/api.w.org\/{rel}","templated":true}]}}